{"id":13046,"date":"2016-05-26T03:40:49","date_gmt":"2016-05-26T03:40:49","guid":{"rendered":"http:\/\/www.grieta.org.mx\/?p=13046"},"modified":"2018-07-03T20:26:33","modified_gmt":"2018-07-04T01:26:33","slug":"toman-oficinas-de-first-majestic-no-hubo-utilidades-a-ex-obreros","status":"publish","type":"post","link":"https:\/\/www.grieta.org.mx\/index.php\/2016\/05\/26\/toman-oficinas-de-first-majestic-no-hubo-utilidades-a-ex-obreros\/","title":{"rendered":"Toman oficinas de First Majestic No hubo utilidades a ex obreros"},"content":{"rendered":"<p><img loading=\"lazy\" decoding=\"async\" data-attachment-id=\"13047\" data-permalink=\"https:\/\/www.grieta.org.mx\/index.php\/2016\/05\/26\/toman-oficinas-de-first-majestic-no-hubo-utilidades-a-ex-obreros\/toman-first-majestic-utilidades\/\" data-orig-file=\"https:\/\/www.grieta.org.mx\/wp-content\/uploads\/2016\/05\/Toman-First-Majestic-utilidades.jpg\" data-orig-size=\"1540,878\" data-comments-opened=\"0\" data-image-meta=\"{&quot;aperture&quot;:&quot;0&quot;,&quot;credit&quot;:&quot;&quot;,&quot;camera&quot;:&quot;&quot;,&quot;caption&quot;:&quot;&quot;,&quot;created_timestamp&quot;:&quot;0&quot;,&quot;copyright&quot;:&quot;&quot;,&quot;focal_length&quot;:&quot;0&quot;,&quot;iso&quot;:&quot;0&quot;,&quot;shutter_speed&quot;:&quot;0&quot;,&quot;title&quot;:&quot;&quot;,&quot;orientation&quot;:&quot;0&quot;}\" data-image-title=\"Toman oficinas First Majestic no hubo utilidades\" data-image-description=\"\" data-image-caption=\"&lt;p&gt;Toman oficinas de First Majestic No hubo utilidades a ex obreros.&lt;\/p&gt;\n\" data-medium-file=\"https:\/\/www.grieta.org.mx\/wp-content\/uploads\/2016\/05\/Toman-First-Majestic-utilidades-300x171.jpg\" data-large-file=\"https:\/\/www.grieta.org.mx\/wp-content\/uploads\/2016\/05\/Toman-First-Majestic-utilidades-1024x584.jpg\" class=\"aligncenter wp-image-13047\" src=\"http:\/\/www.grieta.org.mx\/wp-content\/uploads\/2016\/05\/Toman-First-Majestic-utilidades.jpg\" alt=\"Toman oficinas de First Majestic No hubo utilidades a ex obreros.\" width=\"680\" height=\"388\" srcset=\"https:\/\/www.grieta.org.mx\/wp-content\/uploads\/2016\/05\/Toman-First-Majestic-utilidades.jpg 1540w, https:\/\/www.grieta.org.mx\/wp-content\/uploads\/2016\/05\/Toman-First-Majestic-utilidades-300x171.jpg 300w, https:\/\/www.grieta.org.mx\/wp-content\/uploads\/2016\/05\/Toman-First-Majestic-utilidades-768x438.jpg 768w, https:\/\/www.grieta.org.mx\/wp-content\/uploads\/2016\/05\/Toman-First-Majestic-utilidades-1024x584.jpg 1024w\" sizes=\"auto, (max-width: 680px) 100vw, 680px\" \/><\/p>\n<p>Son 90 los reajustados que bloquearon el acceso de salida para que el autob\u00fas no transportara a los mineros activos a la Encantada.<\/p>\n<p>MELCHOR MUZQUIZ, COAH.- Por lo menos 40 ex trabajadores de la empresa First Majestic de Mina La Encantada, se aposentaron en el exterior de dicho edificio al filo del mediod\u00eda de ayer, acci\u00f3n que llevaron a cabo tras enterarse que no recibir\u00e1n pago alguno por concepto de utilidades.<\/p>\n<p>Juan Jos\u00e9 Gallegos Mart\u00ednez, expres\u00f3 que son aproximadamente 90 los ciudadanos quienes del mes de Septiembre a Diciembre del 2015 fueron reajustados, sin embargo los obreros que siguen activos s\u00ed recibir\u00e1n utilidades, contrario a los que laboraron en el 2015.<\/p>\n<p>Esto es injusto pues nosotros fuimos los que laboramos para sacar adelante la producci\u00f3n de la mina donde se extrae plata en grandes cantidades destac\u00f3 el ciudadano.<\/p>\n<p>Conforme pasaban las horas se fueron adheriendo m\u00e1s ex mineros al plant\u00f3n a fin de exigir la presencia de los representantes de la empresa, en este caso de Don Armando V\u00e1zquez Jefe de oficina, o bien del licenciado Francisco Lozano, titular de Recursos Humanos.<\/p>\n<p>Pasadas las 13:00 horas lleg\u00f3 al edificio Lorena Ramos quien sostuvo di\u00e1logo con el licenciado Ramiro Gonz\u00e1lez Mu\u00f1iz, asesor jur\u00eddico de los ex obreros, llegando al acuerdo que ser\u00e1 este viernes cuando representantes de la empresa se trasladen a esta ciudad para entablar pl\u00e1tica con los ciudadanos adem\u00e1s de informar finalmente que s\u00ed habr\u00e1 pag\u00f3 de utilidades.<\/p>\n<p>Para esto, Juan Jos\u00e9 Gallegos y el resto de las personas ya hab\u00edan bloqueado el port\u00f3n por donde saldr\u00eda el autob\u00fas con n\u00famero econ\u00f3mico 23 en el cual trasladar\u00edan a los trabajadores de First Majestic a la Mina, lo cual se retras\u00f3 hasta pasadas las 4:00 de la tarde, cuando finalmente los ex trabajadores accedieron a retirar los veh\u00edculos siempre y cuando este viernes les brinden una respuesta favorable a los derechos que por ley les corresponden.<\/p>\n<p>Algunos de los ex obreros que se desempe\u00f1aban como soldadores, laboratoristas, operadores, encargados de mantenimiento de di\u00e9sel, se\u00f1alaron que hace aproximadamente 2 a\u00f1os recibieron utilidades por m\u00e1s de 70 mil, 100 mil y hasta 200 mil pesos y ahora nada.<\/p>\n<p><a href=\"http:\/\/factorcoahuila.com\/toman-oficinas-de-first-majestic-no-hubo-utilidades-a-ex-obreros\" target=\"_blank\" rel=\"noopener\">http:\/\/factorcoahuila.com\/toman-oficinas-de-first-majestic-no-hubo-utilidades-a-ex-obreros<\/a><\/p>\n","protected":false},"excerpt":{"rendered":"<p>Son 90 los reajustados que bloquearon el acceso de salida para que el autob\u00fas no transportara a los mineros activos a la Encantada. MELCHOR MUZQUIZ, COAH.- Por lo menos 40 &hellip; <a href=\"https:\/\/www.grieta.org.mx\/index.php\/2016\/05\/26\/toman-oficinas-de-first-majestic-no-hubo-utilidades-a-ex-obreros\/\" class=\"more-link\">Leer m\u00e1s<\/a><\/p>\n","protected":false},"author":2,"featured_media":21928,"comment_status":"closed","ping_status":"closed","sticky":false,"template":"","format":"standard","meta":{"ngg_post_thumbnail":0,"_jetpack_newsletter_access":"","_jetpack_dont_email_post_to_subs":false,"_jetpack_newsletter_tier_id":0,"_jetpack_memberships_contains_paywalled_content":false,"_jetpack_memberships_contains_paid_content":false,"footnotes":""},"categories":[80,419,1389,2],"tags":[105,682,626,236],"class_list":["post-13046","post","type-post","status-publish","format-standard","has-post-thumbnail","hentry","category-cintillo","category-coahuila","category-conflictos-laborales-en-coahuila","category-noticias-nacionales","tag-derechos-laborales","tag-first-majestic","tag-ptu","tag-toma","entry"],"jetpack_featured_media_url":"https:\/\/www.grieta.org.mx\/wp-content\/uploads\/2018\/03\/14524434_1106112876131411_958039263622046936_o.jpg","jetpack_sharing_enabled":true,"jetpack_shortlink":"https:\/\/wp.me\/p7ZJR4-3oq","jetpack_likes_enabled":false,"jetpack-related-posts":[{"id":6715,"url":"https:\/\/www.grieta.org.mx\/index.php\/2016\/09\/13\/conflictos-laborales-en-coahuila\/","url_meta":{"origin":13046,"position":0},"title":"Conflictos laborales en Coahuila","author":"grieta","date":"13 septiembre, 2016","format":false,"excerpt":"Alba\u00f1iles que construyen CEFERESO en Coahuila paran labores 12\/09\/16. Sigue el mal trato a alba\u00f1iles en Cefereso; no tienen servicio m\u00e9dico Vanguardia 02\/09\/16. Alba\u00f1iles levantan los muros del CEFERESO, desde su propia c\u00e1rcel Vanguardia Paran trabajadores de limpieza en Saltillo 13\/09\/16. Sin funcionar 30% de camiones de la basura El\u2026","rel":"","context":"En &quot;Coahuila&quot;","block_context":{"text":"Coahuila","link":"https:\/\/www.grieta.org.mx\/index.php\/category\/noticias-nacionales\/coahuila\/"},"img":{"alt_text":"","src":"https:\/\/i0.wp.com\/www.grieta.org.mx\/wp-content\/uploads\/2018\/03\/14524434_1106112876131411_958039263622046936_o.jpg?resize=350%2C200&ssl=1","width":350,"height":200,"srcset":"https:\/\/i0.wp.com\/www.grieta.org.mx\/wp-content\/uploads\/2018\/03\/14524434_1106112876131411_958039263622046936_o.jpg?resize=350%2C200&ssl=1 1x, https:\/\/i0.wp.com\/www.grieta.org.mx\/wp-content\/uploads\/2018\/03\/14524434_1106112876131411_958039263622046936_o.jpg?resize=525%2C300&ssl=1 1.5x, https:\/\/i0.wp.com\/www.grieta.org.mx\/wp-content\/uploads\/2018\/03\/14524434_1106112876131411_958039263622046936_o.jpg?resize=700%2C400&ssl=1 2x"},"classes":[]},{"id":13606,"url":"https:\/\/www.grieta.org.mx\/index.php\/2016\/05\/27\/nueva-manifestacion-en-first-majestic\/","url_meta":{"origin":13046,"position":1},"title":"Nueva manifestaci\u00f3n en First Majestic","author":"grieta","date":"27 mayo, 2016","format":false,"excerpt":"M\u00fazquiz, Coah.- Ex empleados de la empresa First Majestic de M\u00fazquiz de nueva cuenta encabezaron una protesta en el exterior de la empresa, demandando que el pago por concepto de utilidades sea igual al que recibi\u00f3 el personal activo de la empresa, seg\u00fan lo consideraron los manifestantes. Una de las\u2026","rel":"","context":"En &quot;CINTILLO&quot;","block_context":{"text":"CINTILLO","link":"https:\/\/www.grieta.org.mx\/index.php\/category\/cintillo\/"},"img":{"alt_text":"","src":"https:\/\/i0.wp.com\/www.grieta.org.mx\/wp-content\/uploads\/2018\/03\/14524434_1106112876131411_958039263622046936_o.jpg?resize=350%2C200&ssl=1","width":350,"height":200,"srcset":"https:\/\/i0.wp.com\/www.grieta.org.mx\/wp-content\/uploads\/2018\/03\/14524434_1106112876131411_958039263622046936_o.jpg?resize=350%2C200&ssl=1 1x, https:\/\/i0.wp.com\/www.grieta.org.mx\/wp-content\/uploads\/2018\/03\/14524434_1106112876131411_958039263622046936_o.jpg?resize=525%2C300&ssl=1 1.5x, https:\/\/i0.wp.com\/www.grieta.org.mx\/wp-content\/uploads\/2018\/03\/14524434_1106112876131411_958039263622046936_o.jpg?resize=700%2C400&ssl=1 2x"},"classes":[]},{"id":10664,"url":"https:\/\/www.grieta.org.mx\/index.php\/2016\/04\/19\/paro-en-speco-por-utilidades\/","url_meta":{"origin":13046,"position":2},"title":"Paro en SPECO por utilidades","author":"grieta","date":"19 abril, 2016","format":false,"excerpt":"Turno de primera hace falta colectiva, la empresa ofrece s\u00f3lo un bono de 500 pesos. Luego de considerar que es bajo el monto de utilidades que recibir\u00e1n, pues afirman que la producci\u00f3n y venta de torres e\u00f3licas fue mayor en el a\u00f1o pasado que el antepasado, los obreros de SPECO\u2026","rel":"","context":"En &quot;CINTILLO&quot;","block_context":{"text":"CINTILLO","link":"https:\/\/www.grieta.org.mx\/index.php\/category\/cintillo\/"},"img":{"alt_text":"","src":"https:\/\/i0.wp.com\/www.grieta.org.mx\/wp-content\/uploads\/2018\/03\/14524434_1106112876131411_958039263622046936_o.jpg?resize=350%2C200&ssl=1","width":350,"height":200,"srcset":"https:\/\/i0.wp.com\/www.grieta.org.mx\/wp-content\/uploads\/2018\/03\/14524434_1106112876131411_958039263622046936_o.jpg?resize=350%2C200&ssl=1 1x, https:\/\/i0.wp.com\/www.grieta.org.mx\/wp-content\/uploads\/2018\/03\/14524434_1106112876131411_958039263622046936_o.jpg?resize=525%2C300&ssl=1 1.5x, https:\/\/i0.wp.com\/www.grieta.org.mx\/wp-content\/uploads\/2018\/03\/14524434_1106112876131411_958039263622046936_o.jpg?resize=700%2C400&ssl=1 2x"},"classes":[]},{"id":13615,"url":"https:\/\/www.grieta.org.mx\/index.php\/2016\/06\/02\/paro-de-labores-en-first-majestic\/","url_meta":{"origin":13046,"position":3},"title":"Paro de Labores en First Majestic","author":"grieta","date":"2 junio, 2016","format":false,"excerpt":"M. M\u00daZQUIZ COAH.- Mineros de la mina La Encantada propiedad de la empresa First Majestic, cumplieron el d\u00eda de ayer pasadas las cinco de la tarde su promesa de parar labores si se suscitaba una muerte m\u00e1s de uno de sus compa\u00f1eros, lo cual sucedi\u00f3 el pasado 29 de mayo,\u2026","rel":"","context":"En &quot;CINTILLO&quot;","block_context":{"text":"CINTILLO","link":"https:\/\/www.grieta.org.mx\/index.php\/category\/cintillo\/"},"img":{"alt_text":"","src":"https:\/\/i0.wp.com\/www.grieta.org.mx\/wp-content\/uploads\/2018\/03\/14524434_1106112876131411_958039263622046936_o.jpg?resize=350%2C200&ssl=1","width":350,"height":200,"srcset":"https:\/\/i0.wp.com\/www.grieta.org.mx\/wp-content\/uploads\/2018\/03\/14524434_1106112876131411_958039263622046936_o.jpg?resize=350%2C200&ssl=1 1x, https:\/\/i0.wp.com\/www.grieta.org.mx\/wp-content\/uploads\/2018\/03\/14524434_1106112876131411_958039263622046936_o.jpg?resize=525%2C300&ssl=1 1.5x, https:\/\/i0.wp.com\/www.grieta.org.mx\/wp-content\/uploads\/2018\/03\/14524434_1106112876131411_958039263622046936_o.jpg?resize=700%2C400&ssl=1 2x"},"classes":[]},{"id":66964,"url":"https:\/\/www.grieta.org.mx\/index.php\/2023\/05\/23\/obreros-exigen-reparto-de-utilidades-protestan-afuera-de-una-maquiladora-en-campeche\/","url_meta":{"origin":13046,"position":4},"title":"Obreros exigen reparto de utilidades; protestan afuera de una maquiladora en Campeche","author":"grieta","date":"23 mayo, 2023","format":false,"excerpt":"Amado Caamal \/ Por Esto! Obreros de la maquiladora \u201cAugusta Sportswear\u201d ubicado a la cercan\u00eda de Tepak\u00e1n y Becal con cartulinas alusivas exhiben su enojo y exigen el reparto de utilidades que se les ha negado por la ca\u00edda de otra maquiladora de Champot\u00f3n y les quieren hacer pagar los\u2026","rel":"","context":"En &quot;Campeche&quot;","block_context":{"text":"Campeche","link":"https:\/\/www.grieta.org.mx\/index.php\/category\/noticias-nacionales\/campeche\/"},"img":{"alt_text":"","src":"https:\/\/i0.wp.com\/www.grieta.org.mx\/wp-content\/uploads\/2023\/05\/ParoMaquiladora-e1685037778820.jpg?resize=350%2C200&ssl=1","width":350,"height":200,"srcset":"https:\/\/i0.wp.com\/www.grieta.org.mx\/wp-content\/uploads\/2023\/05\/ParoMaquiladora-e1685037778820.jpg?resize=350%2C200&ssl=1 1x, https:\/\/i0.wp.com\/www.grieta.org.mx\/wp-content\/uploads\/2023\/05\/ParoMaquiladora-e1685037778820.jpg?resize=525%2C300&ssl=1 1.5x, https:\/\/i0.wp.com\/www.grieta.org.mx\/wp-content\/uploads\/2023\/05\/ParoMaquiladora-e1685037778820.jpg?resize=700%2C400&ssl=1 2x"},"classes":[]},{"id":11227,"url":"https:\/\/www.grieta.org.mx\/index.php\/2016\/04\/26\/obreros-exigen-defensa-a-sindicato\/","url_meta":{"origin":13046,"position":5},"title":"Obreros exigen defensa a Sindicato","author":"grieta","date":"26 abril, 2016","format":false,"excerpt":"Sabinas, Coahuila.- \u201cEl delegado debe de estar del lado de los obreros y no de la empresa, est\u00e1 para defender a los trabajadores y el se\u00f1or Fidencio Hern\u00e1ndez est\u00e1 haciendo todo lo contrario, creemos que la empresa le pasa dinero para que no afecte los intereses, pero nos est\u00e1 afectando\u2026","rel":"","context":"En &quot;CINTILLO&quot;","block_context":{"text":"CINTILLO","link":"https:\/\/www.grieta.org.mx\/index.php\/category\/cintillo\/"},"img":{"alt_text":"","src":"https:\/\/i0.wp.com\/www.grieta.org.mx\/wp-content\/uploads\/2018\/03\/14524434_1106112876131411_958039263622046936_o.jpg?resize=350%2C200&ssl=1","width":350,"height":200,"srcset":"https:\/\/i0.wp.com\/www.grieta.org.mx\/wp-content\/uploads\/2018\/03\/14524434_1106112876131411_958039263622046936_o.jpg?resize=350%2C200&ssl=1 1x, https:\/\/i0.wp.com\/www.grieta.org.mx\/wp-content\/uploads\/2018\/03\/14524434_1106112876131411_958039263622046936_o.jpg?resize=525%2C300&ssl=1 1.5x, https:\/\/i0.wp.com\/www.grieta.org.mx\/wp-content\/uploads\/2018\/03\/14524434_1106112876131411_958039263622046936_o.jpg?resize=700%2C400&ssl=1 2x"},"classes":[]}],"_links":{"self":[{"href":"https:\/\/www.grieta.org.mx\/index.php\/wp-json\/wp\/v2\/posts\/13046","targetHints":{"allow":["GET"]}}],"collection":[{"href":"https:\/\/www.grieta.org.mx\/index.php\/wp-json\/wp\/v2\/posts"}],"about":[{"href":"https:\/\/www.grieta.org.mx\/index.php\/wp-json\/wp\/v2\/types\/post"}],"author":[{"embeddable":true,"href":"https:\/\/www.grieta.org.mx\/index.php\/wp-json\/wp\/v2\/users\/2"}],"replies":[{"embeddable":true,"href":"https:\/\/www.grieta.org.mx\/index.php\/wp-json\/wp\/v2\/comments?post=13046"}],"version-history":[{"count":1,"href":"https:\/\/www.grieta.org.mx\/index.php\/wp-json\/wp\/v2\/posts\/13046\/revisions"}],"predecessor-version":[{"id":24150,"href":"https:\/\/www.grieta.org.mx\/index.php\/wp-json\/wp\/v2\/posts\/13046\/revisions\/24150"}],"wp:featuredmedia":[{"embeddable":true,"href":"https:\/\/www.grieta.org.mx\/index.php\/wp-json\/wp\/v2\/media\/21928"}],"wp:attachment":[{"href":"https:\/\/www.grieta.org.mx\/index.php\/wp-json\/wp\/v2\/media?parent=13046"}],"wp:term":[{"taxonomy":"category","embeddable":true,"href":"https:\/\/www.grieta.org.mx\/index.php\/wp-json\/wp\/v2\/categories?post=13046"},{"taxonomy":"post_tag","embeddable":true,"href":"https:\/\/www.grieta.org.mx\/index.php\/wp-json\/wp\/v2\/tags?post=13046"}],"curies":[{"name":"wp","href":"https:\/\/api.w.org\/{rel}","templated":true}]}}