{"id":13029,"date":"2016-05-11T02:22:18","date_gmt":"2016-05-11T02:22:18","guid":{"rendered":"http:\/\/www.grieta.org.mx\/?p=13029"},"modified":"2016-05-27T02:25:22","modified_gmt":"2016-05-27T02:25:22","slug":"nuevo-cancun-iniciara-despues-de-junio-michel","status":"publish","type":"post","link":"https:\/\/www.grieta.org.mx\/index.php\/2016\/05\/11\/nuevo-cancun-iniciara-despues-de-junio-michel\/","title":{"rendered":"&#8221;Nuevo Canc\u00fan&#8221; iniciar\u00e1 despu\u00e9s de junio: Michel"},"content":{"rendered":"<p>Sonia Serrano \u00cd\u00f1iguez, <\/p>\n<p>El desarrollo tur\u00edstico que hab\u00eda sido denominado por el ex gobernador Emilio Gonz\u00e1lez M\u00e1rquez como \u201cel nuevo Canc\u00fan\u201d, y que se construir\u00e1 en la laguna de Chalacatepec, reuni\u00f3 todos los requisitos para obtener la manifestaci\u00f3n de impacto ambiental (MIA), por lo que despu\u00e9s de junio podr\u00edan comenzar las obras, afirm\u00f3 el subsecretario de Finanzas en el estado, Hugo Alberto Michel Uribe.<\/p>\n<p>El Instituto de Pensiones del Estado de Jalisco (Ipejal) invirti\u00f3 en el proyecto m\u00e1s de 88.9 millones de d\u00f3lares, con lo cual adquiri\u00f3 48.5 por ciento de los derechos en el fideicomiso F\/380. La incorporaci\u00f3n del Fondo Nacional de Infraestructura (Fonadin) con inversi\u00f3n directa redujo la participaci\u00f3n del Ipejal a 24 por ciento, aunque se incorporan dos nuevos proyectos, el del hotel Four Seasons, en la Ciudad de M\u00e9xico, y el hotel One and Only Mandarina, en la playa conocida como El Monte\u00f3n, en el municipio de Compostela, Nayarit.<\/p>\n<p>En un comunicado interno del 4 de mayo, se informa que \u201cdespu\u00e9s de varias reuniones con los bi\u00f3logos de la Universidad de Guadalajara, Actur finalmente obtuvo su apoyo para el paquete de informaci\u00f3n de la MIA\u201d.<\/p>\n<p>Agrega que el paquete de informaci\u00f3n de la manifestaci\u00f3n de impacto ambiental \u201cfue analizado y presentado\u201d ante la Secretar\u00eda de Medio Ambiente y Recursos Naturales (Semarnat) \u201cpara solicitar el tr\u00e1mite de MIA regional\u201d, que qued\u00f3 bajo el n\u00famero de proyecto 14JA2015T0014. El plazo que tiene la autoridad para resolver es el 30 de junio de 2016, aunque podr\u00eda hacerlo antes.<\/p>\n<p>El 26 de noviembre de 2009 el Consejo Directivo de Pensiones del Estado aprob\u00f3 la inversi\u00f3n en el proyecto Chalacatepec, a trav\u00e9s de un fideicomiso. Esto sucedi\u00f3 apenas siete d\u00edas despu\u00e9s de que entr\u00f3 en vigor la nueva Ley de Pensiones del Estado, que dej\u00f3 las decisiones sobre el patrimonio en el consejo, sin necesidad de que se tuviera que solicitar la autorizaci\u00f3n del Congreso del Estado.<\/p>\n<p>El proyecto ha sido cuestionado por el da\u00f1o ambiental que podr\u00eda causarse en la zona de la laguna de Chalacatepec, en el municipio de Tomatl\u00e1n.<\/p>\n<p>En septiembre de 2013, Fonadin ingres\u00f3 como socio en el proyecto, con 20 por ciento de los derechos del fideicomiso, mientras que 56 por ciento pertenece a la iniciativa privada y 24 por ciento a Ipejal.<\/p>\n<p>Hugo Michel inform\u00f3 que ya se desahog\u00f3 todo el procedimiento para la MIA y se llevaron a cabo las audiencias, por lo que esperan que en el mes de junio ya est\u00e9 listo para retomar las obras.<\/p>\n<p>Indic\u00f3 que hasta el momento la inversi\u00f3n de Pensiones ha dejado una utilidad de m\u00e1s de 2 millones de d\u00f3lares por el aumento en el costo de la tierra, seg\u00fan los \u00faltimos aval\u00faos que se hicieron.<br \/>\nLos otros planes<\/p>\n<p>Los otros proyectos en los que Ipejal tiene derecho, como consecuencia de la misma inversi\u00f3n, a 24 por ciento de las ganancias, son el hotel Four Seasons Ciudad de M\u00e9xico y un nuevo desarrollo en la costa de Nayarit.<\/p>\n<p>Seg\u00fan Michel Uribe, el hotel ha dejado rendimientos en 2014 de 6.89 por ciento, mientras que el a\u00f1o pasado fueron de 6.07 por ciento. Por el comportamiento de la ocupaci\u00f3n, se espera que los rendimientos en 2016 sean de 9.25 por ciento.<\/p>\n<p>Adem\u00e1s, este s\u00e1bado 14 de mayo se espera que se coloque la primera piedra del desarrollo tur\u00edstico e inmobiliario One and Only Mandarina, en el cual Pensiones tambi\u00e9n tendr\u00eda 24 por ciento de derechos sobre los rendimientos.<\/p>\n<p>Este proyecto se ubicar\u00eda en la zona de El Monte\u00f3n y prev\u00e9 la construcci\u00f3n de 135 habitaciones, as\u00ed como 35 residencias de lujo en alrededor de 30 hect\u00e1reas al terreno adyacente.<\/p>\n<p>En este caso, la manifestaci\u00f3n de impacto ambiental fue entregada por Semarnat el 3 de julio de 2013.<br \/>\nProyecto ACTUR SAPI<\/p>\n<p>&#8211; 24 por ciento de las acciones es del Instituto de Pensiones del Estado<\/p>\n<p>&#8211; 56 por ciento es de capital privado<\/p>\n<p>&#8211; 20 por ciento es del Fondo Nacional de Infraestructura<br \/>\nIncluye tres desarrollos<\/p>\n<p>&#8211; Chalacatepec, en el municipio de Tomatl\u00e1n, Jalisco<\/p>\n<p>&#8211; El hotel Fours Seasons Ciudad de M\u00e9xico<\/p>\n<p>&#8211; One and Only Mandarina, en el municipio de Compostela, Nayarit, que incluye un hotel y residencias de lujo<\/p>\n<p><a href=\"http:\/\/www.ntrguadalajara.com\/post.php?id_nota=38667\" target=\"_blank\">http:\/\/www.ntrguadalajara.com\/post.php?id_nota=38667<\/a><\/p>\n","protected":false},"excerpt":{"rendered":"<p>Sonia Serrano \u00cd\u00f1iguez, El desarrollo tur\u00edstico que hab\u00eda sido denominado por el ex gobernador Emilio Gonz\u00e1lez M\u00e1rquez como \u201cel nuevo Canc\u00fan\u201d, y que se construir\u00e1 en la laguna de Chalacatepec, &hellip; <a href=\"https:\/\/www.grieta.org.mx\/index.php\/2016\/05\/11\/nuevo-cancun-iniciara-despues-de-junio-michel\/\" class=\"more-link\">Leer m\u00e1s<\/a><\/p>\n","protected":false},"author":2,"featured_media":21928,"comment_status":"closed","ping_status":"closed","sticky":false,"template":"","format":"standard","meta":{"ngg_post_thumbnail":0,"_jetpack_newsletter_access":"","_jetpack_dont_email_post_to_subs":false,"_jetpack_newsletter_tier_id":0,"_jetpack_memberships_contains_paywalled_content":false,"_jetpack_memberships_contains_paid_content":false,"footnotes":""},"categories":[80,230],"tags":[105,313,399],"class_list":["post-13029","post","type-post","status-publish","format-standard","has-post-thumbnail","hentry","category-cintillo","category-jalisco","tag-derechos-laborales","tag-presa-y-acueducto-del-zapotillo","tag-proyecto-inmobiliario","entry"],"jetpack_featured_media_url":"https:\/\/www.grieta.org.mx\/wp-content\/uploads\/2018\/03\/14524434_1106112876131411_958039263622046936_o.jpg","jetpack_sharing_enabled":true,"jetpack_shortlink":"https:\/\/wp.me\/p7ZJR4-3o9","jetpack_likes_enabled":false,"jetpack-related-posts":[{"id":13034,"url":"https:\/\/www.grieta.org.mx\/index.php\/2016\/05\/24\/jalisco-invierte-dinero-de-sus-burocratas-en-desarrollos-hoteleros\/","url_meta":{"origin":13029,"position":0},"title":"Jalisco invierte dinero de sus bur\u00f3cratas en desarrollos hoteleros","author":"grieta","date":"24 mayo, 2016","format":false,"excerpt":"Juan Carlos Huerta El Instituto de Pensiones del Estado de Jalisco es propietario de condominios, fincas, terrenos, estacionamientos, de unidades m\u00e9dicas, locales comerciales, departamentos y salones para eventos, adem\u00e1s es administrador de edificios. GUADALAJARA, Jalisco.- El gobierno de Jalisco invierte el fondo de pensiones de sus bur\u00f3cratas en tres proyectos\u2026","rel":"","context":"En &quot;CINTILLO&quot;","block_context":{"text":"CINTILLO","link":"https:\/\/www.grieta.org.mx\/index.php\/category\/cintillo\/"},"img":{"alt_text":"","src":"https:\/\/i0.wp.com\/www.grieta.org.mx\/wp-content\/uploads\/2018\/03\/14524434_1106112876131411_958039263622046936_o.jpg?resize=350%2C200&ssl=1","width":350,"height":200,"srcset":"https:\/\/i0.wp.com\/www.grieta.org.mx\/wp-content\/uploads\/2018\/03\/14524434_1106112876131411_958039263622046936_o.jpg?resize=350%2C200&ssl=1 1x, https:\/\/i0.wp.com\/www.grieta.org.mx\/wp-content\/uploads\/2018\/03\/14524434_1106112876131411_958039263622046936_o.jpg?resize=525%2C300&ssl=1 1.5x, https:\/\/i0.wp.com\/www.grieta.org.mx\/wp-content\/uploads\/2018\/03\/14524434_1106112876131411_958039263622046936_o.jpg?resize=700%2C400&ssl=1 2x"},"classes":[]},{"id":34739,"url":"https:\/\/www.grieta.org.mx\/index.php\/2019\/05\/02\/ipejal-un-blanco-de-protesta-jalisco\/","url_meta":{"origin":13029,"position":1},"title":"Ipejal, un blanco de protesta (Jalisco)","author":"grieta","date":"2 mayo, 2019","format":false,"excerpt":"Ignacio P\u00e9rez Vega \/ La Cr\u00f3nica Jalisco Una gran parte de los m\u00e1s de 100 mil afiliados al Instituto de Pensiones del Estado de Jalisco (Ipejal), insisten en que se apliquen sanciones a quienes cometieron actos de corrupci\u00f3n, en el manejo del fondo de pensiones, del que dependen 36 mil\u2026","rel":"","context":"En &quot;CINTILLO&quot;","block_context":{"text":"CINTILLO","link":"https:\/\/www.grieta.org.mx\/index.php\/category\/cintillo\/"},"img":{"alt_text":"","src":"https:\/\/i0.wp.com\/www.grieta.org.mx\/wp-content\/uploads\/2019\/06\/2019-05-02_12-05-30___1784.jpg?resize=350%2C200&ssl=1","width":350,"height":200,"srcset":"https:\/\/i0.wp.com\/www.grieta.org.mx\/wp-content\/uploads\/2019\/06\/2019-05-02_12-05-30___1784.jpg?resize=350%2C200&ssl=1 1x, https:\/\/i0.wp.com\/www.grieta.org.mx\/wp-content\/uploads\/2019\/06\/2019-05-02_12-05-30___1784.jpg?resize=525%2C300&ssl=1 1.5x"},"classes":[]},{"id":46506,"url":"https:\/\/www.grieta.org.mx\/index.php\/2020\/03\/09\/exige-renuncia-del-director-de-ipejal-jalisco\/","url_meta":{"origin":13029,"position":2},"title":"Exige renuncia del director de Ipejal (Jalisco)","author":"grieta","date":"9 marzo, 2020","format":false,"excerpt":"Foto: Archivo Redacci\u00f3n \/ El Diario NTR Esta informaci\u00f3n es originalmente trabajada por una mujer, quien hoy est\u00e1 en paro. Por diversas irregularidades y la carencia de medicamentos, el Colectivo de Jubilados y Pensionados de Jalisco exigi\u00f3 la renuncia del titular del Instituto de Pensiones del Estado (Ipejal), Iv\u00e1n Arg\u00fcelles.\u2026","rel":"","context":"En &quot;CINTILLO&quot;","block_context":{"text":"CINTILLO","link":"https:\/\/www.grieta.org.mx\/index.php\/category\/cintillo\/"},"img":{"alt_text":"","src":"https:\/\/i0.wp.com\/www.grieta.org.mx\/wp-content\/uploads\/2020\/03\/2020-03-09_01-03-51___6849.jpg?resize=350%2C200&ssl=1","width":350,"height":200,"srcset":"https:\/\/i0.wp.com\/www.grieta.org.mx\/wp-content\/uploads\/2020\/03\/2020-03-09_01-03-51___6849.jpg?resize=350%2C200&ssl=1 1x, https:\/\/i0.wp.com\/www.grieta.org.mx\/wp-content\/uploads\/2020\/03\/2020-03-09_01-03-51___6849.jpg?resize=525%2C300&ssl=1 1.5x, https:\/\/i0.wp.com\/www.grieta.org.mx\/wp-content\/uploads\/2020\/03\/2020-03-09_01-03-51___6849.jpg?resize=700%2C400&ssl=1 2x"},"classes":[]},{"id":20099,"url":"https:\/\/www.grieta.org.mx\/index.php\/2016\/08\/17\/conflictos-ambientales-y-sociales-por-proyectos-turisticos-en-jalisco\/","url_meta":{"origin":13029,"position":3},"title":"Conflictos ambientales y sociales por proyectos tur\u00edsticos en Jalisco","author":"grieta","date":"17 agosto, 2016","format":false,"excerpt":"Proyecto tur\u00edstico Vistas en Chalacatepec, Tomatl\u00e1n 17\/08\/16. Buscan impugnar nombramiento de mesa directiva que dio terreno para construir hotelNotisistemas 17\/08\/16. Da Semarnat lez verde a Chalacatepec; proyecto durar\u00e1 20 a\u00f1osQuadratin Jalisco Proyectos tur\u00edsticos e inmobiliarios financiados por el gobierno de Jalisco con las pensiones de sus bur\u00f3cratas 24\/05\/16. Jalisco invierte\u2026","rel":"","context":"En &quot;\u00c1reas naturales protegidas&quot;","block_context":{"text":"\u00c1reas naturales protegidas","link":"https:\/\/www.grieta.org.mx\/index.php\/category\/megaproyectos\/areas-naturales-protegidas\/"},"img":{"alt_text":"","src":"https:\/\/i0.wp.com\/www.grieta.org.mx\/wp-content\/uploads\/2018\/03\/14524434_1106112876131411_958039263622046936_o.jpg?resize=350%2C200&ssl=1","width":350,"height":200,"srcset":"https:\/\/i0.wp.com\/www.grieta.org.mx\/wp-content\/uploads\/2018\/03\/14524434_1106112876131411_958039263622046936_o.jpg?resize=350%2C200&ssl=1 1x, https:\/\/i0.wp.com\/www.grieta.org.mx\/wp-content\/uploads\/2018\/03\/14524434_1106112876131411_958039263622046936_o.jpg?resize=525%2C300&ssl=1 1.5x, https:\/\/i0.wp.com\/www.grieta.org.mx\/wp-content\/uploads\/2018\/03\/14524434_1106112876131411_958039263622046936_o.jpg?resize=700%2C400&ssl=1 2x"},"classes":[]},{"id":32735,"url":"https:\/\/www.grieta.org.mx\/index.php\/2019\/04\/29\/se-inconforman-jubilados-contra-ipejal-por-incumplimiento-en-su-pension-jalisco\/","url_meta":{"origin":13029,"position":4},"title":"Se inconforman jubilados contra Ipejal por incumplimiento en su pensi\u00f3n (Jalisco)","author":"grieta","date":"29 abril, 2019","format":false,"excerpt":"Rosario Bare\u00f1o \/ El Occidental Largas filas realizaron jubilados frente a las oficinas del Instituto de Pensiones del Estado (Ipejal) por el incumplimiento en sus pagos. Inconformes manifestaron que es injusto que la administraci\u00f3n del Instituto atrase los dep\u00f3sitos correspondientes a su jubilaci\u00f3n. Molestos porque tuvieron que hacer fila por\u2026","rel":"","context":"En &quot;CINTILLO&quot;","block_context":{"text":"CINTILLO","link":"https:\/\/www.grieta.org.mx\/index.php\/category\/cintillo\/"},"img":{"alt_text":"","src":"https:\/\/i0.wp.com\/www.grieta.org.mx\/wp-content\/uploads\/2019\/04\/ipejal.jpg?resize=350%2C200&ssl=1","width":350,"height":200,"srcset":"https:\/\/i0.wp.com\/www.grieta.org.mx\/wp-content\/uploads\/2019\/04\/ipejal.jpg?resize=350%2C200&ssl=1 1x, https:\/\/i0.wp.com\/www.grieta.org.mx\/wp-content\/uploads\/2019\/04\/ipejal.jpg?resize=525%2C300&ssl=1 1.5x, https:\/\/i0.wp.com\/www.grieta.org.mx\/wp-content\/uploads\/2019\/04\/ipejal.jpg?resize=700%2C400&ssl=1 2x"},"classes":[]},{"id":21443,"url":"https:\/\/www.grieta.org.mx\/index.php\/2016\/09\/07\/burocratas-se-manifiestan-piden-restituir-dinero-a-ipejal-jalisco\/","url_meta":{"origin":13029,"position":5},"title":"Bur\u00f3cratas se manifiestan; piden restituir dinero a Ipejal (Jalisco)","author":"grieta","date":"7 septiembre, 2016","format":false,"excerpt":"Exigen se restitutyan los 4 mil millones de pesos de ahorros de los trabajadores del estado Redacci\u00f3n I Un1\u00f3n Jalisco Trabajadores del Sindicato Independiente de Servidores P\u00fablicos se manifiestaron esta ma\u00f1ana para exigir se reponga al Instituto de Pensiones del Estado de Jalisco (Ipejal) el dinero de un supuesto desfalco.\u2026","rel":"","context":"En &quot;CINTILLO&quot;","block_context":{"text":"CINTILLO","link":"https:\/\/www.grieta.org.mx\/index.php\/category\/cintillo\/"},"img":{"alt_text":"","src":"https:\/\/i0.wp.com\/www.grieta.org.mx\/wp-content\/uploads\/2018\/03\/14524434_1106112876131411_958039263622046936_o.jpg?resize=350%2C200&ssl=1","width":350,"height":200,"srcset":"https:\/\/i0.wp.com\/www.grieta.org.mx\/wp-content\/uploads\/2018\/03\/14524434_1106112876131411_958039263622046936_o.jpg?resize=350%2C200&ssl=1 1x, https:\/\/i0.wp.com\/www.grieta.org.mx\/wp-content\/uploads\/2018\/03\/14524434_1106112876131411_958039263622046936_o.jpg?resize=525%2C300&ssl=1 1.5x, https:\/\/i0.wp.com\/www.grieta.org.mx\/wp-content\/uploads\/2018\/03\/14524434_1106112876131411_958039263622046936_o.jpg?resize=700%2C400&ssl=1 2x"},"classes":[]}],"_links":{"self":[{"href":"https:\/\/www.grieta.org.mx\/index.php\/wp-json\/wp\/v2\/posts\/13029","targetHints":{"allow":["GET"]}}],"collection":[{"href":"https:\/\/www.grieta.org.mx\/index.php\/wp-json\/wp\/v2\/posts"}],"about":[{"href":"https:\/\/www.grieta.org.mx\/index.php\/wp-json\/wp\/v2\/types\/post"}],"author":[{"embeddable":true,"href":"https:\/\/www.grieta.org.mx\/index.php\/wp-json\/wp\/v2\/users\/2"}],"replies":[{"embeddable":true,"href":"https:\/\/www.grieta.org.mx\/index.php\/wp-json\/wp\/v2\/comments?post=13029"}],"version-history":[{"count":1,"href":"https:\/\/www.grieta.org.mx\/index.php\/wp-json\/wp\/v2\/posts\/13029\/revisions"}],"predecessor-version":[{"id":13030,"href":"https:\/\/www.grieta.org.mx\/index.php\/wp-json\/wp\/v2\/posts\/13029\/revisions\/13030"}],"wp:featuredmedia":[{"embeddable":true,"href":"https:\/\/www.grieta.org.mx\/index.php\/wp-json\/wp\/v2\/media\/21928"}],"wp:attachment":[{"href":"https:\/\/www.grieta.org.mx\/index.php\/wp-json\/wp\/v2\/media?parent=13029"}],"wp:term":[{"taxonomy":"category","embeddable":true,"href":"https:\/\/www.grieta.org.mx\/index.php\/wp-json\/wp\/v2\/categories?post=13029"},{"taxonomy":"post_tag","embeddable":true,"href":"https:\/\/www.grieta.org.mx\/index.php\/wp-json\/wp\/v2\/tags?post=13029"}],"curies":[{"name":"wp","href":"https:\/\/api.w.org\/{rel}","templated":true}]}}