{"id":13022,"date":"2016-02-11T18:08:45","date_gmt":"2016-02-11T18:08:45","guid":{"rendered":"http:\/\/www.grieta.org.mx\/?p=13022"},"modified":"2018-08-16T23:57:30","modified_gmt":"2018-08-17T04:57:30","slug":"iglesia-de-san-luis-potosi-se-lava-las-manos-sobre-casos-de-curas-pederastas-no-tenemos-la-culpa-de-que-esten-libres-dice","status":"publish","type":"post","link":"https:\/\/www.grieta.org.mx\/index.php\/2016\/02\/11\/iglesia-de-san-luis-potosi-se-lava-las-manos-sobre-casos-de-curas-pederastas-no-tenemos-la-culpa-de-que-esten-libres-dice\/","title":{"rendered":"Iglesia De San Luis Potos\u00ed Se Lava Las Manos Sobre Casos De Curas Pederastas: \u201cNo Tenemos La Culpa De Que Est\u00e9n Libres\u201d, Dice"},"content":{"rendered":"<p>Latinos Post<\/p>\n<p>Juan Jes\u00fas Priego Rivera, vocero de la Arquidi\u00f3cesis de San Luis Potos\u00ed, afirm\u00f3 que la instituci\u00f3n cat\u00f3lica no es culpable de que los curas acusados de abusar de menores sean pr\u00f3fugos de la justicia, como es el caso de Eduardo C\u00f3rdova Bautista y No\u00e9 Trujillo.<\/p>\n<p>&#8220;Nosotros sentimos una cierta presi\u00f3n porque hemos hecho lo que se tiene hacer. No somos culpables de que tal o cual persona se encuentre en libertad, puesto que estar\u00e1 viviendo un proceso de ley. Entonces la Ley tiene recursos que prev\u00e9 para la procuraci\u00f3n de justicia&#8221;, coment\u00f3, inform\u00f3<\/p>\n<p>Cuando se le cuestion\u00f3 sobre si la iglesia tiene responsabilidad en que no se haya encontrado a\u00fan a los responsables de los cr\u00edmenes, la Arquidi\u00f3cesis de San Luis Potos\u00ed dijo que el Arzobispado ha promovido las demandas donde se hace referencia a delitos presuntamente cometidos por sacerdotes.<br \/>\nPriego Rivera dijo que la Procuradur\u00eda General de Justicia del Estado (PGJE) es &#8220;testigo&#8221; de la cooperaci\u00f3n de la Arquidi\u00f3cesis potosina, encabezada por Jes\u00fas Carlos Cabrero Romero, pues han brindado las informaciones pertinentes.<br \/>\nEl portavoz de la iglesia asegur\u00f3 que entreg\u00f3 la informaci\u00f3n sobre las ubicaciones y domicilios de los imputados a las autoridades, seg\u00fan lo estipulado por la ley, que establece que cualquier delito deber\u00e1 denunciarse a las autoridades.<\/p>\n<p>Priego Rivera asegura que no tolerar\u00e1 ni va a tolerar ning\u00fan caso de abuso sexual de presb\u00edteros contra menores de edad.<\/p>\n<p>Al momento son siete las averiguaciones abiertas en San Luis Potos\u00ed contra sacerdotes implicados en abusos sexuales, de acuerdo con la Procuradur\u00eda. En dos casos los implicados fueron detenidos y luego liberados sin sentencia condenatoria, en uno se neg\u00f3 la orden de aprehensi\u00f3n y dos m\u00e1s se encuentran en calidad de pr\u00f3fugos, pero con \u00f3rdenes de captura, es el caso de No\u00e9 Trujillo y Eduardo C\u00f3rdova Bautista.<\/p>\n<p>Las denuncias se presentaron durante 2015 por la Arquidi\u00f3cesis de San Luis Potos\u00ed y est\u00e1n en proceso de integraci\u00f3n, recabando declaraciones de v\u00edctimas y otros testimonios, inform\u00f3 El Pulso De San Luis.<\/p>\n<p>La Procuradur\u00eda de San Luis Potos\u00ed ha dado a conocer que la Fiscal\u00eda Especial para los Delitos de Violencia Contra las Mujeres y Trata de Personas (Fevimtra) integra una averiguaci\u00f3n previa en contra de Eduardo C\u00f3rdova, pero tampoco esa se ha consignado ante un juez.<\/p>\n<p>Otro de los implicados fue identificado como No\u00e9 Francisco, quien ya fue suspendido de sus labores clericales por la Arquidi\u00f3cesis.<br \/>\nAmbos casos se investigan a trav\u00e9s de la Fiscal\u00eda de Delitos de Alto Impacto de la PGJE, seg\u00fan indic\u00f3 Federico Garza Herrera.<\/p>\n<p>La Iglesia Cat\u00f3lica dice no saber el paradero de Eduardo C\u00f3rdova, mientras que las v\u00edctimas creen que el pederasta fue encubierto por las autoridades religiosas.<\/p>\n<p><a href=\"http:\/\/spanish.latinospost.com\/articles\/66625\/20160211\/postura-iglesia-de-san-luis-potosi-caso-abuso-sexual-curas.htm\" rel=\"noopener\" target=\"_blank\">http:\/\/spanish.latinospost.com\/articles\/66625\/20160211\/postura-iglesia-de-san-luis-potosi-caso-abuso-sexual-curas.htm<\/a><\/p>\n","protected":false},"excerpt":{"rendered":"<p>Latinos Post Juan Jes\u00fas Priego Rivera, vocero de la Arquidi\u00f3cesis de San Luis Potos\u00ed, afirm\u00f3 que la instituci\u00f3n cat\u00f3lica no es culpable de que los curas acusados de abusar de &hellip; <a href=\"https:\/\/www.grieta.org.mx\/index.php\/2016\/02\/11\/iglesia-de-san-luis-potosi-se-lava-las-manos-sobre-casos-de-curas-pederastas-no-tenemos-la-culpa-de-que-esten-libres-dice\/\" class=\"more-link\">Leer m\u00e1s<\/a><\/p>\n","protected":false},"author":2,"featured_media":21928,"comment_status":"closed","ping_status":"closed","sticky":false,"template":"","format":"standard","meta":{"ngg_post_thumbnail":0,"_jetpack_newsletter_access":"","_jetpack_dont_email_post_to_subs":false,"_jetpack_newsletter_tier_id":0,"_jetpack_memberships_contains_paywalled_content":false,"_jetpack_memberships_contains_paid_content":false,"footnotes":""},"categories":[80,1350,2,29,141],"tags":[678,1611,1613,1612],"class_list":{"0":"post-13022","1":"post","2":"type-post","3":"status-publish","4":"format-standard","5":"has-post-thumbnail","6":"hentry","7":"category-cintillo","8":"category-explotacion-y-abuso-infantil-en-san-luis-potosi","9":"category-noticias-nacionales","10":"category-san-luis-potosi","12":"tag-abuso-infantil","13":"tag-arquidiocesis","14":"tag-iglesia","15":"tag-sacerdote","16":"entry"},"jetpack_featured_media_url":"https:\/\/www.grieta.org.mx\/wp-content\/uploads\/2018\/03\/14524434_1106112876131411_958039263622046936_o.jpg","jetpack_sharing_enabled":true,"jetpack_shortlink":"https:\/\/wp.me\/p7ZJR4-3o2","jetpack_likes_enabled":false,"jetpack-related-posts":[{"id":13016,"url":"https:\/\/www.grieta.org.mx\/index.php\/2016\/06\/15\/explotacion-y-abuso-infantil-en-san-luis-potosi\/","url_meta":{"origin":13022,"position":0},"title":"Explotacion y abuso infantil en San Luis Potosi","author":"grieta","date":"15 junio, 2016","format":false,"excerpt":"30\/05\/16. Explotaci\u00f3n infantil, campo potosino, bajo la lupaPlano Informativo 20\/05\/16. Cura pederasta de San Luis Potos\u00ed impune por negligencia de autoridadesVanguardia 15\/05\/16. Impide MP detener a cl\u00e9rigo pederastaAntena San Luis 12\/02\/16. Iglesia De San Luis Potos\u00ed Se Lava Las Manos Sobre Casos De Curas Pederastas: \u201cNo Tenemos La Culpa De\u2026","rel":"","context":"En &quot;San Luis Potos\u00ed&quot;","block_context":{"text":"San Luis Potos\u00ed","link":"https:\/\/www.grieta.org.mx\/index.php\/category\/noticias-nacionales\/san-luis-potosi\/"},"img":{"alt_text":"","src":"https:\/\/i0.wp.com\/www.grieta.org.mx\/wp-content\/uploads\/2018\/03\/14524434_1106112876131411_958039263622046936_o.jpg?resize=350%2C200&ssl=1","width":350,"height":200,"srcset":"https:\/\/i0.wp.com\/www.grieta.org.mx\/wp-content\/uploads\/2018\/03\/14524434_1106112876131411_958039263622046936_o.jpg?resize=350%2C200&ssl=1 1x, https:\/\/i0.wp.com\/www.grieta.org.mx\/wp-content\/uploads\/2018\/03\/14524434_1106112876131411_958039263622046936_o.jpg?resize=525%2C300&ssl=1 1.5x, https:\/\/i0.wp.com\/www.grieta.org.mx\/wp-content\/uploads\/2018\/03\/14524434_1106112876131411_958039263622046936_o.jpg?resize=700%2C400&ssl=1 2x"},"classes":[]},{"id":42768,"url":"https:\/\/www.grieta.org.mx\/index.php\/2019\/12\/22\/al-menos-4-victimas-de-pederastia-clerical-en-slp\/","url_meta":{"origin":13022,"position":1},"title":"Al menos 4 v\u00edctimas de pederastia clerical en SLP","author":"grieta","date":"22 diciembre, 2019","format":false,"excerpt":"Lilia Quevedo\/Plano Informativo 22 diciembre 2019 Curas violadores de SLP ya son investigados por la FGE y la Santa Sede, dice Arzobispo San Luis Potos\u00ed, SLP.- Al menos cuatro menores de edad fueron abusados sexualmente por sacerdotes en San Luis Potos\u00ed, reconoci\u00f3 el arzobispo de San Luis Potos\u00ed, Jes\u00fas Carlos\u2026","rel":"","context":"En &quot;CINTILLO&quot;","block_context":{"text":"CINTILLO","link":"https:\/\/www.grieta.org.mx\/index.php\/category\/cintillo\/"},"img":{"alt_text":"","src":"https:\/\/i0.wp.com\/www.grieta.org.mx\/wp-content\/uploads\/2020\/01\/acoso.jpg?resize=350%2C200&ssl=1","width":350,"height":200},"classes":[]},{"id":23802,"url":"https:\/\/www.grieta.org.mx\/index.php\/2018\/06\/17\/en-slp-mas-de-50-mil-ninos-y-ninas-trabajaron-en-2017-san-luis-potosi\/","url_meta":{"origin":13022,"position":2},"title":"En SLP m\u00e1s de 50 mil ni\u00f1os y ni\u00f1as trabajaron en 2017 (San Luis Potos\u00ed)","author":"grieta","date":"17 junio, 2018","format":false,"excerpt":"Roberto Mart\u00ednez\/Global Media Actualmente el estado ocupa el 15\u00b0 lugar a nivel nacional con mayor tasa de ocupaci\u00f3n infantil no permitida. Un total de 54 mil 148 menores de edad en San Luis Potos\u00ed realizaron en este 2017 alg\u00fan tipo de trabajo en actividades econ\u00f3micas no permitidas, ya sea debajo\u2026","rel":"","context":"En &quot;CINTILLO&quot;","block_context":{"text":"CINTILLO","link":"https:\/\/www.grieta.org.mx\/index.php\/category\/cintillo\/"},"img":{"alt_text":"","src":"https:\/\/i0.wp.com\/www.grieta.org.mx\/wp-content\/uploads\/2018\/06\/En-SLP-m%C3%A1s-de-50-mil-ni%C3%B1os-y-ni%C3%B1as-trabajaron-en-2017.jpg?resize=350%2C200&ssl=1","width":350,"height":200,"srcset":"https:\/\/i0.wp.com\/www.grieta.org.mx\/wp-content\/uploads\/2018\/06\/En-SLP-m%C3%A1s-de-50-mil-ni%C3%B1os-y-ni%C3%B1as-trabajaron-en-2017.jpg?resize=350%2C200&ssl=1 1x, https:\/\/i0.wp.com\/www.grieta.org.mx\/wp-content\/uploads\/2018\/06\/En-SLP-m%C3%A1s-de-50-mil-ni%C3%B1os-y-ni%C3%B1as-trabajaron-en-2017.jpg?resize=525%2C300&ssl=1 1.5x"},"classes":[]},{"id":54443,"url":"https:\/\/www.grieta.org.mx\/index.php\/2020\/09\/17\/madre-de-nina-violada-se-amarra-a-puerta-de-acceso-de-la-segob\/","url_meta":{"origin":13022,"position":3},"title":"Madre de ni\u00f1a violada se amarra a puerta de acceso de la Segob","author":"grieta","date":"17 septiembre, 2020","format":false,"excerpt":"Sun\/Informador mx 17 septiembre 2020 Marcela Alem\u00e1n hace un llamado a la Suprema Corte de Justicia de la Naci\u00f3n para que el caso no quede impune Marcela Alem\u00e1n, madre de una ni\u00f1a que fue violada a los cuatro a\u00f1os y ahora tiene siete, lleg\u00f3 desde San Luis Potos\u00ed a la\u2026","rel":"","context":"En &quot;CINTILLO&quot;","block_context":{"text":"CINTILLO","link":"https:\/\/www.grieta.org.mx\/index.php\/category\/cintillo\/"},"img":{"alt_text":"","src":"https:\/\/i0.wp.com\/www.grieta.org.mx\/wp-content\/uploads\/2020\/10\/marcela-aleman.png?resize=350%2C200&ssl=1","width":350,"height":200,"srcset":"https:\/\/i0.wp.com\/www.grieta.org.mx\/wp-content\/uploads\/2020\/10\/marcela-aleman.png?resize=350%2C200&ssl=1 1x, https:\/\/i0.wp.com\/www.grieta.org.mx\/wp-content\/uploads\/2020\/10\/marcela-aleman.png?resize=525%2C300&ssl=1 1.5x, https:\/\/i0.wp.com\/www.grieta.org.mx\/wp-content\/uploads\/2020\/10\/marcela-aleman.png?resize=700%2C400&ssl=1 2x"},"classes":[]},{"id":28627,"url":"https:\/\/www.grieta.org.mx\/index.php\/2019\/01\/28\/feminicidios-y-violaciones-azotan-a-slp-san-luis-potosi\/","url_meta":{"origin":13022,"position":4},"title":"Feminicidios y violaciones azotan a SLP (San Luis Potos\u00ed)","author":"grieta","date":"28 enero, 2019","format":false,"excerpt":"Jaime Hern\u00e1ndez \/ Pulso En ambos delitos, la entidad se ubic\u00f3 entre los diez estados con mayor incidencia del pa\u00eds Durante 2018, 93 potosinas fueron v\u00edctimas de homicidio. De esos cr\u00edmenes, 27 fueron considerados como feminicidios, ubicando a San Luis Potos\u00ed en el d\u00e9cimo lugar entre los estados con mayor\u2026","rel":"","context":"En &quot;CINTILLO&quot;","block_context":{"text":"CINTILLO","link":"https:\/\/www.grieta.org.mx\/index.php\/category\/cintillo\/"},"img":{"alt_text":"","src":"https:\/\/i0.wp.com\/www.grieta.org.mx\/wp-content\/uploads\/2019\/01\/Feminicidios-y-violaciones-azotan-a-SLP.jpg?resize=350%2C200&ssl=1","width":350,"height":200,"srcset":"https:\/\/i0.wp.com\/www.grieta.org.mx\/wp-content\/uploads\/2019\/01\/Feminicidios-y-violaciones-azotan-a-SLP.jpg?resize=350%2C200&ssl=1 1x, https:\/\/i0.wp.com\/www.grieta.org.mx\/wp-content\/uploads\/2019\/01\/Feminicidios-y-violaciones-azotan-a-SLP.jpg?resize=525%2C300&ssl=1 1.5x"},"classes":[]},{"id":65270,"url":"https:\/\/www.grieta.org.mx\/index.php\/2022\/09\/18\/feminicido-exigen-justicia-para-chuyita-de-14-anos-y-asesinada-en-san-luis-potosi\/","url_meta":{"origin":13022,"position":5},"title":"Feminicido: Exigen justicia para Chuyita, de 14 a\u00f1os y asesinada en San Luis Potos\u00ed","author":"grieta","date":"18 septiembre, 2022","format":false,"excerpt":"Redacci\u00f3n\/SDP Noticias 18 septiembre 2022 Chuyita Lelixia Rodr\u00edguez desapareci\u00f3 el 14 de septiembre cuando se dirig\u00eda la prepa en la comunidad de Derramaderos en Villa de Arista, San Luis Potos\u00ed Con el hashtag Justicia para Chuyita, su familia y la comunidad de Derramaderos en San Luis Potos\u00ed exigen que el\u2026","rel":"","context":"En &quot;CINTILLO&quot;","block_context":{"text":"CINTILLO","link":"https:\/\/www.grieta.org.mx\/index.php\/category\/cintillo\/"},"img":{"alt_text":"","src":"https:\/\/i0.wp.com\/www.grieta.org.mx\/wp-content\/uploads\/2022\/09\/H5NNK33YCRBHFKUH7EPDVYJ6LM.jpg?resize=350%2C200&ssl=1","width":350,"height":200,"srcset":"https:\/\/i0.wp.com\/www.grieta.org.mx\/wp-content\/uploads\/2022\/09\/H5NNK33YCRBHFKUH7EPDVYJ6LM.jpg?resize=350%2C200&ssl=1 1x, https:\/\/i0.wp.com\/www.grieta.org.mx\/wp-content\/uploads\/2022\/09\/H5NNK33YCRBHFKUH7EPDVYJ6LM.jpg?resize=525%2C300&ssl=1 1.5x"},"classes":[]}],"_links":{"self":[{"href":"https:\/\/www.grieta.org.mx\/index.php\/wp-json\/wp\/v2\/posts\/13022","targetHints":{"allow":["GET"]}}],"collection":[{"href":"https:\/\/www.grieta.org.mx\/index.php\/wp-json\/wp\/v2\/posts"}],"about":[{"href":"https:\/\/www.grieta.org.mx\/index.php\/wp-json\/wp\/v2\/types\/post"}],"author":[{"embeddable":true,"href":"https:\/\/www.grieta.org.mx\/index.php\/wp-json\/wp\/v2\/users\/2"}],"replies":[{"embeddable":true,"href":"https:\/\/www.grieta.org.mx\/index.php\/wp-json\/wp\/v2\/comments?post=13022"}],"version-history":[{"count":1,"href":"https:\/\/www.grieta.org.mx\/index.php\/wp-json\/wp\/v2\/posts\/13022\/revisions"}],"predecessor-version":[{"id":25625,"href":"https:\/\/www.grieta.org.mx\/index.php\/wp-json\/wp\/v2\/posts\/13022\/revisions\/25625"}],"wp:featuredmedia":[{"embeddable":true,"href":"https:\/\/www.grieta.org.mx\/index.php\/wp-json\/wp\/v2\/media\/21928"}],"wp:attachment":[{"href":"https:\/\/www.grieta.org.mx\/index.php\/wp-json\/wp\/v2\/media?parent=13022"}],"wp:term":[{"taxonomy":"category","embeddable":true,"href":"https:\/\/www.grieta.org.mx\/index.php\/wp-json\/wp\/v2\/categories?post=13022"},{"taxonomy":"post_tag","embeddable":true,"href":"https:\/\/www.grieta.org.mx\/index.php\/wp-json\/wp\/v2\/tags?post=13022"}],"curies":[{"name":"wp","href":"https:\/\/api.w.org\/{rel}","templated":true}]}}