{"id":13006,"date":"2016-05-22T13:01:09","date_gmt":"2016-05-22T13:01:09","guid":{"rendered":"http:\/\/www.grieta.org.mx\/?p=13006"},"modified":"2016-05-26T13:09:21","modified_gmt":"2016-05-26T13:09:21","slug":"campesinos-de-nayarit-amenazados-por-el-fracking","status":"publish","type":"post","link":"https:\/\/www.grieta.org.mx\/index.php\/2016\/05\/22\/campesinos-de-nayarit-amenazados-por-el-fracking\/","title":{"rendered":"Campesinos de Nayarit amenazados por el &#8216;fracking&#8217;"},"content":{"rendered":"<p>Ameyalli D\u00edaz Castro e Irving Cabrera Torres\/Vice<\/p>\n<p><img loading=\"lazy\" decoding=\"async\" data-attachment-id=\"13007\" data-permalink=\"https:\/\/www.grieta.org.mx\/index.php\/2016\/05\/22\/campesinos-de-nayarit-amenazados-por-el-fracking\/nayarit-4\/\" data-orig-file=\"https:\/\/www.grieta.org.mx\/wp-content\/uploads\/2016\/05\/nayarit-4.jpg\" data-orig-size=\"700,466\" data-comments-opened=\"0\" data-image-meta=\"{&quot;aperture&quot;:&quot;0&quot;,&quot;credit&quot;:&quot;&quot;,&quot;camera&quot;:&quot;&quot;,&quot;caption&quot;:&quot;&quot;,&quot;created_timestamp&quot;:&quot;0&quot;,&quot;copyright&quot;:&quot;&quot;,&quot;focal_length&quot;:&quot;0&quot;,&quot;iso&quot;:&quot;0&quot;,&quot;shutter_speed&quot;:&quot;0&quot;,&quot;title&quot;:&quot;&quot;,&quot;orientation&quot;:&quot;1&quot;}\" data-image-title=\"nayarit-4\" data-image-description=\"\" data-image-caption=\"\" data-medium-file=\"https:\/\/www.grieta.org.mx\/wp-content\/uploads\/2016\/05\/nayarit-4-300x200.jpg\" data-large-file=\"https:\/\/www.grieta.org.mx\/wp-content\/uploads\/2016\/05\/nayarit-4.jpg\" src=\"http:\/\/www.grieta.org.mx\/wp-content\/uploads\/2016\/05\/nayarit-4.jpg\" alt=\"nayarit-4\" width=\"700\" height=\"466\" class=\"aligncenter size-full wp-image-13007\" srcset=\"https:\/\/www.grieta.org.mx\/wp-content\/uploads\/2016\/05\/nayarit-4.jpg 700w, https:\/\/www.grieta.org.mx\/wp-content\/uploads\/2016\/05\/nayarit-4-300x200.jpg 300w\" sizes=\"auto, (max-width: 700px) 100vw, 700px\" \/><\/p>\n<p>El aroma a huevo podrido que se respira todas las ma\u00f1anas en San Pedro Lagunillas contrasta con la paz de este silencioso pueblo de 3,600 habitantes. Aunque esa tranquilidad se irrumpe por las noches y a distintas horas del d\u00eda cuando las turbinas del Parque Geot\u00e9rmico Domo de San Pedro, situado a 500 metros de la laguna de Balbuena, comienzan a trabajar.<\/p>\n<p>Ubicado al sur de Nayarit, sobre el eje transversal volc\u00e1nico, el municipio de San Pedro Lagunillas es el primer sitio en M\u00e9xico donde se instala una empresa privada para la explotaci\u00f3n de geotermia (calor de la tierra para generar electricidad). Con una inversi\u00f3n de 2 mil 600 millones de pesos Geot\u00e9rmica para el Desarrollo \u2014dependencia de Grupo Drag\u00f3n, filial de Grupo Salinas, propiedad de Ricardo Salinas Pliego\u2014, podr\u00e1 comercializar la energ\u00eda geot\u00e9rmica durante 30 a\u00f1os seg\u00fan la concesi\u00f3n otorgada y anunciada por el gobierno mexicano el 3 de noviembre de 2015. Sin embargo Grupo Drag\u00f3n en su p\u00e1gina de internet publica que la fase 1 del proyecto inici\u00f3 operaciones en febrero de 2015 y la fase 2 en mayo de 2016.<\/p>\n<p>El proyecto consiste en perforar 18 pozos con la t\u00e9cnica de la fracturaci\u00f3n hidr\u00e1ulica o fracking (t\u00e9cnica que consiste en perforar a m\u00e1s de 2,500 metros de profundidad, inyectando sustancias qu\u00edmicas a altas presiones en el subsuelo, fracturando las estructuras rocosas para liberar los hidrocarburos atrapados en ellas y que tiene por objetivo extraer gas, petr\u00f3leo y energ\u00eda geot\u00e9rmica), de los cuales hasta ahora solamente hay cinco en funcionamiento. Debido a la emanaci\u00f3n de \u00e1cido sulfh\u00eddrico, uno de los gases liberado cuando se perfora la tierra a esa profundidad, habitantes de San Pedro comenzaron a tener afectaciones en la salud como ardor en los ojos, dolor de cabeza, n\u00e1useas y comez\u00f3n en la piel desde la llegada del proyecto geot\u00e9rmico a sus tierras. <\/p>\n<p>&#8220;Un d\u00eda en 2010 llegaron unas personas identific\u00e1ndose como trabajadores de Grupo Drag\u00f3n a querer comprar las tierras cercanas al volc\u00e1n, justo a un costado de la laguna de Balbuena&#8221;, declaran Gilberto G\u00f3mez Tinajero, ex regidor del XXXIV Ayuntamiento de esta municipalidad, y el ejidatario Gustavo Reyes. Los ejidatarios se opusieron rotundamente; sin embargo para septiembre de 2011 la direcci\u00f3n de Obras P\u00fablicas del municipio otorg\u00f3 a Grupo Drag\u00f3n la licencia de uso de suelo de m\u00e1s de 30 mil metros cuadrados, a pesar de la oposici\u00f3n de pobladores y campesinos, quienes dirigieron un documento en ese mismo a\u00f1o solicitando a las autoridades y representantes informaci\u00f3n sobre el proyecto &#8220;perjuicios y beneficios para el pueblo, da\u00f1os al ecosistema: agua, animales, vegetaci\u00f3n&#8221;. Cinco a\u00f1os despu\u00e9s nadie les ha dado una respuesta.<\/p>\n<p>Fuertes vientos refrescan la tarde de 30 grados en San Pedro, cuando G\u00f3mez Tinajero se dirige a su parcela, donde se alcanza a ver a los lejos la laguna y a un costado una nube de vapor blanco que se esparce por el cielo, camina dos kil\u00f3metros a paso acelerado cargando un costal de pastura para alimentar a sus animales, se detiene un instante y se\u00f1ala las torres donde la salida del vapor blanco es constante, &#8220;todos esos gases que no se ven, son los que nos est\u00e1n da\u00f1ando&#8221;. <\/p>\n<p>Gil como le llaman algunos, aumenta su tono de voz cuando dice &#8220;esa planta lleg\u00f3 a base de puros enga\u00f1os y promesas. Seg\u00fan dar\u00edan trabajos a gente de San Pedro, \u00bfpero que clase de empleos?&#8221; El Secretario de Energ\u00eda, Pedro Joaqu\u00edn Coldwell, declar\u00f3 con relaci\u00f3n a los beneficios de la planta geot\u00e9rmica &#8220;se prev\u00e9 la creaci\u00f3n de 650 empleos&#8221;. \u00c9l no fue el \u00fanico que prometi\u00f3 cosas a los pobladores, tambi\u00e9n la empresa Drag\u00f3n en sus primeros acercamientos con la gente asegur\u00f3 empleos y &#8220;energ\u00eda el\u00e9ctrica gratis en el pueblo&#8221;, aunque ellos no tienen la facultad de dar ese servicio a la comunidad.<\/p>\n<p>Por sus conocimientos en etnobot\u00e1nica, G\u00f3mez Tinajero trabaja en la creaci\u00f3n de un herbario en su comunidad. Durante los dos kil\u00f3metros de recorrido por su parcela puede dar el nombre y uso de las plantas que a su paso va encontrando. Bajo un \u00e1rbol repleto de orqu\u00eddeas se detiene, &#8220;aqu\u00ed tenemos todo y esa planta vino a destruirlo. Un campesino aqu\u00ed trabaja siete horas en el campo y gana 200 pesos al d\u00eda. En la planta me parece les pagan 200 pesos por 12 horas de trabajo&#8221;. <\/p>\n<p>Con m\u00e1s de 60 a\u00f1os viviendo en el pueblo, Gustavo Reyes Mungu\u00eda, actual integrante del comisariado ejidal, dice: &#8220;Exijo a las autoridades vengan y nos expliquen ese proyecto. La empresa dijo que era la energ\u00eda m\u00e1s sana, pero yo no veo ning\u00fan beneficio. Al contrario, nos est\u00e1 perjudicando. Dijeron que dar\u00edan empleos a la gente, pero de qu\u00e9 nos pueden dar trabajo si para los puestos grandes se requiere preparaci\u00f3n&#8221;. Actualmente, alrededor de diez habitantes de San Pedro trabajan en la planta; tres de ellos son veladores (al buscar una entrevista con ellos, se negaron). &#8220;Ninguno de los que trabajan en la planta dice algo. Ellos son mudos, ciegos y sordos. No s\u00e9 si tengan miedo de hablar o est\u00e9n amenazados&#8221;. <\/p>\n<p>Da\u00f1os al ecosistema<\/p>\n<p>A tan solo cuatro kil\u00f3metros del pueblo de San Pedro Lagunillas, dentro de los m\u00e1s de 30 mil metros cuadrados que abarca el proyecto geot\u00e9rmico se encuentra la laguna de oxidaci\u00f3n, una laguna artificial donde se concentra el agua residual mezclada con sustancias t\u00f3xicas, que por medio de filtros se &#8220;limpia&#8221; para dejar libre de qu\u00edmicos el 70 por ciento de esa agua contaminada y regresarla al medio ambiente. Debido a que se encuentra al aire libre, \u00e9sta pone en riesgo la salud y ecosistema de la regi\u00f3n. &#8220;Los metales pesados son arrastrados por los vientos; las sales quedan atrapadas en tierras agr\u00edcolas produciendo variaci\u00f3n en el PH de los suelos; hay alteraci\u00f3n en la calidad del aire que provoca incomodidad para realizar actividades cotidianas; perjudican el sistema nervioso. Inhalar constantemente \u00e1cido sulfh\u00eddrico genera toxicidad y consumir agua o alimentos que contengan metales pesados provoca c\u00e1ncer&#8221;, apunta una investigaci\u00f3n de especialistas en geof\u00edsica y geoqu\u00edmica de la Universidad Nacional Aut\u00f3noma de M\u00e9xico, Universidad Aut\u00f3noma de Nuevo Le\u00f3n y la Universidad Aut\u00f3noma de San Luis, quienes apoyan a campesinos del sur de Nayarit contra las plantas geot\u00e9rmicas y por cuestiones de seguridad prefieren permanecer en el anonimato.<\/p>\n<p>Durante un recorrido por la Plaza de Los M\u00e1rtires en el centro de San Pedro Lagunillas, aunque pocos se atreven a hablar, los pobladores mostraron preocupaci\u00f3n por los da\u00f1os que pueda causar la planta a los r\u00edos, lagos, mantos fre\u00e1ticos e incluso la playa de Bah\u00eda de Banderas, ubicada en el oc\u00e9ano Pac\u00edfico, en los l\u00edmites de Nayarit y Jalisco. De acuerdo con los habitantes, las aguas residuales que produce la empresa Drag\u00f3n son arrojadas al arroyo El Muerto, que conecta con el R\u00edo Tititeco para despu\u00e9s unirse al R\u00edo Ameca y por \u00faltimo desembocar en el Pac\u00edfico. <\/p>\n<p>A pesar de la alta toxicidad de los gases que emanan de los pozos en funcionamiento, el riesgo a la salud y ecosistema; la SEMARNAT publica &#8220;no se requiere una manifestaci\u00f3n de impacto ambiental&#8221; en su oficio S.G.P.A.\/D.G.I.R.A.\/D.G.\/6025. Mientras se escuchan los cantos de los p\u00e1jaros, un campesino inclina su sombrero hacia atr\u00e1s y cuenta &#8220;Un vecino me habl\u00f3 de varios abortos que han tenido sus vacas en este a\u00f1o. Entre los animales hay abortos pero no es normal que de 20 vacas malparen tres en un a\u00f1o&#8221;. La situaci\u00f3n lo alarma porque es la primer vez que sabe de eso en m\u00e1s de 40 a\u00f1os que habita en el pueblo.<\/p>\n<p>De acuerdo con un estudio qu\u00edmico y geol\u00f3gico elaborado por la Universidad Aut\u00f3noma de Baja California, la contaminaci\u00f3n de una planta geot\u00e9rmica puede provocar en humanos: malformaciones, abortos, alergias, c\u00e1nceres, asma, adem\u00e1s de una alta contaminaci\u00f3n auditiva. Tambi\u00e9n causa efectos negativos en tierras agr\u00edcolas, crianza y nacimiento de ganado. &#8220;El problema se intensifica cuando las fuertes corrientes de aire esparcen metales pesados en los campos de cultivo. Una especie de brisa salitrosa cubre constantemente la tierra, lo que provoca abortos en el ganado e incluso la muerte&#8221;, se\u00f1ala. <\/p>\n<p>Seis municipios inconformes<\/p>\n<p>Eran los primeros d\u00edas de marzo pasado cuando a unos 20 kil\u00f3metros de San Pedro, en El Ocotillo, municipio de Santa Mar\u00eda del Oro, lleg\u00f3 maquinaria de la empresa Mexxus Drilling International S. de R.L de C.V., justo frente a la escuela del pueblo y sin avisar a la comunidad comenzaron a trabajar. Fue cuando los lugare\u00f1os, despu\u00e9s de no encontrar respuesta con los &#8220;representantes de la empresa&#8221;, buscaron una explicaci\u00f3n de las autoridades municipales acerca del nuevo proyecto geot\u00e9rmico ubicado frente a la escuela del pueblo. La informaci\u00f3n a\u00fan no llega. <\/p>\n<p>Con los antecedentes de las geot\u00e9rmicas en San Pedro Lagunillas y Cerro Prieto en Baja California de las consecuencias a la salud y al medio ambiente, pobladores de los municipios de Jala, Santa Mar\u00eda del Oro, Ahuacatl\u00e1n, Ixtl\u00e1n del R\u00edo, Amatl\u00e1n de Ca\u00f1as y San Pedro Lagunillas, realizaron el pasado 14 de abril una protesta en Tepic, capital del Nayarit, frente al Congreso del Estado oponi\u00e9ndose a lo que ellos denominaron &#8220;Proyecto de Muerte&#8221;, que consiste en perforar pozos para explotaci\u00f3n de energ\u00eda geot\u00e9rmica en estos seis municipios del sur de Nayarit.<\/p>\n<p>Ante la falta de informaci\u00f3n de las autoridades que explique cuales son las afectaciones a la salud y al medio ambiente que produce este proyecto geot\u00e9rmico, un grupo de inconformes de los distintos municipios afectados se reuni\u00f3 con legisladores quienes dijeron &#8220;desconocer y no tener informaci\u00f3n del proyecto&#8221;, aunque desde 2011 existen documentos en el Estado de Nayarit donde se avala la exploraci\u00f3n de energ\u00eda geot\u00e9rmica en el sur del Estado y otros permisos otorgados apenas un mes antes de la reuni\u00f3n. <\/p>\n<p>Entre los diputados que estuvieron presentes en la reuni\u00f3n con los campesinos se encontraba Jos\u00e9 Ram\u00f3n Cambero P\u00e9rez del Partido Acci\u00f3n Nacional, que preside la Comisi\u00f3n de Ecolog\u00eda y Protecci\u00f3n al Medio Ambiente. Con referencia a los proyectos geot\u00e9rmicos en el sur de Nayarit, en entrevista exclusiva para VICE, coment\u00f3 que &#8220;hay antecedentes de algunas enfermedades respiratorias a causa de los olores que se producen&#8221;, y que pretenden iniciar una investigaci\u00f3n de los riesgos, da\u00f1os a la salud y el ambiente. A pesar que desde 2011 hay reclamos de campesinos contra los proyectos geot\u00e9rmicos, Cambero P\u00e9rez pareciera ignorar donde se instalar\u00e1n los proyectos geot\u00e9rmicos de su estado al afirmar que &#8220;algunos comentan en las faldas del volc\u00e1n Ceboruco, en el Ocotillo creo la intenci\u00f3n de instalarse ah\u00ed es muy cerca de un centro escolar; esos son los lugares que yo he escuchado&#8221;. <\/p>\n<p>Los campesinos del sur de Nayarit temen por su salud, tienen el cielo azul como \u00fanico testigo de &#8220;la muerte silenciosa&#8221;. La alteraci\u00f3n que tuvieron sus vidas a partir de la llegada del proyecto geot\u00e9rmico del Grupo Drag\u00f3n es permanente; la fortuna de habitar una tierra f\u00e9rtil puede ser su desdicha. El aire que transporta gases t\u00f3xicos, los metales pesados que son arrastrados por el viento hasta tierras de cultivo, el riesgo de contaminaci\u00f3n a los mantos acu\u00edferos y el exceso de ruido que provocan las turbinas de la planta d\u00eda y noche dibuja un futuro gris entre habitantes de San Pedro Lagunillas. Las consecuencias de convivir con una planta geot\u00e9rmica son altamente riesgosas ya que pueden provocar distintos tipos de c\u00e1ncer, enfermedades renales, asma, sordera, baja producci\u00f3n agr\u00edcola y deterioro ambiental. Marcela Romero, madre de familia, expresa &#8220;sabemos que en Mexicali la geot\u00e9rmica ha da\u00f1ado la tierra, la salud de las personas y la crianza de animales&#8221;. <\/p>\n<p><img loading=\"lazy\" decoding=\"async\" data-attachment-id=\"13009\" data-permalink=\"https:\/\/www.grieta.org.mx\/index.php\/2016\/05\/22\/campesinos-de-nayarit-amenazados-por-el-fracking\/destruccion-del-ecosistema-gas-toxico-aire-apestoso-y-el-riesgo-de-vivir-junto-a-planta-geotrmica-en-nayarit-body-image-1463941269-size_1000\/\" data-orig-file=\"https:\/\/www.grieta.org.mx\/wp-content\/uploads\/2016\/05\/destruccion-del-ecosistema-gas-toxico-aire-apestoso-y-el-riesgo-de-vivir-junto-a-planta-geotrmica-en-nayarit-body-image-1463941269-size_1000.jpg\" data-orig-size=\"1000,667\" data-comments-opened=\"0\" data-image-meta=\"{&quot;aperture&quot;:&quot;0&quot;,&quot;credit&quot;:&quot;&quot;,&quot;camera&quot;:&quot;&quot;,&quot;caption&quot;:&quot;&quot;,&quot;created_timestamp&quot;:&quot;0&quot;,&quot;copyright&quot;:&quot;&quot;,&quot;focal_length&quot;:&quot;0&quot;,&quot;iso&quot;:&quot;0&quot;,&quot;shutter_speed&quot;:&quot;0&quot;,&quot;title&quot;:&quot;&quot;,&quot;orientation&quot;:&quot;0&quot;}\" data-image-title=\"destruccion-del-ecosistema-gas-toxico-aire-apestoso-y-el-riesgo-de-vivir-junto-a-planta-geotrmica-en-nayarit-body-image-1463941269-size_1000\" data-image-description=\"\" data-image-caption=\"\" data-medium-file=\"https:\/\/www.grieta.org.mx\/wp-content\/uploads\/2016\/05\/destruccion-del-ecosistema-gas-toxico-aire-apestoso-y-el-riesgo-de-vivir-junto-a-planta-geotrmica-en-nayarit-body-image-1463941269-size_1000-300x200.jpg\" data-large-file=\"https:\/\/www.grieta.org.mx\/wp-content\/uploads\/2016\/05\/destruccion-del-ecosistema-gas-toxico-aire-apestoso-y-el-riesgo-de-vivir-junto-a-planta-geotrmica-en-nayarit-body-image-1463941269-size_1000.jpg\" src=\"http:\/\/www.grieta.org.mx\/wp-content\/uploads\/2016\/05\/destruccion-del-ecosistema-gas-toxico-aire-apestoso-y-el-riesgo-de-vivir-junto-a-planta-geotrmica-en-nayarit-body-image-1463941269-size_1000.jpg\" alt=\"destruccion-del-ecosistema-gas-toxico-aire-apestoso-y-el-riesgo-de-vivir-junto-a-planta-geotrmica-en-nayarit-body-image-1463941269-size_1000\" width=\"1000\" height=\"667\" class=\"aligncenter size-full wp-image-13009\" srcset=\"https:\/\/www.grieta.org.mx\/wp-content\/uploads\/2016\/05\/destruccion-del-ecosistema-gas-toxico-aire-apestoso-y-el-riesgo-de-vivir-junto-a-planta-geotrmica-en-nayarit-body-image-1463941269-size_1000.jpg 1000w, https:\/\/www.grieta.org.mx\/wp-content\/uploads\/2016\/05\/destruccion-del-ecosistema-gas-toxico-aire-apestoso-y-el-riesgo-de-vivir-junto-a-planta-geotrmica-en-nayarit-body-image-1463941269-size_1000-300x200.jpg 300w, https:\/\/www.grieta.org.mx\/wp-content\/uploads\/2016\/05\/destruccion-del-ecosistema-gas-toxico-aire-apestoso-y-el-riesgo-de-vivir-junto-a-planta-geotrmica-en-nayarit-body-image-1463941269-size_1000-768x512.jpg 768w\" sizes=\"auto, (max-width: 1000px) 100vw, 1000px\" \/><br \/>\n<a href=\"http:\/\/www.vice.com\/es_mx\/read\/destruccion-del-ecosistema-gas-toxico-aire-apestoso-y-el-riesgo-de-vivir-junto-a-planta-geotrmica-en-nayarit\" target=\"_blank\">http:\/\/www.vice.com\/es_mx\/read\/destruccion-del-ecosistema-gas-toxico-aire-apestoso-y-el-riesgo-de-vivir-junto-a-planta-geotrmica-en-nayarit<\/a><\/p>\n","protected":false},"excerpt":{"rendered":"<p>Ameyalli D\u00edaz Castro e Irving Cabrera Torres\/Vice El aroma a huevo podrido que se respira todas las ma\u00f1anas en San Pedro Lagunillas contrasta con la paz de este silencioso pueblo &hellip; <a href=\"https:\/\/www.grieta.org.mx\/index.php\/2016\/05\/22\/campesinos-de-nayarit-amenazados-por-el-fracking\/\" class=\"more-link\">Leer m\u00e1s<\/a><\/p>\n","protected":false},"author":2,"featured_media":21928,"comment_status":"closed","ping_status":"closed","sticky":false,"template":"","format":"standard","meta":{"ngg_post_thumbnail":0,"_jetpack_newsletter_access":"","_jetpack_dont_email_post_to_subs":false,"_jetpack_newsletter_tier_id":0,"_jetpack_memberships_contains_paywalled_content":false,"_jetpack_memberships_contains_paid_content":false,"footnotes":""},"categories":[80,145],"tags":[273,681,680],"class_list":["post-13006","post","type-post","status-publish","format-standard","has-post-thumbnail","hentry","category-cintillo","category-nayarit","tag-fracking","tag-geotermia","tag-grupo-dragon","entry"],"jetpack_featured_media_url":"https:\/\/www.grieta.org.mx\/wp-content\/uploads\/2018\/03\/14524434_1106112876131411_958039263622046936_o.jpg","jetpack_sharing_enabled":true,"jetpack_shortlink":"https:\/\/wp.me\/p7ZJR4-3nM","jetpack_likes_enabled":false,"jetpack-related-posts":[{"id":16374,"url":"https:\/\/www.grieta.org.mx\/index.php\/2015\/11\/03\/otorgan-a-grupo-salinas-la-primera-concesion-para-una-planta-geotermica-en-mexico\/","url_meta":{"origin":13006,"position":0},"title":"Otorgan a Grupo Salinas la primera concesi\u00f3n para una planta geot\u00e9rmica en M\u00e9xico","author":"grieta","date":"3 noviembre, 2015","format":false,"excerpt":"Redacci\u00f3n\/Emeequis M\u00e9xico, DF, 3 de noviembre.- En un hecho hist\u00f3rico para el pa\u00eds, la Secretar\u00eda de Energ\u00eda (Sener) otorg\u00f3 la primera concesi\u00f3n a una empresa privada, para instalar una planta geot\u00e9rmica en el municipio de San Pedro Lagunillas, Nayarit. La empresa mexicana Geot\u00e9rmica para el Desarrollo, que pertenece a Grupo\u2026","rel":"","context":"En &quot;CINTILLO&quot;","block_context":{"text":"CINTILLO","link":"https:\/\/www.grieta.org.mx\/index.php\/category\/cintillo\/"},"img":{"alt_text":"","src":"https:\/\/i0.wp.com\/www.grieta.org.mx\/wp-content\/uploads\/2018\/03\/14524434_1106112876131411_958039263622046936_o.jpg?resize=350%2C200&ssl=1","width":350,"height":200,"srcset":"https:\/\/i0.wp.com\/www.grieta.org.mx\/wp-content\/uploads\/2018\/03\/14524434_1106112876131411_958039263622046936_o.jpg?resize=350%2C200&ssl=1 1x, https:\/\/i0.wp.com\/www.grieta.org.mx\/wp-content\/uploads\/2018\/03\/14524434_1106112876131411_958039263622046936_o.jpg?resize=525%2C300&ssl=1 1.5x, https:\/\/i0.wp.com\/www.grieta.org.mx\/wp-content\/uploads\/2018\/03\/14524434_1106112876131411_958039263622046936_o.jpg?resize=700%2C400&ssl=1 2x"},"classes":[]},{"id":50753,"url":"https:\/\/www.grieta.org.mx\/index.php\/2020\/06\/10\/la-cddh-investiga-brutalidad-policiaca-en-san-pedro-lagunillas-nayarit\/","url_meta":{"origin":13006,"position":1},"title":"La CDDH investiga brutalidad policiaca en San Pedro Lagunillas (Nayarit)","author":"grieta","date":"10 junio, 2020","format":false,"excerpt":"Foto: Realidades de Nayarit Video revel\u00f3 c\u00f3mo pr\u00e1cticamente ahorcaron a un ciudadano Ver\u00f3nica Ram\u00edrez \/ Realidades de Nayarit Tepic, Nayarit.- Mi\u00e9rcoles 10 de junio del 2020.- Investigan por brutalidad y agresi\u00f3n policiaca a elementos de Seguridad P\u00fablica Estatal, tras golpiza a un joven en la comunidad de Cerro Pel\u00f3n, municipio\u2026","rel":"","context":"En &quot;CINTILLO&quot;","block_context":{"text":"CINTILLO","link":"https:\/\/www.grieta.org.mx\/index.php\/category\/cintillo\/"},"img":{"alt_text":"","src":"https:\/\/i0.wp.com\/www.grieta.org.mx\/wp-content\/uploads\/2020\/06\/brutal.jpg?resize=350%2C200&ssl=1","width":350,"height":200,"srcset":"https:\/\/i0.wp.com\/www.grieta.org.mx\/wp-content\/uploads\/2020\/06\/brutal.jpg?resize=350%2C200&ssl=1 1x, https:\/\/i0.wp.com\/www.grieta.org.mx\/wp-content\/uploads\/2020\/06\/brutal.jpg?resize=525%2C300&ssl=1 1.5x, https:\/\/i0.wp.com\/www.grieta.org.mx\/wp-content\/uploads\/2020\/06\/brutal.jpg?resize=700%2C400&ssl=1 2x"},"classes":[]},{"id":13005,"url":"https:\/\/www.grieta.org.mx\/index.php\/2016\/05\/22\/conflictos-en-nayarit-por-fracking\/","url_meta":{"origin":13006,"position":2},"title":"Conflictos en Nayarit por fracking","author":"grieta","date":"22 mayo, 2016","format":false,"excerpt":"22\/05\/16. Campesinos de Nayarit amenazados por el 'fracking' Vice 03\/11\/15. Otorgan a Grupo Salinas la primera concesi\u00f3n para una planta geot\u00e9rmica en M\u00e9xico Emeequis","rel":"","context":"En &quot;Fracking&quot;","block_context":{"text":"Fracking","link":"https:\/\/www.grieta.org.mx\/index.php\/category\/megaproyectos\/fracking\/"},"img":{"alt_text":"","src":"https:\/\/i0.wp.com\/www.grieta.org.mx\/wp-content\/uploads\/2018\/03\/14524434_1106112876131411_958039263622046936_o.jpg?resize=350%2C200&ssl=1","width":350,"height":200,"srcset":"https:\/\/i0.wp.com\/www.grieta.org.mx\/wp-content\/uploads\/2018\/03\/14524434_1106112876131411_958039263622046936_o.jpg?resize=350%2C200&ssl=1 1x, https:\/\/i0.wp.com\/www.grieta.org.mx\/wp-content\/uploads\/2018\/03\/14524434_1106112876131411_958039263622046936_o.jpg?resize=525%2C300&ssl=1 1.5x, https:\/\/i0.wp.com\/www.grieta.org.mx\/wp-content\/uploads\/2018\/03\/14524434_1106112876131411_958039263622046936_o.jpg?resize=700%2C400&ssl=1 2x"},"classes":[]},{"id":852,"url":"https:\/\/www.grieta.org.mx\/index.php\/2016\/02\/29\/oposicion-a-la-presa-las-cruces-en-nayarit\/","url_meta":{"origin":13006,"position":3},"title":"Oposici\u00f3n a la presa Las Cruces en Nayarit","author":"grieta","date":"29 febrero, 2016","format":false,"excerpt":"29\/02\/16. Se frena construcci\u00f3n de Presa \"Las Cruces\" 02\/02\/16. Proyecto hidroel\u00e9ctrico Las Cruces amenaza al humedal m\u00e1s importante del Pac\u00edfico mexicano AIDA 01\/12\/15. Comunidades de Acaponeta se resisten a la expropiaci\u00f3n de sus tierras Nayarit en l\u00ednea 20\/11\/15. Sedatu expropiar\u00e1 tierras para construir presa en Nayarit Sin Embargo 26\/10\/15. \u201cNos\u2026","rel":"","context":"En &quot;22. N\u00e1yeris&quot;","block_context":{"text":"22. N\u00e1yeris","link":"https:\/\/www.grieta.org.mx\/index.php\/category\/espejos-de-la-resistencia\/22-nayeris\/"},"img":{"alt_text":"","src":"https:\/\/i0.wp.com\/www.grieta.org.mx\/wp-content\/uploads\/2018\/03\/14524434_1106112876131411_958039263622046936_o.jpg?resize=350%2C200&ssl=1","width":350,"height":200,"srcset":"https:\/\/i0.wp.com\/www.grieta.org.mx\/wp-content\/uploads\/2018\/03\/14524434_1106112876131411_958039263622046936_o.jpg?resize=350%2C200&ssl=1 1x, https:\/\/i0.wp.com\/www.grieta.org.mx\/wp-content\/uploads\/2018\/03\/14524434_1106112876131411_958039263622046936_o.jpg?resize=525%2C300&ssl=1 1.5x, https:\/\/i0.wp.com\/www.grieta.org.mx\/wp-content\/uploads\/2018\/03\/14524434_1106112876131411_958039263622046936_o.jpg?resize=700%2C400&ssl=1 2x"},"classes":[]},{"id":1576,"url":"https:\/\/www.grieta.org.mx\/index.php\/2015\/11\/20\/sedatu-expropiara-tierras-para-construir-presa-en-nayarit\/","url_meta":{"origin":13006,"position":4},"title":"Sedatu expropiar\u00e1 tierras para construir presa en Nayarit","author":"grieta","date":"20 noviembre, 2015","format":false,"excerpt":"Redacci\u00f3n\/Sin Embargo Tepic, 20 Nov (Notimex.- El delegado de la Secretar\u00eda de Desarrollo Agrario, Territorial y Urbano (Sedatu) en Nayarit, Gerardo Aguirre Barr\u00f3n, inform\u00f3 que iniciar\u00e1n procesos de expropiaci\u00f3n de tierras, para realizar las obras de la presa hidroel\u00e9ctrica Las Cruces. El funcionario dio a conocer a Notimex que ser\u00e1n\u2026","rel":"","context":"En &quot;CINTILLO&quot;","block_context":{"text":"CINTILLO","link":"https:\/\/www.grieta.org.mx\/index.php\/category\/cintillo\/"},"img":{"alt_text":"","src":"https:\/\/i0.wp.com\/www.grieta.org.mx\/wp-content\/uploads\/2018\/03\/14524434_1106112876131411_958039263622046936_o.jpg?resize=350%2C200&ssl=1","width":350,"height":200,"srcset":"https:\/\/i0.wp.com\/www.grieta.org.mx\/wp-content\/uploads\/2018\/03\/14524434_1106112876131411_958039263622046936_o.jpg?resize=350%2C200&ssl=1 1x, https:\/\/i0.wp.com\/www.grieta.org.mx\/wp-content\/uploads\/2018\/03\/14524434_1106112876131411_958039263622046936_o.jpg?resize=525%2C300&ssl=1 1.5x, https:\/\/i0.wp.com\/www.grieta.org.mx\/wp-content\/uploads\/2018\/03\/14524434_1106112876131411_958039263622046936_o.jpg?resize=700%2C400&ssl=1 2x"},"classes":[]},{"id":4211,"url":"https:\/\/www.grieta.org.mx\/index.php\/2015\/05\/13\/caravana-yaqui-llega-a-nayarit-cronica\/","url_meta":{"origin":13006,"position":5},"title":"Caravana Yaqui llega a Nayarit (Cr\u00f3nica)","author":"grieta","date":"13 mayo, 2015","format":false,"excerpt":"Radio Zapote Ruiz, Nayarit a 13 de Mayo de 2015. En el marco de la convocatoria que hizo la tribu Yaqui al pueblo de M\u00e9xico para participar en La Caravana Nacional por el Agua, el Territorio, el Trabajo y la Vida. Hoy en el municipio de Ruiz en el estado\u2026","rel":"","context":"En &quot;CINTILLO&quot;","block_context":{"text":"CINTILLO","link":"https:\/\/www.grieta.org.mx\/index.php\/category\/cintillo\/"},"img":{"alt_text":"","src":"https:\/\/i0.wp.com\/www.grieta.org.mx\/wp-content\/uploads\/2018\/03\/14524434_1106112876131411_958039263622046936_o.jpg?resize=350%2C200&ssl=1","width":350,"height":200,"srcset":"https:\/\/i0.wp.com\/www.grieta.org.mx\/wp-content\/uploads\/2018\/03\/14524434_1106112876131411_958039263622046936_o.jpg?resize=350%2C200&ssl=1 1x, https:\/\/i0.wp.com\/www.grieta.org.mx\/wp-content\/uploads\/2018\/03\/14524434_1106112876131411_958039263622046936_o.jpg?resize=525%2C300&ssl=1 1.5x, https:\/\/i0.wp.com\/www.grieta.org.mx\/wp-content\/uploads\/2018\/03\/14524434_1106112876131411_958039263622046936_o.jpg?resize=700%2C400&ssl=1 2x"},"classes":[]}],"_links":{"self":[{"href":"https:\/\/www.grieta.org.mx\/index.php\/wp-json\/wp\/v2\/posts\/13006","targetHints":{"allow":["GET"]}}],"collection":[{"href":"https:\/\/www.grieta.org.mx\/index.php\/wp-json\/wp\/v2\/posts"}],"about":[{"href":"https:\/\/www.grieta.org.mx\/index.php\/wp-json\/wp\/v2\/types\/post"}],"author":[{"embeddable":true,"href":"https:\/\/www.grieta.org.mx\/index.php\/wp-json\/wp\/v2\/users\/2"}],"replies":[{"embeddable":true,"href":"https:\/\/www.grieta.org.mx\/index.php\/wp-json\/wp\/v2\/comments?post=13006"}],"version-history":[{"count":1,"href":"https:\/\/www.grieta.org.mx\/index.php\/wp-json\/wp\/v2\/posts\/13006\/revisions"}],"predecessor-version":[{"id":13010,"href":"https:\/\/www.grieta.org.mx\/index.php\/wp-json\/wp\/v2\/posts\/13006\/revisions\/13010"}],"wp:featuredmedia":[{"embeddable":true,"href":"https:\/\/www.grieta.org.mx\/index.php\/wp-json\/wp\/v2\/media\/21928"}],"wp:attachment":[{"href":"https:\/\/www.grieta.org.mx\/index.php\/wp-json\/wp\/v2\/media?parent=13006"}],"wp:term":[{"taxonomy":"category","embeddable":true,"href":"https:\/\/www.grieta.org.mx\/index.php\/wp-json\/wp\/v2\/categories?post=13006"},{"taxonomy":"post_tag","embeddable":true,"href":"https:\/\/www.grieta.org.mx\/index.php\/wp-json\/wp\/v2\/tags?post=13006"}],"curies":[{"name":"wp","href":"https:\/\/api.w.org\/{rel}","templated":true}]}}