{"id":13005,"date":"2016-05-22T12:58:08","date_gmt":"2016-05-22T12:58:08","guid":{"rendered":"http:\/\/www.grieta.org.mx\/?p=13005"},"modified":"2016-07-10T01:23:35","modified_gmt":"2016-07-10T06:23:35","slug":"conflictos-en-nayarit-por-fracking","status":"publish","type":"post","link":"https:\/\/www.grieta.org.mx\/index.php\/2016\/05\/22\/conflictos-en-nayarit-por-fracking\/","title":{"rendered":"Conflictos en Nayarit por fracking"},"content":{"rendered":"<p><strong>22\/05\/16. <\/strong><a href=\"http:\/\/www.grieta.org.mx\/index.php\/2016\/05\/22\/campesinos-de-nayarit-amenazados-por-el-fracking\/\">Campesinos de Nayarit amenazados por el &#8216;fracking&#8217;<\/a><br \/>\n<em>Vice<\/em><\/p>\n<p><strong>03\/11\/15. <\/strong><a href=\"http:\/\/www.grieta.org.mx\/index.php\/2015\/11\/03\/otorgan-a-grupo-salinas-la-primera-concesion-para-una-planta-geotermica-en-mexico\/\">Otorgan a Grupo Salinas la primera concesi\u00f3n para una planta geot\u00e9rmica en M\u00e9xico<\/a><br \/>\n<em>Emeequis<\/em><\/p>\n","protected":false},"excerpt":{"rendered":"<p>22\/05\/16. Campesinos de Nayarit amenazados por el &#8216;fracking&#8217; Vice 03\/11\/15. Otorgan a Grupo Salinas la primera concesi\u00f3n para una planta geot\u00e9rmica en M\u00e9xico Emeequis<\/p>\n","protected":false},"author":2,"featured_media":21928,"comment_status":"closed","ping_status":"closed","sticky":false,"template":"","format":"standard","meta":{"ngg_post_thumbnail":0,"_jetpack_newsletter_access":"","_jetpack_dont_email_post_to_subs":false,"_jetpack_newsletter_tier_id":0,"_jetpack_memberships_contains_paywalled_content":false,"_jetpack_memberships_contains_paid_content":false,"footnotes":""},"categories":[396,23],"tags":[],"class_list":["post-13005","post","type-post","status-publish","format-standard","has-post-thumbnail","hentry","category-fracking","category-nayarit","entry"],"jetpack_featured_media_url":"https:\/\/www.grieta.org.mx\/wp-content\/uploads\/2018\/03\/14524434_1106112876131411_958039263622046936_o.jpg","jetpack_sharing_enabled":true,"jetpack_shortlink":"https:\/\/wp.me\/p7ZJR4-3nL","jetpack_likes_enabled":false,"jetpack-related-posts":[{"id":6665,"url":"https:\/\/www.grieta.org.mx\/index.php\/2015\/08\/11\/fracking-en-coahuila\/","url_meta":{"origin":13005,"position":0},"title":"Fracking en Coahuila","author":"grieta","date":"11 agosto, 2015","format":false,"excerpt":"11\/08\/15. Advierten ambientalistas contra el fracking en Coahuila Vanguardia 16\/06\/15. \u00bfHay fracking en Coahuila? CartoCr\u00edtica 05\/06\/15. Coahuila, con el fracking, va contra la especie humana Vanguardia 03\/06\/15. Denuncian que empresas usan el fracking sin trabas en Coahuila Vanguardia 02\/06\/15. Fracking podr\u00eda inducir sismos en Coahuila El Siglo de Coahuila 26\/03\/14.\u2026","rel":"","context":"En &quot;Fracking&quot;","block_context":{"text":"Fracking","link":"https:\/\/www.grieta.org.mx\/index.php\/category\/megaproyectos\/fracking\/"},"img":{"alt_text":"","src":"https:\/\/i0.wp.com\/www.grieta.org.mx\/wp-content\/uploads\/2018\/03\/14524434_1106112876131411_958039263622046936_o.jpg?resize=350%2C200&ssl=1","width":350,"height":200,"srcset":"https:\/\/i0.wp.com\/www.grieta.org.mx\/wp-content\/uploads\/2018\/03\/14524434_1106112876131411_958039263622046936_o.jpg?resize=350%2C200&ssl=1 1x, https:\/\/i0.wp.com\/www.grieta.org.mx\/wp-content\/uploads\/2018\/03\/14524434_1106112876131411_958039263622046936_o.jpg?resize=525%2C300&ssl=1 1.5x, https:\/\/i0.wp.com\/www.grieta.org.mx\/wp-content\/uploads\/2018\/03\/14524434_1106112876131411_958039263622046936_o.jpg?resize=700%2C400&ssl=1 2x"},"classes":[]},{"id":8213,"url":"https:\/\/www.grieta.org.mx\/index.php\/2016\/03\/10\/fracking-en-veracruz\/","url_meta":{"origin":13005,"position":1},"title":"Fracking en Veracruz","author":"Admin","date":"10 marzo, 2016","format":false,"excerpt":"Desaparece el R\u00edo Atoyac, ambientalistas culpan al fracking 03\/03\/16. #Veracruz: Enorme cr\u00e1ter se \u2018traga\u2019 al R\u00edo Atoyac; ambientalistas culpan al \u2018fracking\u2019 Anonymous Hispano Oposici\u00f3n al Fracking en Veracruz 10\/03\/16. Protestan contra el fracking durante marcha UV en Poza Rica E-consulta Veracruz 03\/03\/16. Miles en Puebla y Veracruz rechazan fracking para\u2026","rel":"","context":"En &quot;Fracking&quot;","block_context":{"text":"Fracking","link":"https:\/\/www.grieta.org.mx\/index.php\/category\/megaproyectos\/fracking\/"},"img":{"alt_text":"","src":"https:\/\/i0.wp.com\/www.grieta.org.mx\/wp-content\/uploads\/2018\/03\/14524434_1106112876131411_958039263622046936_o.jpg?resize=350%2C200&ssl=1","width":350,"height":200,"srcset":"https:\/\/i0.wp.com\/www.grieta.org.mx\/wp-content\/uploads\/2018\/03\/14524434_1106112876131411_958039263622046936_o.jpg?resize=350%2C200&ssl=1 1x, https:\/\/i0.wp.com\/www.grieta.org.mx\/wp-content\/uploads\/2018\/03\/14524434_1106112876131411_958039263622046936_o.jpg?resize=525%2C300&ssl=1 1.5x, https:\/\/i0.wp.com\/www.grieta.org.mx\/wp-content\/uploads\/2018\/03\/14524434_1106112876131411_958039263622046936_o.jpg?resize=700%2C400&ssl=1 2x"},"classes":[]},{"id":8732,"url":"https:\/\/www.grieta.org.mx\/index.php\/2016\/09\/10\/rechazo-al-fracking-en-san-luis-potosi\/","url_meta":{"origin":13005,"position":2},"title":"Rechazo al fracking en San Luis Potos\u00ed","author":"grieta","date":"10 septiembre, 2016","format":false,"excerpt":"05\/09\/16. Oposici\u00f3n huasteca a fracking por PemexEl Mexicano 06\/08\/16. Ind\u00edgenas en la Huasteca est\u00e1n alertas: el fracking no tarda en tomar sus patios, tambi\u00e9n su aguaSin Embargo 24\/07\/16. Encuentro contra el fracking en SLPEl Sol de San Luis 15\/07\/16. Definir\u00e1n acciones a emprender contra el fracking en la Huasteca, SLPEl\u2026","rel":"","context":"En &quot;Fracking&quot;","block_context":{"text":"Fracking","link":"https:\/\/www.grieta.org.mx\/index.php\/category\/megaproyectos\/fracking\/"},"img":{"alt_text":"","src":"https:\/\/i0.wp.com\/www.grieta.org.mx\/wp-content\/uploads\/2018\/03\/14524434_1106112876131411_958039263622046936_o.jpg?resize=350%2C200&ssl=1","width":350,"height":200,"srcset":"https:\/\/i0.wp.com\/www.grieta.org.mx\/wp-content\/uploads\/2018\/03\/14524434_1106112876131411_958039263622046936_o.jpg?resize=350%2C200&ssl=1 1x, https:\/\/i0.wp.com\/www.grieta.org.mx\/wp-content\/uploads\/2018\/03\/14524434_1106112876131411_958039263622046936_o.jpg?resize=525%2C300&ssl=1 1.5x, https:\/\/i0.wp.com\/www.grieta.org.mx\/wp-content\/uploads\/2018\/03\/14524434_1106112876131411_958039263622046936_o.jpg?resize=700%2C400&ssl=1 2x"},"classes":[]},{"id":3876,"url":"https:\/\/www.grieta.org.mx\/index.php\/2016\/08\/05\/comunidades-de-la-sierra-norte-de-puebla-rechazan-fracking\/","url_meta":{"origin":13005,"position":3},"title":"Rechazo al fracking en comunidades de la Sierra Norte de Puebla","author":"grieta","date":"5 agosto, 2016","format":false,"excerpt":"05\/08\/16. Fracking podr\u00eda desaparecer a 140 tepehuas que sobreviven en Puebla La Jornada de Oriente 20\/07\/16. Inician habitantes de Cuetzalan, Puebla, resistencia contra entrada de fracking Plumas Libres 04\/07\/16. Pozos petroleros que usan fracking agotan mantos de agua en Puebla Regeneraci\u00f3n 02\/05\/16. El fracking o fractura hidr\u00e1ulica amenaza la Sierra\u2026","rel":"","context":"En &quot;26. Sierra Puebla&quot;","block_context":{"text":"26. Sierra Puebla","link":"https:\/\/www.grieta.org.mx\/index.php\/category\/espejos-de-la-resistencia\/26-sierra-puebla\/"},"img":{"alt_text":"","src":"https:\/\/i0.wp.com\/www.grieta.org.mx\/wp-content\/uploads\/2018\/03\/14524434_1106112876131411_958039263622046936_o.jpg?resize=350%2C200&ssl=1","width":350,"height":200,"srcset":"https:\/\/i0.wp.com\/www.grieta.org.mx\/wp-content\/uploads\/2018\/03\/14524434_1106112876131411_958039263622046936_o.jpg?resize=350%2C200&ssl=1 1x, https:\/\/i0.wp.com\/www.grieta.org.mx\/wp-content\/uploads\/2018\/03\/14524434_1106112876131411_958039263622046936_o.jpg?resize=525%2C300&ssl=1 1.5x, https:\/\/i0.wp.com\/www.grieta.org.mx\/wp-content\/uploads\/2018\/03\/14524434_1106112876131411_958039263622046936_o.jpg?resize=700%2C400&ssl=1 2x"},"classes":[]},{"id":4277,"url":"https:\/\/www.grieta.org.mx\/index.php\/2016\/02\/22\/fracking-en-tamaulipas\/","url_meta":{"origin":13005,"position":4},"title":"Fracking en Tamaulipas","author":"grieta","date":"22 febrero, 2016","format":false,"excerpt":"08\/02\/16. M\u00e9xico: Tamaulipas ante los impactos socioambientales del frackingKaos en la red 19\/07\/15. De Laredo a Reynosa, plagada para frackingEl Ma\u00f1ana 04\/08\/14. Pe\u00f1a y el \u201cFracking\u201d de la Reforma en TamaulipasHoy Tamaulipas","rel":"","context":"En &quot;Tamaulipas&quot;","block_context":{"text":"Tamaulipas","link":"https:\/\/www.grieta.org.mx\/index.php\/category\/noticias-nacionales\/tamaulipas\/"},"img":{"alt_text":"","src":"https:\/\/i0.wp.com\/www.grieta.org.mx\/wp-content\/uploads\/2018\/03\/14524434_1106112876131411_958039263622046936_o.jpg?resize=350%2C200&ssl=1","width":350,"height":200,"srcset":"https:\/\/i0.wp.com\/www.grieta.org.mx\/wp-content\/uploads\/2018\/03\/14524434_1106112876131411_958039263622046936_o.jpg?resize=350%2C200&ssl=1 1x, https:\/\/i0.wp.com\/www.grieta.org.mx\/wp-content\/uploads\/2018\/03\/14524434_1106112876131411_958039263622046936_o.jpg?resize=525%2C300&ssl=1 1.5x, https:\/\/i0.wp.com\/www.grieta.org.mx\/wp-content\/uploads\/2018\/03\/14524434_1106112876131411_958039263622046936_o.jpg?resize=700%2C400&ssl=1 2x"},"classes":[]},{"id":16374,"url":"https:\/\/www.grieta.org.mx\/index.php\/2015\/11\/03\/otorgan-a-grupo-salinas-la-primera-concesion-para-una-planta-geotermica-en-mexico\/","url_meta":{"origin":13005,"position":5},"title":"Otorgan a Grupo Salinas la primera concesi\u00f3n para una planta geot\u00e9rmica en M\u00e9xico","author":"grieta","date":"3 noviembre, 2015","format":false,"excerpt":"Redacci\u00f3n\/Emeequis M\u00e9xico, DF, 3 de noviembre.- En un hecho hist\u00f3rico para el pa\u00eds, la Secretar\u00eda de Energ\u00eda (Sener) otorg\u00f3 la primera concesi\u00f3n a una empresa privada, para instalar una planta geot\u00e9rmica en el municipio de San Pedro Lagunillas, Nayarit. La empresa mexicana Geot\u00e9rmica para el Desarrollo, que pertenece a Grupo\u2026","rel":"","context":"En &quot;CINTILLO&quot;","block_context":{"text":"CINTILLO","link":"https:\/\/www.grieta.org.mx\/index.php\/category\/cintillo\/"},"img":{"alt_text":"","src":"https:\/\/i0.wp.com\/www.grieta.org.mx\/wp-content\/uploads\/2018\/03\/14524434_1106112876131411_958039263622046936_o.jpg?resize=350%2C200&ssl=1","width":350,"height":200,"srcset":"https:\/\/i0.wp.com\/www.grieta.org.mx\/wp-content\/uploads\/2018\/03\/14524434_1106112876131411_958039263622046936_o.jpg?resize=350%2C200&ssl=1 1x, https:\/\/i0.wp.com\/www.grieta.org.mx\/wp-content\/uploads\/2018\/03\/14524434_1106112876131411_958039263622046936_o.jpg?resize=525%2C300&ssl=1 1.5x, https:\/\/i0.wp.com\/www.grieta.org.mx\/wp-content\/uploads\/2018\/03\/14524434_1106112876131411_958039263622046936_o.jpg?resize=700%2C400&ssl=1 2x"},"classes":[]}],"_links":{"self":[{"href":"https:\/\/www.grieta.org.mx\/index.php\/wp-json\/wp\/v2\/posts\/13005","targetHints":{"allow":["GET"]}}],"collection":[{"href":"https:\/\/www.grieta.org.mx\/index.php\/wp-json\/wp\/v2\/posts"}],"about":[{"href":"https:\/\/www.grieta.org.mx\/index.php\/wp-json\/wp\/v2\/types\/post"}],"author":[{"embeddable":true,"href":"https:\/\/www.grieta.org.mx\/index.php\/wp-json\/wp\/v2\/users\/2"}],"replies":[{"embeddable":true,"href":"https:\/\/www.grieta.org.mx\/index.php\/wp-json\/wp\/v2\/comments?post=13005"}],"version-history":[{"count":1,"href":"https:\/\/www.grieta.org.mx\/index.php\/wp-json\/wp\/v2\/posts\/13005\/revisions"}],"predecessor-version":[{"id":16377,"href":"https:\/\/www.grieta.org.mx\/index.php\/wp-json\/wp\/v2\/posts\/13005\/revisions\/16377"}],"wp:featuredmedia":[{"embeddable":true,"href":"https:\/\/www.grieta.org.mx\/index.php\/wp-json\/wp\/v2\/media\/21928"}],"wp:attachment":[{"href":"https:\/\/www.grieta.org.mx\/index.php\/wp-json\/wp\/v2\/media?parent=13005"}],"wp:term":[{"taxonomy":"category","embeddable":true,"href":"https:\/\/www.grieta.org.mx\/index.php\/wp-json\/wp\/v2\/categories?post=13005"},{"taxonomy":"post_tag","embeddable":true,"href":"https:\/\/www.grieta.org.mx\/index.php\/wp-json\/wp\/v2\/tags?post=13005"}],"curies":[{"name":"wp","href":"https:\/\/api.w.org\/{rel}","templated":true}]}}