{"id":12930,"date":"2016-05-20T21:03:18","date_gmt":"2016-05-20T21:03:18","guid":{"rendered":"http:\/\/www.grieta.org.mx\/?p=12930"},"modified":"2016-05-25T21:12:17","modified_gmt":"2016-05-25T21:12:17","slug":"explotacion-y-abuso-infantil-en-michoacan","status":"publish","type":"post","link":"https:\/\/www.grieta.org.mx\/index.php\/2016\/05\/20\/explotacion-y-abuso-infantil-en-michoacan\/","title":{"rendered":"Explotaci\u00f3n y abuso infantil en Michoac\u00e1n"},"content":{"rendered":"<p><strong>20\/05\/16. <\/strong><a href=\"http:\/\/www.grieta.org.mx\/index.php\/2016\/05\/20\/michoacan-entre-los-5-estados-con-mayores-indices-de-explotacion-infantil\/\">Michoac\u00e1n entre los 5 estados con mayores \u00edndices de explotaci\u00f3n infantil<\/a><br \/>\n<em>Provincia<\/em><\/p>\n<p><strong>02\/05\/16. <\/strong><a href=\"http:\/\/www.grieta.org.mx\/index.php\/2016\/05\/02\/predominan-feminicidios-pedofilia-y-pornografia-infantil-en-michoacan\/\">Predominan feminicidios, pedofilia y pornograf\u00eda infantil en Michoac\u00e1n<\/a><br \/>\n<em>Quadrat\u00edn<\/em><\/p>\n","protected":false},"excerpt":{"rendered":"<p>20\/05\/16. Michoac\u00e1n entre los 5 estados con mayores \u00edndices de explotaci\u00f3n infantil Provincia 02\/05\/16. Predominan feminicidios, pedofilia y pornograf\u00eda infantil en Michoac\u00e1n Quadrat\u00edn<\/p>\n","protected":false},"author":2,"featured_media":21928,"comment_status":"closed","ping_status":"closed","sticky":false,"template":"","format":"standard","meta":{"ngg_post_thumbnail":0,"_jetpack_newsletter_access":"","_jetpack_dont_email_post_to_subs":false,"_jetpack_newsletter_tier_id":0,"_jetpack_memberships_contains_paywalled_content":false,"_jetpack_memberships_contains_paid_content":false,"footnotes":""},"categories":[82,21,2],"tags":[678,254],"class_list":{"0":"post-12930","1":"post","2":"type-post","3":"status-publish","4":"format-standard","5":"has-post-thumbnail","6":"hentry","7":"category-michoacan","9":"category-noticias-nacionales","10":"tag-abuso-infantil","11":"tag-explotacion-de-menores","12":"entry"},"jetpack_featured_media_url":"https:\/\/www.grieta.org.mx\/wp-content\/uploads\/2018\/03\/14524434_1106112876131411_958039263622046936_o.jpg","jetpack_sharing_enabled":true,"jetpack_shortlink":"https:\/\/wp.me\/p7ZJR4-3my","jetpack_likes_enabled":false,"jetpack-related-posts":[{"id":12931,"url":"https:\/\/www.grieta.org.mx\/index.php\/2016\/05\/20\/michoacan-entre-los-5-estados-con-mayores-indices-de-explotacion-infantil\/","url_meta":{"origin":12930,"position":0},"title":"Michoac\u00e1n entre los 5 estados con mayores \u00edndices de explotaci\u00f3n infantil","author":"grieta","date":"20 mayo, 2016","format":false,"excerpt":"Ibeth Cruz Alonzo Michoac\u00e1n se encuentra entre los cinco estados con mayores \u00edndices de explotaci\u00f3n infantil, siendo Uruapan, Zamora y la capital del estado los que registran un mayor n\u00famero de casos de esta \u00edndole. Lo anterior fue expuesto por los integrantes de la Comisi\u00f3n de Derechos Humanos de la\u2026","rel":"","context":"En &quot;CINTILLO&quot;","block_context":{"text":"CINTILLO","link":"https:\/\/www.grieta.org.mx\/index.php\/category\/cintillo\/"},"img":{"alt_text":"","src":"https:\/\/i0.wp.com\/www.grieta.org.mx\/wp-content\/uploads\/2018\/03\/14524434_1106112876131411_958039263622046936_o.jpg?resize=350%2C200&ssl=1","width":350,"height":200,"srcset":"https:\/\/i0.wp.com\/www.grieta.org.mx\/wp-content\/uploads\/2018\/03\/14524434_1106112876131411_958039263622046936_o.jpg?resize=350%2C200&ssl=1 1x, https:\/\/i0.wp.com\/www.grieta.org.mx\/wp-content\/uploads\/2018\/03\/14524434_1106112876131411_958039263622046936_o.jpg?resize=525%2C300&ssl=1 1.5x, https:\/\/i0.wp.com\/www.grieta.org.mx\/wp-content\/uploads\/2018\/03\/14524434_1106112876131411_958039263622046936_o.jpg?resize=700%2C400&ssl=1 2x"},"classes":[]},{"id":12935,"url":"https:\/\/www.grieta.org.mx\/index.php\/2016\/05\/02\/predominan-feminicidios-pedofilia-y-pornografia-infantil-en-michoacan\/","url_meta":{"origin":12930,"position":1},"title":"Predominan feminicidios, pedofilia y pornograf\u00eda infantil en Michoac\u00e1n","author":"grieta","date":"2 mayo, 2016","format":false,"excerpt":"MORELIA, Mich.-\u201cEs imprescindible aumentar las penas para los delitos que se consideren graves, como: feminicidio, pornograf\u00eda infantil, pedofilia, entre otros; que son flagelos que vive el Estado de Michoac\u00e1n\u201d, afirm\u00f3 Rosa Mar\u00eda de la Torre Torres, en la reuni\u00f3n de la Comisi\u00f3n de Puntos Constitucionales, donde se dictamin\u00f3 para su\u2026","rel":"","context":"En &quot;CINTILLO&quot;","block_context":{"text":"CINTILLO","link":"https:\/\/www.grieta.org.mx\/index.php\/category\/cintillo\/"},"img":{"alt_text":"","src":"https:\/\/i0.wp.com\/www.grieta.org.mx\/wp-content\/uploads\/2018\/03\/14524434_1106112876131411_958039263622046936_o.jpg?resize=350%2C200&ssl=1","width":350,"height":200,"srcset":"https:\/\/i0.wp.com\/www.grieta.org.mx\/wp-content\/uploads\/2018\/03\/14524434_1106112876131411_958039263622046936_o.jpg?resize=350%2C200&ssl=1 1x, https:\/\/i0.wp.com\/www.grieta.org.mx\/wp-content\/uploads\/2018\/03\/14524434_1106112876131411_958039263622046936_o.jpg?resize=525%2C300&ssl=1 1.5x, https:\/\/i0.wp.com\/www.grieta.org.mx\/wp-content\/uploads\/2018\/03\/14524434_1106112876131411_958039263622046936_o.jpg?resize=700%2C400&ssl=1 2x"},"classes":[]},{"id":65104,"url":"https:\/\/www.grieta.org.mx\/index.php\/2022\/04\/30\/feliz-dia-del-nino-michoacan-tercer-lugar-en-trabajo-infantil-en-2022\/","url_meta":{"origin":12930,"position":2},"title":"\u00bfFeliz D\u00eda del Ni\u00f1o? Michoac\u00e1n, tercer lugar en trabajo infantil en 2022","author":"grieta","date":"30 abril, 2022","format":false,"excerpt":"Dalia Villegas Moreno\/ Quadrat\u00edn, 30 de abril de 2022 El texto original de este art\u00edculo fue publicado por la Agencia Quadrat\u00edn en la siguiente direcci\u00f3n: https:\/\/www.quadratin.com.mx\/principal\/feliz-dia-del-nino-michoacan-tercer-lugar-en-trabajo-infantil-en-2022\/?utm_source=pocket_mylist Este contenido se encuentra protegido por la ley. Si lo cita, por favor mencione la fuente y haga un enlace a la nota original\u2026","rel":"","context":"En &quot;CINTILLO&quot;","block_context":{"text":"CINTILLO","link":"https:\/\/www.grieta.org.mx\/index.php\/category\/cintillo\/"},"img":{"alt_text":"","src":"https:\/\/i0.wp.com\/www.grieta.org.mx\/wp-content\/uploads\/2022\/09\/Nin%CC%83os-trabajando-explotacio%CC%81n-infantil-menores-de-edad-mexicanos-di%CC%81a-del-nin%CC%83o-limpiaparabrisas-La-nin%CC%83ez-responsabilidad-de-toda-la-sociedad-Experto-UNAM-FOTO-UNAM-1160x700-1.jpg?resize=350%2C200&ssl=1","width":350,"height":200,"srcset":"https:\/\/i0.wp.com\/www.grieta.org.mx\/wp-content\/uploads\/2022\/09\/Nin%CC%83os-trabajando-explotacio%CC%81n-infantil-menores-de-edad-mexicanos-di%CC%81a-del-nin%CC%83o-limpiaparabrisas-La-nin%CC%83ez-responsabilidad-de-toda-la-sociedad-Experto-UNAM-FOTO-UNAM-1160x700-1.jpg?resize=350%2C200&ssl=1 1x, https:\/\/i0.wp.com\/www.grieta.org.mx\/wp-content\/uploads\/2022\/09\/Nin%CC%83os-trabajando-explotacio%CC%81n-infantil-menores-de-edad-mexicanos-di%CC%81a-del-nin%CC%83o-limpiaparabrisas-La-nin%CC%83ez-responsabilidad-de-toda-la-sociedad-Experto-UNAM-FOTO-UNAM-1160x700-1.jpg?resize=525%2C300&ssl=1 1.5x, https:\/\/i0.wp.com\/www.grieta.org.mx\/wp-content\/uploads\/2022\/09\/Nin%CC%83os-trabajando-explotacio%CC%81n-infantil-menores-de-edad-mexicanos-di%CC%81a-del-nin%CC%83o-limpiaparabrisas-La-nin%CC%83ez-responsabilidad-de-toda-la-sociedad-Experto-UNAM-FOTO-UNAM-1160x700-1.jpg?resize=700%2C400&ssl=1 2x, https:\/\/i0.wp.com\/www.grieta.org.mx\/wp-content\/uploads\/2022\/09\/Nin%CC%83os-trabajando-explotacio%CC%81n-infantil-menores-de-edad-mexicanos-di%CC%81a-del-nin%CC%83o-limpiaparabrisas-La-nin%CC%83ez-responsabilidad-de-toda-la-sociedad-Experto-UNAM-FOTO-UNAM-1160x700-1.jpg?resize=1050%2C600&ssl=1 3x"},"classes":[]},{"id":41059,"url":"https:\/\/www.grieta.org.mx\/index.php\/2019\/11\/05\/jornaleros-agricolas-de-michoacan-sufren-de-explotacion-en-el-campo\/","url_meta":{"origin":12930,"position":3},"title":"Jornaleros agr\u00edcolas de Michoac\u00e1n sufren de explotaci\u00f3n en el campo","author":"grieta","date":"5 noviembre, 2019","format":false,"excerpt":"\u00a0 En el estado de Michoac\u00e1n los trabajadores del campo no reciben las atenciones adecuadas y trabajan m\u00e1s de lo correspondido con el mismo salario Luis Flores \/ Tribuna, 05 de Noviembre de 2019 Morelia, Michoac\u00e1n.- La mayor\u00eda de los trabajadores del campo perciben 200 y 250 pesos por d\u00eda\u2026","rel":"","context":"En &quot;CINTILLO&quot;","block_context":{"text":"CINTILLO","link":"https:\/\/www.grieta.org.mx\/index.php\/category\/cintillo\/"},"img":{"alt_text":"","src":"https:\/\/i0.wp.com\/www.grieta.org.mx\/wp-content\/uploads\/2019\/11\/jornaleros2019.jpg?resize=350%2C200&ssl=1","width":350,"height":200,"srcset":"https:\/\/i0.wp.com\/www.grieta.org.mx\/wp-content\/uploads\/2019\/11\/jornaleros2019.jpg?resize=350%2C200&ssl=1 1x, https:\/\/i0.wp.com\/www.grieta.org.mx\/wp-content\/uploads\/2019\/11\/jornaleros2019.jpg?resize=525%2C300&ssl=1 1.5x, https:\/\/i0.wp.com\/www.grieta.org.mx\/wp-content\/uploads\/2019\/11\/jornaleros2019.jpg?resize=700%2C400&ssl=1 2x, https:\/\/i0.wp.com\/www.grieta.org.mx\/wp-content\/uploads\/2019\/11\/jornaleros2019.jpg?resize=1050%2C600&ssl=1 3x, https:\/\/i0.wp.com\/www.grieta.org.mx\/wp-content\/uploads\/2019\/11\/jornaleros2019.jpg?resize=1400%2C800&ssl=1 4x"},"classes":[]},{"id":35431,"url":"https:\/\/www.grieta.org.mx\/index.php\/2019\/06\/12\/dia-mundial-contra-el-trabajo-infantil-en-michoacan-trabajan-100-mil\/","url_meta":{"origin":12930,"position":4},"title":"D\u00eda Mundial Contra el Trabajo Infantil: en Michoac\u00e1n trabajan 100 mil","author":"grieta","date":"12 junio, 2019","format":false,"excerpt":"Dalia Villegas Moreno\/Quadrat\u00edn, 12 de junio de 2019 MORELIA, Mich., 12 de junio de 2019.- De acuerdo con el Consejo Estatal de Poblaci\u00f3n (Coespo), en Michoac\u00e1n trabajan alrededor de 100 mil ni\u00f1os, principalmente en los campos agr\u00edcolas donde se desempe\u00f1an como jornaleros. En el Marco del D\u00eda Mundial Contra el\u2026","rel":"","context":"En &quot;CINTILLO&quot;","block_context":{"text":"CINTILLO","link":"https:\/\/www.grieta.org.mx\/index.php\/category\/cintillo\/"},"img":{"alt_text":"","src":"https:\/\/i0.wp.com\/www.grieta.org.mx\/wp-content\/uploads\/2019\/06\/trabajo-infantil-1160x700.jpg?resize=350%2C200&ssl=1","width":350,"height":200,"srcset":"https:\/\/i0.wp.com\/www.grieta.org.mx\/wp-content\/uploads\/2019\/06\/trabajo-infantil-1160x700.jpg?resize=350%2C200&ssl=1 1x, https:\/\/i0.wp.com\/www.grieta.org.mx\/wp-content\/uploads\/2019\/06\/trabajo-infantil-1160x700.jpg?resize=525%2C300&ssl=1 1.5x, https:\/\/i0.wp.com\/www.grieta.org.mx\/wp-content\/uploads\/2019\/06\/trabajo-infantil-1160x700.jpg?resize=700%2C400&ssl=1 2x, https:\/\/i0.wp.com\/www.grieta.org.mx\/wp-content\/uploads\/2019\/06\/trabajo-infantil-1160x700.jpg?resize=1050%2C600&ssl=1 3x"},"classes":[]},{"id":67606,"url":"https:\/\/www.grieta.org.mx\/index.php\/2023\/05\/15\/insuficiente-el-incremento-salarial-a-los-maestros-cnte-michoacan\/","url_meta":{"origin":12930,"position":5},"title":"Insuficiente, el incremento salarial a los maestros: CNTE (Michoac\u00e1n)","author":"grieta","date":"15 mayo, 2023","format":false,"excerpt":"Dirigente de fracci\u00f3n magisterial se\u00f1ala que el aumento debe superar al 10 por ciento, dado que los aumentos no se aplican directa a ingresos","rel":"","context":"En &quot;CINTILLO&quot;","block_context":{"text":"CINTILLO","link":"https:\/\/www.grieta.org.mx\/index.php\/category\/cintillo\/"},"img":{"alt_text":"","src":"https:\/\/i0.wp.com\/www.grieta.org.mx\/wp-content\/uploads\/2023\/09\/CNTE-2-marcha-acg.jpg?resize=350%2C200&ssl=1","width":350,"height":200,"srcset":"https:\/\/i0.wp.com\/www.grieta.org.mx\/wp-content\/uploads\/2023\/09\/CNTE-2-marcha-acg.jpg?resize=350%2C200&ssl=1 1x, https:\/\/i0.wp.com\/www.grieta.org.mx\/wp-content\/uploads\/2023\/09\/CNTE-2-marcha-acg.jpg?resize=525%2C300&ssl=1 1.5x, https:\/\/i0.wp.com\/www.grieta.org.mx\/wp-content\/uploads\/2023\/09\/CNTE-2-marcha-acg.jpg?resize=700%2C400&ssl=1 2x, https:\/\/i0.wp.com\/www.grieta.org.mx\/wp-content\/uploads\/2023\/09\/CNTE-2-marcha-acg.jpg?resize=1050%2C600&ssl=1 3x, https:\/\/i0.wp.com\/www.grieta.org.mx\/wp-content\/uploads\/2023\/09\/CNTE-2-marcha-acg.jpg?resize=1400%2C800&ssl=1 4x"},"classes":[]}],"_links":{"self":[{"href":"https:\/\/www.grieta.org.mx\/index.php\/wp-json\/wp\/v2\/posts\/12930","targetHints":{"allow":["GET"]}}],"collection":[{"href":"https:\/\/www.grieta.org.mx\/index.php\/wp-json\/wp\/v2\/posts"}],"about":[{"href":"https:\/\/www.grieta.org.mx\/index.php\/wp-json\/wp\/v2\/types\/post"}],"author":[{"embeddable":true,"href":"https:\/\/www.grieta.org.mx\/index.php\/wp-json\/wp\/v2\/users\/2"}],"replies":[{"embeddable":true,"href":"https:\/\/www.grieta.org.mx\/index.php\/wp-json\/wp\/v2\/comments?post=12930"}],"version-history":[{"count":1,"href":"https:\/\/www.grieta.org.mx\/index.php\/wp-json\/wp\/v2\/posts\/12930\/revisions"}],"predecessor-version":[{"id":12938,"href":"https:\/\/www.grieta.org.mx\/index.php\/wp-json\/wp\/v2\/posts\/12930\/revisions\/12938"}],"wp:featuredmedia":[{"embeddable":true,"href":"https:\/\/www.grieta.org.mx\/index.php\/wp-json\/wp\/v2\/media\/21928"}],"wp:attachment":[{"href":"https:\/\/www.grieta.org.mx\/index.php\/wp-json\/wp\/v2\/media?parent=12930"}],"wp:term":[{"taxonomy":"category","embeddable":true,"href":"https:\/\/www.grieta.org.mx\/index.php\/wp-json\/wp\/v2\/categories?post=12930"},{"taxonomy":"post_tag","embeddable":true,"href":"https:\/\/www.grieta.org.mx\/index.php\/wp-json\/wp\/v2\/tags?post=12930"}],"curies":[{"name":"wp","href":"https:\/\/api.w.org\/{rel}","templated":true}]}}