{"id":12862,"date":"2016-05-09T07:02:38","date_gmt":"2016-05-09T07:02:38","guid":{"rendered":"http:\/\/www.grieta.org.mx\/?p=12862"},"modified":"2016-05-24T07:04:59","modified_gmt":"2016-05-24T07:04:59","slug":"astudillo-mando-unico-legalizacion-de-amapola-y-situacion-en-chilapa","status":"publish","type":"post","link":"https:\/\/www.grieta.org.mx\/index.php\/2016\/05\/09\/astudillo-mando-unico-legalizacion-de-amapola-y-situacion-en-chilapa\/","title":{"rendered":"Astudillo: Mando \u00danico, legalizaci\u00f3n de amapola y situaci\u00f3n en Chilapa"},"content":{"rendered":"<p>El Sur<\/p>\n<p>Abel Salgado<\/p>\n<p>Coyuca de Ben\u00edtez. El gobernador asegura que en Chilapa hay \u201cserenidad\u201d con la presencia del Ej\u00e9rcito, la Polic\u00eda Federal y del estado. Reitera que mantiene su propuesta de que se legalice la siembra de amapola para usos medicinales. En Coyuca de Ben\u00edtez da el banderazo para la entrega de fertilizante a los municipios de la Costa Grande.<\/p>\n<p>El gobernador H\u00e9ctor Astudillo Flores inform\u00f3 que \u201cm\u00e1s de 55\u201d municipios han firmado el acuerdo para la creaci\u00f3n del Mando \u00danico, mientras que los restantes \u2013podr\u00edan ser cuando mucho 26\u2013 no han querido hacerlo o no se sabe por qu\u00e9 sus cabildos no lo han aprobado, y dijo que son sobre todo municipios peque\u00f1os.<\/p>\n<p>Despu\u00e9s del acto de entrega de fertilizante para los municipios de Costa Grande celebrado en esta ciudad, Astudillo Flores asegur\u00f3 que en Chilapa hay \u201cserenidad\u201d tras la masiva presencia de soldados del Ej\u00e9rcito y agentes de la Polic\u00eda Federal y la del estado.<\/p>\n<p>En relaci\u00f3n con la legalizaci\u00f3n de la siembra de amapola para usos medicinales, reiter\u00f3 que mantiene su propuesta, porque \u201cno podemos seguir viendo narcotraficantes ricos, delincuentes muy ricos y campesinos muy pobres\u201d.<\/p>\n<p>En el auditorio municipal Ethel Diego Guzm\u00e1n, al que asistieron unos 200 campesinos, Astudillo Flores dio el banderazo de salida a los camiones que distribuir\u00e1n el fertilizante del programa M\u00e1s Ma\u00edz. En total fueron 219 toneladas para 139 localidades para un total de mil 998 productores de Costa Grande.<\/p>\n<p>Durante su discurso, el gobernador inform\u00f3 que el programa tiene una inversi\u00f3n de 222 millones de pesos, en todo el estado. Y record\u00f3 que los campesinos no tendr\u00e1n que aportar una parte de dinero para recibir el abono, como se hac\u00eda en gobiernos anteriores, pues ahora el costo del insumo se cubre con \u201cuna aportaci\u00f3n de los ayuntamientos, del gobierno del estado con la participaci\u00f3n del gobierno federal\u201d.<\/p>\n<p>Consultado al finalizar el acto, insisti\u00f3 en que su propuesta de legalizar la siembra de amapola es \u201cpor la ruta medicinal\u201d. Defendi\u00f3 que esa es la idea inicial, como actualmente est\u00e1 en an\u00e1lisis el uso de la mariguana para los mismos fines. \u201cDe ninguna manera he planteado yo alguna cosa que sea diferente. Lo de la mariguana ya avanz\u00f3, el presidente de la Rep\u00fablica construy\u00f3 una iniciativa y la envi\u00f3, en este caso al Senado de la Rep\u00fablica, yo espero que el Senado, en el per\u00edodo extraordinario del que est\u00e1n hablando los grupos representativos, puedan atenderla\u201d, abund\u00f3.<\/p>\n<p>Reiter\u00f3 que la siembra legal de amapola no es un recurso para \u201cposicionarse\u201d medi\u00e1ticamente, sino para atacar la violencia desde el primer eslab\u00f3n de la producci\u00f3n del narc\u00f3tico. \u201cEs un asunto que tiene que ver con toda la presi\u00f3n, con toda la adversidad que viven muchos campesinos en las zonas altas en este caso de Guerrero. Y yo lo que creo es que, lo que no podemos seguir viendo es ver narcotraficantes ricos, delincuentes muy ricos y campesinos muy pobres\u201d, subray\u00f3.<\/p>\n<p>En tanto se legisla, expuso que sigue el an\u00e1lisis para iniciar un programa piloto del uso medicinal del opi\u00e1ceo, como ya se hace en otros pa\u00edses, \u201cque ha permitido colocar a estos pa\u00edses en otra circunstancia\u201d. Agreg\u00f3 que podr\u00eda iniciar en un municipio, sin embargo, dijo que \u00e9ste no ha sido a\u00fan seleccionado.<\/p>\n<p>Astudillo Flores dijo que la propuesta tambi\u00e9n incluye el factor de desarrollo social y econ\u00f3mico, como la construcci\u00f3n de carreteras \u201clos maestros tienen que ir a las escuelas, las aulas deben estar en condiciones, hay que mejorar sus condiciones de vida, hay que desarrollar proyectos productivos, hay que hacer que las gallinas regresen a las partes altas, que los marranitos regresen a las partes altas, que los chivos regresen a las partes altas, que exista mayor potencialidad para hacer dentro de su actividad, dentro de su h\u00e1bitat\u201d.<\/p>\n<p>Para el gobernador, la oferta de la amapola corresponde a la demanda del pa\u00eds del norte \u201cla demanda est\u00e1 radicada fundamentalmente en el gran mercado que tiene Estados Unidos y Estados Unidos, as\u00ed como castiga, as\u00ed tambi\u00e9n demanda para consumir internamente y eso es muy, muy grave, muy delicado. Vamos a esperar con calma\u201d. Agreg\u00f3 que todav\u00eda no se ha reunido con diputados o senadores.<\/p>\n<p>No hay ning\u00fan problema en Chilapa<\/p>\n<p>Despu\u00e9s de la irrupci\u00f3n de civiles armados del grupo Paz y la Justicia, a Chilapa y Zitlala; y que el s\u00e1bado se movilizaran 300 polic\u00edas federales y 500 militares, para que no regresaran a esas cabeceras municipales, Astudillo Flores afirm\u00f3 que hay \u201cserenidad\u201d. Record\u00f3 que el s\u00e1bado el secretario estatal de Seguridad P\u00fablica, Pedro Almaz\u00e1n, \u201cestuvo en Chilapa la mayor parte del d\u00eda y afortunadamente hubo tr\u00e1nsito normal, se dialog\u00f3 y a las personas de los pueblos que se quedaron sin carros, se les dieron facilidades para que regresaran a sus pueblos\u201d.<\/p>\n<p>Sobre si hay tranquilidad en Chilapa, Astudillo respondi\u00f3: \u201cEn este momento no hay ning\u00fan problema en Chilapa\u201d.<\/p>\n<p>En relaci\u00f3n con el vocero que se anunci\u00f3 tras la reuni\u00f3n del gabinete de seguridad federal que encabez\u00f3 en Acapulco el secretario de Gobernaci\u00f3n, Miguel \u00c1ngel Osorio Chong el pasado lunes 2 de mayo, Astudillo Flores adelant\u00f3 que se dar\u00e1 a conocer \u201ca m\u00e1s tardar el mi\u00e9rcoles\u201d de esta semana.<\/p>\n<p>El Mando \u00danico est\u00e1 atorado en el Congreso, recuerda<\/p>\n<p>Del convenio de los 81 municipios para integrarse al Mando \u00danico, el gobernador revel\u00f3 que unos 26 no han firmado porque expl\u00edcitamente informaron que no entrar\u00edan y otros no respondieron, \u201cllegamos a m\u00e1s de 55 municipios, hay algunos que dijeron que no van a participar y de algunos otros no hemos sabido las causas por las cuales no aprobaron en su cabildo\u201d.<\/p>\n<p>Agreg\u00f3 que el Mando \u00danico puede esperar \u201cporque hay que recordar que tambi\u00e9n el asunto del Mando \u00danico qued\u00f3 atorado en el Congreso de la Uni\u00f3n, tambi\u00e9n se qued\u00f3 pendiente en la posibilidad de que se realice un periodo extraordinario\u201d. Sin embargo, reconoci\u00f3 que por los tiempos electorales, podr\u00eda ampliarse el plazo para su eventual aprobaci\u00f3n, \u201clas elecciones siempre son un punto delicado para los periodos extraordinarios y estamos casi a un mes de las elecciones, entonces vamos a esperar, pero el Mando \u00danico o Polic\u00eda \u00danica est\u00e1 en stand by en el Congreso nacional, tambi\u00e9n vamos a esperar\u201d.<\/p>\n<p>Se le insisti\u00f3 sobre qu\u00e9 municipios eran los que faltaban, pero no respondi\u00f3, \u201cahora quienes no quieran participar en el Mando \u00danico, hay algunos municipios peque\u00f1os que manifestaron que no quieren participar, pues participen o no participen, tenemos que ayudarles porque tienen tres o cuatro polic\u00edas, entonces cuando tengan un problema, pues van a hacer un llamado al gobierno del estado y el gobierno del estado, dado que es el estado, pues tendr\u00e1 que participar entonces. Hay una serie circunstancias que se dan fundamentalmente, creo que por hasta desconocimiento\u201d.<\/p>\n<p>Hay 16 centros de salud cerrados por la inseguridad: Beatriz V\u00e9lez<\/p>\n<p>En la entrega de fertilizante, el gobernador estuvo acompa\u00f1ado por la diputada federal por el PRI y secretaria general de la secci\u00f3n 36 del Sindicato Nacional de Trabajadores del Sector Salud (Sntsa), Beatriz V\u00e9lez N\u00fa\u00f1ez, quien el pasado 1 de mayo dijo que por la inseguridad en el estado, hay 16 centros de salud cerrados en Tierra Caliente, la sierra y Zitlala.<\/p>\n<p>Ante esto, se le pregunt\u00f3 al gobernador cu\u00e1l era la situaci\u00f3n de los centros de salud, y reconoci\u00f3 el problema, pero que se mandan brigadas, \u201chay lugares en donde por circunstancias que han sucedido, se cierran; pero igual es una operaci\u00f3n de todos los d\u00edas. El que se cierra lo vuelven a abrir y otros nos lo vuelven a cerrar. Entonces es un movimiento que frecuentemente se da y se sustituye con brigadas que se mandan. Es un problema m\u00e1s que tiene Guerrero, pero tambi\u00e9n actuamos sobre \u00e9l\u201d.<\/p>\n<p>El gobernador que recorri\u00f3 el nuevo mercado municipal de Coyuca, recibi\u00f3 la queja de la due\u00f1a del local El saz\u00f3n de la Abuela, Irma Navarrete Gorj\u00f3n, quien le solicit\u00f3 se promoviera el mercado, porque estaba casi vac\u00edo y los pobladores no acuden a \u00e9l. Astudillo Flores le respondi\u00f3 que cuando se reubican mercados suceden \u201cproblemas como este\u201d.<\/p>\n<p>Al acto, acudieron los presidentes de Coyuca de Ben\u00edtez, Javier Escobar Parra; Tecpan, Leopoldo Soberanis; y de Atoyac, D\u00e1maso P\u00e9rez Organez, adem\u00e1s del diputado local pri\u00edsta Samuel Res\u00e9ndiz y el secretario de Ganader\u00eda y Desarrollo Rural, Juan Jos\u00e9 Castro Justo.<\/p>\n<p>http:\/\/suracapulco.mx\/principal\/son-los-ardillos-los-que-irrumpieron-en-zitlala-asegura-el-obispo-rangel\/<\/p>\n","protected":false},"excerpt":{"rendered":"<p>El Sur Abel Salgado Coyuca de Ben\u00edtez. El gobernador asegura que en Chilapa hay \u201cserenidad\u201d con la presencia del Ej\u00e9rcito, la Polic\u00eda Federal y del estado. Reitera que mantiene su &hellip; <a href=\"https:\/\/www.grieta.org.mx\/index.php\/2016\/05\/09\/astudillo-mando-unico-legalizacion-de-amapola-y-situacion-en-chilapa\/\" class=\"more-link\">Leer m\u00e1s<\/a><\/p>\n","protected":false},"author":2,"featured_media":21928,"comment_status":"closed","ping_status":"closed","sticky":false,"template":"","format":"standard","meta":{"ngg_post_thumbnail":0,"_jetpack_newsletter_access":"","_jetpack_dont_email_post_to_subs":false,"_jetpack_newsletter_tier_id":0,"_jetpack_memberships_contains_paywalled_content":false,"_jetpack_memberships_contains_paid_content":false,"footnotes":""},"categories":[80],"tags":[677,477,614],"class_list":["post-12862","post","type-post","status-publish","format-standard","has-post-thumbnail","hentry","category-cintillo","tag-amapola","tag-mando-unico","tag-militarizacion","entry"],"jetpack_featured_media_url":"https:\/\/www.grieta.org.mx\/wp-content\/uploads\/2018\/03\/14524434_1106112876131411_958039263622046936_o.jpg","jetpack_sharing_enabled":true,"jetpack_shortlink":"https:\/\/wp.me\/p7ZJR4-3ls","jetpack_likes_enabled":false,"jetpack-related-posts":[{"id":12487,"url":"https:\/\/www.grieta.org.mx\/index.php\/2016\/05\/09\/no-han-firmado-mando-unico-alrededor-de-26-municipios-astudillo\/","url_meta":{"origin":12862,"position":0},"title":"No han firmado Mando \u00danico 26 municipios: Astudillo","author":"grieta","date":"9 mayo, 2016","format":false,"excerpt":"El Sur Abel Salgado Coyuca de Benitez. El gobernador H\u00e9ctor Astudillo Flores inform\u00f3 que \u201cm\u00e1s de 55\u201d municipios han firmado el acuerdo para la creaci\u00f3n del Mando \u00danico, mientras que los restantes \u2013podr\u00edan ser cuando mucho 26\u2013 no han querido hacerlo o no se sabe por qu\u00e9 sus cabildos no\u2026","rel":"","context":"En &quot;CINTILLO&quot;","block_context":{"text":"CINTILLO","link":"https:\/\/www.grieta.org.mx\/index.php\/category\/cintillo\/"},"img":{"alt_text":"","src":"https:\/\/i0.wp.com\/www.grieta.org.mx\/wp-content\/uploads\/2018\/03\/14524434_1106112876131411_958039263622046936_o.jpg?resize=350%2C200&ssl=1","width":350,"height":200,"srcset":"https:\/\/i0.wp.com\/www.grieta.org.mx\/wp-content\/uploads\/2018\/03\/14524434_1106112876131411_958039263622046936_o.jpg?resize=350%2C200&ssl=1 1x, https:\/\/i0.wp.com\/www.grieta.org.mx\/wp-content\/uploads\/2018\/03\/14524434_1106112876131411_958039263622046936_o.jpg?resize=525%2C300&ssl=1 1.5x, https:\/\/i0.wp.com\/www.grieta.org.mx\/wp-content\/uploads\/2018\/03\/14524434_1106112876131411_958039263622046936_o.jpg?resize=700%2C400&ssl=1 2x"},"classes":[]},{"id":13563,"url":"https:\/\/www.grieta.org.mx\/index.php\/2016\/06\/08\/la-industria-de-la-amapola-en-guerrero-2\/","url_meta":{"origin":12862,"position":1},"title":"La industria de la amapola en Guerrero","author":"grieta","date":"8 junio, 2016","format":false,"excerpt":"08\/06\/16. Secuestran ni\u00f1os de Guerrero para cultivar droga: OIT Bajo Palabra 27\/05\/16. Guerrero, el mayor productor de opio en Am\u00e9rica, advierte el diario El Pa\u00eds El Sur \/ Proceso \/ El Pa\u00eds\/ NYT 25\/05\/16. En Guerrero 58 por ciento de narcolaboratorios destruidos por el ej\u00e9rcito El Sur 25\/05\/16. S\u00ed se\u2026","rel":"","context":"En &quot;CINTILLO&quot;","block_context":{"text":"CINTILLO","link":"https:\/\/www.grieta.org.mx\/index.php\/category\/cintillo\/"},"img":{"alt_text":"","src":"https:\/\/i0.wp.com\/www.grieta.org.mx\/wp-content\/uploads\/2018\/03\/14524434_1106112876131411_958039263622046936_o.jpg?resize=350%2C200&ssl=1","width":350,"height":200,"srcset":"https:\/\/i0.wp.com\/www.grieta.org.mx\/wp-content\/uploads\/2018\/03\/14524434_1106112876131411_958039263622046936_o.jpg?resize=350%2C200&ssl=1 1x, https:\/\/i0.wp.com\/www.grieta.org.mx\/wp-content\/uploads\/2018\/03\/14524434_1106112876131411_958039263622046936_o.jpg?resize=525%2C300&ssl=1 1.5x, https:\/\/i0.wp.com\/www.grieta.org.mx\/wp-content\/uploads\/2018\/03\/14524434_1106112876131411_958039263622046936_o.jpg?resize=700%2C400&ssl=1 2x"},"classes":[]},{"id":21301,"url":"https:\/\/www.grieta.org.mx\/index.php\/2016\/09\/09\/inicia-operativo-con-militares-en-6-municipios-de-guerrero\/","url_meta":{"origin":12862,"position":2},"title":"Inicia operativo con militares en 6 municipios de Guerrero","author":"grieta","date":"9 septiembre, 2016","format":false,"excerpt":"\u00a1Con todo en contra de la inseguridad!, inici\u00f3 el despliegue policial y militar para Acapulco, Chilpancingo, Iguala, Chilapa y Coyuca de Ben\u00edtez, adem\u00e1s se anexo Zihuatanejo, para reducir el repunte de violencia en estos municipios, inform\u00f3 el vocero de Seguridad del Grupo de Coordinaci\u00f3n Guerrero, Roberto \u00c1lvarez Heredia. El despliegue\u2026","rel":"","context":"En &quot;CINTILLO&quot;","block_context":{"text":"CINTILLO","link":"https:\/\/www.grieta.org.mx\/index.php\/category\/cintillo\/"},"img":{"alt_text":"","src":"https:\/\/i0.wp.com\/www.grieta.org.mx\/wp-content\/uploads\/2018\/03\/14524434_1106112876131411_958039263622046936_o.jpg?resize=350%2C200&ssl=1","width":350,"height":200,"srcset":"https:\/\/i0.wp.com\/www.grieta.org.mx\/wp-content\/uploads\/2018\/03\/14524434_1106112876131411_958039263622046936_o.jpg?resize=350%2C200&ssl=1 1x, https:\/\/i0.wp.com\/www.grieta.org.mx\/wp-content\/uploads\/2018\/03\/14524434_1106112876131411_958039263622046936_o.jpg?resize=525%2C300&ssl=1 1.5x, https:\/\/i0.wp.com\/www.grieta.org.mx\/wp-content\/uploads\/2018\/03\/14524434_1106112876131411_958039263622046936_o.jpg?resize=700%2C400&ssl=1 2x"},"classes":[]},{"id":12586,"url":"https:\/\/www.grieta.org.mx\/index.php\/2016\/05\/08\/lanzan-despliegue-aereo-y-militar-en-chilapa-y-zitlala\/","url_meta":{"origin":12862,"position":3},"title":"Lanzan despliegue a\u00e9reo y militar en Chilapa y Zitlala","author":"grieta","date":"8 mayo, 2016","format":false,"excerpt":"El Sur Anarsis Pacheco P\u00f3lito y Luis Daniel Nava Lanzan un despliegue a\u00e9reo y terrestre para evitar el regreso del grupo Paz y Justicia. Al menos 12 helic\u00f3pteros y una avioneta de la Marina sobrevolaron ayer por cuatro horas la cabecera de Chilapa y sus alrededores y el gobernador H\u00e9ctor\u2026","rel":"","context":"En &quot;CINTILLO&quot;","block_context":{"text":"CINTILLO","link":"https:\/\/www.grieta.org.mx\/index.php\/category\/cintillo\/"},"img":{"alt_text":"","src":"https:\/\/i0.wp.com\/www.grieta.org.mx\/wp-content\/uploads\/2018\/03\/14524434_1106112876131411_958039263622046936_o.jpg?resize=350%2C200&ssl=1","width":350,"height":200,"srcset":"https:\/\/i0.wp.com\/www.grieta.org.mx\/wp-content\/uploads\/2018\/03\/14524434_1106112876131411_958039263622046936_o.jpg?resize=350%2C200&ssl=1 1x, https:\/\/i0.wp.com\/www.grieta.org.mx\/wp-content\/uploads\/2018\/03\/14524434_1106112876131411_958039263622046936_o.jpg?resize=525%2C300&ssl=1 1.5x, https:\/\/i0.wp.com\/www.grieta.org.mx\/wp-content\/uploads\/2018\/03\/14524434_1106112876131411_958039263622046936_o.jpg?resize=700%2C400&ssl=1 2x"},"classes":[]},{"id":12688,"url":"https:\/\/www.grieta.org.mx\/index.php\/2016\/05\/10\/ejercito-y-pf-no-los-ardillos-bajaron-el-crimen-en-chilapa-responde-astudillo-al-obispo-rangel\/","url_meta":{"origin":12862,"position":4},"title":"Ej\u00e9rcito y PF, no Los Ardillos, bajaron el crimen en Chilapa, responde Astudillo al obispo Rangel","author":"grieta","date":"10 mayo, 2016","format":false,"excerpt":"El Sur Abel Salgado El gobernador H\u00e9ctor Astudillo Flores defendi\u00f3 la presencia del Ej\u00e9rcito y la Polic\u00eda Federal (PF) en Chilapa y dijo que con ellos han disminuido los \u201ccr\u00edmenes dolosos\u201d, adem\u00e1s de que inhibieron que se repitieran hechos de violencia. Con relaci\u00f3n a la declaraci\u00f3n del obispo de la\u2026","rel":"","context":"En &quot;CINTILLO&quot;","block_context":{"text":"CINTILLO","link":"https:\/\/www.grieta.org.mx\/index.php\/category\/cintillo\/"},"img":{"alt_text":"","src":"https:\/\/i0.wp.com\/www.grieta.org.mx\/wp-content\/uploads\/2018\/03\/14524434_1106112876131411_958039263622046936_o.jpg?resize=350%2C200&ssl=1","width":350,"height":200,"srcset":"https:\/\/i0.wp.com\/www.grieta.org.mx\/wp-content\/uploads\/2018\/03\/14524434_1106112876131411_958039263622046936_o.jpg?resize=350%2C200&ssl=1 1x, https:\/\/i0.wp.com\/www.grieta.org.mx\/wp-content\/uploads\/2018\/03\/14524434_1106112876131411_958039263622046936_o.jpg?resize=525%2C300&ssl=1 1.5x, https:\/\/i0.wp.com\/www.grieta.org.mx\/wp-content\/uploads\/2018\/03\/14524434_1106112876131411_958039263622046936_o.jpg?resize=700%2C400&ssl=1 2x"},"classes":[]},{"id":12570,"url":"https:\/\/www.grieta.org.mx\/index.php\/2016\/04\/01\/liga-astudillo-a-desaparecidos-en-chilapa-con-grupos-del-crimen-en-guerrero\/","url_meta":{"origin":12862,"position":5},"title":"Liga Astudillo a desaparecidos en Chilapa con grupos del crimen","author":"grieta","date":"1 abril, 2016","format":false,"excerpt":"Proceso Redacci\u00f3n Ciudad de M\u00e9xico (apro). El gobernador priista H\u00e9ctor Astudillo asegur\u00f3 a familiares de desaparecidos del 9 al 14 de mayo pasados en Chilapa, Guerrero, que al menos seis de los 16 reportados como desaparecidos est\u00e1n operando con grupos del crimen en la zona. Este d\u00eda se reunieron a\u2026","rel":"","context":"En &quot;CINTILLO&quot;","block_context":{"text":"CINTILLO","link":"https:\/\/www.grieta.org.mx\/index.php\/category\/cintillo\/"},"img":{"alt_text":"","src":"https:\/\/i0.wp.com\/www.grieta.org.mx\/wp-content\/uploads\/2018\/03\/14524434_1106112876131411_958039263622046936_o.jpg?resize=350%2C200&ssl=1","width":350,"height":200,"srcset":"https:\/\/i0.wp.com\/www.grieta.org.mx\/wp-content\/uploads\/2018\/03\/14524434_1106112876131411_958039263622046936_o.jpg?resize=350%2C200&ssl=1 1x, https:\/\/i0.wp.com\/www.grieta.org.mx\/wp-content\/uploads\/2018\/03\/14524434_1106112876131411_958039263622046936_o.jpg?resize=525%2C300&ssl=1 1.5x, https:\/\/i0.wp.com\/www.grieta.org.mx\/wp-content\/uploads\/2018\/03\/14524434_1106112876131411_958039263622046936_o.jpg?resize=700%2C400&ssl=1 2x"},"classes":[]}],"_links":{"self":[{"href":"https:\/\/www.grieta.org.mx\/index.php\/wp-json\/wp\/v2\/posts\/12862","targetHints":{"allow":["GET"]}}],"collection":[{"href":"https:\/\/www.grieta.org.mx\/index.php\/wp-json\/wp\/v2\/posts"}],"about":[{"href":"https:\/\/www.grieta.org.mx\/index.php\/wp-json\/wp\/v2\/types\/post"}],"author":[{"embeddable":true,"href":"https:\/\/www.grieta.org.mx\/index.php\/wp-json\/wp\/v2\/users\/2"}],"replies":[{"embeddable":true,"href":"https:\/\/www.grieta.org.mx\/index.php\/wp-json\/wp\/v2\/comments?post=12862"}],"version-history":[{"count":1,"href":"https:\/\/www.grieta.org.mx\/index.php\/wp-json\/wp\/v2\/posts\/12862\/revisions"}],"predecessor-version":[{"id":12863,"href":"https:\/\/www.grieta.org.mx\/index.php\/wp-json\/wp\/v2\/posts\/12862\/revisions\/12863"}],"wp:featuredmedia":[{"embeddable":true,"href":"https:\/\/www.grieta.org.mx\/index.php\/wp-json\/wp\/v2\/media\/21928"}],"wp:attachment":[{"href":"https:\/\/www.grieta.org.mx\/index.php\/wp-json\/wp\/v2\/media?parent=12862"}],"wp:term":[{"taxonomy":"category","embeddable":true,"href":"https:\/\/www.grieta.org.mx\/index.php\/wp-json\/wp\/v2\/categories?post=12862"},{"taxonomy":"post_tag","embeddable":true,"href":"https:\/\/www.grieta.org.mx\/index.php\/wp-json\/wp\/v2\/tags?post=12862"}],"curies":[{"name":"wp","href":"https:\/\/api.w.org\/{rel}","templated":true}]}}