{"id":12846,"date":"2016-05-19T05:57:25","date_gmt":"2016-05-19T05:57:25","guid":{"rendered":"http:\/\/www.grieta.org.mx\/?p=12846"},"modified":"2016-05-24T06:10:43","modified_gmt":"2016-05-24T06:10:43","slug":"maestros-de-la-ceteg-causan-destrozos-en-oficinas-de-educacion-en-guerrero","status":"publish","type":"post","link":"https:\/\/www.grieta.org.mx\/index.php\/2016\/05\/19\/maestros-de-la-ceteg-causan-destrozos-en-oficinas-de-educacion-en-guerrero\/","title":{"rendered":"Ceteg causa destrozos en oficinas de Educaci\u00f3n en Guerrero"},"content":{"rendered":"<p>Proceso<\/p>\n<p>Ezequiel Flores Contreras<\/p>\n<p>Chilpancingo (apro). Integrantes de la Coordinadora Estatal de Trabajadores de la Educaci\u00f3n en Guerrero (Ceteg) irrumpieron en la sede de la Direcci\u00f3n de Asuntos Jur\u00eddicos de la Secretar\u00eda de Educaci\u00f3n Guerrero (SEG), donde destrozaron mobiliario y quemaron documentaci\u00f3n oficial.<\/p>\n<p>Lo anterior en respuesta a las declaraciones del titular de la SEG, Jos\u00e9 Luis Gonz\u00e1lez de la Vega Otero, quien advirti\u00f3 que van a sustituir a mil 280 docentes que decidieron no presentarse al examen de evaluaci\u00f3n y tambi\u00e9n a los profesores que desde el lunes participan en el paro laboral contra la reforma educativa.<\/p>\n<p>Al respecto, cerca del mediod\u00eda unos 300 miembros del magisterio disidente salieron a las calles nuevamente para protestar y exigir la destituci\u00f3n de Gonz\u00e1lez de la Vega, quien se ha caracterizado por su proclividad a la corrupci\u00f3n y ha sido exhibido por incurrir en presuntos actos de desv\u00edo de recursos cuando ocup\u00f3 el mismo cargo durante la administraci\u00f3n del exgobernador Zeferino Torreblanca Galindo.<\/p>\n<p>Tambi\u00e9n los inconformes demandaron la renuncia del director de Asuntos Jur\u00eddicos de la dependencia estatal, Abraham God\u00ednez Maldonado, debido a que el funcionario se ha enfocado en elaborar los citatorios dirigidos a los profesores que no asistieron al examen de evaluaci\u00f3n para que justifiquen los motivos; de lo contrario, ser\u00e1n despedidos.<\/p>\n<p>Por ello, los cetegistas marcharon de la plaza Unidos por Guerrero a las oficinas de la direcci\u00f3n, ubicadas en la colonia Los Sauces, al sur de esta capital, donde desalojaron el inmueble y enseguida realizaron pintas en la fachada, destrozaron mobiliario y sacaron documentaci\u00f3n oficial para incinerarla.<\/p>\n<p>Previamente, el l\u00edder de la Ceteg, Reyes Ramos, anunci\u00f3 en conferencia que el pr\u00f3ximo mi\u00e9rcoles van a realizar otra marcha para seguir insistiendo en su rechazo a la reforma educativa.<\/p>\n<p>Tambi\u00e9n reproch\u00f3 la actitud de las autoridades educativas, quienes amenazaron con sustituir a los docentes paristas, y emplaz\u00f3 a que se atrevan a cumplir su advertencia.<\/p>\n<p>Por su parte, el secretario de Educaci\u00f3n en la entidad minimiz\u00f3 el paro laboral impulsado por el magisterio disidente, al afirmar que s\u00f3lo 36 escuelas de Acapulco y Chilpancingo se encuentran cerradas y que en la protesta participan unos 490 profesores.<\/p>\n<p>Ello a pesar de que las marchas realizadas s\u00f3lo en esta capital han participado al menos 5 mil cetegistas, sin contar las movilizaciones y protestas en Iguala, Acapulco, Zihuatanejo, Chilapa y Tlapa.<\/p>\n<p>http:\/\/www.proceso.com.mx\/441174\/maestros-la-ceteg-causan-destrozos-en-oficinas-educacion-en-guerrero<\/p>\n","protected":false},"excerpt":{"rendered":"<p>Proceso Ezequiel Flores Contreras Chilpancingo (apro). Integrantes de la Coordinadora Estatal de Trabajadores de la Educaci\u00f3n en Guerrero (Ceteg) irrumpieron en la sede de la Direcci\u00f3n de Asuntos Jur\u00eddicos de &hellip; <a href=\"https:\/\/www.grieta.org.mx\/index.php\/2016\/05\/19\/maestros-de-la-ceteg-causan-destrozos-en-oficinas-de-educacion-en-guerrero\/\" class=\"more-link\">Leer m\u00e1s<\/a><\/p>\n","protected":false},"author":2,"featured_media":21928,"comment_status":"closed","ping_status":"closed","sticky":false,"template":"","format":"standard","meta":{"ngg_post_thumbnail":0,"_jetpack_newsletter_access":"","_jetpack_dont_email_post_to_subs":false,"_jetpack_newsletter_tier_id":0,"_jetpack_memberships_contains_paywalled_content":false,"_jetpack_memberships_contains_paid_content":false,"footnotes":""},"categories":[80],"tags":[674,135],"class_list":["post-12846","post","type-post","status-publish","format-standard","has-post-thumbnail","hentry","category-cintillo","tag-movilizaciones-maestros","tag-reforma-educativa","entry"],"jetpack_featured_media_url":"https:\/\/www.grieta.org.mx\/wp-content\/uploads\/2018\/03\/14524434_1106112876131411_958039263622046936_o.jpg","jetpack_sharing_enabled":true,"jetpack_shortlink":"https:\/\/wp.me\/p7ZJR4-3lc","jetpack_likes_enabled":false,"jetpack-related-posts":[{"id":12528,"url":"https:\/\/www.grieta.org.mx\/index.php\/2016\/09\/09\/movilizaciones-de-maestros-en-guerrero\/","url_meta":{"origin":12846,"position":0},"title":"Movilizaciones contra la Reforma educativa en Guerrero","author":"grieta","date":"9 septiembre, 2016","format":false,"excerpt":"08\/09\/16. CETEG toma una hora caseta de Palo Blanco, GuerreroMilenio 24\/08\/16. Contin\u00faan movilizaciones de Ceteg en Guerrero para abrogar la reforma educativa La Jornada 04\/08\/16. Antimotines repliegan a maestros de Guerrero sobre la autopista del sol El Financiero 01\/08\/16. La CETEG cierra dos gasolineras en la Cuernavaca-Acapulco en protesta contra\u2026","rel":"","context":"En &quot;Guerrero&quot;","block_context":{"text":"Guerrero","link":"https:\/\/www.grieta.org.mx\/index.php\/category\/noticias-nacionales\/guerrero\/"},"img":{"alt_text":"","src":"https:\/\/i0.wp.com\/www.grieta.org.mx\/wp-content\/uploads\/2018\/03\/14524434_1106112876131411_958039263622046936_o.jpg?resize=350%2C200&ssl=1","width":350,"height":200,"srcset":"https:\/\/i0.wp.com\/www.grieta.org.mx\/wp-content\/uploads\/2018\/03\/14524434_1106112876131411_958039263622046936_o.jpg?resize=350%2C200&ssl=1 1x, https:\/\/i0.wp.com\/www.grieta.org.mx\/wp-content\/uploads\/2018\/03\/14524434_1106112876131411_958039263622046936_o.jpg?resize=525%2C300&ssl=1 1.5x, https:\/\/i0.wp.com\/www.grieta.org.mx\/wp-content\/uploads\/2018\/03\/14524434_1106112876131411_958039263622046936_o.jpg?resize=700%2C400&ssl=1 2x"},"classes":[]},{"id":13325,"url":"https:\/\/www.grieta.org.mx\/index.php\/2016\/05\/31\/irrumpen-y-destrozan-integrantes-de-la-ceteg-equipo-en-dos-sedes-de-la-seg\/","url_meta":{"origin":12846,"position":1},"title":"Irrumpen y destrozan integrantes de la CETEG equipo en dos sedes de la SEG","author":"grieta","date":"31 mayo, 2016","format":false,"excerpt":"El Sur Alfonso Mar\u00edn Amezcua Chilpancingo. Un grupo de integrantes de la Coordinadora Estatal de Trabajadores de la Educaci\u00f3n en Guerrero (CETEG) con el rostro cubierto, incorporados a la facci\u00f3n de Ramos Reyes Guerrero, irrumpieron en dos oficinas de la Secretar\u00eda de Educaci\u00f3n Guerrero (SEG), donde hicieron destrozos en los\u2026","rel":"","context":"En &quot;CINTILLO&quot;","block_context":{"text":"CINTILLO","link":"https:\/\/www.grieta.org.mx\/index.php\/category\/cintillo\/"},"img":{"alt_text":"","src":"https:\/\/i0.wp.com\/www.grieta.org.mx\/wp-content\/uploads\/2018\/03\/14524434_1106112876131411_958039263622046936_o.jpg?resize=350%2C200&ssl=1","width":350,"height":200,"srcset":"https:\/\/i0.wp.com\/www.grieta.org.mx\/wp-content\/uploads\/2018\/03\/14524434_1106112876131411_958039263622046936_o.jpg?resize=350%2C200&ssl=1 1x, https:\/\/i0.wp.com\/www.grieta.org.mx\/wp-content\/uploads\/2018\/03\/14524434_1106112876131411_958039263622046936_o.jpg?resize=525%2C300&ssl=1 1.5x, https:\/\/i0.wp.com\/www.grieta.org.mx\/wp-content\/uploads\/2018\/03\/14524434_1106112876131411_958039263622046936_o.jpg?resize=700%2C400&ssl=1 2x"},"classes":[]},{"id":20270,"url":"https:\/\/www.grieta.org.mx\/index.php\/2016\/08\/24\/continuan-movilizaciones-de-ceteg-en-guerrero-para-abrogar-la-reforma-educativa\/","url_meta":{"origin":12846,"position":2},"title":"Contin\u00faan movilizaciones de Ceteg en Guerrero para abrogar la reforma educativa","author":"grieta","date":"24 agosto, 2016","format":false,"excerpt":"Margena de la O y Raymundo Ruiz Avil\u00e9s Los maestros disidentes tomaron la Direcci\u00f3n General de Secundarias y bloquearon una avenida del Centro de la capital del estado, como parte de las acciones contra la reforma educativa que dise\u00f1aron a nivel nacional. La Coordinadora Nacional de Trabajadores de la Educaci\u00f3n\u2026","rel":"","context":"En &quot;CINTILLO&quot;","block_context":{"text":"CINTILLO","link":"https:\/\/www.grieta.org.mx\/index.php\/category\/cintillo\/"},"img":{"alt_text":"","src":"https:\/\/i0.wp.com\/www.grieta.org.mx\/wp-content\/uploads\/2018\/03\/14524434_1106112876131411_958039263622046936_o.jpg?resize=350%2C200&ssl=1","width":350,"height":200,"srcset":"https:\/\/i0.wp.com\/www.grieta.org.mx\/wp-content\/uploads\/2018\/03\/14524434_1106112876131411_958039263622046936_o.jpg?resize=350%2C200&ssl=1 1x, https:\/\/i0.wp.com\/www.grieta.org.mx\/wp-content\/uploads\/2018\/03\/14524434_1106112876131411_958039263622046936_o.jpg?resize=525%2C300&ssl=1 1.5x, https:\/\/i0.wp.com\/www.grieta.org.mx\/wp-content\/uploads\/2018\/03\/14524434_1106112876131411_958039263622046936_o.jpg?resize=700%2C400&ssl=1 2x"},"classes":[]},{"id":13978,"url":"https:\/\/www.grieta.org.mx\/index.php\/2016\/06\/10\/movilizaciones-de-ceteg-y-otros-sindicatos-en-chilpancingo-iguala-tecpan-y-ayutla\/","url_meta":{"origin":12846,"position":3},"title":"Movilizaciones de CETEG y otros sindicatos en Chilpancingo, Iguala, Tecpan y Ayutla","author":"grieta","date":"10 junio, 2016","format":false,"excerpt":"El Sur, Destrozan e incendian maestros de la Ceteg oficinas de Educaci\u00f3n B\u00e1sica de la SEG Alina Navarrete Fern\u00e1ndez Chilpancingo.- Integrantes de la Coordinadora Estatal de Trabajadores de la Educaci\u00f3n en Guerrero (CETEG) de la facci\u00f3n encabezada por el secretario general Ramos Reyes Guerrero, destrozaron e incendiaron la Subsecretar\u00eda de\u2026","rel":"","context":"En &quot;CINTILLO&quot;","block_context":{"text":"CINTILLO","link":"https:\/\/www.grieta.org.mx\/index.php\/category\/cintillo\/"},"img":{"alt_text":"","src":"https:\/\/i0.wp.com\/www.grieta.org.mx\/wp-content\/uploads\/2018\/03\/14524434_1106112876131411_958039263622046936_o.jpg?resize=350%2C200&ssl=1","width":350,"height":200,"srcset":"https:\/\/i0.wp.com\/www.grieta.org.mx\/wp-content\/uploads\/2018\/03\/14524434_1106112876131411_958039263622046936_o.jpg?resize=350%2C200&ssl=1 1x, https:\/\/i0.wp.com\/www.grieta.org.mx\/wp-content\/uploads\/2018\/03\/14524434_1106112876131411_958039263622046936_o.jpg?resize=525%2C300&ssl=1 1.5x, https:\/\/i0.wp.com\/www.grieta.org.mx\/wp-content\/uploads\/2018\/03\/14524434_1106112876131411_958039263622046936_o.jpg?resize=700%2C400&ssl=1 2x"},"classes":[]},{"id":15089,"url":"https:\/\/www.grieta.org.mx\/index.php\/2016\/06\/21\/ceteg-y-padres-de-familia-marchan-en-cinco-puntos-de-guerrero-en-repudio-a-violencia-en-oaxaca\/","url_meta":{"origin":12846,"position":4},"title":"CETEG y padres de familia marchan en cinco puntos de Guerrero en repudio a violencia en Oaxaca","author":"grieta","date":"21 junio, 2016","format":false,"excerpt":"Francisca Santiaguez En Chilpancingo, los maestros de la Coordinadora Estatal marcharon por las calles de la ciudad, efectuaron paradas de protesta en Palacio de Gobierno, en la Fiscal\u00eda General del Estado (FGE), y recorrieron algunas tiendas de autoservicio; posteriormente, tomaron un tramo de la Autopista del Sol y retornaron a\u2026","rel":"","context":"En &quot;CINTILLO&quot;","block_context":{"text":"CINTILLO","link":"https:\/\/www.grieta.org.mx\/index.php\/category\/cintillo\/"},"img":{"alt_text":"","src":"https:\/\/i0.wp.com\/www.grieta.org.mx\/wp-content\/uploads\/2018\/03\/14524434_1106112876131411_958039263622046936_o.jpg?resize=350%2C200&ssl=1","width":350,"height":200,"srcset":"https:\/\/i0.wp.com\/www.grieta.org.mx\/wp-content\/uploads\/2018\/03\/14524434_1106112876131411_958039263622046936_o.jpg?resize=350%2C200&ssl=1 1x, https:\/\/i0.wp.com\/www.grieta.org.mx\/wp-content\/uploads\/2018\/03\/14524434_1106112876131411_958039263622046936_o.jpg?resize=525%2C300&ssl=1 1.5x, https:\/\/i0.wp.com\/www.grieta.org.mx\/wp-content\/uploads\/2018\/03\/14524434_1106112876131411_958039263622046936_o.jpg?resize=700%2C400&ssl=1 2x"},"classes":[]},{"id":13075,"url":"https:\/\/www.grieta.org.mx\/index.php\/2016\/05\/26\/marchan-8-mil-contra-reforma-educativa-en-la-capital-de-guerrero\/","url_meta":{"origin":12846,"position":5},"title":"Marchan 8 mil contra reforma educativa en la capital de Guerrero","author":"grieta","date":"26 mayo, 2016","format":false,"excerpt":"El Sur, Alina Navarrete Fern\u00e1ndez Chilpancingo. Unos 8 mil integrantes de los grupos opuestos de la Coordinadora Estatal de Trabajadores de la Educaci\u00f3n en Guerrero (CETEG), acompa\u00f1ados de estudiantes, padres de familia y activistas, marcharon en la capital por la unidad de las bases, en contra de la reforma educativa\u2026","rel":"","context":"En &quot;CINTILLO&quot;","block_context":{"text":"CINTILLO","link":"https:\/\/www.grieta.org.mx\/index.php\/category\/cintillo\/"},"img":{"alt_text":"","src":"https:\/\/i0.wp.com\/www.grieta.org.mx\/wp-content\/uploads\/2018\/03\/14524434_1106112876131411_958039263622046936_o.jpg?resize=350%2C200&ssl=1","width":350,"height":200,"srcset":"https:\/\/i0.wp.com\/www.grieta.org.mx\/wp-content\/uploads\/2018\/03\/14524434_1106112876131411_958039263622046936_o.jpg?resize=350%2C200&ssl=1 1x, https:\/\/i0.wp.com\/www.grieta.org.mx\/wp-content\/uploads\/2018\/03\/14524434_1106112876131411_958039263622046936_o.jpg?resize=525%2C300&ssl=1 1.5x, https:\/\/i0.wp.com\/www.grieta.org.mx\/wp-content\/uploads\/2018\/03\/14524434_1106112876131411_958039263622046936_o.jpg?resize=700%2C400&ssl=1 2x"},"classes":[]}],"_links":{"self":[{"href":"https:\/\/www.grieta.org.mx\/index.php\/wp-json\/wp\/v2\/posts\/12846","targetHints":{"allow":["GET"]}}],"collection":[{"href":"https:\/\/www.grieta.org.mx\/index.php\/wp-json\/wp\/v2\/posts"}],"about":[{"href":"https:\/\/www.grieta.org.mx\/index.php\/wp-json\/wp\/v2\/types\/post"}],"author":[{"embeddable":true,"href":"https:\/\/www.grieta.org.mx\/index.php\/wp-json\/wp\/v2\/users\/2"}],"replies":[{"embeddable":true,"href":"https:\/\/www.grieta.org.mx\/index.php\/wp-json\/wp\/v2\/comments?post=12846"}],"version-history":[{"count":1,"href":"https:\/\/www.grieta.org.mx\/index.php\/wp-json\/wp\/v2\/posts\/12846\/revisions"}],"predecessor-version":[{"id":12849,"href":"https:\/\/www.grieta.org.mx\/index.php\/wp-json\/wp\/v2\/posts\/12846\/revisions\/12849"}],"wp:featuredmedia":[{"embeddable":true,"href":"https:\/\/www.grieta.org.mx\/index.php\/wp-json\/wp\/v2\/media\/21928"}],"wp:attachment":[{"href":"https:\/\/www.grieta.org.mx\/index.php\/wp-json\/wp\/v2\/media?parent=12846"}],"wp:term":[{"taxonomy":"category","embeddable":true,"href":"https:\/\/www.grieta.org.mx\/index.php\/wp-json\/wp\/v2\/categories?post=12846"},{"taxonomy":"post_tag","embeddable":true,"href":"https:\/\/www.grieta.org.mx\/index.php\/wp-json\/wp\/v2\/tags?post=12846"}],"curies":[{"name":"wp","href":"https:\/\/api.w.org\/{rel}","templated":true}]}}