{"id":12838,"date":"2016-04-27T19:23:16","date_gmt":"2016-04-27T19:23:16","guid":{"rendered":"http:\/\/www.grieta.org.mx\/?p=12838"},"modified":"2016-05-23T19:27:36","modified_gmt":"2016-05-23T19:27:36","slug":"jarretaderas-un-pueblo-que-ha-sido-marginado-por-el-mayan-palace","status":"publish","type":"post","link":"https:\/\/www.grieta.org.mx\/index.php\/2016\/04\/27\/jarretaderas-un-pueblo-que-ha-sido-marginado-por-el-mayan-palace\/","title":{"rendered":"Jarretaderas, un pueblo que ha sido marginado por el Mayan Palace"},"content":{"rendered":"<p>Fernando S\u00e1nchez\/Noticias alternativo<\/p>\n<p>Le han sacado m\u00e1s de 3 millones de metros c\u00fabicos de material p\u00e9treo al r\u00edo para la construcci\u00f3n del grupo VIDANTA, que han explotado y contaminado terriblemente el lugar.<\/p>\n<p>Vecinos de Jarretaderas, un poblado que se ubica a 3 minutos del fraccionamiento Nuevo Vallarta, tambi\u00e9n se unieron a la protesta en donde denunciaron que su pueblo ha sido marginado por mayan Palace (VIDANTA) y que les han levantado bardas que les cierran los cinco accesos al rio y a playa, para evitar que los pescadores y pobladores acedan.<\/p>\n<p>Los manifestantes denuncian p\u00fablicamente que le han sacado m\u00e1s de 3 millones de metros c\u00fabicos de material p\u00e9treo al r\u00edo sin ninguna autorizaci\u00f3n, en donde normalmente hay entre 20 y 25 volteos sacando material p\u00e9treo del rio diariamente y que va a la construcci\u00f3n del grupo VIDANTA que han explotado y contaminado terriblemente la naturaleza del lugar.<\/p>\n<p>Los pobladores le ha pedido que a cambio de todo el da\u00f1o que le han hecho al pueblo de Jarretaderas les hagan un proyecto para mejorar la comunidad, pero  nunca lo han querido hacer, ni siquiera una calle han querido pavimentar.<\/p>\n<p>Lo que les gustar\u00eda prevenir es que no se vaya a destruir la Isla de los P\u00e1jaros,  porque Mayan Palace trae el proyecto del famoso Cirque du Soleil, en el cual se supone que van a desarrollar dentro la Isla y que podr\u00eda destruir el habitad de los animales que se supone est\u00e1 catalogado como  Parque Nacional.<\/p>\n<p>Los vecinos comentan que le han pedido a la Direcci\u00f3n de Desarrollo Urbano y Ecolog\u00eda y tambi\u00e9n al presidente municipal de Bah\u00eda de Banderas Jos\u00e9 G\u00f3mez que les transparenten los proyectos, pero que jam\u00e1s le han hecho caso.<\/p>\n<p>Por su parte el Director de la Fundaci\u00f3n Jean-Michael Cousteau\u00b4s en Am\u00e9rica latina, Rub\u00e9n D. Arvizu, quien est\u00e1 en bah\u00eda de Bandera realizando una investigaci\u00f3n para un documental, dijo que le encantar\u00eda platicar con el presidente municipal e invitarlo a la conferencia que estar\u00e1 dando en el desarrollo de la playa Destiladeras, Nayarit.<\/p>\n<p>El Lic. Indalecio S\u00e1nchez quien tambi\u00e9n es vecino del lugar recalc\u00f3 que el problema no es tan solo del presidente municipal, sin han sido gobernadores de 2 o 3 trienios y lo m\u00e1s terrible es que  el presidente de la Republica acaba de condecorar con la medalla del mejor emprendedor del pa\u00eds, al fundar del Mayan Palace Daniel de Jes\u00fas Ch\u00e1vez Moran.<\/p>\n<p>\u201cQue incongruencias tiene la vida: Un se\u00f1or que en su manifest\u00f3  dice que este es un destino pr\u00edstino y que tienen un compromiso con la sociedad y el medio ambiente, pero realmente hacen lo que quieren y todav\u00eda lo premian\u201d exclamaron los vecino<\/p>\n<p><a href=\"http:\/\/alternativonoticias.com\/noticias-bahia-de-banderas\/item\/662-jarretaderas,-un-pueblo-que-ha-sido-marginado-por-mayan-palace.html#.V0MSdXT3veQ\" target=\"_blank\">http:\/\/alternativonoticias.com\/noticias-bahia-de-banderas\/item\/662-jarretaderas,-un-pueblo-que-ha-sido-marginado-por-mayan-palace.html#.V0MSdXT3veQ<\/a><\/p>\n","protected":false},"excerpt":{"rendered":"<p>Fernando S\u00e1nchez\/Noticias alternativo Le han sacado m\u00e1s de 3 millones de metros c\u00fabicos de material p\u00e9treo al r\u00edo para la construcci\u00f3n del grupo VIDANTA, que han explotado y contaminado terriblemente &hellip; <a href=\"https:\/\/www.grieta.org.mx\/index.php\/2016\/04\/27\/jarretaderas-un-pueblo-que-ha-sido-marginado-por-el-mayan-palace\/\" class=\"more-link\">Leer m\u00e1s<\/a><\/p>\n","protected":false},"author":2,"featured_media":21928,"comment_status":"closed","ping_status":"closed","sticky":false,"template":"","format":"standard","meta":{"ngg_post_thumbnail":0,"_jetpack_newsletter_access":"","_jetpack_dont_email_post_to_subs":false,"_jetpack_newsletter_tier_id":0,"_jetpack_memberships_contains_paywalled_content":false,"_jetpack_memberships_contains_paid_content":false,"footnotes":""},"categories":[80,145],"tags":[673,316,573],"class_list":["post-12838","post","type-post","status-publish","format-standard","has-post-thumbnail","hentry","category-cintillo","category-nayarit","tag-grupo-vidanta","tag-manglar","tag-proyecto-turistico","entry"],"jetpack_featured_media_url":"https:\/\/www.grieta.org.mx\/wp-content\/uploads\/2018\/03\/14524434_1106112876131411_958039263622046936_o.jpg","jetpack_sharing_enabled":true,"jetpack_shortlink":"https:\/\/wp.me\/p7ZJR4-3l4","jetpack_likes_enabled":false,"jetpack-related-posts":[{"id":11530,"url":"https:\/\/www.grieta.org.mx\/index.php\/2016\/04\/27\/desarrollos-turisticos-en-nayarit\/","url_meta":{"origin":12838,"position":0},"title":"Desarrollos tur\u00edsticos en Nayarit","author":"grieta","date":"27 abril, 2016","format":false,"excerpt":"27\/04\/16. Grupo Vidanta modifica el cauce del r\u00edo Ameca nncMX 27\/04\/16. Jarretaderas, un pueblo que ha sido marginado por el Mayan Palace Noticias alternativo 18\/04\/16. Empresarios, due\u00f1os de facto de Punta de Mita, dicen pobladores La Jornada 29\/01\/16. El \u201cagandalle\u201d del mar Quadrat\u00edn","rel":"","context":"En &quot;Nayarit&quot;","block_context":{"text":"Nayarit","link":"https:\/\/www.grieta.org.mx\/index.php\/category\/noticias-nacionales\/nayarit\/"},"img":{"alt_text":"","src":"https:\/\/i0.wp.com\/www.grieta.org.mx\/wp-content\/uploads\/2018\/03\/14524434_1106112876131411_958039263622046936_o.jpg?resize=350%2C200&ssl=1","width":350,"height":200,"srcset":"https:\/\/i0.wp.com\/www.grieta.org.mx\/wp-content\/uploads\/2018\/03\/14524434_1106112876131411_958039263622046936_o.jpg?resize=350%2C200&ssl=1 1x, https:\/\/i0.wp.com\/www.grieta.org.mx\/wp-content\/uploads\/2018\/03\/14524434_1106112876131411_958039263622046936_o.jpg?resize=525%2C300&ssl=1 1.5x, https:\/\/i0.wp.com\/www.grieta.org.mx\/wp-content\/uploads\/2018\/03\/14524434_1106112876131411_958039263622046936_o.jpg?resize=700%2C400&ssl=1 2x"},"classes":[]},{"id":12831,"url":"https:\/\/www.grieta.org.mx\/index.php\/2016\/01\/29\/el-agandalle-del-mar\/","url_meta":{"origin":12838,"position":1},"title":"El \u201cagandalle\u201d del mar","author":"grieta","date":"29 enero, 2016","format":false,"excerpt":"J. Vel\u00e1zquez Flores\/Quadrat\u00edn Don Jos\u00e9 es un pescador nayarita que durante a\u00f1os ha encontrado el sustento en las aguas del oc\u00e9ano Pac\u00edfico, de la misma manera que le ense\u00f1\u00f3 su padre y a este su abuelo y as\u00ed todos los que fueron cabezas de familia de su estirpe por generaciones.\u2026","rel":"","context":"En &quot;CINTILLO&quot;","block_context":{"text":"CINTILLO","link":"https:\/\/www.grieta.org.mx\/index.php\/category\/cintillo\/"},"img":{"alt_text":"","src":"https:\/\/i0.wp.com\/www.grieta.org.mx\/wp-content\/uploads\/2018\/03\/14524434_1106112876131411_958039263622046936_o.jpg?resize=350%2C200&ssl=1","width":350,"height":200,"srcset":"https:\/\/i0.wp.com\/www.grieta.org.mx\/wp-content\/uploads\/2018\/03\/14524434_1106112876131411_958039263622046936_o.jpg?resize=350%2C200&ssl=1 1x, https:\/\/i0.wp.com\/www.grieta.org.mx\/wp-content\/uploads\/2018\/03\/14524434_1106112876131411_958039263622046936_o.jpg?resize=525%2C300&ssl=1 1.5x, https:\/\/i0.wp.com\/www.grieta.org.mx\/wp-content\/uploads\/2018\/03\/14524434_1106112876131411_958039263622046936_o.jpg?resize=700%2C400&ssl=1 2x"},"classes":[]},{"id":13012,"url":"https:\/\/www.grieta.org.mx\/index.php\/2016\/05\/15\/grupo-vidanta-modifica-el-cauce-del-rio-ameca\/","url_meta":{"origin":12838,"position":2},"title":"Grupo Vidanta modifica el cauce del r\u00edo Ameca","author":"grieta","date":"15 mayo, 2016","format":false,"excerpt":"Mauricio Lira Camacho\/MERIDIANO Puerto Vallarta Activistas y abogados que realizaron un recorrido en estos d\u00edas, como producto de una serie de denuncias que se han hecho con antelaci\u00f3n, para frenar tal atropello El grupo Vidanta modifica el cauce natural del r\u00edo Ameca adem\u00e1s, destruye con camiones y pesada maquinaria todo\u2026","rel":"","context":"En &quot;CINTILLO&quot;","block_context":{"text":"CINTILLO","link":"https:\/\/www.grieta.org.mx\/index.php\/category\/cintillo\/"},"img":{"alt_text":"","src":"https:\/\/i0.wp.com\/www.grieta.org.mx\/wp-content\/uploads\/2018\/03\/14524434_1106112876131411_958039263622046936_o.jpg?resize=350%2C200&ssl=1","width":350,"height":200,"srcset":"https:\/\/i0.wp.com\/www.grieta.org.mx\/wp-content\/uploads\/2018\/03\/14524434_1106112876131411_958039263622046936_o.jpg?resize=350%2C200&ssl=1 1x, https:\/\/i0.wp.com\/www.grieta.org.mx\/wp-content\/uploads\/2018\/03\/14524434_1106112876131411_958039263622046936_o.jpg?resize=525%2C300&ssl=1 1.5x, https:\/\/i0.wp.com\/www.grieta.org.mx\/wp-content\/uploads\/2018\/03\/14524434_1106112876131411_958039263622046936_o.jpg?resize=700%2C400&ssl=1 2x"},"classes":[]},{"id":14085,"url":"https:\/\/www.grieta.org.mx\/index.php\/2016\/05\/20\/nuevo-vallarta-es-reconocido-como-destino-turistico-limpio-a-pesar-de-contaminacion\/","url_meta":{"origin":12838,"position":3},"title":"Nuevo Vallarta es reconocido como \u201cDestino Tur\u00edstico Limpio&#8221; a pesar de contaminaci\u00f3n","author":"grieta","date":"20 mayo, 2016","format":false,"excerpt":"Fernando Sanchez\/Alternativo Noticias Bah\u00eda de Banderas, Nay.- La Procuradur\u00eda Federal de Protecci\u00f3n al Medio Ambiente (PROFEPA) entreg\u00f3 este jueves, en presencia del gobernador del Estado de Nayarit Roberto Sandoval Casta\u00f1eda, el reconocimiento \u201cDestino Tur\u00edstico Limpio\u201d al Fideicomiso Bah\u00eda de Banderas (FIBBA) en Nuevo Vallarta. Este es el primer y \u00fanico\u2026","rel":"","context":"En &quot;CINTILLO&quot;","block_context":{"text":"CINTILLO","link":"https:\/\/www.grieta.org.mx\/index.php\/category\/cintillo\/"},"img":{"alt_text":"","src":"https:\/\/i0.wp.com\/www.grieta.org.mx\/wp-content\/uploads\/2018\/03\/14524434_1106112876131411_958039263622046936_o.jpg?resize=350%2C200&ssl=1","width":350,"height":200,"srcset":"https:\/\/i0.wp.com\/www.grieta.org.mx\/wp-content\/uploads\/2018\/03\/14524434_1106112876131411_958039263622046936_o.jpg?resize=350%2C200&ssl=1 1x, https:\/\/i0.wp.com\/www.grieta.org.mx\/wp-content\/uploads\/2018\/03\/14524434_1106112876131411_958039263622046936_o.jpg?resize=525%2C300&ssl=1 1.5x, https:\/\/i0.wp.com\/www.grieta.org.mx\/wp-content\/uploads\/2018\/03\/14524434_1106112876131411_958039263622046936_o.jpg?resize=700%2C400&ssl=1 2x"},"classes":[]},{"id":31350,"url":"https:\/\/www.grieta.org.mx\/index.php\/2019\/03\/26\/rios-bajan-en-el-nivel-de-agua-piden-frenar-el-saqueo-de-material-petreo-guerrero\/","url_meta":{"origin":12838,"position":4},"title":"R\u00edos bajan en el nivel de agua; piden frenar el saqueo de material p\u00e9treo (Guerrero)","author":"grieta","date":"26 marzo, 2019","format":false,"excerpt":"Iliana Hern\u00e1ndez Cruz \/ El Sol de Acapulco AYUTLA DE LOS LIBRES, GUERRERO., El saqueo de material como arena, piedra y graba de r\u00edos y arroyos en las diferentes comunidades y cabecera municipal de Ayutla, han provocado que el nivel del rio baje antes de que inicie la temporada de\u2026","rel":"","context":"En &quot;CINTILLO&quot;","block_context":{"text":"CINTILLO","link":"https:\/\/www.grieta.org.mx\/index.php\/category\/cintillo\/"},"img":{"alt_text":"","src":"https:\/\/i0.wp.com\/www.grieta.org.mx\/wp-content\/uploads\/2019\/03\/petreos-rios-de-costa-chica.jpg?resize=350%2C200&ssl=1","width":350,"height":200,"srcset":"https:\/\/i0.wp.com\/www.grieta.org.mx\/wp-content\/uploads\/2019\/03\/petreos-rios-de-costa-chica.jpg?resize=350%2C200&ssl=1 1x, https:\/\/i0.wp.com\/www.grieta.org.mx\/wp-content\/uploads\/2019\/03\/petreos-rios-de-costa-chica.jpg?resize=525%2C300&ssl=1 1.5x, https:\/\/i0.wp.com\/www.grieta.org.mx\/wp-content\/uploads\/2019\/03\/petreos-rios-de-costa-chica.jpg?resize=700%2C400&ssl=1 2x"},"classes":[]},{"id":69944,"url":"https:\/\/www.grieta.org.mx\/index.php\/2024\/09\/26\/con-violencia-impiden-que-se-cancele-banco-petreo-que-opera-ilegalmente-para-el-fc-interoceanico-oaxaca\/","url_meta":{"origin":12838,"position":5},"title":"Con violencia impiden que se cancele banco p\u00e9treo que opera ilegalmente para el FC interoce\u00e1nico (Oaxaca)","author":"grieta","date":"26 septiembre, 2024","format":false,"excerpt":"Imagen: P\u00e1gina 3 Diana Manzon \/ P\u00e1gina 3 \u00a0Oaxaca, Oax.- La violencia contra defensores en\u00a0\u00a0Oaxaca\u00a0va en aumento, y es que hace 10 d\u00edas, el pasado 15 de agosto, un grupo de civiles armados violent\u00f3 a funcionarios de la Procuradur\u00eda de Protecci\u00f3n al Ambiente del Estado de Oaxaca (PROPAEO) y al\u2026","rel":"","context":"En &quot;CINTILLO&quot;","block_context":{"text":"CINTILLO","link":"https:\/\/www.grieta.org.mx\/index.php\/category\/cintillo\/"},"img":{"alt_text":"","src":"https:\/\/i0.wp.com\/www.grieta.org.mx\/wp-content\/uploads\/2024\/10\/banco-petreo-ilegal-Istmo-0.jpeg?resize=350%2C200&ssl=1","width":350,"height":200,"srcset":"https:\/\/i0.wp.com\/www.grieta.org.mx\/wp-content\/uploads\/2024\/10\/banco-petreo-ilegal-Istmo-0.jpeg?resize=350%2C200&ssl=1 1x, https:\/\/i0.wp.com\/www.grieta.org.mx\/wp-content\/uploads\/2024\/10\/banco-petreo-ilegal-Istmo-0.jpeg?resize=525%2C300&ssl=1 1.5x, https:\/\/i0.wp.com\/www.grieta.org.mx\/wp-content\/uploads\/2024\/10\/banco-petreo-ilegal-Istmo-0.jpeg?resize=700%2C400&ssl=1 2x"},"classes":[]}],"_links":{"self":[{"href":"https:\/\/www.grieta.org.mx\/index.php\/wp-json\/wp\/v2\/posts\/12838","targetHints":{"allow":["GET"]}}],"collection":[{"href":"https:\/\/www.grieta.org.mx\/index.php\/wp-json\/wp\/v2\/posts"}],"about":[{"href":"https:\/\/www.grieta.org.mx\/index.php\/wp-json\/wp\/v2\/types\/post"}],"author":[{"embeddable":true,"href":"https:\/\/www.grieta.org.mx\/index.php\/wp-json\/wp\/v2\/users\/2"}],"replies":[{"embeddable":true,"href":"https:\/\/www.grieta.org.mx\/index.php\/wp-json\/wp\/v2\/comments?post=12838"}],"version-history":[{"count":1,"href":"https:\/\/www.grieta.org.mx\/index.php\/wp-json\/wp\/v2\/posts\/12838\/revisions"}],"predecessor-version":[{"id":12839,"href":"https:\/\/www.grieta.org.mx\/index.php\/wp-json\/wp\/v2\/posts\/12838\/revisions\/12839"}],"wp:featuredmedia":[{"embeddable":true,"href":"https:\/\/www.grieta.org.mx\/index.php\/wp-json\/wp\/v2\/media\/21928"}],"wp:attachment":[{"href":"https:\/\/www.grieta.org.mx\/index.php\/wp-json\/wp\/v2\/media?parent=12838"}],"wp:term":[{"taxonomy":"category","embeddable":true,"href":"https:\/\/www.grieta.org.mx\/index.php\/wp-json\/wp\/v2\/categories?post=12838"},{"taxonomy":"post_tag","embeddable":true,"href":"https:\/\/www.grieta.org.mx\/index.php\/wp-json\/wp\/v2\/tags?post=12838"}],"curies":[{"name":"wp","href":"https:\/\/api.w.org\/{rel}","templated":true}]}}