{"id":12800,"date":"2016-05-14T16:56:36","date_gmt":"2016-05-14T16:56:36","guid":{"rendered":"http:\/\/www.grieta.org.mx\/?p=12800"},"modified":"2016-05-23T17:01:26","modified_gmt":"2016-05-23T17:01:26","slug":"en-queretaro-rechazan-presencia-de-la-gendarmeria","status":"publish","type":"post","link":"https:\/\/www.grieta.org.mx\/index.php\/2016\/05\/14\/en-queretaro-rechazan-presencia-de-la-gendarmeria\/","title":{"rendered":"En Quer\u00e9taro rechazan presencia de la Gendarmer\u00eda"},"content":{"rendered":"<p>Diego Rodr\u00edguez\/AM Quer\u00e9taro<\/p>\n<blockquote><p>Recientemente un voluntario de la Estancia del Migrante fue agredido con arma de fuego por personal de la empresa contratada por Ferromex\n<\/p><\/blockquote>\n<p>Activistas de la Red para las Migraciones en Quer\u00e9taro y de la Estancia del Migrante se pronunciaron en contra de la presencia de la Divisi\u00f3n de Gendarmer\u00eda de la Polic\u00eda Federal y exigieron que se abone por la defensa de los derechos humanos, tanto de los voluntarios como de los indocumentados que diariamente pasan por el estado.<\/p>\n<p>En voz de Claudia Le\u00f3n, integrante de los organismos referidos, con la presencia de la Gendarmer\u00eda se respaldar\u00edan actos de intimidaci\u00f3n y agresi\u00f3n que han sufrido tanto sus compa\u00f1eros voluntarios, como las personas que viajan a bordo del tren en el que pretenden llegar a Estados Unidos.<\/p>\n<p>En este sentido, record\u00f3 que recientemente un voluntario de la Estancia del Migrante fue agredido con arma de fuego por personal de la empresa contratada por Ferromex, de acuerdo con su dicho.<\/p>\n<p>    \u201cPor supuesto que la preocupaci\u00f3n es grande porque, hace unas dos semanas, uno de los compa\u00f1eros sufri\u00f3 agresiones directas con disparos de las armas  de los cuerpos de seguridad. Eso nos da un mensaje en el que se est\u00e1 legitimando o apoyando no solo la presencia de estos cuerpos, sino tambi\u00e9n el que intervenga la Gendarmer\u00eda a coordinarse con estos cuerpos\u201d, indic\u00f3 Claudia Le\u00f3n.<\/p>\n<p>En este contexto, consider\u00f3 que diversas autoridades han cometido omisiones en la defensa de los derechos humanos, a quienes acus\u00f3 de no tener una visi\u00f3n real del conflicto que se vive en zonas como el municipio de Tequisquiapan, donde se ubica la Estancia del Migrante.<\/p>\n<p>Claudia Le\u00f3n manifest\u00f3 diversos cuestionamientos sobre la pr\u00f3xima llegada de la Gendarmer\u00eda en torno de a qui\u00e9nes estar\u00e1n sirviendo en realidad.<\/p>\n<p>    \u201cCreo que hay varias omisiones por parte del gobierno o de los funcionarios a quienes compete tomar este tipo de decisiones, ll\u00e1mese Secretar\u00eda de Seguridad Ciudadana, ll\u00e1mese presidente de la Comisi\u00f3n de Seguridad P\u00fablica y Protecci\u00f3n Civil de la Legislatura del estado de Quer\u00e9taro, que creo que no han logrado visibilizar la gravedad del asunto que estos cuerpos de seguridad han generado\u201d, indic\u00f3 la activista.<\/p>\n<p>Finalmente, dej\u00f3 en claro que las afectaciones han sido \u201cno solo para las personas migrantes sino de las personas que se encuentran defendiendo migrantes, proporcionando apoyo humanitario a quienes transitan sobre el tren de carga. Generar este tipo de colaboraci\u00f3n abre muchas preguntas y sospechas de para qu\u00e9 estar\u00e1n estos gendarmes colaborando estrechamente con guardias de seguridad privada\u201d.<\/p>\n<p><a href=\"http:\/\/amqueretaro.com\/queretaro\/2016\/05\/14\/rechazan-presencia-de-la-gendarmeria-activistas\" target=\"_blank\">http:\/\/amqueretaro.com\/queretaro\/2016\/05\/14\/rechazan-presencia-de-la-gendarmeria-activistas<\/a><\/p>\n","protected":false},"excerpt":{"rendered":"<p>Diego Rodr\u00edguez\/AM Quer\u00e9taro Recientemente un voluntario de la Estancia del Migrante fue agredido con arma de fuego por personal de la empresa contratada por Ferromex Activistas de la Red para &hellip; <a href=\"https:\/\/www.grieta.org.mx\/index.php\/2016\/05\/14\/en-queretaro-rechazan-presencia-de-la-gendarmeria\/\" class=\"more-link\">Leer m\u00e1s<\/a><\/p>\n","protected":false},"author":2,"featured_media":21928,"comment_status":"closed","ping_status":"closed","sticky":false,"template":"","format":"standard","meta":{"ngg_post_thumbnail":0,"_jetpack_newsletter_access":"","_jetpack_dont_email_post_to_subs":false,"_jetpack_newsletter_tier_id":0,"_jetpack_memberships_contains_paywalled_content":false,"_jetpack_memberships_contains_paid_content":false,"footnotes":""},"categories":[80],"tags":[382,158],"class_list":["post-12800","post","type-post","status-publish","format-standard","has-post-thumbnail","hentry","category-cintillo","tag-ferromex","tag-migrantes","entry"],"jetpack_featured_media_url":"https:\/\/www.grieta.org.mx\/wp-content\/uploads\/2018\/03\/14524434_1106112876131411_958039263622046936_o.jpg","jetpack_sharing_enabled":true,"jetpack_shortlink":"https:\/\/wp.me\/p7ZJR4-3ks","jetpack_likes_enabled":false,"jetpack-related-posts":[{"id":4965,"url":"https:\/\/www.grieta.org.mx\/index.php\/2016\/08\/01\/agresiones-contra-migrantes-por-parte-de-guardias-de-ferromex\/","url_meta":{"origin":12800,"position":0},"title":"Migrantes en Quer\u00e9taro","author":"grieta","date":"1 agosto, 2016","format":false,"excerpt":"01\/08\/16. Remesas de migrantes a Quer\u00e9taro en primer semestre de 2016 equivalen a 137 veces el presupuesto anual de Sedesoq C\u00f3dice informativo Agresiones contra migrantes por parte de guardias privados de Ferromex 14\/05\/16. En Quer\u00e9taro rechazan presencia de la Gendarmer\u00eda AM Quer\u00e9taro 28\/04\/16. Agreden a balazos a voluntarios de Estancia\u2026","rel":"","context":"En &quot;Migrantes&quot;","block_context":{"text":"Migrantes","link":"https:\/\/www.grieta.org.mx\/index.php\/category\/temas-nacionales\/migrantes\/"},"img":{"alt_text":"","src":"https:\/\/i0.wp.com\/www.grieta.org.mx\/wp-content\/uploads\/2018\/03\/14524434_1106112876131411_958039263622046936_o.jpg?resize=350%2C200&ssl=1","width":350,"height":200,"srcset":"https:\/\/i0.wp.com\/www.grieta.org.mx\/wp-content\/uploads\/2018\/03\/14524434_1106112876131411_958039263622046936_o.jpg?resize=350%2C200&ssl=1 1x, https:\/\/i0.wp.com\/www.grieta.org.mx\/wp-content\/uploads\/2018\/03\/14524434_1106112876131411_958039263622046936_o.jpg?resize=525%2C300&ssl=1 1.5x, https:\/\/i0.wp.com\/www.grieta.org.mx\/wp-content\/uploads\/2018\/03\/14524434_1106112876131411_958039263622046936_o.jpg?resize=700%2C400&ssl=1 2x"},"classes":[]},{"id":4971,"url":"https:\/\/www.grieta.org.mx\/index.php\/2015\/09\/09\/niega-ferromex-agresion-a-migrantes-y-personal-de-estancia-del-migrante\/","url_meta":{"origin":12800,"position":1},"title":"Niega Ferromex agresi\u00f3n a migrantes y personal de Estancia del Migrante","author":"grieta","date":"9 septiembre, 2015","format":false,"excerpt":"Andy Mart\u00ednez\/Quadrat\u00edn QUER\u00c9TARO, Qro., 9 de septiembre del 2015.- La empresa Ferromex neg\u00f3 que su personal de seguridad privada agrediera a los migrantes y a personal de la Estancia del Migrante Gonz\u00e1lez y Mart\u00ednez, revel\u00f3 el secretario de gobierno estatal, Juan Carlos Espinosa Larracoechea. Luego de que dicha estancia denunci\u00f3\u2026","rel":"","context":"En &quot;CINTILLO&quot;","block_context":{"text":"CINTILLO","link":"https:\/\/www.grieta.org.mx\/index.php\/category\/cintillo\/"},"img":{"alt_text":"","src":"https:\/\/i0.wp.com\/www.grieta.org.mx\/wp-content\/uploads\/2018\/03\/14524434_1106112876131411_958039263622046936_o.jpg?resize=350%2C200&ssl=1","width":350,"height":200,"srcset":"https:\/\/i0.wp.com\/www.grieta.org.mx\/wp-content\/uploads\/2018\/03\/14524434_1106112876131411_958039263622046936_o.jpg?resize=350%2C200&ssl=1 1x, https:\/\/i0.wp.com\/www.grieta.org.mx\/wp-content\/uploads\/2018\/03\/14524434_1106112876131411_958039263622046936_o.jpg?resize=525%2C300&ssl=1 1.5x, https:\/\/i0.wp.com\/www.grieta.org.mx\/wp-content\/uploads\/2018\/03\/14524434_1106112876131411_958039263622046936_o.jpg?resize=700%2C400&ssl=1 2x"},"classes":[]},{"id":11612,"url":"https:\/\/www.grieta.org.mx\/index.php\/2016\/04\/28\/agreden-a-balazos-a-voluntarios-de-estancia-del-migrante\/","url_meta":{"origin":12800,"position":2},"title":"Agreden a balazos a voluntarios de Estancia del Migrante","author":"grieta","date":"28 abril, 2016","format":false,"excerpt":"Alma C\u00f3rdova\/AM Quer\u00e9taro Los voluntarios de la Estancia del Migrante \u201cGonz\u00e1lez y Mart\u00ednez\u201d denunciaron que han sido v\u00edctimas de constantes agresiones de noviembre a la fecha De noviembre a la fecha, los voluntarios de la Estancia del Migrante \u201cGonz\u00e1lez y Mart\u00ednez\u201d han sido v\u00edctimas de constantes agresiones por parte del\u2026","rel":"","context":"En &quot;CINTILLO&quot;","block_context":{"text":"CINTILLO","link":"https:\/\/www.grieta.org.mx\/index.php\/category\/cintillo\/"},"img":{"alt_text":"","src":"https:\/\/i0.wp.com\/www.grieta.org.mx\/wp-content\/uploads\/2018\/03\/14524434_1106112876131411_958039263622046936_o.jpg?resize=350%2C200&ssl=1","width":350,"height":200,"srcset":"https:\/\/i0.wp.com\/www.grieta.org.mx\/wp-content\/uploads\/2018\/03\/14524434_1106112876131411_958039263622046936_o.jpg?resize=350%2C200&ssl=1 1x, https:\/\/i0.wp.com\/www.grieta.org.mx\/wp-content\/uploads\/2018\/03\/14524434_1106112876131411_958039263622046936_o.jpg?resize=525%2C300&ssl=1 1.5x, https:\/\/i0.wp.com\/www.grieta.org.mx\/wp-content\/uploads\/2018\/03\/14524434_1106112876131411_958039263622046936_o.jpg?resize=700%2C400&ssl=1 2x"},"classes":[]},{"id":4969,"url":"https:\/\/www.grieta.org.mx\/index.php\/2015\/09\/10\/investigan-presunta-agresion-de-guardias-de-ferromex-contra-migrantes\/","url_meta":{"origin":12800,"position":3},"title":"Investigan presunta agresi\u00f3n de guardias de Ferromex contra migrantes","author":"grieta","date":"10 septiembre, 2015","format":false,"excerpt":"Viviana Estrella\/La Silla Rota QUER\u00c9TARO (La Silla Rota).- Quer\u00e9taro es un paso obligado para los migrantes que optan por seguir el camino de \u201cLa Bestia\u201d, durante este trayecto suelen enfrentarse a indolencia, agresiones e intimidaciones. La Estancia Gonz\u00e1lez y Mart\u00ednez (dedicada a brindar apoyo a los migrantes que pasan por\u2026","rel":"","context":"En &quot;CINTILLO&quot;","block_context":{"text":"CINTILLO","link":"https:\/\/www.grieta.org.mx\/index.php\/category\/cintillo\/"},"img":{"alt_text":"","src":"https:\/\/i0.wp.com\/www.grieta.org.mx\/wp-content\/uploads\/2018\/03\/14524434_1106112876131411_958039263622046936_o.jpg?resize=350%2C200&ssl=1","width":350,"height":200,"srcset":"https:\/\/i0.wp.com\/www.grieta.org.mx\/wp-content\/uploads\/2018\/03\/14524434_1106112876131411_958039263622046936_o.jpg?resize=350%2C200&ssl=1 1x, https:\/\/i0.wp.com\/www.grieta.org.mx\/wp-content\/uploads\/2018\/03\/14524434_1106112876131411_958039263622046936_o.jpg?resize=525%2C300&ssl=1 1.5x, https:\/\/i0.wp.com\/www.grieta.org.mx\/wp-content\/uploads\/2018\/03\/14524434_1106112876131411_958039263622046936_o.jpg?resize=700%2C400&ssl=1 2x"},"classes":[]},{"id":4967,"url":"https:\/\/www.grieta.org.mx\/index.php\/2015\/09\/24\/migrantes-baleados-por-seguridad-de-ferromex-hospitalizados-en-queretaro\/","url_meta":{"origin":12800,"position":4},"title":"Migrantes baleados por seguridad de FERROMEX, hospitalizados en Quer\u00e9taro","author":"grieta","date":"24 septiembre, 2015","format":false,"excerpt":"Diario Rotativo Tequisquiapan, 24 Sep 15.- Migrantes centroamericanos, que fueron lesionados con arma de fuego durante su trayecto en tren a los Estados Unidos, reciben atenci\u00f3n m\u00e9dica en los hospitales generales de San Juan del R\u00edo y Quer\u00e9taro. La informaci\u00f3n fue confirmada por el presidente de la Estancia del Migrante\u2026","rel":"","context":"En &quot;CINTILLO&quot;","block_context":{"text":"CINTILLO","link":"https:\/\/www.grieta.org.mx\/index.php\/category\/cintillo\/"},"img":{"alt_text":"","src":"https:\/\/i0.wp.com\/www.grieta.org.mx\/wp-content\/uploads\/2018\/03\/14524434_1106112876131411_958039263622046936_o.jpg?resize=350%2C200&ssl=1","width":350,"height":200,"srcset":"https:\/\/i0.wp.com\/www.grieta.org.mx\/wp-content\/uploads\/2018\/03\/14524434_1106112876131411_958039263622046936_o.jpg?resize=350%2C200&ssl=1 1x, https:\/\/i0.wp.com\/www.grieta.org.mx\/wp-content\/uploads\/2018\/03\/14524434_1106112876131411_958039263622046936_o.jpg?resize=525%2C300&ssl=1 1.5x, https:\/\/i0.wp.com\/www.grieta.org.mx\/wp-content\/uploads\/2018\/03\/14524434_1106112876131411_958039263622046936_o.jpg?resize=700%2C400&ssl=1 2x"},"classes":[]},{"id":4970,"url":"https:\/\/www.grieta.org.mx\/index.php\/2015\/09\/10\/denuncian-ante-el-ministerio-publico-agresion-a-migrantes\/","url_meta":{"origin":12800,"position":5},"title":"Denuncian ante el Ministerio P\u00fablico agresi\u00f3n a migrantes","author":"grieta","date":"10 septiembre, 2015","format":false,"excerpt":"Guillermo Contreras\/AM Quer\u00e9taro Denuncian ante el Ministerio P\u00fablico agresi\u00f3n a migrantes Trabajadores de seguridad privada que operan para Ferromex agredieron a miembros de la Estancia del Migrante.\/ Foto: Hugo Arciniega Trabajadores de la empresa Ferromex agredieron a miembros de la Estancia del Migrante en la comunidad de Viborillas, la presidente\u2026","rel":"","context":"En &quot;CINTILLO&quot;","block_context":{"text":"CINTILLO","link":"https:\/\/www.grieta.org.mx\/index.php\/category\/cintillo\/"},"img":{"alt_text":"","src":"https:\/\/i0.wp.com\/www.grieta.org.mx\/wp-content\/uploads\/2018\/03\/14524434_1106112876131411_958039263622046936_o.jpg?resize=350%2C200&ssl=1","width":350,"height":200,"srcset":"https:\/\/i0.wp.com\/www.grieta.org.mx\/wp-content\/uploads\/2018\/03\/14524434_1106112876131411_958039263622046936_o.jpg?resize=350%2C200&ssl=1 1x, https:\/\/i0.wp.com\/www.grieta.org.mx\/wp-content\/uploads\/2018\/03\/14524434_1106112876131411_958039263622046936_o.jpg?resize=525%2C300&ssl=1 1.5x, https:\/\/i0.wp.com\/www.grieta.org.mx\/wp-content\/uploads\/2018\/03\/14524434_1106112876131411_958039263622046936_o.jpg?resize=700%2C400&ssl=1 2x"},"classes":[]}],"_links":{"self":[{"href":"https:\/\/www.grieta.org.mx\/index.php\/wp-json\/wp\/v2\/posts\/12800","targetHints":{"allow":["GET"]}}],"collection":[{"href":"https:\/\/www.grieta.org.mx\/index.php\/wp-json\/wp\/v2\/posts"}],"about":[{"href":"https:\/\/www.grieta.org.mx\/index.php\/wp-json\/wp\/v2\/types\/post"}],"author":[{"embeddable":true,"href":"https:\/\/www.grieta.org.mx\/index.php\/wp-json\/wp\/v2\/users\/2"}],"replies":[{"embeddable":true,"href":"https:\/\/www.grieta.org.mx\/index.php\/wp-json\/wp\/v2\/comments?post=12800"}],"version-history":[{"count":1,"href":"https:\/\/www.grieta.org.mx\/index.php\/wp-json\/wp\/v2\/posts\/12800\/revisions"}],"predecessor-version":[{"id":12801,"href":"https:\/\/www.grieta.org.mx\/index.php\/wp-json\/wp\/v2\/posts\/12800\/revisions\/12801"}],"wp:featuredmedia":[{"embeddable":true,"href":"https:\/\/www.grieta.org.mx\/index.php\/wp-json\/wp\/v2\/media\/21928"}],"wp:attachment":[{"href":"https:\/\/www.grieta.org.mx\/index.php\/wp-json\/wp\/v2\/media?parent=12800"}],"wp:term":[{"taxonomy":"category","embeddable":true,"href":"https:\/\/www.grieta.org.mx\/index.php\/wp-json\/wp\/v2\/categories?post=12800"},{"taxonomy":"post_tag","embeddable":true,"href":"https:\/\/www.grieta.org.mx\/index.php\/wp-json\/wp\/v2\/tags?post=12800"}],"curies":[{"name":"wp","href":"https:\/\/api.w.org\/{rel}","templated":true}]}}