{"id":12797,"date":"2016-05-14T16:48:30","date_gmt":"2016-05-14T16:48:30","guid":{"rendered":"http:\/\/www.grieta.org.mx\/?p=12797"},"modified":"2016-05-23T16:55:08","modified_gmt":"2016-05-23T16:55:08","slug":"trabajadores-del-municipio-de-queretaro-a-la-espera-de-mesas-de-trabajo","status":"publish","type":"post","link":"https:\/\/www.grieta.org.mx\/index.php\/2016\/05\/14\/trabajadores-del-municipio-de-queretaro-a-la-espera-de-mesas-de-trabajo\/","title":{"rendered":"Trabajadores del municipio de Quer\u00e9taro, a la espera de mesas de trabajo"},"content":{"rendered":"<p>Cecilia Conde\/AM Quer\u00e9taro<\/p>\n<blockquote><p>El objetivo de este di\u00e1logo es para que se mejoren sus condiciones laborales, debido a que se han extendido las jornadas laborales y no se han pagado, en algunos casos, horas extras\n<\/p><\/blockquote>\n<p>Trabajadores del municipio de Quer\u00e9taro contin\u00faan a la espera de mesas de trabajo con las autoridades del municipio para que dialoguen con el objetivo de que se mejoren sus condiciones laborales, debido a que se han extendido las jornadas laborales y no se han pagado, en algunos casos, horas extras; afirm\u00f3 un integrante del consejo de representantes de los trabajadores, Melesio Carrillo. Asever\u00f3 que realizaron la solicitud desde el 29 de abril, y a\u00fan no hay respuesta.<\/p>\n<p>    \u201cMuchas anomal\u00edas que ha habido del tiempo extra tambi\u00e9n, que algunos se los dan y a otros no y varias cuestiones, que los jefes los tienen bien amenazados\u201d, subray\u00f3.<\/p>\n<p>Detall\u00f3 que los afectados son de todas las \u00e1reas de la Secretar\u00eda de Servicios P\u00fablicos Municipales, y en total son aproximadamente mil 300. Recalc\u00f3 que con la limpieza de drenes y otras acciones que se realizan en el municipio, se han incrementado las jornadas, pero no han sido remunerados por el tiempo extra.<\/p>\n<p>As\u00ed mismo, dijo que hay otra problem\u00e1tica que refleja que no hay condiciones dignas de trabajo, como el hecho de que no les quieren brindar agua durante el per\u00edodo en que laboran, aunque est\u00e1 estipulado en el contrato colectivo.<\/p>\n<p>    \u201cLes \u00edbamos a plantear las irregularidades que hay; por ejemplo; que no les ponen agua  potable a los compa\u00f1eros para beber, siempre les dicen que compren agua ellos, a los compa\u00f1eros que andan en parques y que andan en los drenes, los traen sin agua\u201d, asegur\u00f3.<\/p>\n<p>Aunado a la situaci\u00f3n laboral, no han recibido apoyo del l\u00edder del sindicato de trabajadores del municipio, Celestino Berm\u00fadez, por lo que tambi\u00e9n contin\u00faan con el proceso para que haya una asamblea y se renueve la dirigencia de esa organizaci\u00f3n.<\/p>\n<p>El representante de los trabajadores agreg\u00f3 que han pedido que las autoridades municipales se comprometan ante notario p\u00fablico que no se van a concesionar m\u00e1s servicios p\u00fablicos durante la actual administraci\u00f3n, adem\u00e1s de que se va a respetar el contrato colectivo.<br \/>\n<a href=\"http:\/\/amqueretaro.com\/queretaro\/2016\/05\/14\/a-la-espera-de-mesas-de-trabajo\" target=\"_blank\">http:\/\/amqueretaro.com\/queretaro\/2016\/05\/14\/a-la-espera-de-mesas-de-trabajo<\/a><\/p>\n","protected":false},"excerpt":{"rendered":"<p>Cecilia Conde\/AM Quer\u00e9taro El objetivo de este di\u00e1logo es para que se mejoren sus condiciones laborales, debido a que se han extendido las jornadas laborales y no se han pagado, &hellip; <a href=\"https:\/\/www.grieta.org.mx\/index.php\/2016\/05\/14\/trabajadores-del-municipio-de-queretaro-a-la-espera-de-mesas-de-trabajo\/\" class=\"more-link\">Leer m\u00e1s<\/a><\/p>\n","protected":false},"author":2,"featured_media":21928,"comment_status":"closed","ping_status":"closed","sticky":false,"template":"","format":"standard","meta":{"ngg_post_thumbnail":0,"_jetpack_newsletter_access":"","_jetpack_dont_email_post_to_subs":false,"_jetpack_newsletter_tier_id":0,"_jetpack_memberships_contains_paywalled_content":false,"_jetpack_memberships_contains_paid_content":false,"footnotes":""},"categories":[80,359],"tags":[113],"class_list":["post-12797","post","type-post","status-publish","format-standard","has-post-thumbnail","hentry","category-cintillo","category-queretaro","tag-conflictos-laborales","entry"],"jetpack_featured_media_url":"https:\/\/www.grieta.org.mx\/wp-content\/uploads\/2018\/03\/14524434_1106112876131411_958039263622046936_o.jpg","jetpack_sharing_enabled":true,"jetpack_shortlink":"https:\/\/wp.me\/p7ZJR4-3kp","jetpack_likes_enabled":false,"jetpack-related-posts":[{"id":10254,"url":"https:\/\/www.grieta.org.mx\/index.php\/2016\/07\/25\/conflictos-laborales-en-queretaro\/","url_meta":{"origin":12797,"position":0},"title":"Conflictos laborales en Quer\u00e9taro","author":"grieta","date":"25 julio, 2016","format":false,"excerpt":"Temas laborales en Quer\u00e9taro 25\/07\/16. Municipio de Cadereyta emplazado a huelga para 29 de agosto Diario Rotativo 04\/07\/16. Van 500 trabajadores despedidos en el municipio de Quer\u00e9taro AM Quer\u00e9taro 21\/06\/16. Un sinn\u00famero de trabajadores ser\u00e1n despedidos para reducir n\u00f3mina AM Quer\u00e9taro 14\/05\/16. Trabajadores del municipio de Quer\u00e9taro, a la espera\u2026","rel":"","context":"En &quot;Quer\u00e9taro&quot;","block_context":{"text":"Quer\u00e9taro","link":"https:\/\/www.grieta.org.mx\/index.php\/category\/noticias-nacionales\/queretaro\/"},"img":{"alt_text":"","src":"https:\/\/i0.wp.com\/www.grieta.org.mx\/wp-content\/uploads\/2018\/03\/14524434_1106112876131411_958039263622046936_o.jpg?resize=350%2C200&ssl=1","width":350,"height":200,"srcset":"https:\/\/i0.wp.com\/www.grieta.org.mx\/wp-content\/uploads\/2018\/03\/14524434_1106112876131411_958039263622046936_o.jpg?resize=350%2C200&ssl=1 1x, https:\/\/i0.wp.com\/www.grieta.org.mx\/wp-content\/uploads\/2018\/03\/14524434_1106112876131411_958039263622046936_o.jpg?resize=525%2C300&ssl=1 1.5x, https:\/\/i0.wp.com\/www.grieta.org.mx\/wp-content\/uploads\/2018\/03\/14524434_1106112876131411_958039263622046936_o.jpg?resize=700%2C400&ssl=1 2x"},"classes":[]},{"id":10282,"url":"https:\/\/www.grieta.org.mx\/index.php\/2016\/04\/11\/desconoce-sindicato-del-municipio-condiciones-laborales-tras-concesion\/","url_meta":{"origin":12797,"position":1},"title":"Desconoce sindicato del Municipio condiciones laborales tras concesi\u00f3n","author":"grieta","date":"11 abril, 2016","format":false,"excerpt":"Mariana Villalobos\/Quadrat\u00edn \"No les podr\u00eda decir hasta que no nos sentemos a platicar con la concesionaria\u201d, asegur\u00f3 Celestino Berm\u00fadez, l\u00edder del Sindicato de los Trabajadores al Servicio del Municipio de Quer\u00e9taro. QUER\u00c9TARO, Qro., 11 de abril de 2016.- Celestino Berm\u00fadez Jim\u00e9nez, l\u00edder del Sindicato de los Trabajadores al Servicio del\u2026","rel":"","context":"En &quot;CINTILLO&quot;","block_context":{"text":"CINTILLO","link":"https:\/\/www.grieta.org.mx\/index.php\/category\/cintillo\/"},"img":{"alt_text":"","src":"https:\/\/i0.wp.com\/www.grieta.org.mx\/wp-content\/uploads\/2018\/03\/14524434_1106112876131411_958039263622046936_o.jpg?resize=350%2C200&ssl=1","width":350,"height":200,"srcset":"https:\/\/i0.wp.com\/www.grieta.org.mx\/wp-content\/uploads\/2018\/03\/14524434_1106112876131411_958039263622046936_o.jpg?resize=350%2C200&ssl=1 1x, https:\/\/i0.wp.com\/www.grieta.org.mx\/wp-content\/uploads\/2018\/03\/14524434_1106112876131411_958039263622046936_o.jpg?resize=525%2C300&ssl=1 1.5x, https:\/\/i0.wp.com\/www.grieta.org.mx\/wp-content\/uploads\/2018\/03\/14524434_1106112876131411_958039263622046936_o.jpg?resize=700%2C400&ssl=1 2x"},"classes":[]},{"id":18675,"url":"https:\/\/www.grieta.org.mx\/index.php\/2016\/08\/02\/conflictos-laborales-por-la-privatizacion-de-la-recoleccion-de-basura-en-queretaro\/","url_meta":{"origin":12797,"position":2},"title":"Conflictos laborales por la privatizaci\u00f3n de la recolecci\u00f3n de basura en Quer\u00e9taro","author":"grieta","date":"2 agosto, 2016","format":false,"excerpt":"02\/08\/16. 7 mil firmas requieren para plebiscito en el municipio de Quer\u00e9taro AM Quer\u00e9taro 22\/04\/16. De nuevo, pide sindicato emplazamiento a huelga AM Quer\u00e9taro 19\/04\/16. Piden consulta popular sobre servicio de limpia AM Quer\u00e9taro 11\/04\/16. Anular concesi\u00f3n, \u00fanica demanda de trabajadores de recolecci\u00f3n de basura (VIDEO) Quadrat\u00edn 11\/04\/16. Trabajadores piden\u2026","rel":"","context":"En &quot;CINTILLO&quot;","block_context":{"text":"CINTILLO","link":"https:\/\/www.grieta.org.mx\/index.php\/category\/cintillo\/"},"img":{"alt_text":"","src":"https:\/\/i0.wp.com\/www.grieta.org.mx\/wp-content\/uploads\/2018\/03\/14524434_1106112876131411_958039263622046936_o.jpg?resize=350%2C200&ssl=1","width":350,"height":200,"srcset":"https:\/\/i0.wp.com\/www.grieta.org.mx\/wp-content\/uploads\/2018\/03\/14524434_1106112876131411_958039263622046936_o.jpg?resize=350%2C200&ssl=1 1x, https:\/\/i0.wp.com\/www.grieta.org.mx\/wp-content\/uploads\/2018\/03\/14524434_1106112876131411_958039263622046936_o.jpg?resize=525%2C300&ssl=1 1.5x, https:\/\/i0.wp.com\/www.grieta.org.mx\/wp-content\/uploads\/2018\/03\/14524434_1106112876131411_958039263622046936_o.jpg?resize=700%2C400&ssl=1 2x"},"classes":[]},{"id":19582,"url":"https:\/\/www.grieta.org.mx\/index.php\/2016\/07\/04\/van-500-trabajadores-despedidos-en-el-municipio-de-queretaro\/","url_meta":{"origin":12797,"position":3},"title":"Van 500 trabajadores despedidos en el municipio de Quer\u00e9taro","author":"grieta","date":"4 julio, 2016","format":false,"excerpt":"Cecilia Conde\/AM Quer\u00e9taro El secretario de Administraci\u00f3n del municipio de Quer\u00e9taro, Raymundo G\u00f3mez Ram\u00edrez, detall\u00f3 que un total de 150 plazas han sido canceladas en la administraci\u00f3n municipal En lo que va de la administraci\u00f3n, han sido despedidos 500 trabajadores del municipio de Quer\u00e9taro y han sido canceladas 150 plazas,\u2026","rel":"","context":"En &quot;CINTILLO&quot;","block_context":{"text":"CINTILLO","link":"https:\/\/www.grieta.org.mx\/index.php\/category\/cintillo\/"},"img":{"alt_text":"","src":"https:\/\/i0.wp.com\/www.grieta.org.mx\/wp-content\/uploads\/2018\/03\/14524434_1106112876131411_958039263622046936_o.jpg?resize=350%2C200&ssl=1","width":350,"height":200,"srcset":"https:\/\/i0.wp.com\/www.grieta.org.mx\/wp-content\/uploads\/2018\/03\/14524434_1106112876131411_958039263622046936_o.jpg?resize=350%2C200&ssl=1 1x, https:\/\/i0.wp.com\/www.grieta.org.mx\/wp-content\/uploads\/2018\/03\/14524434_1106112876131411_958039263622046936_o.jpg?resize=525%2C300&ssl=1 1.5x, https:\/\/i0.wp.com\/www.grieta.org.mx\/wp-content\/uploads\/2018\/03\/14524434_1106112876131411_958039263622046936_o.jpg?resize=700%2C400&ssl=1 2x"},"classes":[]},{"id":43562,"url":"https:\/\/www.grieta.org.mx\/index.php\/2020\/01\/22\/se-manifiesta-juzgado-segundo-de-nayarit-por-jornadas-laborales-inhumanas\/","url_meta":{"origin":12797,"position":4},"title":"Se manifiesta Juzgado Segundo de Nayarit por jornadas laborales inhumanas","author":"grieta","date":"22 enero, 2020","format":false,"excerpt":"Redacci\u00f3n \/ El Sol de Nayarit Esta ma\u00f1ana, trabajadores del Juzgado Segundo de Distrito en Materia de Amparo Civil Administrativo de Trabajo y de Juicios Federales en el Estado de Nayarit se manifestaron en contra del Consejo de la Judicatura Federal por las condiciones laborales inhumanas y las excesivas cargas\u2026","rel":"","context":"En &quot;CINTILLO&quot;","block_context":{"text":"CINTILLO","link":"https:\/\/www.grieta.org.mx\/index.php\/category\/cintillo\/"},"img":{"alt_text":"","src":"https:\/\/i0.wp.com\/www.grieta.org.mx\/wp-content\/uploads\/2020\/01\/temp_nota_01_69517_17_20200122190110_117whatsapp_image_2020-01-22_at_12.04.01_pm.jpeg?resize=350%2C200&ssl=1","width":350,"height":200,"srcset":"https:\/\/i0.wp.com\/www.grieta.org.mx\/wp-content\/uploads\/2020\/01\/temp_nota_01_69517_17_20200122190110_117whatsapp_image_2020-01-22_at_12.04.01_pm.jpeg?resize=350%2C200&ssl=1 1x, https:\/\/i0.wp.com\/www.grieta.org.mx\/wp-content\/uploads\/2020\/01\/temp_nota_01_69517_17_20200122190110_117whatsapp_image_2020-01-22_at_12.04.01_pm.jpeg?resize=525%2C300&ssl=1 1.5x"},"classes":[]},{"id":11615,"url":"https:\/\/www.grieta.org.mx\/index.php\/2016\/04\/30\/emplaza-a-huelga-el-sindicato-de-trabajadores-academicos-de-la-escuela-normal-del-estado-de-queretaro-staeneq\/","url_meta":{"origin":12797,"position":5},"title":"Emplaza a huelga el Sindicato de Trabajadores Acad\u00e9micos de la Escuela Normal del Estado de Quer\u00e9taro (STAENEQ)","author":"grieta","date":"30 abril, 2016","format":false,"excerpt":"Diego Rodr\u00edguez\/AM Quer\u00e9taro Las irregularidades a los derechos laborales se encuentran enmarcadas en la reforma al Sistema de Jubilaciones y Pensiones, mencionaron los sindicalizados El pr\u00f3ximo 17 de mayo podr\u00eda haber estallamiento de huelga del Sindicato de Trabajadores Acad\u00e9micos de la Escuela Normal del Estado de Quer\u00e9taro (STAENEQ), advirti\u00f3 Leonel\u2026","rel":"","context":"En &quot;CINTILLO&quot;","block_context":{"text":"CINTILLO","link":"https:\/\/www.grieta.org.mx\/index.php\/category\/cintillo\/"},"img":{"alt_text":"","src":"https:\/\/i0.wp.com\/www.grieta.org.mx\/wp-content\/uploads\/2018\/03\/14524434_1106112876131411_958039263622046936_o.jpg?resize=350%2C200&ssl=1","width":350,"height":200,"srcset":"https:\/\/i0.wp.com\/www.grieta.org.mx\/wp-content\/uploads\/2018\/03\/14524434_1106112876131411_958039263622046936_o.jpg?resize=350%2C200&ssl=1 1x, https:\/\/i0.wp.com\/www.grieta.org.mx\/wp-content\/uploads\/2018\/03\/14524434_1106112876131411_958039263622046936_o.jpg?resize=525%2C300&ssl=1 1.5x, https:\/\/i0.wp.com\/www.grieta.org.mx\/wp-content\/uploads\/2018\/03\/14524434_1106112876131411_958039263622046936_o.jpg?resize=700%2C400&ssl=1 2x"},"classes":[]}],"_links":{"self":[{"href":"https:\/\/www.grieta.org.mx\/index.php\/wp-json\/wp\/v2\/posts\/12797","targetHints":{"allow":["GET"]}}],"collection":[{"href":"https:\/\/www.grieta.org.mx\/index.php\/wp-json\/wp\/v2\/posts"}],"about":[{"href":"https:\/\/www.grieta.org.mx\/index.php\/wp-json\/wp\/v2\/types\/post"}],"author":[{"embeddable":true,"href":"https:\/\/www.grieta.org.mx\/index.php\/wp-json\/wp\/v2\/users\/2"}],"replies":[{"embeddable":true,"href":"https:\/\/www.grieta.org.mx\/index.php\/wp-json\/wp\/v2\/comments?post=12797"}],"version-history":[{"count":1,"href":"https:\/\/www.grieta.org.mx\/index.php\/wp-json\/wp\/v2\/posts\/12797\/revisions"}],"predecessor-version":[{"id":12798,"href":"https:\/\/www.grieta.org.mx\/index.php\/wp-json\/wp\/v2\/posts\/12797\/revisions\/12798"}],"wp:featuredmedia":[{"embeddable":true,"href":"https:\/\/www.grieta.org.mx\/index.php\/wp-json\/wp\/v2\/media\/21928"}],"wp:attachment":[{"href":"https:\/\/www.grieta.org.mx\/index.php\/wp-json\/wp\/v2\/media?parent=12797"}],"wp:term":[{"taxonomy":"category","embeddable":true,"href":"https:\/\/www.grieta.org.mx\/index.php\/wp-json\/wp\/v2\/categories?post=12797"},{"taxonomy":"post_tag","embeddable":true,"href":"https:\/\/www.grieta.org.mx\/index.php\/wp-json\/wp\/v2\/tags?post=12797"}],"curies":[{"name":"wp","href":"https:\/\/api.w.org\/{rel}","templated":true}]}}