{"id":12792,"date":"2016-05-23T16:46:56","date_gmt":"2016-05-23T16:46:56","guid":{"rendered":"http:\/\/www.grieta.org.mx\/?p=12792"},"modified":"2019-03-03T23:35:14","modified_gmt":"2019-03-04T05:35:14","slug":"profesores-cesados-en-queretaro-se-unen-a-la-movilizacion-nacional","status":"publish","type":"post","link":"https:\/\/www.grieta.org.mx\/index.php\/2016\/05\/23\/profesores-cesados-en-queretaro-se-unen-a-la-movilizacion-nacional\/","title":{"rendered":"Profesores cesados en Quer\u00e9taro se unen a la movilizaci\u00f3n nacional"},"content":{"rendered":"<p>Cecilia Conde\/AM Quer\u00e9taro<\/p>\n<blockquote><p>Roberto Aparicio, integrante del CNTE, se\u00f1al\u00f3 que 26 maestros fueron cesados o \u2018congelados\u2019 por no presentar la evaluaci\u00f3n docente\n<\/p><\/blockquote>\n<p><img loading=\"lazy\" decoding=\"async\" data-attachment-id=\"12793\" data-permalink=\"https:\/\/www.grieta.org.mx\/index.php\/2016\/05\/23\/profesores-cesados-en-queretaro-se-unen-a-la-movilizacion-nacional\/profesores-cesados-se-unen-a-movilizacion-nacional\/\" data-orig-file=\"https:\/\/www.grieta.org.mx\/wp-content\/uploads\/2016\/05\/profesores-cesados-se-unen-a-movilizacion-nacional.jpg\" data-orig-size=\"700,325\" data-comments-opened=\"0\" data-image-meta=\"{&quot;aperture&quot;:&quot;0&quot;,&quot;credit&quot;:&quot;&quot;,&quot;camera&quot;:&quot;&quot;,&quot;caption&quot;:&quot;&quot;,&quot;created_timestamp&quot;:&quot;0&quot;,&quot;copyright&quot;:&quot;&quot;,&quot;focal_length&quot;:&quot;0&quot;,&quot;iso&quot;:&quot;0&quot;,&quot;shutter_speed&quot;:&quot;0&quot;,&quot;title&quot;:&quot;&quot;,&quot;orientation&quot;:&quot;1&quot;}\" data-image-title=\"profesores-cesados-se-unen-a-movilizacion-nacional\" data-image-description=\"\" data-image-caption=\"\" data-medium-file=\"https:\/\/www.grieta.org.mx\/wp-content\/uploads\/2016\/05\/profesores-cesados-se-unen-a-movilizacion-nacional-300x139.jpg\" data-large-file=\"https:\/\/www.grieta.org.mx\/wp-content\/uploads\/2016\/05\/profesores-cesados-se-unen-a-movilizacion-nacional.jpg\" src=\"http:\/\/www.grieta.org.mx\/wp-content\/uploads\/2016\/05\/profesores-cesados-se-unen-a-movilizacion-nacional.jpg\" alt=\"profesores-cesados-se-unen-a-movilizacion-nacional\" width=\"700\" height=\"325\" class=\"aligncenter size-full wp-image-12793\" srcset=\"https:\/\/www.grieta.org.mx\/wp-content\/uploads\/2016\/05\/profesores-cesados-se-unen-a-movilizacion-nacional.jpg 700w, https:\/\/www.grieta.org.mx\/wp-content\/uploads\/2016\/05\/profesores-cesados-se-unen-a-movilizacion-nacional-300x139.jpg 300w\" sizes=\"auto, (max-width: 700px) 100vw, 700px\" \/><\/p>\n<p>Simpatizantes de la Coordinadora Nacional de Trabajadores de la Educaci\u00f3n (CNTE) en Quer\u00e9taro se manifestaron contra la Reforma Educativa en tres municipios del Estado, esto el marco del D\u00eda del Maestro; en el municipio de Quer\u00e9taro alrededor de 60 personas marcharon desde el Monumento al Maestro hasta el Jard\u00edn Zenea.<\/p>\n<p>Roberto Aparicio Romero, integrante del CNTE, refiri\u00f3 que participaron 26 maestros que fueron cesados o \u2018congelados\u2019 por no presentar la evaluaci\u00f3n docente.<\/p>\n<p>    \u201cHoy la movilizaci\u00f3n es nacional, y nos estamos integrando a esa movilizaci\u00f3n en el contexto de la cita que hace la Coordinadora de los Trabajadores de la Educaci\u00f3n y otras organizaciones sindicales, campesinas, obreras que est\u00e1n en contra de las dem\u00e1s reformas que afectan a la ciudadan\u00eda\u201d, afirm\u00f3.<\/p>\n<p>Asever\u00f3 que las exigencias de los simpatizantes de la CNTE contin\u00faan siendo las mismas, en cuanto a que se abrogue la Reforma Educativa, adem\u00e1s de que buscan que quienes han sido cesados sean reinstalados. Subray\u00f3 que es un castigo lo que est\u00e1n haciendo con los maestros al no aceptar la reforma a la ley, y aunque autoridades federales han dicho que despedir\u00e1n a los profesores que no presentaron la evaluaci\u00f3n, dijo, seguir\u00e1n manifest\u00e1ndose en contra.<\/p>\n<p>    \u201cEl secretario Nu\u00f1o sigue con la misma consigna de castigar, sigue la misma consigna de violentar los mismos derechos b\u00e1sicos, que es el derecho al trabajo y ah\u00ed mismo se aplica lo que es el derecho a la educaci\u00f3n que tienen todos los mexicanos\u201d, puntualiz\u00f3.<\/p>\n<p>El recorrido que realizaron los manifestantes, abarc\u00f3 avenida Pasteur desde el monumento al Maestro hasta la avenida Zaragoza, y por la calle Corregidora para finalmente llegar al jard\u00edn Zenea. Entre las pancartas que llevaban se observ\u00f3 \u201cQuer\u00e9taro en pie de lucha\u201d, \u201cYo no me vendo por una laptop prefiero mi empleo\u201d, \u201cla educaci\u00f3n no es un negocio, es un derecho\u201d.<\/p>\n<p>En tanto, el militante de la CNTE, se\u00f1al\u00f3 que otros profesores de Quer\u00e9taro acudieron a la manifestaci\u00f3n que se realiz\u00f3 en la Ciudad de M\u00e9xico, otros marchar\u00edan este domingo por la tarde en San Juan del R\u00edo, y algunos otros en municipios de la Sierra Gorda.<\/p>\n<p>Igualmente, refiri\u00f3 que har\u00e1n una consulta con las bases para revisar si se suman al paro nacional al que convoc\u00f3 la CNTE. Mencion\u00f3 que saben que ese tema compete a las autoridades federales, por lo que se encuentran en una mesa de di\u00e1logo a nivel nacional.<\/p>\n<p><a href=\"http:\/\/amqueretaro.com\/queretaro\/2016\/05\/16\/profesores-cesados-se-unen-a-la-movilizacion-nacional\" target=\"_blank\">http:\/\/amqueretaro.com\/queretaro\/2016\/05\/16\/profesores-cesados-se-unen-a-la-movilizacion-nacional<\/a><\/p>\n","protected":false},"excerpt":{"rendered":"<p>Cecilia Conde\/AM Quer\u00e9taro Roberto Aparicio, integrante del CNTE, se\u00f1al\u00f3 que 26 maestros fueron cesados o \u2018congelados\u2019 por no presentar la evaluaci\u00f3n docente Simpatizantes de la Coordinadora Nacional de Trabajadores de &hellip; <a href=\"https:\/\/www.grieta.org.mx\/index.php\/2016\/05\/23\/profesores-cesados-en-queretaro-se-unen-a-la-movilizacion-nacional\/\" class=\"more-link\">Leer m\u00e1s<\/a><\/p>\n","protected":false},"author":2,"featured_media":21928,"comment_status":"closed","ping_status":"closed","sticky":false,"template":"","format":"standard","meta":{"ngg_post_thumbnail":0,"_jetpack_newsletter_access":"","_jetpack_dont_email_post_to_subs":false,"_jetpack_newsletter_tier_id":0,"_jetpack_memberships_contains_paywalled_content":false,"_jetpack_memberships_contains_paid_content":false,"footnotes":""},"categories":[80,27,359,2241],"tags":[134,113,392],"class_list":{"0":"post-12792","1":"post","2":"type-post","3":"status-publish","4":"format-standard","5":"has-post-thumbnail","6":"hentry","7":"category-cintillo","8":"category-queretaro","10":"category-reforma-educativa-y-evaluacion-al-desempeno-en-queretaro","11":"tag-cnte","12":"tag-conflictos-laborales","13":"tag-reforma","14":"entry"},"jetpack_featured_media_url":"https:\/\/www.grieta.org.mx\/wp-content\/uploads\/2018\/03\/14524434_1106112876131411_958039263622046936_o.jpg","jetpack_sharing_enabled":true,"jetpack_shortlink":"https:\/\/wp.me\/p7ZJR4-3kk","jetpack_likes_enabled":false,"jetpack-related-posts":[{"id":5221,"url":"https:\/\/www.grieta.org.mx\/index.php\/2016\/08\/23\/reforma-educativa-y-evaluacion-al-desempeno-en-queretaro\/","url_meta":{"origin":12792,"position":0},"title":"Reforma educativa y evaluaci\u00f3n al desempe\u00f1o en Quer\u00e9taro","author":"grieta","date":"23 agosto, 2016","format":false,"excerpt":"23\/08\/16. Sancionan a 100 maestros de Quer\u00e9taro por unirse a paro nacional UnoTv 13\/08\/16. USEBEQ, sin justificar cese de maestros AM Quer\u00e9taro 03\/08\/16. Maestros se manifiestan pac\u00edficamente en la caseta de Palmillas AM Quer\u00e9taro 02\/06\/16. Quer\u00e9taro: Profesores exigen respeto a sus derechos afuera de la oficina del gobernador Libertad de\u2026","rel":"","context":"En &quot;NOTICIAS NACIONALES&quot;","block_context":{"text":"NOTICIAS NACIONALES","link":"https:\/\/www.grieta.org.mx\/index.php\/category\/noticias-nacionales\/"},"img":{"alt_text":"","src":"https:\/\/i0.wp.com\/www.grieta.org.mx\/wp-content\/uploads\/2018\/03\/14524434_1106112876131411_958039263622046936_o.jpg?resize=350%2C200&ssl=1","width":350,"height":200,"srcset":"https:\/\/i0.wp.com\/www.grieta.org.mx\/wp-content\/uploads\/2018\/03\/14524434_1106112876131411_958039263622046936_o.jpg?resize=350%2C200&ssl=1 1x, https:\/\/i0.wp.com\/www.grieta.org.mx\/wp-content\/uploads\/2018\/03\/14524434_1106112876131411_958039263622046936_o.jpg?resize=525%2C300&ssl=1 1.5x, https:\/\/i0.wp.com\/www.grieta.org.mx\/wp-content\/uploads\/2018\/03\/14524434_1106112876131411_958039263622046936_o.jpg?resize=700%2C400&ssl=1 2x"},"classes":[]},{"id":19605,"url":"https:\/\/www.grieta.org.mx\/index.php\/2016\/08\/03\/maestros-se-manifiestan-pacificamente-en-la-caseta-de-palmillas\/","url_meta":{"origin":12792,"position":1},"title":"Maestros se manifiestan pac\u00edficamente en la caseta de Palmillas","author":"grieta","date":"3 agosto, 2016","format":false,"excerpt":"Alma C\u00f3rdova\/AM Quer\u00e9taro Los maestros, que se manifiestan en la caseta de Palmillas, permitieron el paso libre de los veh\u00edculos sin pago de peaje en la carretera M\u00e9xico-Quer\u00e9taro Alrededor de 70 profesores de los estados de Quer\u00e9taro, Hidalgo y Estado de M\u00e9xico afiliados a la Coordinadora Nacional de Trabajadores de\u2026","rel":"","context":"En &quot;CINTILLO&quot;","block_context":{"text":"CINTILLO","link":"https:\/\/www.grieta.org.mx\/index.php\/category\/cintillo\/"},"img":{"alt_text":"","src":"https:\/\/i0.wp.com\/www.grieta.org.mx\/wp-content\/uploads\/2018\/03\/14524434_1106112876131411_958039263622046936_o.jpg?resize=350%2C200&ssl=1","width":350,"height":200,"srcset":"https:\/\/i0.wp.com\/www.grieta.org.mx\/wp-content\/uploads\/2018\/03\/14524434_1106112876131411_958039263622046936_o.jpg?resize=350%2C200&ssl=1 1x, https:\/\/i0.wp.com\/www.grieta.org.mx\/wp-content\/uploads\/2018\/03\/14524434_1106112876131411_958039263622046936_o.jpg?resize=525%2C300&ssl=1 1.5x, https:\/\/i0.wp.com\/www.grieta.org.mx\/wp-content\/uploads\/2018\/03\/14524434_1106112876131411_958039263622046936_o.jpg?resize=700%2C400&ssl=1 2x"},"classes":[]},{"id":19602,"url":"https:\/\/www.grieta.org.mx\/index.php\/2016\/08\/13\/usebeq-sin-justificar-cese-de-maestros\/","url_meta":{"origin":12792,"position":2},"title":"USEBEQ, sin justificar cese de maestros","author":"grieta","date":"13 agosto, 2016","format":false,"excerpt":"M\u00f3nica Gordillo\/AM Quer\u00e9taro Denunciaron que en el estado ha continuado la represi\u00f3n, por parte de las autoridades educativas, en contra de los maestros que participan en el movimiento Integrantes de la Coordinadora Nacional de Trabajadores de la Educaci\u00f3n (CNTE) en el estado, en compa\u00f1\u00eda de la Uni\u00f3n C\u00edvica Felipe Carrillo\u2026","rel":"","context":"En &quot;CINTILLO&quot;","block_context":{"text":"CINTILLO","link":"https:\/\/www.grieta.org.mx\/index.php\/category\/cintillo\/"},"img":{"alt_text":"","src":"https:\/\/i0.wp.com\/www.grieta.org.mx\/wp-content\/uploads\/2018\/03\/14524434_1106112876131411_958039263622046936_o.jpg?resize=350%2C200&ssl=1","width":350,"height":200,"srcset":"https:\/\/i0.wp.com\/www.grieta.org.mx\/wp-content\/uploads\/2018\/03\/14524434_1106112876131411_958039263622046936_o.jpg?resize=350%2C200&ssl=1 1x, https:\/\/i0.wp.com\/www.grieta.org.mx\/wp-content\/uploads\/2018\/03\/14524434_1106112876131411_958039263622046936_o.jpg?resize=525%2C300&ssl=1 1.5x, https:\/\/i0.wp.com\/www.grieta.org.mx\/wp-content\/uploads\/2018\/03\/14524434_1106112876131411_958039263622046936_o.jpg?resize=700%2C400&ssl=1 2x"},"classes":[]},{"id":13876,"url":"https:\/\/www.grieta.org.mx\/index.php\/2016\/05\/19\/cnte-bloquea-casetas-en-zacatecas-que-nos-despidan-reta-a-sep\/","url_meta":{"origin":12792,"position":3},"title":"CNTE bloquea casetas en Zacatecas; que nos despidan, reta a SEP","author":"grieta","date":"19 mayo, 2016","format":false,"excerpt":"V\u00edctor Hugo Montoya, secretario general del movimiento democr\u00e1tico dijo que ya fueron separados 26 maestros; realizan boteo en favor de los maestros cesados OMAR HERN\u00c1NDEZ Maestros del movimiento disidente adscritos a la CNTE, en Zacatecas, tomaron las casetas de cobro permitiendo el libre paso de veh\u00edculos mediante cooperaci\u00f3n de boteo\u2026","rel":"","context":"En &quot;CINTILLO&quot;","block_context":{"text":"CINTILLO","link":"https:\/\/www.grieta.org.mx\/index.php\/category\/cintillo\/"},"img":{"alt_text":"","src":"https:\/\/i0.wp.com\/www.grieta.org.mx\/wp-content\/uploads\/2018\/03\/14524434_1106112876131411_958039263622046936_o.jpg?resize=350%2C200&ssl=1","width":350,"height":200,"srcset":"https:\/\/i0.wp.com\/www.grieta.org.mx\/wp-content\/uploads\/2018\/03\/14524434_1106112876131411_958039263622046936_o.jpg?resize=350%2C200&ssl=1 1x, https:\/\/i0.wp.com\/www.grieta.org.mx\/wp-content\/uploads\/2018\/03\/14524434_1106112876131411_958039263622046936_o.jpg?resize=525%2C300&ssl=1 1.5x, https:\/\/i0.wp.com\/www.grieta.org.mx\/wp-content\/uploads\/2018\/03\/14524434_1106112876131411_958039263622046936_o.jpg?resize=700%2C400&ssl=1 2x"},"classes":[]},{"id":5218,"url":"https:\/\/www.grieta.org.mx\/index.php\/2015\/08\/26\/maestros-de-queretaro-anuncian-movilizaciones-contra-reforma-educativa\/","url_meta":{"origin":12792,"position":4},"title":"Maestros de Quer\u00e9taro anuncian movilizaciones contra reforma educativa","author":"grieta","date":"26 agosto, 2015","format":false,"excerpt":"Rafael Camacho\/C\u00f3dice Informativo Instalar\u00e1n un campamento permanente frente a los juzgados federales Ante la falta de apertura al di\u00e1logo tanto de las autoridades educativas estatales como federales, el pr\u00f3ximo viernes continuar\u00e1n con las manifestaciones, campamentos y hasta eventuales paros contra la Reforma Educativa, advirti\u00f3 Rosa Mar\u00eda C\u00f3rdoba, maestra vocera de\u2026","rel":"","context":"En &quot;CINTILLO&quot;","block_context":{"text":"CINTILLO","link":"https:\/\/www.grieta.org.mx\/index.php\/category\/cintillo\/"},"img":{"alt_text":"","src":"https:\/\/i0.wp.com\/www.grieta.org.mx\/wp-content\/uploads\/2018\/03\/14524434_1106112876131411_958039263622046936_o.jpg?resize=350%2C200&ssl=1","width":350,"height":200,"srcset":"https:\/\/i0.wp.com\/www.grieta.org.mx\/wp-content\/uploads\/2018\/03\/14524434_1106112876131411_958039263622046936_o.jpg?resize=350%2C200&ssl=1 1x, https:\/\/i0.wp.com\/www.grieta.org.mx\/wp-content\/uploads\/2018\/03\/14524434_1106112876131411_958039263622046936_o.jpg?resize=525%2C300&ssl=1 1.5x, https:\/\/i0.wp.com\/www.grieta.org.mx\/wp-content\/uploads\/2018\/03\/14524434_1106112876131411_958039263622046936_o.jpg?resize=700%2C400&ssl=1 2x"},"classes":[]},{"id":11630,"url":"https:\/\/www.grieta.org.mx\/index.php\/2016\/05\/02\/protestan-trabajadores-en-la-marcha-oficial-del-1-de-mayo-en-queretaro\/","url_meta":{"origin":12792,"position":5},"title":"Protestan trabajadores en la marcha oficial del 1 de mayo en Quer\u00e9taro","author":"grieta","date":"2 mayo, 2016","format":false,"excerpt":"Rafael Camacho\/C\u00f3dice Informativo Francisco Dom\u00ednguez Servien, titular del Poder Ejecutivo, las autoridades estatales que lo acompa\u00f1aban y l\u00edderes sindicales, abandonaron el desfile conmemorativo del D\u00eda del Trabajo, entre gritos, empujones, lluvia de objetos y agresiones. Todo comenz\u00f3 con una tensa calma minutos despu\u00e9s de las 8:00 horas en avenida Corregidora,\u2026","rel":"","context":"En &quot;CINTILLO&quot;","block_context":{"text":"CINTILLO","link":"https:\/\/www.grieta.org.mx\/index.php\/category\/cintillo\/"},"img":{"alt_text":"","src":"https:\/\/i0.wp.com\/www.grieta.org.mx\/wp-content\/uploads\/2018\/03\/14524434_1106112876131411_958039263622046936_o.jpg?resize=350%2C200&ssl=1","width":350,"height":200,"srcset":"https:\/\/i0.wp.com\/www.grieta.org.mx\/wp-content\/uploads\/2018\/03\/14524434_1106112876131411_958039263622046936_o.jpg?resize=350%2C200&ssl=1 1x, https:\/\/i0.wp.com\/www.grieta.org.mx\/wp-content\/uploads\/2018\/03\/14524434_1106112876131411_958039263622046936_o.jpg?resize=525%2C300&ssl=1 1.5x, https:\/\/i0.wp.com\/www.grieta.org.mx\/wp-content\/uploads\/2018\/03\/14524434_1106112876131411_958039263622046936_o.jpg?resize=700%2C400&ssl=1 2x"},"classes":[]}],"_links":{"self":[{"href":"https:\/\/www.grieta.org.mx\/index.php\/wp-json\/wp\/v2\/posts\/12792","targetHints":{"allow":["GET"]}}],"collection":[{"href":"https:\/\/www.grieta.org.mx\/index.php\/wp-json\/wp\/v2\/posts"}],"about":[{"href":"https:\/\/www.grieta.org.mx\/index.php\/wp-json\/wp\/v2\/types\/post"}],"author":[{"embeddable":true,"href":"https:\/\/www.grieta.org.mx\/index.php\/wp-json\/wp\/v2\/users\/2"}],"replies":[{"embeddable":true,"href":"https:\/\/www.grieta.org.mx\/index.php\/wp-json\/wp\/v2\/comments?post=12792"}],"version-history":[{"count":1,"href":"https:\/\/www.grieta.org.mx\/index.php\/wp-json\/wp\/v2\/posts\/12792\/revisions"}],"predecessor-version":[{"id":12794,"href":"https:\/\/www.grieta.org.mx\/index.php\/wp-json\/wp\/v2\/posts\/12792\/revisions\/12794"}],"wp:featuredmedia":[{"embeddable":true,"href":"https:\/\/www.grieta.org.mx\/index.php\/wp-json\/wp\/v2\/media\/21928"}],"wp:attachment":[{"href":"https:\/\/www.grieta.org.mx\/index.php\/wp-json\/wp\/v2\/media?parent=12792"}],"wp:term":[{"taxonomy":"category","embeddable":true,"href":"https:\/\/www.grieta.org.mx\/index.php\/wp-json\/wp\/v2\/categories?post=12792"},{"taxonomy":"post_tag","embeddable":true,"href":"https:\/\/www.grieta.org.mx\/index.php\/wp-json\/wp\/v2\/tags?post=12792"}],"curies":[{"name":"wp","href":"https:\/\/api.w.org\/{rel}","templated":true}]}}