{"id":12752,"date":"2016-04-01T03:51:34","date_gmt":"2016-04-01T03:51:34","guid":{"rendered":"http:\/\/www.grieta.org.mx\/?p=12752"},"modified":"2016-05-22T04:00:44","modified_gmt":"2016-05-22T04:00:44","slug":"bloqueo-contra-la-cementera-fortaleza-en-atotonilco-exigen-trabajo","status":"publish","type":"post","link":"https:\/\/www.grieta.org.mx\/index.php\/2016\/04\/01\/bloqueo-contra-la-cementera-fortaleza-en-atotonilco-exigen-trabajo\/","title":{"rendered":"Bloqueo contra la Cementera Fortaleza en Atotonilco; exigen trabajo"},"content":{"rendered":"<p>Vecinos de comunidad de El Refugio, en Atotonilco de Tula, se manifestaron ayer y bloquearon el acceso a la empresa Cementos Fortaleza, para demandar empleo para para la gente del municipio, pues son ellos quienes han sufrido la contaminaci\u00f3n que genera esta empresa como es el polvo, contaminaci\u00f3n al medio ambiente, a la salud y otros m\u00e1s, adem\u00e1s de que \u00e9ste fue el compromiso cuando iniciaron labores.<\/p>\n<p>Ayer minutos despu\u00e9s de las 8:30 de la ma\u00f1ana un grupo personas vecinas del lugar llegaron y estuvieron apoyados por Jos\u00e9 Domingo Y\u00e1\u00f1ez L\u00f3pez, secretario general del Sindicato Nacional de la Construcci\u00f3n y Montaje Electromec\u00e1nico Similares y Conexos de la comunidad del Refugio y comunidades aleda\u00f1as.<\/p>\n<p>La demanda fue pedir empleos tanto para los j\u00f3venes como para la gente en general del municipio y esta regi\u00f3n, convenio que previamente se hizo cuando se iba a instalar la f\u00e1brica y que sin embargo hasta el momento no han sido beneficiados como se hab\u00eda acordado.<\/p>\n<p>Las personas refirieron que lo \u00fanico que piden es que se deje en el municipio una derrama econ\u00f3mica que les beneficie como poblaci\u00f3n, sin embargo lo \u00fanico que hasta el momento les han dado es contaminaci\u00f3n con el polvo que genera la empresa y con la quema de llantas.<\/p>\n<p>As\u00ed tambi\u00e9n puntualizaron que no reciben ning\u00fan beneficio y s\u00ed muchos da\u00f1os en caminos, salud y medio ambiente.<\/p>\n<p>Con el paso de las horas, alrededor de las 10:00 de la ma\u00f1ana lleg\u00f3 al lugar Gonzalo Hern\u00e1ndez Garc\u00eda, director regional de Gobernaci\u00f3n, quien al escuchar las demandas de los manifestantes, les ofreci\u00f3 una reuni\u00f3n con alguien de la empresa para que escuchen y den soluci\u00f3n a sus problemas.<\/p>\n<p>Para esto se qued\u00f3 en que se definir\u00eda el d\u00eda en que se realice la reuni\u00f3n con gente de la empresa y el director de gobernaci\u00f3n se comprometi\u00f3 a que en cuanto le den la cita se comunicar\u00e1 con ellos para que acudan y haya un di\u00e1logo donde se busquen soluciones para los afectados.<\/p>\n<p>Por su parte, 20 transportistas dijeron que llevan m\u00e1s de mes y medio sin que les paguen el servicio de acarreos.<\/p>\n<p>Finamente despu\u00e9s de que fueron atendidos retiraron el bloqueo con la promesa de que en el trayecto del viernes o este lunes dialogar\u00e1n con representantes de la empresa Fortaleza.<\/p>\n<p><a href=\"http:\/\/www.laregiontula.com\/region\/bloqueo-contra-la-cementera-fortaleza-en-atotonilco-exigen-trabajo\/\" target=\"_blank\">http:\/\/www.laregiontula.com\/region\/bloqueo-contra-la-cementera-fortaleza-en-atotonilco-exigen-trabajo\/<\/a><\/p>\n","protected":false},"excerpt":{"rendered":"<p>Vecinos de comunidad de El Refugio, en Atotonilco de Tula, se manifestaron ayer y bloquearon el acceso a la empresa Cementos Fortaleza, para demandar empleo para para la gente del &hellip; <a href=\"https:\/\/www.grieta.org.mx\/index.php\/2016\/04\/01\/bloqueo-contra-la-cementera-fortaleza-en-atotonilco-exigen-trabajo\/\" class=\"more-link\">Leer m\u00e1s<\/a><\/p>\n","protected":false},"author":2,"featured_media":21928,"comment_status":"closed","ping_status":"closed","sticky":false,"template":"","format":"standard","meta":{"ngg_post_thumbnail":0,"_jetpack_newsletter_access":"","_jetpack_dont_email_post_to_subs":false,"_jetpack_newsletter_tier_id":0,"_jetpack_memberships_contains_paywalled_content":false,"_jetpack_memberships_contains_paid_content":false,"footnotes":""},"categories":[80,129],"tags":[113],"class_list":["post-12752","post","type-post","status-publish","format-standard","has-post-thumbnail","hentry","category-cintillo","category-hidalgo","tag-conflictos-laborales","entry"],"jetpack_featured_media_url":"https:\/\/www.grieta.org.mx\/wp-content\/uploads\/2018\/03\/14524434_1106112876131411_958039263622046936_o.jpg","jetpack_sharing_enabled":true,"jetpack_shortlink":"https:\/\/wp.me\/p7ZJR4-3jG","jetpack_likes_enabled":false,"jetpack-related-posts":[{"id":1157,"url":"https:\/\/www.grieta.org.mx\/index.php\/2016\/04\/01\/obreros-cierran-cementos-fortaleza-en-demanda-de-pago-2\/","url_meta":{"origin":12752,"position":0},"title":"Protestas en demanda de pago y de trabajo en Cementos Fortaleza en Atotonilco","author":"grieta","date":"1 abril, 2016","format":false,"excerpt":"01\/04\/16. Bloqueo contra la Cementera Fortaleza en Atotonilco; exigen trabajoLa Regi\u00f3n 02\/02\/16. Obreros cierran Cementos Fortaleza en demanda de pagoQuadrat\u00edn Hidalgo 02\/02\/16. Trabajadores exigen su pago a constructoraNueva Imagen Hidalgo","rel":"","context":"En &quot;Hidalgo&quot;","block_context":{"text":"Hidalgo","link":"https:\/\/www.grieta.org.mx\/index.php\/category\/noticias-nacionales\/hidalgo\/"},"img":{"alt_text":"","src":"https:\/\/i0.wp.com\/www.grieta.org.mx\/wp-content\/uploads\/2018\/03\/14524434_1106112876131411_958039263622046936_o.jpg?resize=350%2C200&ssl=1","width":350,"height":200,"srcset":"https:\/\/i0.wp.com\/www.grieta.org.mx\/wp-content\/uploads\/2018\/03\/14524434_1106112876131411_958039263622046936_o.jpg?resize=350%2C200&ssl=1 1x, https:\/\/i0.wp.com\/www.grieta.org.mx\/wp-content\/uploads\/2018\/03\/14524434_1106112876131411_958039263622046936_o.jpg?resize=525%2C300&ssl=1 1.5x, https:\/\/i0.wp.com\/www.grieta.org.mx\/wp-content\/uploads\/2018\/03\/14524434_1106112876131411_958039263622046936_o.jpg?resize=700%2C400&ssl=1 2x"},"classes":[]},{"id":69,"url":"https:\/\/www.grieta.org.mx\/index.php\/2011\/11\/22\/pobladores-de-apaxco-y-atotonilco-de-tula-denuncian-muertes-por-contaminacion-producida-por-holcim-apasco-y-ecoltec\/","url_meta":{"origin":12752,"position":1},"title":"Pobladores de Apaxco y Atotonilco de Tula, denuncian muertes por contaminaci\u00f3n producida por Holcim Apasco y Ecoltec","author":"grieta","date":"22 noviembre, 2011","format":false,"excerpt":"22\/11\/11. Los habitantes de Apaxco en defensa del Cerro Colorado y del bien com\u00fanSubversiones 05\/02\/10. Un paisaje gris que enfermaEl Universal","rel":"","context":"En &quot;Estado de M\u00e9xico&quot;","block_context":{"text":"Estado de M\u00e9xico","link":"https:\/\/www.grieta.org.mx\/index.php\/category\/noticias-nacionales\/estado-de-mexico\/"},"img":{"alt_text":"","src":"https:\/\/i0.wp.com\/www.grieta.org.mx\/wp-content\/uploads\/2018\/03\/14524434_1106112876131411_958039263622046936_o.jpg?resize=350%2C200&ssl=1","width":350,"height":200,"srcset":"https:\/\/i0.wp.com\/www.grieta.org.mx\/wp-content\/uploads\/2018\/03\/14524434_1106112876131411_958039263622046936_o.jpg?resize=350%2C200&ssl=1 1x, https:\/\/i0.wp.com\/www.grieta.org.mx\/wp-content\/uploads\/2018\/03\/14524434_1106112876131411_958039263622046936_o.jpg?resize=525%2C300&ssl=1 1.5x, https:\/\/i0.wp.com\/www.grieta.org.mx\/wp-content\/uploads\/2018\/03\/14524434_1106112876131411_958039263622046936_o.jpg?resize=700%2C400&ssl=1 2x"},"classes":[]},{"id":1153,"url":"https:\/\/www.grieta.org.mx\/index.php\/2016\/02\/02\/trabajadores-exigen-su-pago-a-constructora\/","url_meta":{"origin":12752,"position":2},"title":"Trabajadores exigen su pago a constructora","author":"grieta","date":"2 febrero, 2016","format":false,"excerpt":"ATOTONILCO DE TULA, Hgo.- Trabajadores se manifestaron afuera de la Cementera Fortaleza que se encuentra ubicada en la comunidad de El Refugio perteneciente a este municipio, para exigir a la constructora Guzzi su pago de hasta cinco semanas que no les ha realizado. Alrededor de las siete de la ma\u00f1ana\u2026","rel":"","context":"En &quot;CINTILLO&quot;","block_context":{"text":"CINTILLO","link":"https:\/\/www.grieta.org.mx\/index.php\/category\/cintillo\/"},"img":{"alt_text":"","src":"https:\/\/i0.wp.com\/www.grieta.org.mx\/wp-content\/uploads\/2018\/03\/14524434_1106112876131411_958039263622046936_o.jpg?resize=350%2C200&ssl=1","width":350,"height":200,"srcset":"https:\/\/i0.wp.com\/www.grieta.org.mx\/wp-content\/uploads\/2018\/03\/14524434_1106112876131411_958039263622046936_o.jpg?resize=350%2C200&ssl=1 1x, https:\/\/i0.wp.com\/www.grieta.org.mx\/wp-content\/uploads\/2018\/03\/14524434_1106112876131411_958039263622046936_o.jpg?resize=525%2C300&ssl=1 1.5x, https:\/\/i0.wp.com\/www.grieta.org.mx\/wp-content\/uploads\/2018\/03\/14524434_1106112876131411_958039263622046936_o.jpg?resize=700%2C400&ssl=1 2x"},"classes":[]},{"id":1154,"url":"https:\/\/www.grieta.org.mx\/index.php\/2016\/02\/02\/obreros-cierran-cementos-fortaleza-en-demanda-de-pago\/","url_meta":{"origin":12752,"position":3},"title":"Obreros cierran Cementos Fortaleza en demanda de pago","author":"grieta","date":"2 febrero, 2016","format":false,"excerpt":"Miguel \u00c1ngel Mart\u00ednez ATOTONILCO DE TULA, Hgo., 2 de febrero de 2016.- La ma\u00f1ana de este martes, al menos 500 trabajadores de la empresa Guzzi, subcontratada por Cementos Fortaleza para realizar una ampliaci\u00f3n al interior de su planta 2 asentada en Atotonilco de Tula, determinaron el cierre de la f\u00e1brica,\u2026","rel":"","context":"En &quot;CINTILLO&quot;","block_context":{"text":"CINTILLO","link":"https:\/\/www.grieta.org.mx\/index.php\/category\/cintillo\/"},"img":{"alt_text":"","src":"https:\/\/i0.wp.com\/www.grieta.org.mx\/wp-content\/uploads\/2018\/03\/14524434_1106112876131411_958039263622046936_o.jpg?resize=350%2C200&ssl=1","width":350,"height":200,"srcset":"https:\/\/i0.wp.com\/www.grieta.org.mx\/wp-content\/uploads\/2018\/03\/14524434_1106112876131411_958039263622046936_o.jpg?resize=350%2C200&ssl=1 1x, https:\/\/i0.wp.com\/www.grieta.org.mx\/wp-content\/uploads\/2018\/03\/14524434_1106112876131411_958039263622046936_o.jpg?resize=525%2C300&ssl=1 1.5x, https:\/\/i0.wp.com\/www.grieta.org.mx\/wp-content\/uploads\/2018\/03\/14524434_1106112876131411_958039263622046936_o.jpg?resize=700%2C400&ssl=1 2x"},"classes":[]},{"id":1187,"url":"https:\/\/www.grieta.org.mx\/index.php\/2015\/12\/09\/protestan-activistas-en-cuatro-municipios-de-hidalgo-y-estado-de-mexico-en-contra-de-la-contaminacion-provocada-por-cementeras\/","url_meta":{"origin":12752,"position":4},"title":"Protestan activistas en cuatro municipios de Hidalgo y Estado de M\u00e9xico en contra de la contaminaci\u00f3n provocada por cementeras","author":"grieta","date":"9 diciembre, 2015","format":false,"excerpt":"Inicio en cuatro municipios de Hidalgo y uno del Estado de M\u00e9xico, la campa\u00f1a Acci\u00f3n Comunitaria Ambiental (ACA), encaminada a lograr que las empresas cementeras principalmente cumplan con las normas oficiales mexicanas y las autoridades ambientales detengan las pr\u00e1cticas irregulares que ponen en riesgo el ambiente y la salud de\u2026","rel":"","context":"En &quot;CINTILLO&quot;","block_context":{"text":"CINTILLO","link":"https:\/\/www.grieta.org.mx\/index.php\/category\/cintillo\/"},"img":{"alt_text":"","src":"https:\/\/i0.wp.com\/www.grieta.org.mx\/wp-content\/uploads\/2018\/03\/14524434_1106112876131411_958039263622046936_o.jpg?resize=350%2C200&ssl=1","width":350,"height":200,"srcset":"https:\/\/i0.wp.com\/www.grieta.org.mx\/wp-content\/uploads\/2018\/03\/14524434_1106112876131411_958039263622046936_o.jpg?resize=350%2C200&ssl=1 1x, https:\/\/i0.wp.com\/www.grieta.org.mx\/wp-content\/uploads\/2018\/03\/14524434_1106112876131411_958039263622046936_o.jpg?resize=525%2C300&ssl=1 1.5x, https:\/\/i0.wp.com\/www.grieta.org.mx\/wp-content\/uploads\/2018\/03\/14524434_1106112876131411_958039263622046936_o.jpg?resize=700%2C400&ssl=1 2x"},"classes":[]},{"id":1162,"url":"https:\/\/www.grieta.org.mx\/index.php\/2016\/01\/22\/campesinos-de-4-ejidos-bloquearon-la-obra-del-gasoducto-ramal-tula-para-exigir-trabajo\/","url_meta":{"origin":12752,"position":5},"title":"Campesinos de 4 ejidos bloquearon la obra del gasoducto Ramal Tula para exigir trabajo","author":"grieta","date":"22 enero, 2016","format":false,"excerpt":"Atotonilco de Tula.- El pasado mi\u00e9rcoles pasado el medio d\u00eda, comuneros de por lo menos cuatro ejidos ubicados en territorio de la demarcaci\u00f3n, se manifestaron e impidieron las labores de trabajo en la obra federal del gasoducto ramal Tula de la Comisi\u00f3n Federal de Electricidad (CFE), desarrollado en la comunidad\u2026","rel":"","context":"En &quot;CINTILLO&quot;","block_context":{"text":"CINTILLO","link":"https:\/\/www.grieta.org.mx\/index.php\/category\/cintillo\/"},"img":{"alt_text":"","src":"https:\/\/i0.wp.com\/www.grieta.org.mx\/wp-content\/uploads\/2018\/03\/14524434_1106112876131411_958039263622046936_o.jpg?resize=350%2C200&ssl=1","width":350,"height":200,"srcset":"https:\/\/i0.wp.com\/www.grieta.org.mx\/wp-content\/uploads\/2018\/03\/14524434_1106112876131411_958039263622046936_o.jpg?resize=350%2C200&ssl=1 1x, https:\/\/i0.wp.com\/www.grieta.org.mx\/wp-content\/uploads\/2018\/03\/14524434_1106112876131411_958039263622046936_o.jpg?resize=525%2C300&ssl=1 1.5x, https:\/\/i0.wp.com\/www.grieta.org.mx\/wp-content\/uploads\/2018\/03\/14524434_1106112876131411_958039263622046936_o.jpg?resize=700%2C400&ssl=1 2x"},"classes":[]}],"_links":{"self":[{"href":"https:\/\/www.grieta.org.mx\/index.php\/wp-json\/wp\/v2\/posts\/12752","targetHints":{"allow":["GET"]}}],"collection":[{"href":"https:\/\/www.grieta.org.mx\/index.php\/wp-json\/wp\/v2\/posts"}],"about":[{"href":"https:\/\/www.grieta.org.mx\/index.php\/wp-json\/wp\/v2\/types\/post"}],"author":[{"embeddable":true,"href":"https:\/\/www.grieta.org.mx\/index.php\/wp-json\/wp\/v2\/users\/2"}],"replies":[{"embeddable":true,"href":"https:\/\/www.grieta.org.mx\/index.php\/wp-json\/wp\/v2\/comments?post=12752"}],"version-history":[{"count":1,"href":"https:\/\/www.grieta.org.mx\/index.php\/wp-json\/wp\/v2\/posts\/12752\/revisions"}],"predecessor-version":[{"id":12753,"href":"https:\/\/www.grieta.org.mx\/index.php\/wp-json\/wp\/v2\/posts\/12752\/revisions\/12753"}],"wp:featuredmedia":[{"embeddable":true,"href":"https:\/\/www.grieta.org.mx\/index.php\/wp-json\/wp\/v2\/media\/21928"}],"wp:attachment":[{"href":"https:\/\/www.grieta.org.mx\/index.php\/wp-json\/wp\/v2\/media?parent=12752"}],"wp:term":[{"taxonomy":"category","embeddable":true,"href":"https:\/\/www.grieta.org.mx\/index.php\/wp-json\/wp\/v2\/categories?post=12752"},{"taxonomy":"post_tag","embeddable":true,"href":"https:\/\/www.grieta.org.mx\/index.php\/wp-json\/wp\/v2\/tags?post=12752"}],"curies":[{"name":"wp","href":"https:\/\/api.w.org\/{rel}","templated":true}]}}