{"id":12748,"date":"2016-05-21T06:00:55","date_gmt":"2016-05-21T06:00:55","guid":{"rendered":"http:\/\/www.grieta.org.mx\/?p=12748"},"modified":"2016-05-21T11:35:21","modified_gmt":"2016-05-21T11:35:21","slug":"cnte-instala-planton-frente-a-la-sep-tras-desalojo","status":"publish","type":"post","link":"https:\/\/www.grieta.org.mx\/index.php\/2016\/05\/21\/cnte-instala-planton-frente-a-la-sep-tras-desalojo\/","title":{"rendered":"CNTE instala plant\u00f3n frente a la SEP tras desalojo"},"content":{"rendered":"<p>Ricardo Ortiz<\/p>\n<p><img decoding=\"async\" data-attachment-id=\"12749\" data-permalink=\"https:\/\/www.grieta.org.mx\/index.php\/2016\/05\/21\/cnte-instala-planton-frente-a-la-sep-tras-desalojo\/13254312_10154192351511737_679493596037884027_n\/\" data-orig-file=\"https:\/\/www.grieta.org.mx\/wp-content\/uploads\/2016\/05\/13254312_10154192351511737_679493596037884027_n.jpg\" data-orig-size=\"700,380\" data-comments-opened=\"0\" data-image-meta=\"{&quot;aperture&quot;:&quot;0&quot;,&quot;credit&quot;:&quot;&quot;,&quot;camera&quot;:&quot;&quot;,&quot;caption&quot;:&quot;&quot;,&quot;created_timestamp&quot;:&quot;0&quot;,&quot;copyright&quot;:&quot;&quot;,&quot;focal_length&quot;:&quot;0&quot;,&quot;iso&quot;:&quot;0&quot;,&quot;shutter_speed&quot;:&quot;0&quot;,&quot;title&quot;:&quot;&quot;,&quot;orientation&quot;:&quot;0&quot;}\" data-image-title=\"13254312_10154192351511737_679493596037884027_n\" data-image-description=\"\" data-image-caption=\"\" data-medium-file=\"https:\/\/www.grieta.org.mx\/wp-content\/uploads\/2016\/05\/13254312_10154192351511737_679493596037884027_n-300x163.jpg\" data-large-file=\"https:\/\/www.grieta.org.mx\/wp-content\/uploads\/2016\/05\/13254312_10154192351511737_679493596037884027_n.jpg\" src=\"http:\/\/www.grieta.org.mx\/wp-content\/uploads\/2016\/05\/13254312_10154192351511737_679493596037884027_n.jpg\" alt=\"13254312_10154192351511737_679493596037884027_n\" width=\"100%\" class=\"aligncenter size-full wp-image-12749\" srcset=\"https:\/\/www.grieta.org.mx\/wp-content\/uploads\/2016\/05\/13254312_10154192351511737_679493596037884027_n.jpg 700w, https:\/\/www.grieta.org.mx\/wp-content\/uploads\/2016\/05\/13254312_10154192351511737_679493596037884027_n-300x163.jpg 300w\" sizes=\"(max-width: 700px) 100vw, 700px\" \/><\/p>\n<p>Foto: Arte Acci\u00f3n\/Somoselmedio.org<\/p>\n<p>Anuncian actividades en los pr\u00f3ximos d\u00edas<\/p>\n<p>Integrantes de la Coordinadora Nacional de Trabajadores de la Educaci\u00f3n (CNTE), fueron desalojados este viernes 20 de mayo por elementos de granaderos durante la madrugada, luego de que los profesores se mantuvieran instalados frente a la Secretar\u00eda de Gobernaci\u00f3n.<\/p>\n<p>Ante esto, los maestros se mantienen en plant\u00f3n frente a las oficinas de la Secretar\u00eda de Educaci\u00f3n P\u00fablica en la Ciudad de M\u00e9xico, donde anunciaron que permanecer\u00e1n en resistencia hasta anular la Reforma Educativa.<\/p>\n<p>Por \u00faltimo, anunciaron en conferencia de prensa frente a la SEP, que mantendr\u00e1n actividades en los pr\u00f3ximos d\u00edas, adem\u00e1s de realizar un encuentro con los familiares de los 43 estudiantes desaparecidos de Ayotzinapa.<\/p>\n<p><a href=\"http:\/\/www.somoselmedio.org\/article\/cnte-instala-plant%C3%B3n-frente-la-sep-tras-desalojo\" target=\"_blank\">http:\/\/www.somoselmedio.org\/article\/cnte-instala-plant%C3%B3n-frente-la-sep-tras-desalojo<\/a><\/p>\n","protected":false},"excerpt":{"rendered":"<p>Ricardo Ortiz Foto: Arte Acci\u00f3n\/Somoselmedio.org Anuncian actividades en los pr\u00f3ximos d\u00edas Integrantes de la Coordinadora Nacional de Trabajadores de la Educaci\u00f3n (CNTE), fueron desalojados este viernes 20 de mayo por &hellip; <a href=\"https:\/\/www.grieta.org.mx\/index.php\/2016\/05\/21\/cnte-instala-planton-frente-a-la-sep-tras-desalojo\/\" class=\"more-link\">Leer m\u00e1s<\/a><\/p>\n","protected":false},"author":2,"featured_media":21928,"comment_status":"closed","ping_status":"closed","sticky":false,"template":"","format":"standard","meta":{"ngg_post_thumbnail":0,"_jetpack_newsletter_access":"","_jetpack_dont_email_post_to_subs":false,"_jetpack_newsletter_tier_id":0,"_jetpack_memberships_contains_paywalled_content":false,"_jetpack_memberships_contains_paid_content":false,"footnotes":""},"categories":[598,80],"tags":[134,248,130],"class_list":["post-12748","post","type-post","status-publish","format-standard","has-post-thumbnail","hentry","category-cdmx","category-cintillo","tag-cnte","tag-desalojo","tag-represion","entry"],"jetpack_featured_media_url":"https:\/\/www.grieta.org.mx\/wp-content\/uploads\/2018\/03\/14524434_1106112876131411_958039263622046936_o.jpg","jetpack_sharing_enabled":true,"jetpack_shortlink":"https:\/\/wp.me\/p7ZJR4-3jC","jetpack_likes_enabled":false,"jetpack-related-posts":[{"id":12990,"url":"https:\/\/www.grieta.org.mx\/index.php\/2016\/05\/21\/policia-federal-desaloja-planton-de-profesores-de-la-plaza-santo-domingo\/","url_meta":{"origin":12748,"position":0},"title":"Polic\u00eda Federal desaloja plant\u00f3n de profesores de la Plaza Santo Domingo","author":"grieta","date":"21 mayo, 2016","format":false,"excerpt":"Ricardo Ortiz Profesores fueron trasladados en camiones Cerca de las 2:30 de la madrugada de este s\u00e1bado 21, elementos de granaderos y Polic\u00eda Federal, informaron a profesores que manten\u00edan el campamento magisterial en la Plaza Santo Domingo frente a las oficinas de la Secretaria de Educaci\u00f3n P\u00fablica (SEP), que por\u2026","rel":"","context":"En &quot;cdmx&quot;","block_context":{"text":"cdmx","link":"https:\/\/www.grieta.org.mx\/index.php\/category\/cdmx\/"},"img":{"alt_text":"","src":"https:\/\/i0.wp.com\/www.grieta.org.mx\/wp-content\/uploads\/2018\/03\/14524434_1106112876131411_958039263622046936_o.jpg?resize=350%2C200&ssl=1","width":350,"height":200,"srcset":"https:\/\/i0.wp.com\/www.grieta.org.mx\/wp-content\/uploads\/2018\/03\/14524434_1106112876131411_958039263622046936_o.jpg?resize=350%2C200&ssl=1 1x, https:\/\/i0.wp.com\/www.grieta.org.mx\/wp-content\/uploads\/2018\/03\/14524434_1106112876131411_958039263622046936_o.jpg?resize=525%2C300&ssl=1 1.5x, https:\/\/i0.wp.com\/www.grieta.org.mx\/wp-content\/uploads\/2018\/03\/14524434_1106112876131411_958039263622046936_o.jpg?resize=700%2C400&ssl=1 2x"},"classes":[]},{"id":9590,"url":"https:\/\/www.grieta.org.mx\/index.php\/2016\/08\/16\/movilizaciones-y-actividades-de-la-cnte-en-la-ciudad-de-mexico\/","url_meta":{"origin":12748,"position":1},"title":"Movilizaciones contra la reforma educativa en la Ciudad de M\u00e9xico","author":"grieta","date":"16 agosto, 2016","format":false,"excerpt":"15\/08\/16. Profesores y sociedad marchan en contra de las Reformas Estructurales (CDMX)Somos el medio 21\/07\/16. Cierran Reforma por marcha de CNTE al Z\u00f3caloEl Universal 20\/07\/16. Maestros protestan en Gobernaci\u00f3nEl Universal 11\/07\/16. Bloquean Calzada Zaragoza en apoyo a la CNTESomos el medio 17\/06\/16. La mega-marcha magisterial y popular en Ciudad Monstruo\u2026","rel":"","context":"En &quot;Ciudad de M\u00e9xico&quot;","block_context":{"text":"Ciudad de M\u00e9xico","link":"https:\/\/www.grieta.org.mx\/index.php\/category\/noticias-nacionales\/ciudad-de-mexico\/"},"img":{"alt_text":"","src":"https:\/\/i0.wp.com\/www.grieta.org.mx\/wp-content\/uploads\/2018\/03\/14524434_1106112876131411_958039263622046936_o.jpg?resize=350%2C200&ssl=1","width":350,"height":200,"srcset":"https:\/\/i0.wp.com\/www.grieta.org.mx\/wp-content\/uploads\/2018\/03\/14524434_1106112876131411_958039263622046936_o.jpg?resize=350%2C200&ssl=1 1x, https:\/\/i0.wp.com\/www.grieta.org.mx\/wp-content\/uploads\/2018\/03\/14524434_1106112876131411_958039263622046936_o.jpg?resize=525%2C300&ssl=1 1.5x, https:\/\/i0.wp.com\/www.grieta.org.mx\/wp-content\/uploads\/2018\/03\/14524434_1106112876131411_958039263622046936_o.jpg?resize=700%2C400&ssl=1 2x"},"classes":[]},{"id":9601,"url":"https:\/\/www.grieta.org.mx\/index.php\/2016\/02\/21\/desalojan-planton-cnte-en-monumento-a-la-revolucion\/","url_meta":{"origin":12748,"position":2},"title":"Desalojan plant\u00f3n #CNTE en Monumento a la Revoluci\u00f3n","author":"grieta","date":"21 febrero, 2016","format":false,"excerpt":"Somos el medio Gobierno de la CDMX intent\u00f3 incendiar el lugar Judith Flores CDMX, 21 de febrero de 2016.- Integrantes de la Coordinadora Nacional de Trabajadores de la Educaci\u00f3n (CNTE) que se encontraban en plant\u00f3n del Monumento a la Revoluci\u00f3n, desde el 13 de septiembre de 2013, en defensa de\u2026","rel":"","context":"En &quot;CINTILLO&quot;","block_context":{"text":"CINTILLO","link":"https:\/\/www.grieta.org.mx\/index.php\/category\/cintillo\/"},"img":{"alt_text":"","src":"https:\/\/i0.wp.com\/www.grieta.org.mx\/wp-content\/uploads\/2018\/03\/14524434_1106112876131411_958039263622046936_o.jpg?resize=350%2C200&ssl=1","width":350,"height":200,"srcset":"https:\/\/i0.wp.com\/www.grieta.org.mx\/wp-content\/uploads\/2018\/03\/14524434_1106112876131411_958039263622046936_o.jpg?resize=350%2C200&ssl=1 1x, https:\/\/i0.wp.com\/www.grieta.org.mx\/wp-content\/uploads\/2018\/03\/14524434_1106112876131411_958039263622046936_o.jpg?resize=525%2C300&ssl=1 1.5x, https:\/\/i0.wp.com\/www.grieta.org.mx\/wp-content\/uploads\/2018\/03\/14524434_1106112876131411_958039263622046936_o.jpg?resize=700%2C400&ssl=1 2x"},"classes":[]},{"id":69065,"url":"https:\/\/www.grieta.org.mx\/index.php\/2024\/06\/05\/maestros-exigen-castigar-a-los-responsables-de-las-agresiones-cometidas-en-el-zocalo-capitalino-y-en-oaxaca\/","url_meta":{"origin":12748,"position":3},"title":"Maestros exigen castigar a los responsables de las agresiones cometidas en el Z\u00f3calo capitalino y en Oaxaca","author":"grieta","date":"5 junio, 2024","format":false,"excerpt":"Ale Huitron y Olivia V\u00e1zquez Herrera \/ Infobae Los docentes se\u00f1alaron que mantendr\u00e1n el plant\u00f3n en el Z\u00f3calo Los maestros de la CNTE anunciaron pr\u00f3xima marcha del \u00c1ngel de la Independencia al Z\u00f3calo de la CDMX Yenny Aracely P\u00e9rez, secretaria general de la Secci\u00f3n 22 de Oaxaca, anunci\u00f3 que el\u2026","rel":"","context":"En &quot;CINTILLO&quot;","block_context":{"text":"CINTILLO","link":"https:\/\/www.grieta.org.mx\/index.php\/category\/cintillo\/"},"img":{"alt_text":"Los maestros de la CNTE que fueron reprimidos en Oaxaca tambi\u00e9n protestaron. (Cencos Secci\u00f3n Veintid\u00f3s)","src":"https:\/\/www.infobae.com\/new-resizer\/oIfhoEkxWR11t_hMzes3QWbCk3U=\/420x315\/filters:format(webp):quality(85)\/cloudfront-us-east-1.images.arcpublishing.com\/infobae\/SDIDKBPHERHF5AMXTJG6ED5ZKM.jpg%20420w","width":350,"height":200,"srcset":"https:\/\/www.infobae.com\/new-resizer\/oIfhoEkxWR11t_hMzes3QWbCk3U=\/420x315\/filters:format(webp):quality(85)\/cloudfront-us-east-1.images.arcpublishing.com\/infobae\/SDIDKBPHERHF5AMXTJG6ED5ZKM.jpg%20420w 1x, https:\/\/www.infobae.com\/new-resizer\/oIfhoEkxWR11t_hMzes3QWbCk3U=\/420x315\/filters:format(webp):quality(85)\/cloudfront-us-east-1.images.arcpublishing.com\/infobae\/SDIDKBPHERHF5AMXTJG6ED5ZKM.jpg%20420w 1.5x, https:\/\/www.infobae.com\/new-resizer\/oIfhoEkxWR11t_hMzes3QWbCk3U=\/420x315\/filters:format(webp):quality(85)\/cloudfront-us-east-1.images.arcpublishing.com\/infobae\/SDIDKBPHERHF5AMXTJG6ED5ZKM.jpg%20420w 2x, https:\/\/www.infobae.com\/new-resizer\/oIfhoEkxWR11t_hMzes3QWbCk3U=\/420x315\/filters:format(webp):quality(85)\/cloudfront-us-east-1.images.arcpublishing.com\/infobae\/SDIDKBPHERHF5AMXTJG6ED5ZKM.jpg%20420w 3x, https:\/\/www.infobae.com\/new-resizer\/oIfhoEkxWR11t_hMzes3QWbCk3U=\/420x315\/filters:format(webp):quality(85)\/cloudfront-us-east-1.images.arcpublishing.com\/infobae\/SDIDKBPHERHF5AMXTJG6ED5ZKM.jpg%20420w 4x"},"classes":[]},{"id":12744,"url":"https:\/\/www.grieta.org.mx\/index.php\/2016\/05\/20\/desalojan-planton-del-magisterio-en-la-ciudad-de-mexico-los-maestros-hablan\/","url_meta":{"origin":12748,"position":4},"title":"Desalojan plant\u00f3n del magisterio en la Ciudad de M\u00e9xico: los maestros hablan","author":"grieta","date":"20 mayo, 2016","format":false,"excerpt":"Esta madrugada se desaloj\u00f3 el plant\u00f3n que maestros de varios estados manten\u00edan en las inmediaciones de la Secretar\u00eda de Gobernaci\u00f3n en la CDMX, con violencia, amenazas y un operativo de las fuerzas armadas los maestros se encontraron encapsulados por \u00f3rdenes del jefe de gobierno Miguel \u00c1ngel Mancera. A continuaci\u00f3n reproducimos\u2026","rel":"","context":"En &quot;cdmx&quot;","block_context":{"text":"cdmx","link":"https:\/\/www.grieta.org.mx\/index.php\/category\/cdmx\/"},"img":{"alt_text":"","src":"https:\/\/i0.wp.com\/www.grieta.org.mx\/wp-content\/uploads\/2018\/03\/14524434_1106112876131411_958039263622046936_o.jpg?resize=350%2C200&ssl=1","width":350,"height":200,"srcset":"https:\/\/i0.wp.com\/www.grieta.org.mx\/wp-content\/uploads\/2018\/03\/14524434_1106112876131411_958039263622046936_o.jpg?resize=350%2C200&ssl=1 1x, https:\/\/i0.wp.com\/www.grieta.org.mx\/wp-content\/uploads\/2018\/03\/14524434_1106112876131411_958039263622046936_o.jpg?resize=525%2C300&ssl=1 1.5x, https:\/\/i0.wp.com\/www.grieta.org.mx\/wp-content\/uploads\/2018\/03\/14524434_1106112876131411_958039263622046936_o.jpg?resize=700%2C400&ssl=1 2x"},"classes":[]},{"id":20931,"url":"https:\/\/www.grieta.org.mx\/index.php\/2016\/08\/16\/cnte-levanta-planton-en-bc-regresaran-a-clases-y-preparan-foros\/","url_meta":{"origin":12748,"position":5},"title":"CNTE levanta plant\u00f3n en BC; regresar\u00e1n a clases y preparan foros","author":"grieta","date":"16 agosto, 2016","format":false,"excerpt":"Por: Esteban Merlo TIJUANA.- La Coordinadora Nacional de Trabajadores de la Educaci\u00f3n (CNTE) acord\u00f3 con la Secretar\u00eda de Educaci\u00f3n y Bienestar Social el pago pendiente valorado en 15 millones de pesos a los maestros, por ello han decidido levantar el plant\u00f3n; a partir de este mi\u00e9rcoles regresan a las escuelas,\u2026","rel":"","context":"En &quot;CINTILLO&quot;","block_context":{"text":"CINTILLO","link":"https:\/\/www.grieta.org.mx\/index.php\/category\/cintillo\/"},"img":{"alt_text":"","src":"https:\/\/i0.wp.com\/www.grieta.org.mx\/wp-content\/uploads\/2018\/03\/14524434_1106112876131411_958039263622046936_o.jpg?resize=350%2C200&ssl=1","width":350,"height":200,"srcset":"https:\/\/i0.wp.com\/www.grieta.org.mx\/wp-content\/uploads\/2018\/03\/14524434_1106112876131411_958039263622046936_o.jpg?resize=350%2C200&ssl=1 1x, https:\/\/i0.wp.com\/www.grieta.org.mx\/wp-content\/uploads\/2018\/03\/14524434_1106112876131411_958039263622046936_o.jpg?resize=525%2C300&ssl=1 1.5x, https:\/\/i0.wp.com\/www.grieta.org.mx\/wp-content\/uploads\/2018\/03\/14524434_1106112876131411_958039263622046936_o.jpg?resize=700%2C400&ssl=1 2x"},"classes":[]}],"_links":{"self":[{"href":"https:\/\/www.grieta.org.mx\/index.php\/wp-json\/wp\/v2\/posts\/12748","targetHints":{"allow":["GET"]}}],"collection":[{"href":"https:\/\/www.grieta.org.mx\/index.php\/wp-json\/wp\/v2\/posts"}],"about":[{"href":"https:\/\/www.grieta.org.mx\/index.php\/wp-json\/wp\/v2\/types\/post"}],"author":[{"embeddable":true,"href":"https:\/\/www.grieta.org.mx\/index.php\/wp-json\/wp\/v2\/users\/2"}],"replies":[{"embeddable":true,"href":"https:\/\/www.grieta.org.mx\/index.php\/wp-json\/wp\/v2\/comments?post=12748"}],"version-history":[{"count":1,"href":"https:\/\/www.grieta.org.mx\/index.php\/wp-json\/wp\/v2\/posts\/12748\/revisions"}],"predecessor-version":[{"id":12750,"href":"https:\/\/www.grieta.org.mx\/index.php\/wp-json\/wp\/v2\/posts\/12748\/revisions\/12750"}],"wp:featuredmedia":[{"embeddable":true,"href":"https:\/\/www.grieta.org.mx\/index.php\/wp-json\/wp\/v2\/media\/21928"}],"wp:attachment":[{"href":"https:\/\/www.grieta.org.mx\/index.php\/wp-json\/wp\/v2\/media?parent=12748"}],"wp:term":[{"taxonomy":"category","embeddable":true,"href":"https:\/\/www.grieta.org.mx\/index.php\/wp-json\/wp\/v2\/categories?post=12748"},{"taxonomy":"post_tag","embeddable":true,"href":"https:\/\/www.grieta.org.mx\/index.php\/wp-json\/wp\/v2\/tags?post=12748"}],"curies":[{"name":"wp","href":"https:\/\/api.w.org\/{rel}","templated":true}]}}