{"id":1274,"date":"2015-11-27T18:49:29","date_gmt":"2015-11-27T18:49:29","guid":{"rendered":"http:\/\/50.22.11.12\/~grietaor\/?p=1274"},"modified":"2018-03-29T17:14:06","modified_gmt":"2018-03-29T23:14:06","slug":"enfermeras-marchan-y-entregan-pliego-petitorio","status":"publish","type":"post","link":"https:\/\/www.grieta.org.mx\/index.php\/2015\/11\/27\/enfermeras-marchan-y-entregan-pliego-petitorio\/","title":{"rendered":"Enfermeras marchan y entregan pliego petitorio"},"content":{"rendered":"<p><object id=\"flashObj\" width=\"400\" height=\"300\" classid=\"clsid:D27CDB6E-AE6D-11cf-96B8-444553540000\" codebase=\"http:\/\/download.macromedia.com\/pub\/shockwave\/cabs\/flash\/swflash.cab#version=9,0,47,0\"><param name=\"movie\" value=\"http:\/\/c.brightcove.com\/services\/viewer\/federated_f9?isVid=1&amp;isUI=1\" \/><param name=\"bgcolor\" value=\"#FFFFFF\" \/><param name=\"flashVars\" value=\"videoId=4634801012001&amp;playerID=541342459001&amp;playerKey=AQ~~,AAAADXbYjDE~,3aLFJqpM7IdIVRk2bJfDqHBHdWg7xmnI&amp;domain=embed&amp;dynamicStreaming=true\" \/><param name=\"base\" value=\"http:\/\/admin.brightcove.com\" \/><param name=\"seamlesstabbing\" value=\"false\" \/><param name=\"allowFullScreen\" value=\"true\" \/><param name=\"swLiveConnect\" value=\"true\" \/><param name=\"allowScriptAccess\" value=\"always\" \/><\/object><\/p>\n<p>El personal de enfermer\u00eda del Hospital General de G\u00f3mez Palacio que se encuentran bajo protesta por la desigual asignaci\u00f3n de bases, se manifestaron afuera de la presidencia municipal.<\/p>\n<p>G\u00f3mez Palacio, Durango<\/p>\n<p>A m\u00e1s de una semana de estar trabajando bajo protesta y ante la nula soluci\u00f3n a sus demandas por parte de la Secretar\u00eda de Salud, enfermeras del Hospital General de G\u00f3mez Palacio marcharon por el centro de la ciudad hasta la presidencia municipal.<\/p>\n<p>Durante el recorrido lanzaron consignas ante la designaci\u00f3n de permanencia otorgada a personal con menor antig\u00fcedad laboral, por lo que pidieron al alcalde Jos\u00e9 Miguel Campillo su intervenci\u00f3n en el caso.<\/p>\n<p>Una vez concluida la manifestaci\u00f3n, el personal de enfermer\u00eda realiz\u00f3 la entrega de un pliego petitorio al subsecretario de gobierno, Ignacio Aguado.<\/p>\n<p><a href=\"http:\/\/www.milenio.com\/region\/marcha_enfermeras_Gomez_Palacio-Hospital_General_Gomez_Palacio-enfermeras_Gomez_0_635936605.html\" target=\"_blank\">www.milenio.com\/region\/marcha_enfermeras_Gomez_Palacio-Hospital_General_Gomez_Palacio-enfermeras_Gomez_0_635936605.html<\/a><\/p>\n","protected":false},"excerpt":{"rendered":"<p>El personal de enfermer\u00eda del Hospital General de G\u00f3mez Palacio que se encuentran bajo protesta por la desigual asignaci\u00f3n de bases, se manifestaron afuera de la presidencia municipal. G\u00f3mez Palacio, &hellip; <a href=\"https:\/\/www.grieta.org.mx\/index.php\/2015\/11\/27\/enfermeras-marchan-y-entregan-pliego-petitorio\/\" class=\"more-link\">Leer m\u00e1s<\/a><\/p>\n","protected":false},"author":2,"featured_media":21928,"comment_status":"closed","ping_status":"open","sticky":false,"template":"","format":"standard","meta":{"ngg_post_thumbnail":0,"_jetpack_newsletter_access":"","_jetpack_dont_email_post_to_subs":false,"_jetpack_newsletter_tier_id":0,"_jetpack_memberships_contains_paywalled_content":false,"_jetpack_memberships_contains_paid_content":false,"footnotes":""},"categories":[80,173,15,1103,1101],"tags":[113],"class_list":{"0":"post-1274","1":"post","2":"type-post","3":"status-publish","4":"format-standard","5":"has-post-thumbnail","6":"hentry","7":"category-cintillo","8":"category-durango","10":"category-enfermeras-de-durango-protestan-por-condiciones-laborales","11":"category-conflictos-laborales-en-durango","12":"tag-conflictos-laborales","13":"entry"},"jetpack_featured_media_url":"https:\/\/www.grieta.org.mx\/wp-content\/uploads\/2018\/03\/14524434_1106112876131411_958039263622046936_o.jpg","jetpack_sharing_enabled":true,"jetpack_shortlink":"https:\/\/wp.me\/p7ZJR4-ky","jetpack_likes_enabled":false,"jetpack-related-posts":[{"id":1287,"url":"https:\/\/www.grieta.org.mx\/index.php\/2015\/11\/23\/protestan-enfermeras-por-sus-bajos-sueldos\/","url_meta":{"origin":1274,"position":0},"title":"Protestan enfermeras por sus bajos sueldos","author":"grieta","date":"23 noviembre, 2015","format":false,"excerpt":"\u00a0 El pasado viernes personal m\u00e9dico, principalmente del area de enfermeria del Hospital General de G\u00f3mez Palacio,iniciaron con una protesta que dio lugar a que este fin de semana acamparon en el estacionamiento de este nosocomio. Un grupo de enfermeras del Hospital General de G\u00f3mez Palacio se manifest\u00f3 en las\u2026","rel":"","context":"En &quot;CINTILLO&quot;","block_context":{"text":"CINTILLO","link":"https:\/\/www.grieta.org.mx\/index.php\/category\/cintillo\/"},"img":{"alt_text":"","src":"https:\/\/i0.wp.com\/www.grieta.org.mx\/wp-content\/uploads\/2018\/03\/14524434_1106112876131411_958039263622046936_o.jpg?resize=350%2C200&ssl=1","width":350,"height":200,"srcset":"https:\/\/i0.wp.com\/www.grieta.org.mx\/wp-content\/uploads\/2018\/03\/14524434_1106112876131411_958039263622046936_o.jpg?resize=350%2C200&ssl=1 1x, https:\/\/i0.wp.com\/www.grieta.org.mx\/wp-content\/uploads\/2018\/03\/14524434_1106112876131411_958039263622046936_o.jpg?resize=525%2C300&ssl=1 1.5x, https:\/\/i0.wp.com\/www.grieta.org.mx\/wp-content\/uploads\/2018\/03\/14524434_1106112876131411_958039263622046936_o.jpg?resize=700%2C400&ssl=1 2x"},"classes":[]},{"id":1290,"url":"https:\/\/www.grieta.org.mx\/index.php\/2015\/11\/19\/protestan-enfermeros-exigen-su-plaza\/","url_meta":{"origin":1274,"position":1},"title":"Protestan enfermeros; exigen su plaza","author":"grieta","date":"19 noviembre, 2015","format":false,"excerpt":"El pasado martes por la noche, un grupo de enfermeros se manifest\u00f3 en el Hospital General de G\u00f3mez Palacio para exigir que se regularicen sus fuentes de trabajo. Seg\u00fan Arturo Ramos L\u00f3pez, enfermero desde hace 13 a\u00f1os en dicha instituci\u00f3n, el sueldo que reciben hasta el momento es raqu\u00edtico, incluso,\u2026","rel":"","context":"En &quot;CINTILLO&quot;","block_context":{"text":"CINTILLO","link":"https:\/\/www.grieta.org.mx\/index.php\/category\/cintillo\/"},"img":{"alt_text":"","src":"https:\/\/i0.wp.com\/www.grieta.org.mx\/wp-content\/uploads\/2018\/03\/14524434_1106112876131411_958039263622046936_o.jpg?resize=350%2C200&ssl=1","width":350,"height":200,"srcset":"https:\/\/i0.wp.com\/www.grieta.org.mx\/wp-content\/uploads\/2018\/03\/14524434_1106112876131411_958039263622046936_o.jpg?resize=350%2C200&ssl=1 1x, https:\/\/i0.wp.com\/www.grieta.org.mx\/wp-content\/uploads\/2018\/03\/14524434_1106112876131411_958039263622046936_o.jpg?resize=525%2C300&ssl=1 1.5x, https:\/\/i0.wp.com\/www.grieta.org.mx\/wp-content\/uploads\/2018\/03\/14524434_1106112876131411_958039263622046936_o.jpg?resize=700%2C400&ssl=1 2x"},"classes":[]},{"id":1283,"url":"https:\/\/www.grieta.org.mx\/index.php\/2015\/11\/23\/instalan-campamento-en-el-hg\/","url_meta":{"origin":1274,"position":2},"title":"Instalan campamento en el HG","author":"grieta","date":"23 noviembre, 2015","format":false,"excerpt":"Personal de enfermer\u00eda del Hospital General de G\u00f3mez Palacio, colocaron desde el s\u00e1bado por la noche un campamento a las afueras del nosocomio para continuar exigiendo el respeto de antig\u00fcedad y la formalizaci\u00f3n de base que les fue prometida. El d\u00eda de ayer, dieron a conocer que seguir\u00e1n en esta\u2026","rel":"","context":"En &quot;CINTILLO&quot;","block_context":{"text":"CINTILLO","link":"https:\/\/www.grieta.org.mx\/index.php\/category\/cintillo\/"},"img":{"alt_text":"","src":"https:\/\/i0.wp.com\/www.grieta.org.mx\/wp-content\/uploads\/2018\/03\/14524434_1106112876131411_958039263622046936_o.jpg?resize=350%2C200&ssl=1","width":350,"height":200,"srcset":"https:\/\/i0.wp.com\/www.grieta.org.mx\/wp-content\/uploads\/2018\/03\/14524434_1106112876131411_958039263622046936_o.jpg?resize=350%2C200&ssl=1 1x, https:\/\/i0.wp.com\/www.grieta.org.mx\/wp-content\/uploads\/2018\/03\/14524434_1106112876131411_958039263622046936_o.jpg?resize=525%2C300&ssl=1 1.5x, https:\/\/i0.wp.com\/www.grieta.org.mx\/wp-content\/uploads\/2018\/03\/14524434_1106112876131411_958039263622046936_o.jpg?resize=700%2C400&ssl=1 2x"},"classes":[]},{"id":1276,"url":"https:\/\/www.grieta.org.mx\/index.php\/2015\/11\/26\/sigue-protesta-de-enfermeros-del-hg-de-gomez-palacio\/","url_meta":{"origin":1274,"position":3},"title":"Sigue protesta de enfermeros del HG de G\u00f3mez Palacio","author":"grieta","date":"26 noviembre, 2015","format":false,"excerpt":"Por no quedar conformes con la explicaci\u00f3n de la Secretar\u00eda de Salud del estado de Durango sobre el tema de regularizaciones, enfermeros del Hospital General de G\u00f3mez Palacio mantienen casas de campa\u00f1a y pancartas de inconformidad en la instituci\u00f3n. Pese a la visita del secretario de Salud, Eduardo D\u00edaz Ju\u00e1rez\u2026","rel":"","context":"En &quot;CINTILLO&quot;","block_context":{"text":"CINTILLO","link":"https:\/\/www.grieta.org.mx\/index.php\/category\/cintillo\/"},"img":{"alt_text":"","src":"https:\/\/i0.wp.com\/www.grieta.org.mx\/wp-content\/uploads\/2018\/03\/14524434_1106112876131411_958039263622046936_o.jpg?resize=350%2C200&ssl=1","width":350,"height":200,"srcset":"https:\/\/i0.wp.com\/www.grieta.org.mx\/wp-content\/uploads\/2018\/03\/14524434_1106112876131411_958039263622046936_o.jpg?resize=350%2C200&ssl=1 1x, https:\/\/i0.wp.com\/www.grieta.org.mx\/wp-content\/uploads\/2018\/03\/14524434_1106112876131411_958039263622046936_o.jpg?resize=525%2C300&ssl=1 1.5x, https:\/\/i0.wp.com\/www.grieta.org.mx\/wp-content\/uploads\/2018\/03\/14524434_1106112876131411_958039263622046936_o.jpg?resize=700%2C400&ssl=1 2x"},"classes":[]},{"id":15141,"url":"https:\/\/www.grieta.org.mx\/index.php\/2016\/06\/23\/medicos-alzan-la-voz\/","url_meta":{"origin":1274,"position":4},"title":"M\u00e9dicos alzan la voz","author":"grieta","date":"23 junio, 2016","format":false,"excerpt":"Al igual que en otras partes del pa\u00eds, m\u00e9dicos duranguenses se unieron a la manifestaci\u00f3n en contra de las agresiones que sufren y en repudio a la universalidad del sistema nacional de salud. El contingente avanz\u00f3 por la calle 5 de Febrero, partiendo del Jard\u00edn de San Antonio, hasta llegar\u2026","rel":"","context":"En &quot;CINTILLO&quot;","block_context":{"text":"CINTILLO","link":"https:\/\/www.grieta.org.mx\/index.php\/category\/cintillo\/"},"img":{"alt_text":"","src":"https:\/\/i0.wp.com\/www.grieta.org.mx\/wp-content\/uploads\/2016\/06\/marchan-contra-reforma-salud-durango-1.jpeg?resize=350%2C200&ssl=1","width":350,"height":200,"srcset":"https:\/\/i0.wp.com\/www.grieta.org.mx\/wp-content\/uploads\/2016\/06\/marchan-contra-reforma-salud-durango-1.jpeg?resize=350%2C200&ssl=1 1x, https:\/\/i0.wp.com\/www.grieta.org.mx\/wp-content\/uploads\/2016\/06\/marchan-contra-reforma-salud-durango-1.jpeg?resize=525%2C300&ssl=1 1.5x, https:\/\/i0.wp.com\/www.grieta.org.mx\/wp-content\/uploads\/2016\/06\/marchan-contra-reforma-salud-durango-1.jpeg?resize=700%2C400&ssl=1 2x"},"classes":[]},{"id":12476,"url":"https:\/\/www.grieta.org.mx\/index.php\/2016\/05\/16\/realizan-paro-en-dos-escuelas-de-la-laguna-de-durango\/","url_meta":{"origin":1274,"position":5},"title":"Realizan paro en dos escuelas de La Laguna de Durango","author":"grieta","date":"16 mayo, 2016","format":false,"excerpt":"Mayela Avila G\u00f3mez Palacio, Durango (16\/05\/2016).- Este lunes, la Telesecundaria del Ejido La Sierrita, municipio de Tlahualilo y la telesecundaria del ejido Britingham de G\u00f3mez Palacio se sumaron al paro nacional convocado por la Coordinadora Nacional de Trabajadores de la Educaci\u00f3n desde el pasado 15 de mayo para la denominada\u2026","rel":"","context":"En &quot;CINTILLO&quot;","block_context":{"text":"CINTILLO","link":"https:\/\/www.grieta.org.mx\/index.php\/category\/cintillo\/"},"img":{"alt_text":"","src":"https:\/\/i0.wp.com\/www.grieta.org.mx\/wp-content\/uploads\/2018\/03\/14524434_1106112876131411_958039263622046936_o.jpg?resize=350%2C200&ssl=1","width":350,"height":200,"srcset":"https:\/\/i0.wp.com\/www.grieta.org.mx\/wp-content\/uploads\/2018\/03\/14524434_1106112876131411_958039263622046936_o.jpg?resize=350%2C200&ssl=1 1x, https:\/\/i0.wp.com\/www.grieta.org.mx\/wp-content\/uploads\/2018\/03\/14524434_1106112876131411_958039263622046936_o.jpg?resize=525%2C300&ssl=1 1.5x, https:\/\/i0.wp.com\/www.grieta.org.mx\/wp-content\/uploads\/2018\/03\/14524434_1106112876131411_958039263622046936_o.jpg?resize=700%2C400&ssl=1 2x"},"classes":[]}],"_links":{"self":[{"href":"https:\/\/www.grieta.org.mx\/index.php\/wp-json\/wp\/v2\/posts\/1274","targetHints":{"allow":["GET"]}}],"collection":[{"href":"https:\/\/www.grieta.org.mx\/index.php\/wp-json\/wp\/v2\/posts"}],"about":[{"href":"https:\/\/www.grieta.org.mx\/index.php\/wp-json\/wp\/v2\/types\/post"}],"author":[{"embeddable":true,"href":"https:\/\/www.grieta.org.mx\/index.php\/wp-json\/wp\/v2\/users\/2"}],"replies":[{"embeddable":true,"href":"https:\/\/www.grieta.org.mx\/index.php\/wp-json\/wp\/v2\/comments?post=1274"}],"version-history":[{"count":1,"href":"https:\/\/www.grieta.org.mx\/index.php\/wp-json\/wp\/v2\/posts\/1274\/revisions"}],"predecessor-version":[{"id":1275,"href":"https:\/\/www.grieta.org.mx\/index.php\/wp-json\/wp\/v2\/posts\/1274\/revisions\/1275"}],"wp:featuredmedia":[{"embeddable":true,"href":"https:\/\/www.grieta.org.mx\/index.php\/wp-json\/wp\/v2\/media\/21928"}],"wp:attachment":[{"href":"https:\/\/www.grieta.org.mx\/index.php\/wp-json\/wp\/v2\/media?parent=1274"}],"wp:term":[{"taxonomy":"category","embeddable":true,"href":"https:\/\/www.grieta.org.mx\/index.php\/wp-json\/wp\/v2\/categories?post=1274"},{"taxonomy":"post_tag","embeddable":true,"href":"https:\/\/www.grieta.org.mx\/index.php\/wp-json\/wp\/v2\/tags?post=1274"}],"curies":[{"name":"wp","href":"https:\/\/api.w.org\/{rel}","templated":true}]}}