{"id":12732,"date":"2016-05-19T10:57:23","date_gmt":"2016-05-19T10:57:23","guid":{"rendered":"http:\/\/www.grieta.org.mx\/?p=12732"},"modified":"2016-05-21T11:01:39","modified_gmt":"2016-05-21T11:01:39","slug":"grupo-armado-secuestra-a-empresario-y-familiares-en-chilapa","status":"publish","type":"post","link":"https:\/\/www.grieta.org.mx\/index.php\/2016\/05\/19\/grupo-armado-secuestra-a-empresario-y-familiares-en-chilapa\/","title":{"rendered":"Grupo armado secuestra a empresario y familiares en Chilapa"},"content":{"rendered":"<p>Proceso,<\/p>\n<p><img loading=\"lazy\" decoding=\"async\" class=\"attachment-main-slider-nocrop  wp-post-image no-display appear\" title=\"Grupo armado secuestra a empresario y familiares en Guerrero\" src=\"http:\/\/cdn.proceso.com.mx\/media\/2016\/05\/495dbf4b2359419d9d-160512_busqueda_2_gc-c-702x468.jpg\" sizes=\"auto, (max-width: 702px) 100vw, 702px\" srcset=\"\/\/cdn.proceso.com.mx\/media\/2016\/05\/495dbf4b2359419d9d-160512_busqueda_2_gc-c-702x468.jpg 702w, \/\/cdn.proceso.com.mx\/media\/2016\/05\/495dbf4b2359419d9d-160512_busqueda_2_gc-c-300x200.jpg 300w, \/\/cdn.proceso.com.mx\/media\/2016\/05\/495dbf4b2359419d9d-160512_busqueda_2_gc-c-1024x683.jpg 1024w, \/\/cdn.proceso.com.mx\/media\/2016\/05\/495dbf4b2359419d9d-160512_busqueda_2_gc-c-1078x719.jpg 1078w, \/\/cdn.proceso.com.mx\/media\/2016\/05\/495dbf4b2359419d9d-160512_busqueda_2_gc-c.jpg 1200w\" alt=\"Polic\u00edas federales y soldados en Chilapa, Guerrero. Foto: Germ\u00e1n Canseco\" width=\"725\" height=\"483\" \/><\/p>\n<p>Ezequiel Flores Contreras<\/p>\n<p>Chilpancingo (apro). Un grupo armado secuestr\u00f3 a un empresario y su familia en las inmediaciones del municipio de Chilapa, indican reportes oficiales.<\/p>\n<p>El hecho se registr\u00f3 el s\u00e1bado 14, cuando C\u00e1ndido N\u00fa\u00f1ez Hern\u00e1ndez, propietario de almacenes de materiales para la construcci\u00f3n, viajaba con su esposa, sus dos hijos y un sobrino en un autom\u00f3vil particular y fueron interceptados en el tramo carretero que conecta Chilapa con Tixtla.<\/p>\n<p>No obstante, la informaci\u00f3n sobre este caso trascendi\u00f3 hasta ayer por la tarde luego de que familiares de las v\u00edctimas denunciaron el plagio masivo ante autoridades estatales, inform\u00f3 una fuente oficial.<\/p>\n<p>Seg\u00fan los reportes oficiales, C\u00e1ndido N\u00fa\u00f1ez Hern\u00e1ndez es originario del municipio de Coyuca de Catal\u00e1n, ubicado en la regi\u00f3n de Tierra Caliente pero radicado desde hace varios a\u00f1os en Chilapa donde instal\u00f3 una cadena de tiendas de material para la construcci\u00f3n denominadas \u201cEl Calentano\u201d.<\/p>\n<p>La tragedia ha marcado la familia del empresario ya que en septiembre de 2008, su hijo Aldo N\u00fa\u00f1ez Cervantes fue plagiado y su caso se hizo p\u00fablico tras la difusi\u00f3n de un video en la red social YouTube donde aparec\u00eda el joven haciendo un llamado a su padre para que pagara el rescate y alejara a las autoridades del caso.<\/p>\n<p>Este hecho oblig\u00f3 a C\u00e1ndido N\u00fa\u00f1ez a cerrar un almac\u00e9n de materiales que ten\u00eda en Chilpancingo y decidi\u00f3 afincarse en Chilapa donde ocho a\u00f1os despu\u00e9s la tragedia volvi\u00f3 a alcanzarlo.<\/p>\n<p>Hasta el momento, ninguna autoridad ha fijado una postura sobre el plagio masivo en Chilapa.<\/p>\n<p>http:\/\/www.proceso.com.mx\/441128\/grupo-armado-secuestra-a-empresario-familiares-en-guerrero<\/p>\n","protected":false},"excerpt":{"rendered":"<p>Proceso, Ezequiel Flores Contreras Chilpancingo (apro). Un grupo armado secuestr\u00f3 a un empresario y su familia en las inmediaciones del municipio de Chilapa, indican reportes oficiales. El hecho se registr\u00f3 &hellip; <a href=\"https:\/\/www.grieta.org.mx\/index.php\/2016\/05\/19\/grupo-armado-secuestra-a-empresario-y-familiares-en-chilapa\/\" class=\"more-link\">Leer m\u00e1s<\/a><\/p>\n","protected":false},"author":2,"featured_media":21928,"comment_status":"closed","ping_status":"closed","sticky":false,"template":"","format":"standard","meta":{"ngg_post_thumbnail":0,"_jetpack_newsletter_access":"","_jetpack_dont_email_post_to_subs":false,"_jetpack_newsletter_tier_id":0,"_jetpack_memberships_contains_paywalled_content":false,"_jetpack_memberships_contains_paid_content":false,"footnotes":""},"categories":[80],"tags":[568,121,669],"class_list":["post-12732","post","type-post","status-publish","format-standard","has-post-thumbnail","hentry","category-cintillo","tag-chilapa","tag-desaparecidos","tag-grupos-armados","entry"],"jetpack_featured_media_url":"https:\/\/www.grieta.org.mx\/wp-content\/uploads\/2018\/03\/14524434_1106112876131411_958039263622046936_o.jpg","jetpack_sharing_enabled":true,"jetpack_shortlink":"https:\/\/wp.me\/p7ZJR4-3jm","jetpack_likes_enabled":false,"jetpack-related-posts":[{"id":12691,"url":"https:\/\/www.grieta.org.mx\/index.php\/2016\/05\/11\/familiares-de-victimas-alistan-busqueda-de-desaparecidos-de-chilapa-y-zitlala\/","url_meta":{"origin":12732,"position":0},"title":"Familiares de v\u00edctimas alistan b\u00fasqueda de desaparecidos de Chilapa y Zitlala","author":"grieta","date":"11 mayo, 2016","format":false,"excerpt":"\u00a0 \u00a0 \u00a0 \u00a0 \u00a0 \u00a0 \u00a0 \u00a0 \u00a0 \u00a0 Funcionarios de la CNDH imparten taller a familiares de desaparecidos. Foto: Germ\u00e1n Canseco Proceso Ezequiel Flores Contreras Chilapa (apro). Funcionarios de la Comisi\u00f3n Nacional de Derechos Humanos (CNDH) imparten un taller a familiares de desaparecidos, previo a una b\u00fasqueda ciudadana\u2026","rel":"","context":"En &quot;CINTILLO&quot;","block_context":{"text":"CINTILLO","link":"https:\/\/www.grieta.org.mx\/index.php\/category\/cintillo\/"},"img":{"alt_text":"","src":"https:\/\/i0.wp.com\/www.grieta.org.mx\/wp-content\/uploads\/2018\/03\/14524434_1106112876131411_958039263622046936_o.jpg?resize=350%2C200&ssl=1","width":350,"height":200,"srcset":"https:\/\/i0.wp.com\/www.grieta.org.mx\/wp-content\/uploads\/2018\/03\/14524434_1106112876131411_958039263622046936_o.jpg?resize=350%2C200&ssl=1 1x, https:\/\/i0.wp.com\/www.grieta.org.mx\/wp-content\/uploads\/2018\/03\/14524434_1106112876131411_958039263622046936_o.jpg?resize=525%2C300&ssl=1 1.5x, https:\/\/i0.wp.com\/www.grieta.org.mx\/wp-content\/uploads\/2018\/03\/14524434_1106112876131411_958039263622046936_o.jpg?resize=700%2C400&ssl=1 2x"},"classes":[]},{"id":12564,"url":"https:\/\/www.grieta.org.mx\/index.php\/2016\/06\/08\/los-desaparecidos-de-chilapa\/","url_meta":{"origin":12732,"position":1},"title":"Desaparecidos Guerrero","author":"grieta","date":"8 junio, 2016","format":false,"excerpt":"Desaparecidos de Chilapa 08\/06\/16. Siempre Vivos anuncia reinicio de b\u00fasqueda de fosas en Chilapa Bajo Palabra 26\/05\/16. Nadie detiene a Ardillos y Rojos, que tienen postrada Chilapa Proceso 20\/05\/16. Colectivo Siempre Vivos de Chilapa extender\u00e1 b\u00fasqueda de fosas El Faro 15\/05\/16. Chilapa huele a miedo y corrupci\u00f3n, Los Otros Desaparecidos\u2026","rel":"","context":"En &quot;Desaparecidos&quot;","block_context":{"text":"Desaparecidos","link":"https:\/\/www.grieta.org.mx\/index.php\/category\/temas-nacionales\/desaparecidos\/"},"img":{"alt_text":"","src":"https:\/\/i0.wp.com\/www.grieta.org.mx\/wp-content\/uploads\/2018\/03\/14524434_1106112876131411_958039263622046936_o.jpg?resize=350%2C200&ssl=1","width":350,"height":200,"srcset":"https:\/\/i0.wp.com\/www.grieta.org.mx\/wp-content\/uploads\/2018\/03\/14524434_1106112876131411_958039263622046936_o.jpg?resize=350%2C200&ssl=1 1x, https:\/\/i0.wp.com\/www.grieta.org.mx\/wp-content\/uploads\/2018\/03\/14524434_1106112876131411_958039263622046936_o.jpg?resize=525%2C300&ssl=1 1.5x, https:\/\/i0.wp.com\/www.grieta.org.mx\/wp-content\/uploads\/2018\/03\/14524434_1106112876131411_958039263622046936_o.jpg?resize=700%2C400&ssl=1 2x"},"classes":[]},{"id":51850,"url":"https:\/\/www.grieta.org.mx\/index.php\/2020\/07\/15\/grupo-armado-se-compromete-a-replegarse-de-zona-conflictiva-de-chilapa-guerrero\/","url_meta":{"origin":12732,"position":2},"title":"Grupo armado se compromete a replegarse de zona conflictiva de Chilapa (Guerrero)","author":"Admin","date":"15 julio, 2020","format":false,"excerpt":"Jes\u00fas Guerrero \/ Amapola El grupo armado autodenominado Por la Paz y Justicia se comprometi\u00f3 a replegarse hacia sus comunidades para evitar una nueva confrontaci\u00f3n con integrantes de la Polic\u00eda Comunitaria de la Coordinadora Regional de Autoridades Comunitarias Pueblos Fundadores (CRAC-PF) quienes junto con cientos de habitantes de 16 comunidades\u2026","rel":"","context":"En &quot;CINTILLO&quot;","block_context":{"text":"CINTILLO","link":"https:\/\/www.grieta.org.mx\/index.php\/category\/cintillo\/"},"img":{"alt_text":"","src":"https:\/\/i0.wp.com\/www.grieta.org.mx\/wp-content\/uploads\/2020\/07\/Captura-de-Pantalla-2020-07-17-a-las-19.03.48.png?resize=350%2C200&ssl=1","width":350,"height":200,"srcset":"https:\/\/i0.wp.com\/www.grieta.org.mx\/wp-content\/uploads\/2020\/07\/Captura-de-Pantalla-2020-07-17-a-las-19.03.48.png?resize=350%2C200&ssl=1 1x, https:\/\/i0.wp.com\/www.grieta.org.mx\/wp-content\/uploads\/2020\/07\/Captura-de-Pantalla-2020-07-17-a-las-19.03.48.png?resize=525%2C300&ssl=1 1.5x, https:\/\/i0.wp.com\/www.grieta.org.mx\/wp-content\/uploads\/2020\/07\/Captura-de-Pantalla-2020-07-17-a-las-19.03.48.png?resize=700%2C400&ssl=1 2x"},"classes":[]},{"id":12577,"url":"https:\/\/www.grieta.org.mx\/index.php\/2016\/05\/04\/grupo-armado-toma-zitlala-tras-hallazgo-de-fosa-clandestina-en-guerrero-2\/","url_meta":{"origin":12732,"position":3},"title":"Grupo armado toma Zitlala tras hallazgo de fosa clandestina en Guerrero","author":"grieta","date":"4 mayo, 2016","format":false,"excerpt":"Proceso Ezequiel Flores Contreras Al menos 150 integrantes del grupo de autodefensa del poblado de Tlaltempanapa, vinculados con el grupo delictivo de Los Ardillos, tomaron la cabecera municipal de Zitlala, ubicada en la zona de la Monta\u00f1a baja de la entidad, donde presuntamente localizaron una fosa clandestina. Por su parte,\u2026","rel":"","context":"En &quot;CINTILLO&quot;","block_context":{"text":"CINTILLO","link":"https:\/\/www.grieta.org.mx\/index.php\/category\/cintillo\/"},"img":{"alt_text":"","src":"https:\/\/i0.wp.com\/www.grieta.org.mx\/wp-content\/uploads\/2018\/03\/14524434_1106112876131411_958039263622046936_o.jpg?resize=350%2C200&ssl=1","width":350,"height":200,"srcset":"https:\/\/i0.wp.com\/www.grieta.org.mx\/wp-content\/uploads\/2018\/03\/14524434_1106112876131411_958039263622046936_o.jpg?resize=350%2C200&ssl=1 1x, https:\/\/i0.wp.com\/www.grieta.org.mx\/wp-content\/uploads\/2018\/03\/14524434_1106112876131411_958039263622046936_o.jpg?resize=525%2C300&ssl=1 1.5x, https:\/\/i0.wp.com\/www.grieta.org.mx\/wp-content\/uploads\/2018\/03\/14524434_1106112876131411_958039263622046936_o.jpg?resize=700%2C400&ssl=1 2x"},"classes":[]},{"id":12695,"url":"https:\/\/www.grieta.org.mx\/index.php\/2016\/05\/11\/familiares-de-desaparecidos-comienzan-recorridos-en-chilapa\/","url_meta":{"origin":12732,"position":4},"title":"Familiares de desaparecidos comienzan recorridos en Chilapa","author":"grieta","date":"11 mayo, 2016","format":false,"excerpt":"Proceso Ezequiel Flores Contreras Chilapa (apro). La primera actividad del grupo de familiares de desaparecidos de esta franja de la entidad fue acudir al poblado de Ahuihuiyuco, donde se enacuentran las casas deshabitadas de una familia marcada por la tragedia, los Carreto Gonz\u00e1lez. Ello despu\u00e9s de un taller impartido por\u2026","rel":"","context":"En &quot;CINTILLO&quot;","block_context":{"text":"CINTILLO","link":"https:\/\/www.grieta.org.mx\/index.php\/category\/cintillo\/"},"img":{"alt_text":"","src":"https:\/\/i0.wp.com\/www.grieta.org.mx\/wp-content\/uploads\/2018\/03\/14524434_1106112876131411_958039263622046936_o.jpg?resize=350%2C200&ssl=1","width":350,"height":200,"srcset":"https:\/\/i0.wp.com\/www.grieta.org.mx\/wp-content\/uploads\/2018\/03\/14524434_1106112876131411_958039263622046936_o.jpg?resize=350%2C200&ssl=1 1x, https:\/\/i0.wp.com\/www.grieta.org.mx\/wp-content\/uploads\/2018\/03\/14524434_1106112876131411_958039263622046936_o.jpg?resize=525%2C300&ssl=1 1.5x, https:\/\/i0.wp.com\/www.grieta.org.mx\/wp-content\/uploads\/2018\/03\/14524434_1106112876131411_958039263622046936_o.jpg?resize=700%2C400&ssl=1 2x"},"classes":[]},{"id":12567,"url":"https:\/\/www.grieta.org.mx\/index.php\/2016\/03\/31\/piden-ong-de-chilapa-castigo-para-armados-que-se-dicen-comunitarios\/","url_meta":{"origin":12732,"position":5},"title":"Piden ONG de Chilapa castigo para armados que se dicen comunitarios","author":"grieta","date":"31 marzo, 2016","format":false,"excerpt":"Bajo Palabra Arturo de Dios Palma La organizaci\u00f3n Siempre Vivos, integrada por familiares de desaparecidos de Chilapa y el Centro de Derechos Humanos Jos\u00e9 Mar\u00eda Morelos y Pav\u00f3n, pidieron al gobierno federal y al del estado investigar y castigar a los civiles armados que ya ingresaron en dos ocasiones a\u2026","rel":"","context":"En &quot;CINTILLO&quot;","block_context":{"text":"CINTILLO","link":"https:\/\/www.grieta.org.mx\/index.php\/category\/cintillo\/"},"img":{"alt_text":"","src":"https:\/\/i0.wp.com\/www.grieta.org.mx\/wp-content\/uploads\/2018\/03\/14524434_1106112876131411_958039263622046936_o.jpg?resize=350%2C200&ssl=1","width":350,"height":200,"srcset":"https:\/\/i0.wp.com\/www.grieta.org.mx\/wp-content\/uploads\/2018\/03\/14524434_1106112876131411_958039263622046936_o.jpg?resize=350%2C200&ssl=1 1x, https:\/\/i0.wp.com\/www.grieta.org.mx\/wp-content\/uploads\/2018\/03\/14524434_1106112876131411_958039263622046936_o.jpg?resize=525%2C300&ssl=1 1.5x, https:\/\/i0.wp.com\/www.grieta.org.mx\/wp-content\/uploads\/2018\/03\/14524434_1106112876131411_958039263622046936_o.jpg?resize=700%2C400&ssl=1 2x"},"classes":[]}],"_links":{"self":[{"href":"https:\/\/www.grieta.org.mx\/index.php\/wp-json\/wp\/v2\/posts\/12732","targetHints":{"allow":["GET"]}}],"collection":[{"href":"https:\/\/www.grieta.org.mx\/index.php\/wp-json\/wp\/v2\/posts"}],"about":[{"href":"https:\/\/www.grieta.org.mx\/index.php\/wp-json\/wp\/v2\/types\/post"}],"author":[{"embeddable":true,"href":"https:\/\/www.grieta.org.mx\/index.php\/wp-json\/wp\/v2\/users\/2"}],"replies":[{"embeddable":true,"href":"https:\/\/www.grieta.org.mx\/index.php\/wp-json\/wp\/v2\/comments?post=12732"}],"version-history":[{"count":1,"href":"https:\/\/www.grieta.org.mx\/index.php\/wp-json\/wp\/v2\/posts\/12732\/revisions"}],"predecessor-version":[{"id":12733,"href":"https:\/\/www.grieta.org.mx\/index.php\/wp-json\/wp\/v2\/posts\/12732\/revisions\/12733"}],"wp:featuredmedia":[{"embeddable":true,"href":"https:\/\/www.grieta.org.mx\/index.php\/wp-json\/wp\/v2\/media\/21928"}],"wp:attachment":[{"href":"https:\/\/www.grieta.org.mx\/index.php\/wp-json\/wp\/v2\/media?parent=12732"}],"wp:term":[{"taxonomy":"category","embeddable":true,"href":"https:\/\/www.grieta.org.mx\/index.php\/wp-json\/wp\/v2\/categories?post=12732"},{"taxonomy":"post_tag","embeddable":true,"href":"https:\/\/www.grieta.org.mx\/index.php\/wp-json\/wp\/v2\/tags?post=12732"}],"curies":[{"name":"wp","href":"https:\/\/api.w.org\/{rel}","templated":true}]}}