{"id":12727,"date":"2016-05-15T10:42:50","date_gmt":"2016-05-15T10:42:50","guid":{"rendered":"http:\/\/www.grieta.org.mx\/?p=12727"},"modified":"2016-05-21T10:50:25","modified_gmt":"2016-05-21T10:50:25","slug":"chilapa-huele-a-miedo-y-corrupcion-los-otros-desaparecidos","status":"publish","type":"post","link":"https:\/\/www.grieta.org.mx\/index.php\/2016\/05\/15\/chilapa-huele-a-miedo-y-corrupcion-los-otros-desaparecidos\/","title":{"rendered":"Chilapa huele a miedo y corrupci\u00f3n, Los Otros Desaparecidos"},"content":{"rendered":"<p>El Sur<\/p>\n<p>Luis Daniel Nava<br \/>\n<img loading=\"lazy\" decoding=\"async\" data-attachment-id=\"12728\" data-permalink=\"https:\/\/www.grieta.org.mx\/index.php\/2016\/05\/15\/chilapa-huele-a-miedo-y-corrupcion-los-otros-desaparecidos\/los-otros-desaparecidos\/\" data-orig-file=\"https:\/\/www.grieta.org.mx\/wp-content\/uploads\/2016\/05\/Los-Otros-Desaparecidos.jpg\" data-orig-size=\"992,642\" data-comments-opened=\"0\" data-image-meta=\"{&quot;aperture&quot;:&quot;9&quot;,&quot;credit&quot;:&quot;&quot;,&quot;camera&quot;:&quot;Canon EOS 70D&quot;,&quot;caption&quot;:&quot;&quot;,&quot;created_timestamp&quot;:&quot;1463136660&quot;,&quot;copyright&quot;:&quot;&quot;,&quot;focal_length&quot;:&quot;18&quot;,&quot;iso&quot;:&quot;100&quot;,&quot;shutter_speed&quot;:&quot;0.005&quot;,&quot;title&quot;:&quot;&quot;,&quot;orientation&quot;:&quot;1&quot;}\" data-image-title=\"Los Otros Desaparecidos\" data-image-description=\"\" data-image-caption=\"\" data-medium-file=\"https:\/\/www.grieta.org.mx\/wp-content\/uploads\/2016\/05\/Los-Otros-Desaparecidos-300x194.jpg\" data-large-file=\"https:\/\/www.grieta.org.mx\/wp-content\/uploads\/2016\/05\/Los-Otros-Desaparecidos.jpg\" class=\"wp-image-12728 alignleft\" src=\"http:\/\/www.grieta.org.mx\/wp-content\/uploads\/2016\/05\/Los-Otros-Desaparecidos.jpg\" alt=\"Los Otros Desaparecidos\" width=\"760\" height=\"492\" srcset=\"https:\/\/www.grieta.org.mx\/wp-content\/uploads\/2016\/05\/Los-Otros-Desaparecidos.jpg 992w, https:\/\/www.grieta.org.mx\/wp-content\/uploads\/2016\/05\/Los-Otros-Desaparecidos-300x194.jpg 300w, https:\/\/www.grieta.org.mx\/wp-content\/uploads\/2016\/05\/Los-Otros-Desaparecidos-768x497.jpg 768w\" sizes=\"auto, (max-width: 760px) 100vw, 760px\" \/><br \/>\nChilapa. Se van del municipio los integrantes de Los Otros Desaparecidos de Iguala que en dos d\u00edas hallaron dos entierros clandestinos con cuatro cuerpos. \u201cVenimos a exhibir la falta de voluntad del gobierno y su mal trabajo\u201d, se\u00f1ala Mario Vergara<\/p>\n<p>Chilapa huele a miedo, a putrefacci\u00f3n y a corrupci\u00f3n, declar\u00f3 el integrante del colectivo Los Otros Desaparecidos de Iguala, Mario Vergara Hern\u00e1ndez que instruy\u00f3 a familiares de desaparecidos en la b\u00fasqueda de fosas clandestinas.<\/p>\n<p>Los dos expertos buscadores de fosas, Mario Vergara y Sim\u00f3n Carranza concluyeron su estancia en Chilapa donde compartieron sus experiencias y acompa\u00f1aron durante dos d\u00edas a los familiares desaparecidos en este municipio, integrantes de la organizaci\u00f3n Siempre Vivos, a buscar fosas clandestinas en cerros y predios de la zona rural del municipio.<\/p>\n<p>En dos d\u00edas hallaron dos fosas con restos humanos de las que informaron a la Fiscal\u00eda General del Estado (FGE), que exhum\u00f3 cuatro cuerpos de aproximadamente un a\u00f1o de haber sido enterrados.<\/p>\n<p>La movilizaci\u00f3n, organizaci\u00f3n y rastreo de fosas ayud\u00f3 a que los colectivos de Iguala y Chilapa ubicaran nuevos puntos con probables fosas clandestinas en los alrededores de la cabecera municipal.<\/p>\n<p>La organizaci\u00f3n Siempre Vivos tiene registrados 61 casos de desaparecidos desde 2013, de los cuales 16 son del 9 al 14 de mayo de 2015 durante la ocupaci\u00f3n de vecinos armados del sur del municipio a la ciudad de Chilapa, que se autodenominan Comunitarios por la Paz y la Justicia, que el obispo Salvador Rangel se\u00f1al\u00f3 como integrantes del grupo criminal Los Ardillos, lo que \u00e9stos niegan.<\/p>\n<p>Consultado por El Sur, Mario Vergara Hern\u00e1ndez, cuyo hermano Tom\u00e1s de 41 a\u00f1os fue secuestrado en julio de 2015 cuando conduc\u00eda un taxi en la ruta de Iguala a Huitzuco, concluy\u00f3 que la b\u00fasqueda de dos d\u00edas fue \u201cexitosa\u201d.<\/p>\n<p>\u201cVenimos a hacer en dos d\u00edas lo que el gobierno no pudo hacer durante meses, durante a\u00f1os, tambi\u00e9n venimos a exhibir la falta de voluntad del gobierno y su mal trabajo\u201d, se\u00f1al\u00f3.<br \/>\nEjemplific\u00f3 que el viernes, en el segundo d\u00eda de b\u00fasqueda, un equipo especializado de cinco agentes de la Fiscal\u00eda General del Estado (FGE) acudi\u00f3 a un predio en las inmediaciones de Tepehuixco a revisar una fosa, pero despu\u00e9s terminar su trabajo acudieron los familiares y encontraron m\u00e1s de 50 fragmentos de huesos, sin que los de la dependencia estatal los hallaran.<\/p>\n<p>Asegur\u00f3 que los huesos que desenterraron y que olvidaron los de la Fiscal\u00eda, por su mal trabajo, no pertenecen a animales.<\/p>\n<p>\u201cLo que est\u00e1n desenterrando es a un familiar de nosotros y tiene derecho a ser tratado dignamente, aunque sean puros huesos\u201d, reclam\u00f3.<\/p>\n<p>\u201cPara nosotros un hueso puede salvar la vida de alguna madre que est\u00e1 esperando su hijo, o un padre o una hermana y dejar tant\u00edsimos huesos es algo horroroso para nosotros\u201d, a\u00f1adi\u00f3.<\/p>\n<p>Se le pregunt\u00f3 qu\u00e9 experiencia le deja su labor en Chilapa y Vergara Hern\u00e1ndez contest\u00f3: \u201caqu\u00ed huele a miedo, huele a putrefacci\u00f3n, huele corrupci\u00f3n, a falta de voluntad de las autoridades\u201d.<\/p>\n<p>Luego dijo que esa misma situaci\u00f3n se r\u00e9plica en otras partes del pa\u00eds.<\/p>\n<p>La falta de voluntad, ejemplific\u00f3, tambi\u00e9n se mostr\u00f3 en Veracruz donde en 15 d\u00edas una brigada de ciudadanos localiz\u00f3 m\u00e1s de 15 fosas.<\/p>\n<p>Indic\u00f3 que a pesar de que las autoridades ministeriales cuentan con equipo especializado, seguridad, veh\u00edculos y tecnolog\u00eda no quieren hacer un trabajo de b\u00fasqueda serio. Los familiares de las v\u00edctimas de desaparici\u00f3n carecen de todo eso y han dado m\u00e1s resultados, dijo.<\/p>\n<p>Exhort\u00f3 a los familiares de personas desaparecidas en la Monta\u00f1a a que nunca dejen de buscar a sus familiares porque el d\u00eda que dejen de buscarlos ese d\u00eda van a desaparecer, consider\u00f3.<\/p>\n<p>Esperanzado agreg\u00f3, \u201calg\u00fan d\u00eda vamos a encontrarlos, no a todos en fosas clandestinas porque no todos est\u00e1n enterrados, puede haber gente trabajando en la sierra o en la Monta\u00f1a, y si est\u00e1n trabajando, para nosotros ser\u00eda maravilloso saber que nuestro familiar est\u00e1 vivo\u201d.<\/p>\n<p>http:\/\/suracapulco.mx\/2\/chilapa-huele-a-miedo-y-corrupcion-dice-un-buscador-de-fosas-que-instruyo-a-familiares-de-desaparecidos\/<\/p>\n","protected":false},"excerpt":{"rendered":"<p>El Sur Luis Daniel Nava Chilapa. Se van del municipio los integrantes de Los Otros Desaparecidos de Iguala que en dos d\u00edas hallaron dos entierros clandestinos con cuatro cuerpos. \u201cVenimos &hellip; <a href=\"https:\/\/www.grieta.org.mx\/index.php\/2016\/05\/15\/chilapa-huele-a-miedo-y-corrupcion-los-otros-desaparecidos\/\" class=\"more-link\">Leer m\u00e1s<\/a><\/p>\n","protected":false},"author":2,"featured_media":21928,"comment_status":"closed","ping_status":"closed","sticky":false,"template":"","format":"standard","meta":{"ngg_post_thumbnail":0,"_jetpack_newsletter_access":"","_jetpack_dont_email_post_to_subs":false,"_jetpack_newsletter_tier_id":0,"_jetpack_memberships_contains_paywalled_content":false,"_jetpack_memberships_contains_paid_content":false,"footnotes":""},"categories":[80],"tags":[568,121,669],"class_list":["post-12727","post","type-post","status-publish","format-standard","has-post-thumbnail","hentry","category-cintillo","tag-chilapa","tag-desaparecidos","tag-grupos-armados","entry"],"jetpack_featured_media_url":"https:\/\/www.grieta.org.mx\/wp-content\/uploads\/2018\/03\/14524434_1106112876131411_958039263622046936_o.jpg","jetpack_sharing_enabled":true,"jetpack_shortlink":"https:\/\/wp.me\/p7ZJR4-3jh","jetpack_likes_enabled":false,"jetpack-related-posts":[{"id":12564,"url":"https:\/\/www.grieta.org.mx\/index.php\/2016\/06\/08\/los-desaparecidos-de-chilapa\/","url_meta":{"origin":12727,"position":0},"title":"Desaparecidos Guerrero","author":"grieta","date":"8 junio, 2016","format":false,"excerpt":"Desaparecidos de Chilapa 08\/06\/16. Siempre Vivos anuncia reinicio de b\u00fasqueda de fosas en Chilapa Bajo Palabra 26\/05\/16. Nadie detiene a Ardillos y Rojos, que tienen postrada Chilapa Proceso 20\/05\/16. Colectivo Siempre Vivos de Chilapa extender\u00e1 b\u00fasqueda de fosas El Faro 15\/05\/16. Chilapa huele a miedo y corrupci\u00f3n, Los Otros Desaparecidos\u2026","rel":"","context":"En &quot;Desaparecidos&quot;","block_context":{"text":"Desaparecidos","link":"https:\/\/www.grieta.org.mx\/index.php\/category\/temas-nacionales\/desaparecidos\/"},"img":{"alt_text":"","src":"https:\/\/i0.wp.com\/www.grieta.org.mx\/wp-content\/uploads\/2018\/03\/14524434_1106112876131411_958039263622046936_o.jpg?resize=350%2C200&ssl=1","width":350,"height":200,"srcset":"https:\/\/i0.wp.com\/www.grieta.org.mx\/wp-content\/uploads\/2018\/03\/14524434_1106112876131411_958039263622046936_o.jpg?resize=350%2C200&ssl=1 1x, https:\/\/i0.wp.com\/www.grieta.org.mx\/wp-content\/uploads\/2018\/03\/14524434_1106112876131411_958039263622046936_o.jpg?resize=525%2C300&ssl=1 1.5x, https:\/\/i0.wp.com\/www.grieta.org.mx\/wp-content\/uploads\/2018\/03\/14524434_1106112876131411_958039263622046936_o.jpg?resize=700%2C400&ssl=1 2x"},"classes":[]},{"id":12734,"url":"https:\/\/www.grieta.org.mx\/index.php\/2016\/05\/20\/colectivo-siempre-vivos-de-chilapa-extendera-busqueda-de-fosas-a-zitlala\/","url_meta":{"origin":12727,"position":1},"title":"Colectivo Siempre Vivos de Chilapa extender\u00e1 b\u00fasqueda de fosas","author":"grieta","date":"20 mayo, 2016","format":false,"excerpt":"El Faro Jonathan Cuevas\/API Chilpancingo. Familiares de personas desaparecidas en Chilapa, informaron que extender\u00e1n su b\u00fasqueda de fosas clandestinas a Zitlala, mientras que en su municipio continuar\u00e1n con la labor para tratar de encontrar ellos mismos a sus seres queridos, lo que no ha hecho el gobierno en muchos a\u00f1os.\u2026","rel":"","context":"En &quot;CINTILLO&quot;","block_context":{"text":"CINTILLO","link":"https:\/\/www.grieta.org.mx\/index.php\/category\/cintillo\/"},"img":{"alt_text":"","src":"https:\/\/i0.wp.com\/www.grieta.org.mx\/wp-content\/uploads\/2018\/03\/14524434_1106112876131411_958039263622046936_o.jpg?resize=350%2C200&ssl=1","width":350,"height":200,"srcset":"https:\/\/i0.wp.com\/www.grieta.org.mx\/wp-content\/uploads\/2018\/03\/14524434_1106112876131411_958039263622046936_o.jpg?resize=350%2C200&ssl=1 1x, https:\/\/i0.wp.com\/www.grieta.org.mx\/wp-content\/uploads\/2018\/03\/14524434_1106112876131411_958039263622046936_o.jpg?resize=525%2C300&ssl=1 1.5x, https:\/\/i0.wp.com\/www.grieta.org.mx\/wp-content\/uploads\/2018\/03\/14524434_1106112876131411_958039263622046936_o.jpg?resize=700%2C400&ssl=1 2x"},"classes":[]},{"id":12667,"url":"https:\/\/www.grieta.org.mx\/index.php\/2016\/05\/10\/alistan-la-busqueda-de-cien-desaparecidos-en-la-zona-rural-de-chilapa\/","url_meta":{"origin":12727,"position":2},"title":"Alistan la b\u00fasqueda de cien desaparecidos en la zona rural de Chilapa","author":"grieta","date":"10 mayo, 2016","format":false,"excerpt":"El Faro Redacci\u00f3n Con el respaldo de \u201cLos otros desaparecidos de Iguala\u201d, padres de los 43 y estudiantes de la Normal Rural de Ayotzinapa, el colectivo \u201cSiempre Vivos\u201d, que integran familiares de cien personas no localizadas en Chilapa, se alistan para realizar b\u00fasquedas ciudadanas en las comunidades en que podr\u00edan\u2026","rel":"","context":"En &quot;CINTILLO&quot;","block_context":{"text":"CINTILLO","link":"https:\/\/www.grieta.org.mx\/index.php\/category\/cintillo\/"},"img":{"alt_text":"","src":"https:\/\/i0.wp.com\/www.grieta.org.mx\/wp-content\/uploads\/2018\/03\/14524434_1106112876131411_958039263622046936_o.jpg?resize=350%2C200&ssl=1","width":350,"height":200,"srcset":"https:\/\/i0.wp.com\/www.grieta.org.mx\/wp-content\/uploads\/2018\/03\/14524434_1106112876131411_958039263622046936_o.jpg?resize=350%2C200&ssl=1 1x, https:\/\/i0.wp.com\/www.grieta.org.mx\/wp-content\/uploads\/2018\/03\/14524434_1106112876131411_958039263622046936_o.jpg?resize=525%2C300&ssl=1 1.5x, https:\/\/i0.wp.com\/www.grieta.org.mx\/wp-content\/uploads\/2018\/03\/14524434_1106112876131411_958039263622046936_o.jpg?resize=700%2C400&ssl=1 2x"},"classes":[]},{"id":12722,"url":"https:\/\/www.grieta.org.mx\/index.php\/2016\/05\/14\/autoridades-exhuman-cuerpos-de-fosas-clandestinas-de-chilapa\/","url_meta":{"origin":12727,"position":3},"title":"Autoridades exhuman cuerpos de fosas clandestinas de Chilapa","author":"grieta","date":"14 mayo, 2016","format":false,"excerpt":"Proceso Ezequiel Flores Contreras Tepehuixco, Chilapa (apro). Autoridades ministeriales exhumaron cuatro cuerpos de las fosas localizadas ayer por integrantes del Comit\u00e9 Siempre Vivos que buscan a familiares desaparecidos en Chilapa. Posterior a las diligencias realizadas por las autoridades, los exploradores civiles volvieron a recorrer la zona y encontraron fragmentos \u00f3seos,\u2026","rel":"","context":"En &quot;CINTILLO&quot;","block_context":{"text":"CINTILLO","link":"https:\/\/www.grieta.org.mx\/index.php\/category\/cintillo\/"},"img":{"alt_text":"","src":"https:\/\/i0.wp.com\/www.grieta.org.mx\/wp-content\/uploads\/2018\/03\/14524434_1106112876131411_958039263622046936_o.jpg?resize=350%2C200&ssl=1","width":350,"height":200,"srcset":"https:\/\/i0.wp.com\/www.grieta.org.mx\/wp-content\/uploads\/2018\/03\/14524434_1106112876131411_958039263622046936_o.jpg?resize=350%2C200&ssl=1 1x, https:\/\/i0.wp.com\/www.grieta.org.mx\/wp-content\/uploads\/2018\/03\/14524434_1106112876131411_958039263622046936_o.jpg?resize=525%2C300&ssl=1 1.5x, https:\/\/i0.wp.com\/www.grieta.org.mx\/wp-content\/uploads\/2018\/03\/14524434_1106112876131411_958039263622046936_o.jpg?resize=700%2C400&ssl=1 2x"},"classes":[]},{"id":12705,"url":"https:\/\/www.grieta.org.mx\/index.php\/2016\/05\/12\/comite-siempre-vivos-halla-dos-fosas-con-restos-humanos-en-chilapa\/","url_meta":{"origin":12727,"position":4},"title":"Comit\u00e9 \u201cSiempre vivos\u201d halla dos fosas con restos humanos en Chilapa","author":"grieta","date":"12 mayo, 2016","format":false,"excerpt":"Proceso Ezequiel Flores Contreras Ciudad de M\u00e9xico (Apro). Organizaci\u00f3n Siempre vivos descubrieron dos fosas clandestinas con restos humanos en el predio denominado Loma Larga, ubicado en el camino que conduce al poblado de Tepehuixco, municipio de Chilapa. El hecho ocurri\u00f3 este mediod\u00eda durante las brigadas ciudadanas de b\u00fasqueda de desaparecidos,\u2026","rel":"","context":"En &quot;CINTILLO&quot;","block_context":{"text":"CINTILLO","link":"https:\/\/www.grieta.org.mx\/index.php\/category\/cintillo\/"},"img":{"alt_text":"","src":"https:\/\/i0.wp.com\/www.grieta.org.mx\/wp-content\/uploads\/2018\/03\/14524434_1106112876131411_958039263622046936_o.jpg?resize=350%2C200&ssl=1","width":350,"height":200,"srcset":"https:\/\/i0.wp.com\/www.grieta.org.mx\/wp-content\/uploads\/2018\/03\/14524434_1106112876131411_958039263622046936_o.jpg?resize=350%2C200&ssl=1 1x, https:\/\/i0.wp.com\/www.grieta.org.mx\/wp-content\/uploads\/2018\/03\/14524434_1106112876131411_958039263622046936_o.jpg?resize=525%2C300&ssl=1 1.5x, https:\/\/i0.wp.com\/www.grieta.org.mx\/wp-content\/uploads\/2018\/03\/14524434_1106112876131411_958039263622046936_o.jpg?resize=700%2C400&ssl=1 2x"},"classes":[]},{"id":13967,"url":"https:\/\/www.grieta.org.mx\/index.php\/2016\/06\/08\/siempre-vivos-anuncia-que-reinicia-busqueda-de-fosas-en-chilapa\/","url_meta":{"origin":12727,"position":5},"title":"Siempre Vivos anuncia reinicio de b\u00fasqueda de fosas en Chilapa","author":"grieta","date":"8 junio, 2016","format":false,"excerpt":"Bajo Palabra Alejandro Ortiz Integrantes del colectivo Siempre Vivos, de familiares de desaparecidos en Chilapa, anunciaron el reinicio de la b\u00fasqueda de fosas clandestinas, a partir del 23 de junio. La decisi\u00f3n fue tomada luego de reunirse a puerta cerrada con personal del Alto Comisionado de Derechos Humanos de la\u2026","rel":"","context":"En &quot;CINTILLO&quot;","block_context":{"text":"CINTILLO","link":"https:\/\/www.grieta.org.mx\/index.php\/category\/cintillo\/"},"img":{"alt_text":"","src":"https:\/\/i0.wp.com\/www.grieta.org.mx\/wp-content\/uploads\/2018\/03\/14524434_1106112876131411_958039263622046936_o.jpg?resize=350%2C200&ssl=1","width":350,"height":200,"srcset":"https:\/\/i0.wp.com\/www.grieta.org.mx\/wp-content\/uploads\/2018\/03\/14524434_1106112876131411_958039263622046936_o.jpg?resize=350%2C200&ssl=1 1x, https:\/\/i0.wp.com\/www.grieta.org.mx\/wp-content\/uploads\/2018\/03\/14524434_1106112876131411_958039263622046936_o.jpg?resize=525%2C300&ssl=1 1.5x, https:\/\/i0.wp.com\/www.grieta.org.mx\/wp-content\/uploads\/2018\/03\/14524434_1106112876131411_958039263622046936_o.jpg?resize=700%2C400&ssl=1 2x"},"classes":[]}],"_links":{"self":[{"href":"https:\/\/www.grieta.org.mx\/index.php\/wp-json\/wp\/v2\/posts\/12727","targetHints":{"allow":["GET"]}}],"collection":[{"href":"https:\/\/www.grieta.org.mx\/index.php\/wp-json\/wp\/v2\/posts"}],"about":[{"href":"https:\/\/www.grieta.org.mx\/index.php\/wp-json\/wp\/v2\/types\/post"}],"author":[{"embeddable":true,"href":"https:\/\/www.grieta.org.mx\/index.php\/wp-json\/wp\/v2\/users\/2"}],"replies":[{"embeddable":true,"href":"https:\/\/www.grieta.org.mx\/index.php\/wp-json\/wp\/v2\/comments?post=12727"}],"version-history":[{"count":1,"href":"https:\/\/www.grieta.org.mx\/index.php\/wp-json\/wp\/v2\/posts\/12727\/revisions"}],"predecessor-version":[{"id":12730,"href":"https:\/\/www.grieta.org.mx\/index.php\/wp-json\/wp\/v2\/posts\/12727\/revisions\/12730"}],"wp:featuredmedia":[{"embeddable":true,"href":"https:\/\/www.grieta.org.mx\/index.php\/wp-json\/wp\/v2\/media\/21928"}],"wp:attachment":[{"href":"https:\/\/www.grieta.org.mx\/index.php\/wp-json\/wp\/v2\/media?parent=12727"}],"wp:term":[{"taxonomy":"category","embeddable":true,"href":"https:\/\/www.grieta.org.mx\/index.php\/wp-json\/wp\/v2\/categories?post=12727"},{"taxonomy":"post_tag","embeddable":true,"href":"https:\/\/www.grieta.org.mx\/index.php\/wp-json\/wp\/v2\/tags?post=12727"}],"curies":[{"name":"wp","href":"https:\/\/api.w.org\/{rel}","templated":true}]}}