{"id":12724,"date":"2016-05-14T10:37:21","date_gmt":"2016-05-14T10:37:21","guid":{"rendered":"http:\/\/www.grieta.org.mx\/?p=12724"},"modified":"2016-05-21T10:40:08","modified_gmt":"2016-05-21T10:40:08","slug":"sicarios-ejecutan-al-director-de-gobernacion-municipal-de-chilapa","status":"publish","type":"post","link":"https:\/\/www.grieta.org.mx\/index.php\/2016\/05\/14\/sicarios-ejecutan-al-director-de-gobernacion-municipal-de-chilapa\/","title":{"rendered":"Sicarios ejecutan al director de gobernaci\u00f3n municipal de Chilapa"},"content":{"rendered":"<p>Proceso<\/p>\n<p>Ezequiel Flores Contreras<\/p>\n<p>Chilapa (apro). Sujetos armados ejecutaron al director de Gobernaci\u00f3n municipal del ayuntamiento de Chilapa de \u00c1lvarez, Miguel Andraca Eligio.<\/p>\n<p>El hecho se report\u00f3 al interior del restaurante \u201cPaulina\u201d, donde el funcionario municipal com\u00eda cuando dos sujetos armados irrumpieron en el lugar y lo asesinaron a tiros frente a testigos.<\/p>\n<p>El restaurante se ubica a una cuadra del z\u00f3calo donde el alcalde priista, Jes\u00fas Parra Garc\u00eda, festejaba en la plaza central Adolfo L\u00f3pez Mateos el D\u00eda del Maestro, resguardado por agentes federales y municipales.<\/p>\n<p>A pesar de la ejecuci\u00f3n del funcionario municipal, el festejo a los docentes, con vino, comida y m\u00fasica organizado por el alcalde, no fue suspendido.<\/p>\n<p>Andraca Eligio fue asesor jur\u00eddico del exalcalde priista de Chilapa, Francisco Garc\u00eda Gonz\u00e1lez El Tepache, quien fue se\u00f1alado p\u00fablicamente por sus presuntos nexos con el narco.<\/p>\n<p>http:\/\/www.proceso.com.mx\/440622\/sicarios-ejecutan-al-director-gobernacion-municipal-chilapa<\/p>\n","protected":false},"excerpt":{"rendered":"<p>Proceso Ezequiel Flores Contreras Chilapa (apro). Sujetos armados ejecutaron al director de Gobernaci\u00f3n municipal del ayuntamiento de Chilapa de \u00c1lvarez, Miguel Andraca Eligio. El hecho se report\u00f3 al interior del &hellip; <a href=\"https:\/\/www.grieta.org.mx\/index.php\/2016\/05\/14\/sicarios-ejecutan-al-director-de-gobernacion-municipal-de-chilapa\/\" class=\"more-link\">Leer m\u00e1s<\/a><\/p>\n","protected":false},"author":2,"featured_media":21928,"comment_status":"closed","ping_status":"closed","sticky":false,"template":"","format":"standard","meta":{"ngg_post_thumbnail":0,"_jetpack_newsletter_access":"","_jetpack_dont_email_post_to_subs":false,"_jetpack_newsletter_tier_id":0,"_jetpack_memberships_contains_paywalled_content":false,"_jetpack_memberships_contains_paid_content":false,"footnotes":""},"categories":[80],"tags":[568,121,669],"class_list":["post-12724","post","type-post","status-publish","format-standard","has-post-thumbnail","hentry","category-cintillo","tag-chilapa","tag-desaparecidos","tag-grupos-armados","entry"],"jetpack_featured_media_url":"https:\/\/www.grieta.org.mx\/wp-content\/uploads\/2018\/03\/14524434_1106112876131411_958039263622046936_o.jpg","jetpack_sharing_enabled":true,"jetpack_shortlink":"https:\/\/wp.me\/p7ZJR4-3je","jetpack_likes_enabled":false,"jetpack-related-posts":[{"id":12564,"url":"https:\/\/www.grieta.org.mx\/index.php\/2016\/06\/08\/los-desaparecidos-de-chilapa\/","url_meta":{"origin":12724,"position":0},"title":"Desaparecidos Guerrero","author":"grieta","date":"8 junio, 2016","format":false,"excerpt":"Desaparecidos de Chilapa 08\/06\/16. Siempre Vivos anuncia reinicio de b\u00fasqueda de fosas en Chilapa Bajo Palabra 26\/05\/16. Nadie detiene a Ardillos y Rojos, que tienen postrada Chilapa Proceso 20\/05\/16. Colectivo Siempre Vivos de Chilapa extender\u00e1 b\u00fasqueda de fosas El Faro 15\/05\/16. Chilapa huele a miedo y corrupci\u00f3n, Los Otros Desaparecidos\u2026","rel":"","context":"En &quot;Desaparecidos&quot;","block_context":{"text":"Desaparecidos","link":"https:\/\/www.grieta.org.mx\/index.php\/category\/temas-nacionales\/desaparecidos\/"},"img":{"alt_text":"","src":"https:\/\/i0.wp.com\/www.grieta.org.mx\/wp-content\/uploads\/2018\/03\/14524434_1106112876131411_958039263622046936_o.jpg?resize=350%2C200&ssl=1","width":350,"height":200,"srcset":"https:\/\/i0.wp.com\/www.grieta.org.mx\/wp-content\/uploads\/2018\/03\/14524434_1106112876131411_958039263622046936_o.jpg?resize=350%2C200&ssl=1 1x, https:\/\/i0.wp.com\/www.grieta.org.mx\/wp-content\/uploads\/2018\/03\/14524434_1106112876131411_958039263622046936_o.jpg?resize=525%2C300&ssl=1 1.5x, https:\/\/i0.wp.com\/www.grieta.org.mx\/wp-content\/uploads\/2018\/03\/14524434_1106112876131411_958039263622046936_o.jpg?resize=700%2C400&ssl=1 2x"},"classes":[]},{"id":12659,"url":"https:\/\/www.grieta.org.mx\/index.php\/2015\/06\/19\/desaparecidos-de-chilapa-fueron-entregados-a-la-gendarmeria-y-policia-estatal-comisarios\/","url_meta":{"origin":12724,"position":1},"title":"Desaparecidos de Chilapa fueron entregados a la Gendarmer\u00eda y polic\u00eda estatal: Comisarios","author":"grieta","date":"19 junio, 2015","format":false,"excerpt":"Proceso CHILPANCINGO, Gro. (apro).- Comisarios municipales de Chilapa se presentaron a la Fiscal\u00eda General del estado (FGE), para declarar sobre el caso de la irrupci\u00f3n del grupo delictivo \u201cLos Ardillos\u201d en la cabecera y reiteraron que las personas retenidas por los civiles armados fueron entregados a la Polic\u00eda Federal (PF)\u2026","rel":"","context":"En &quot;CINTILLO&quot;","block_context":{"text":"CINTILLO","link":"https:\/\/www.grieta.org.mx\/index.php\/category\/cintillo\/"},"img":{"alt_text":"","src":"https:\/\/i0.wp.com\/www.grieta.org.mx\/wp-content\/uploads\/2018\/03\/14524434_1106112876131411_958039263622046936_o.jpg?resize=350%2C200&ssl=1","width":350,"height":200,"srcset":"https:\/\/i0.wp.com\/www.grieta.org.mx\/wp-content\/uploads\/2018\/03\/14524434_1106112876131411_958039263622046936_o.jpg?resize=350%2C200&ssl=1 1x, https:\/\/i0.wp.com\/www.grieta.org.mx\/wp-content\/uploads\/2018\/03\/14524434_1106112876131411_958039263622046936_o.jpg?resize=525%2C300&ssl=1 1.5x, https:\/\/i0.wp.com\/www.grieta.org.mx\/wp-content\/uploads\/2018\/03\/14524434_1106112876131411_958039263622046936_o.jpg?resize=700%2C400&ssl=1 2x"},"classes":[]},{"id":9283,"url":"https:\/\/www.grieta.org.mx\/index.php\/2015\/10\/04\/se-agudizan-feminicidios-en-el-municipio-de-chilapa\/","url_meta":{"origin":12724,"position":2},"title":"Se agudizan feminicidios en el municipio de Chilapa","author":"grieta","date":"4 octubre, 2015","format":false,"excerpt":"Agencia Informativa de Guerrero A menos de un a\u00f1o los feminicidios en el municipio de Chilapa se han agudizado registr\u00e1ndose 5 asesinatos de mujeres de diferentes edades, tanto en la zona urbana como en la zona rural. El m\u00e1s reciente fue la noche de este mi\u00e9rcoles cuando fue asesinada a\u2026","rel":"","context":"En &quot;CINTILLO&quot;","block_context":{"text":"CINTILLO","link":"https:\/\/www.grieta.org.mx\/index.php\/category\/cintillo\/"},"img":{"alt_text":"","src":"https:\/\/i0.wp.com\/www.grieta.org.mx\/wp-content\/uploads\/2018\/03\/14524434_1106112876131411_958039263622046936_o.jpg?resize=350%2C200&ssl=1","width":350,"height":200,"srcset":"https:\/\/i0.wp.com\/www.grieta.org.mx\/wp-content\/uploads\/2018\/03\/14524434_1106112876131411_958039263622046936_o.jpg?resize=350%2C200&ssl=1 1x, https:\/\/i0.wp.com\/www.grieta.org.mx\/wp-content\/uploads\/2018\/03\/14524434_1106112876131411_958039263622046936_o.jpg?resize=525%2C300&ssl=1 1.5x, https:\/\/i0.wp.com\/www.grieta.org.mx\/wp-content\/uploads\/2018\/03\/14524434_1106112876131411_958039263622046936_o.jpg?resize=700%2C400&ssl=1 2x"},"classes":[]},{"id":12577,"url":"https:\/\/www.grieta.org.mx\/index.php\/2016\/05\/04\/grupo-armado-toma-zitlala-tras-hallazgo-de-fosa-clandestina-en-guerrero-2\/","url_meta":{"origin":12724,"position":3},"title":"Grupo armado toma Zitlala tras hallazgo de fosa clandestina en Guerrero","author":"grieta","date":"4 mayo, 2016","format":false,"excerpt":"Proceso Ezequiel Flores Contreras Al menos 150 integrantes del grupo de autodefensa del poblado de Tlaltempanapa, vinculados con el grupo delictivo de Los Ardillos, tomaron la cabecera municipal de Zitlala, ubicada en la zona de la Monta\u00f1a baja de la entidad, donde presuntamente localizaron una fosa clandestina. Por su parte,\u2026","rel":"","context":"En &quot;CINTILLO&quot;","block_context":{"text":"CINTILLO","link":"https:\/\/www.grieta.org.mx\/index.php\/category\/cintillo\/"},"img":{"alt_text":"","src":"https:\/\/i0.wp.com\/www.grieta.org.mx\/wp-content\/uploads\/2018\/03\/14524434_1106112876131411_958039263622046936_o.jpg?resize=350%2C200&ssl=1","width":350,"height":200,"srcset":"https:\/\/i0.wp.com\/www.grieta.org.mx\/wp-content\/uploads\/2018\/03\/14524434_1106112876131411_958039263622046936_o.jpg?resize=350%2C200&ssl=1 1x, https:\/\/i0.wp.com\/www.grieta.org.mx\/wp-content\/uploads\/2018\/03\/14524434_1106112876131411_958039263622046936_o.jpg?resize=525%2C300&ssl=1 1.5x, https:\/\/i0.wp.com\/www.grieta.org.mx\/wp-content\/uploads\/2018\/03\/14524434_1106112876131411_958039263622046936_o.jpg?resize=700%2C400&ssl=1 2x"},"classes":[]},{"id":12655,"url":"https:\/\/www.grieta.org.mx\/index.php\/2015\/10\/09\/confrontan-familiares-de-desaparecidos-a-comisarios-de-chilapa\/","url_meta":{"origin":12724,"position":4},"title":"Confrontan familiares de desaparecidos a comisarios de Chilapa","author":"grieta","date":"9 octubre, 2015","format":false,"excerpt":"Bajo Palabra Familiares de desaparecidos en Chilapa, encabezados por el vocero de las v\u00edctimas, Jos\u00e9 D\u00edaz Navarro, irrumpieron durante la reuni\u00f3n de m\u00e1s de cuatro horas que comisarios integrantes de la supuesta polic\u00eda comunitaria Por la Paz y la Justicia sostuvieron con el nuevo alcalde de Chilapa, Jes\u00fas Parra. Ayer,\u2026","rel":"","context":"En &quot;CINTILLO&quot;","block_context":{"text":"CINTILLO","link":"https:\/\/www.grieta.org.mx\/index.php\/category\/cintillo\/"},"img":{"alt_text":"","src":"https:\/\/i0.wp.com\/www.grieta.org.mx\/wp-content\/uploads\/2018\/03\/14524434_1106112876131411_958039263622046936_o.jpg?resize=350%2C200&ssl=1","width":350,"height":200,"srcset":"https:\/\/i0.wp.com\/www.grieta.org.mx\/wp-content\/uploads\/2018\/03\/14524434_1106112876131411_958039263622046936_o.jpg?resize=350%2C200&ssl=1 1x, https:\/\/i0.wp.com\/www.grieta.org.mx\/wp-content\/uploads\/2018\/03\/14524434_1106112876131411_958039263622046936_o.jpg?resize=525%2C300&ssl=1 1.5x, https:\/\/i0.wp.com\/www.grieta.org.mx\/wp-content\/uploads\/2018\/03\/14524434_1106112876131411_958039263622046936_o.jpg?resize=700%2C400&ssl=1 2x"},"classes":[]},{"id":12673,"url":"https:\/\/www.grieta.org.mx\/index.php\/2015\/05\/12\/por-cuarto-dia-armados-que-irrumpieron-en-chilapa-mantienen-control-de-la-seguridad\/","url_meta":{"origin":12724,"position":5},"title":"Por cuarto d\u00eda, armados que irrumpieron en Chilapa mantienen control de la seguridad","author":"grieta","date":"12 mayo, 2015","format":false,"excerpt":"Luis Daniel Nava Chilapa Personas armadas con escopetas, palos, machetes y armas cortas, provenientes seg\u00fan sus voceros, de las comunidades de este municipio, y que ocuparon la cabecera desde el pasado s\u00e1bado 9 de mayo, mantienen el control de la seguridad de Chilapa. A su vez, vecinos de la cabecera\u2026","rel":"","context":"En &quot;CINTILLO&quot;","block_context":{"text":"CINTILLO","link":"https:\/\/www.grieta.org.mx\/index.php\/category\/cintillo\/"},"img":{"alt_text":"","src":"https:\/\/i0.wp.com\/www.grieta.org.mx\/wp-content\/uploads\/2018\/03\/14524434_1106112876131411_958039263622046936_o.jpg?resize=350%2C200&ssl=1","width":350,"height":200,"srcset":"https:\/\/i0.wp.com\/www.grieta.org.mx\/wp-content\/uploads\/2018\/03\/14524434_1106112876131411_958039263622046936_o.jpg?resize=350%2C200&ssl=1 1x, https:\/\/i0.wp.com\/www.grieta.org.mx\/wp-content\/uploads\/2018\/03\/14524434_1106112876131411_958039263622046936_o.jpg?resize=525%2C300&ssl=1 1.5x, https:\/\/i0.wp.com\/www.grieta.org.mx\/wp-content\/uploads\/2018\/03\/14524434_1106112876131411_958039263622046936_o.jpg?resize=700%2C400&ssl=1 2x"},"classes":[]}],"_links":{"self":[{"href":"https:\/\/www.grieta.org.mx\/index.php\/wp-json\/wp\/v2\/posts\/12724","targetHints":{"allow":["GET"]}}],"collection":[{"href":"https:\/\/www.grieta.org.mx\/index.php\/wp-json\/wp\/v2\/posts"}],"about":[{"href":"https:\/\/www.grieta.org.mx\/index.php\/wp-json\/wp\/v2\/types\/post"}],"author":[{"embeddable":true,"href":"https:\/\/www.grieta.org.mx\/index.php\/wp-json\/wp\/v2\/users\/2"}],"replies":[{"embeddable":true,"href":"https:\/\/www.grieta.org.mx\/index.php\/wp-json\/wp\/v2\/comments?post=12724"}],"version-history":[{"count":1,"href":"https:\/\/www.grieta.org.mx\/index.php\/wp-json\/wp\/v2\/posts\/12724\/revisions"}],"predecessor-version":[{"id":12725,"href":"https:\/\/www.grieta.org.mx\/index.php\/wp-json\/wp\/v2\/posts\/12724\/revisions\/12725"}],"wp:featuredmedia":[{"embeddable":true,"href":"https:\/\/www.grieta.org.mx\/index.php\/wp-json\/wp\/v2\/media\/21928"}],"wp:attachment":[{"href":"https:\/\/www.grieta.org.mx\/index.php\/wp-json\/wp\/v2\/media?parent=12724"}],"wp:term":[{"taxonomy":"category","embeddable":true,"href":"https:\/\/www.grieta.org.mx\/index.php\/wp-json\/wp\/v2\/categories?post=12724"},{"taxonomy":"post_tag","embeddable":true,"href":"https:\/\/www.grieta.org.mx\/index.php\/wp-json\/wp\/v2\/tags?post=12724"}],"curies":[{"name":"wp","href":"https:\/\/api.w.org\/{rel}","templated":true}]}}