{"id":1272,"date":"2015-11-19T18:45:29","date_gmt":"2015-11-19T18:45:29","guid":{"rendered":"http:\/\/50.22.11.12\/~grietaor\/?p=1272"},"modified":"2016-03-04T18:48:34","modified_gmt":"2016-03-04T18:48:34","slug":"penoles-ve-vientos-de-cambio-en-durango","status":"publish","type":"post","link":"https:\/\/www.grieta.org.mx\/index.php\/2015\/11\/19\/penoles-ve-vientos-de-cambio-en-durango\/","title":{"rendered":"Pe\u00f1oles ve \u201cvientos de cambio\u201d en Durango"},"content":{"rendered":"<p>La posibilidad de crear un parque e\u00f3lico en la entidad es real, seg\u00fan inform\u00f3  Fernando Alan\u00eds Ortega, director General de la metal\u00fargica, en su participaci\u00f3n en el Symposium Realidad Energ\u00e9tica.<\/p>\n<p>Torre\u00f3n, Coahuila \u00b7 Durango es uno de los candidatos para que Industrias Pe\u00f1oles instale una nueva planta de energ\u00eda e\u00f3lica, pues el corporativo ya instal\u00f3 torres de medici\u00f3n en el poblado de Canatl\u00e1n para determinar las caracter\u00edsticas del viento de esa zona serrana.<\/p>\n<p>\u201cA trav\u00e9s del Gobierno Estatal nos han invitado para hacer todo un proceso de monitoreo\u201d, dijo Fernando Alan\u00eds Ortega, director General de Industrias Pe\u00f1oles.<\/p>\n<p>Detall\u00f3 que desde hace 6 meses comenzaron con ese an\u00e1lisis y en promedio, para determinar si existen las condiciones para la instalaci\u00f3n de una planta, necesitan dos a\u00f1os.<\/p>\n<p>\u201cNormalmente lo que hacemos es instalar unas torres con unos aparatos especiales que est\u00e1n registrando la intensidad y la calidad del viento, pero necesitamos informaci\u00f3n por un par de a\u00f1os para poder hacer un estudio t\u00e9cnico y de factibilidad de la zona\u201d, dijo.<\/p>\n<p>Resalt\u00f3 que resulta importante crecer en la generaci\u00f3n de energ\u00edas alternas, porque el corporativo que representa est\u00e1 entre las cinco empresas privadas que m\u00e1s consumen energ\u00eda con 350 megawatts y que equivale a la energ\u00eda necesaria para un poblado de un mill\u00f3n 700 mil habitantes.<\/p>\n<p>\u201cTraemos un plan de crecimiento agresivo, pues estamos viendo que para el a\u00f1o 2020 vamos a llegar al consumo 500 megawatts y eso requiere que sigamos buscando fuentes de generaci\u00f3n de energ\u00eda\u201d, argument\u00f3.<\/p>\n<p>Adem\u00e1s de Durango, Alan\u00eds Ortega mencion\u00f3 que los estados de Chihuahua y Coahuila tambi\u00e9n est\u00e1n en an\u00e1lisis para instalar m\u00e1s plantas de generaci\u00f3n de energ\u00edas limpias.<\/p>\n<p>Record\u00f3 que actualmente cuentan con dos unidades de generaci\u00f3n de energ\u00eda e\u00f3lica en Oaxaca y con el arranque de una m\u00e1s en el municipio de General Cepeda (Coahuila) Industrias Pe\u00f1oles estar\u00e1 en posici\u00f3n de solventar la tercera parte su electricidad.<\/p>\n<p>Afirm\u00f3 que la inversi\u00f3n en esas fuentes alternativas va de la mano con otras acciones en las minas que tiene el corporativo para el control ambiental.<\/p>\n<p>\u201cQueremos demostrar que la Miner\u00eda o metalurgia se pueden desarrollar de una manera amigable con el medio ambiente y por eso nuestro inter\u00e9s de seguir invirtiendo en cuesti\u00f3n de control ambiental en minas de alta eficiencia como Velarde\u00f1a\u201d, expuso.<\/p>\n<p><a href=\"http:\/\/www.milenio.com\/negocios\/Symposium_Realidad_Energetica-Penoles-Fernando_Alanis-parque_eolico_0_631137037.html\" target=\"_blank\">www.milenio.com\/negocios\/Symposium_Realidad_Energetica-Penoles-Fernando_Alanis-parque_eolico_0_631137037.html<\/a><\/p>\n","protected":false},"excerpt":{"rendered":"<p>La posibilidad de crear un parque e\u00f3lico en la entidad es real, seg\u00fan inform\u00f3 Fernando Alan\u00eds Ortega, director General de la metal\u00fargica, en su participaci\u00f3n en el Symposium Realidad Energ\u00e9tica. &hellip; <a href=\"https:\/\/www.grieta.org.mx\/index.php\/2015\/11\/19\/penoles-ve-vientos-de-cambio-en-durango\/\" class=\"more-link\">Leer m\u00e1s<\/a><\/p>\n","protected":false},"author":2,"featured_media":21928,"comment_status":"closed","ping_status":"open","sticky":false,"template":"","format":"standard","meta":{"ngg_post_thumbnail":0,"_jetpack_newsletter_access":"","_jetpack_dont_email_post_to_subs":false,"_jetpack_newsletter_tier_id":0,"_jetpack_memberships_contains_paywalled_content":false,"_jetpack_memberships_contains_paid_content":false,"footnotes":""},"categories":[80,173],"tags":[178,177],"class_list":["post-1272","post","type-post","status-publish","format-standard","has-post-thumbnail","hentry","category-cintillo","category-durango","tag-canatlan","tag-parque-eolico","entry"],"jetpack_featured_media_url":"https:\/\/www.grieta.org.mx\/wp-content\/uploads\/2018\/03\/14524434_1106112876131411_958039263622046936_o.jpg","jetpack_sharing_enabled":true,"jetpack_shortlink":"https:\/\/wp.me\/p7ZJR4-kw","jetpack_likes_enabled":false,"jetpack-related-posts":[{"id":3613,"url":"https:\/\/www.grieta.org.mx\/index.php\/2015\/11\/19\/industrias-penoles-evalua-instalar-parque-eolico-en-canatlan-durango\/","url_meta":{"origin":1272,"position":0},"title":"Industrias Pe\u00f1oles eval\u00faa instalar parque e\u00f3lico en Canatl\u00e1n, Durango","author":"grieta","date":"19 noviembre, 2015","format":false,"excerpt":"19\/11\/15. Pe\u00f1oles ve \u201cvientos de cambio\u201d en Durango Milenio","rel":"","context":"En &quot;Durango&quot;","block_context":{"text":"Durango","link":"https:\/\/www.grieta.org.mx\/index.php\/category\/noticias-nacionales\/durango\/"},"img":{"alt_text":"","src":"https:\/\/i0.wp.com\/www.grieta.org.mx\/wp-content\/uploads\/2018\/03\/14524434_1106112876131411_958039263622046936_o.jpg?resize=350%2C200&ssl=1","width":350,"height":200,"srcset":"https:\/\/i0.wp.com\/www.grieta.org.mx\/wp-content\/uploads\/2018\/03\/14524434_1106112876131411_958039263622046936_o.jpg?resize=350%2C200&ssl=1 1x, https:\/\/i0.wp.com\/www.grieta.org.mx\/wp-content\/uploads\/2018\/03\/14524434_1106112876131411_958039263622046936_o.jpg?resize=525%2C300&ssl=1 1.5x, https:\/\/i0.wp.com\/www.grieta.org.mx\/wp-content\/uploads\/2018\/03\/14524434_1106112876131411_958039263622046936_o.jpg?resize=700%2C400&ssl=1 2x"},"classes":[]},{"id":2828,"url":"https:\/\/www.grieta.org.mx\/index.php\/2015\/11\/19\/ademas-de-extraer-petroleo-ahora-bailleres-producira-electricidad-con-energia-eolica\/","url_meta":{"origin":1272,"position":1},"title":"Adem\u00e1s de extraer petr\u00f3leo, ahora Bailleres producir\u00e1 electricidad con energ\u00eda e\u00f3lica","author":"grieta","date":"19 noviembre, 2015","format":false,"excerpt":"Construir\u00e1 en Coahuila un parque con 95 aerogeneradores Susana Gonz\u00e1lez y Leopoldo Ramos Reportera y corresponsal Peri\u00f3dico La Jornada Jueves 19 de noviembre de 2015, p. 27 A trav\u00e9s de Industrias Pe\u00f1oles, el empresario Alberto Bailleres incrementar\u00e1 su participaci\u00f3n en el sector energ\u00e9tico con la construcci\u00f3n de un parque para\u2026","rel":"","context":"En &quot;CINTILLO&quot;","block_context":{"text":"CINTILLO","link":"https:\/\/www.grieta.org.mx\/index.php\/category\/cintillo\/"},"img":{"alt_text":"","src":"https:\/\/i0.wp.com\/www.grieta.org.mx\/wp-content\/uploads\/2018\/03\/14524434_1106112876131411_958039263622046936_o.jpg?resize=350%2C200&ssl=1","width":350,"height":200,"srcset":"https:\/\/i0.wp.com\/www.grieta.org.mx\/wp-content\/uploads\/2018\/03\/14524434_1106112876131411_958039263622046936_o.jpg?resize=350%2C200&ssl=1 1x, https:\/\/i0.wp.com\/www.grieta.org.mx\/wp-content\/uploads\/2018\/03\/14524434_1106112876131411_958039263622046936_o.jpg?resize=525%2C300&ssl=1 1.5x, https:\/\/i0.wp.com\/www.grieta.org.mx\/wp-content\/uploads\/2018\/03\/14524434_1106112876131411_958039263622046936_o.jpg?resize=700%2C400&ssl=1 2x"},"classes":[]},{"id":33271,"url":"https:\/\/www.grieta.org.mx\/index.php\/2019\/05\/08\/continua-huelga-en-la-secretaria-de-educacion-de-durango\/","url_meta":{"origin":1272,"position":2},"title":"Contin\u00faa huelga en la Secretar\u00eda de Educaci\u00f3n de Durango","author":"grieta","date":"8 mayo, 2019","format":false,"excerpt":"Gilberto Lastra\/Multimedios Durango, Dgo. Por segundo d\u00eda consecutivo, las instalaciones de la Secretar\u00eda de Educaci\u00f3n del Estado de Durango, por parte de la directiva del Sistema CADI. Hilda Guadalupe L\u00f3pez Nav\u00e1rez, responsable de la Escuela Humanista Manuel Rosas Santill\u00e1n, explic\u00f3 que es importante la comprensi\u00f3n de los ciudadanos. Explic\u00f3 que\u2026","rel":"","context":"En &quot;CINTILLO&quot;","block_context":{"text":"CINTILLO","link":"https:\/\/www.grieta.org.mx\/index.php\/category\/cintillo\/"},"img":{"alt_text":"","src":"https:\/\/i0.wp.com\/www.grieta.org.mx\/wp-content\/uploads\/2019\/05\/ag2-1.jpg?resize=350%2C200&ssl=1","width":350,"height":200,"srcset":"https:\/\/i0.wp.com\/www.grieta.org.mx\/wp-content\/uploads\/2019\/05\/ag2-1.jpg?resize=350%2C200&ssl=1 1x, https:\/\/i0.wp.com\/www.grieta.org.mx\/wp-content\/uploads\/2019\/05\/ag2-1.jpg?resize=525%2C300&ssl=1 1.5x, https:\/\/i0.wp.com\/www.grieta.org.mx\/wp-content\/uploads\/2019\/05\/ag2-1.jpg?resize=700%2C400&ssl=1 2x, https:\/\/i0.wp.com\/www.grieta.org.mx\/wp-content\/uploads\/2019\/05\/ag2-1.jpg?resize=1050%2C600&ssl=1 3x"},"classes":[]},{"id":33274,"url":"https:\/\/www.grieta.org.mx\/index.php\/2019\/05\/08\/toman-por-segundo-dia-secretaria-de-educacion-en-durango\/","url_meta":{"origin":1272,"position":3},"title":"Toman por segundo d\u00eda Secretar\u00eda de Educaci\u00f3n en Durango","author":"grieta","date":"8 mayo, 2019","format":false,"excerpt":"Gilberto Lastra Guerrero\/Milenio Por segundo d\u00eda consecutivo permanecen cerradas las instalaciones de la Secretar\u00eda de Educaci\u00f3n del Estado de Durango, por parte de la directiva del Sistema CADI. Hilda Guadalupe L\u00f3pez Nav\u00e1rez, responsable de la Escuela Humanista Manuel Rosas Santill\u00e1n, se\u00f1al\u00f3 que es importante la comprensi\u00f3n de los ciudadanos. Explic\u00f3\u2026","rel":"","context":"En &quot;CINTILLO&quot;","block_context":{"text":"CINTILLO","link":"https:\/\/www.grieta.org.mx\/index.php\/category\/cintillo\/"},"img":{"alt_text":"","src":"https:\/\/i0.wp.com\/www.grieta.org.mx\/wp-content\/uploads\/2019\/05\/directivos-cadi-seguiran-presionando-atendidas.jpg?resize=350%2C200&ssl=1","width":350,"height":200,"srcset":"https:\/\/i0.wp.com\/www.grieta.org.mx\/wp-content\/uploads\/2019\/05\/directivos-cadi-seguiran-presionando-atendidas.jpg?resize=350%2C200&ssl=1 1x, https:\/\/i0.wp.com\/www.grieta.org.mx\/wp-content\/uploads\/2019\/05\/directivos-cadi-seguiran-presionando-atendidas.jpg?resize=525%2C300&ssl=1 1.5x, https:\/\/i0.wp.com\/www.grieta.org.mx\/wp-content\/uploads\/2019\/05\/directivos-cadi-seguiran-presionando-atendidas.jpg?resize=700%2C400&ssl=1 2x"},"classes":[]},{"id":12480,"url":"https:\/\/www.grieta.org.mx\/index.php\/2016\/05\/17\/cumplen-marcha-y-paro-en-escuelas\/","url_meta":{"origin":1272,"position":4},"title":"Cumplen marcha y paro en escuelas (Durango)","author":"grieta","date":"17 mayo, 2016","format":false,"excerpt":"Magisterio Unido afirm\u00f3 que fueron casi 150 escuelas las que pararon labores con respaldo de padres Los maestros disidentes de Durango se unieron a la convocatoria del paro nacional de labores del sector docente. El Magisterio Unido de Durango (MUD) asegur\u00f3 que el reporte recibido hasta pasado el medio d\u00eda\u2026","rel":"","context":"En &quot;CINTILLO&quot;","block_context":{"text":"CINTILLO","link":"https:\/\/www.grieta.org.mx\/index.php\/category\/cintillo\/"},"img":{"alt_text":"","src":"https:\/\/i0.wp.com\/www.grieta.org.mx\/wp-content\/uploads\/2018\/03\/14524434_1106112876131411_958039263622046936_o.jpg?resize=350%2C200&ssl=1","width":350,"height":200,"srcset":"https:\/\/i0.wp.com\/www.grieta.org.mx\/wp-content\/uploads\/2018\/03\/14524434_1106112876131411_958039263622046936_o.jpg?resize=350%2C200&ssl=1 1x, https:\/\/i0.wp.com\/www.grieta.org.mx\/wp-content\/uploads\/2018\/03\/14524434_1106112876131411_958039263622046936_o.jpg?resize=525%2C300&ssl=1 1.5x, https:\/\/i0.wp.com\/www.grieta.org.mx\/wp-content\/uploads\/2018\/03\/14524434_1106112876131411_958039263622046936_o.jpg?resize=700%2C400&ssl=1 2x"},"classes":[]},{"id":20028,"url":"https:\/\/www.grieta.org.mx\/index.php\/2016\/08\/17\/liberan-bloqueo-de-parque-eolico\/","url_meta":{"origin":1272,"position":5},"title":"Liberan bloqueo de parque e\u00f3lico","author":"grieta","date":"17 agosto, 2016","format":false,"excerpt":"CLAUDIO MONTES DE OCA | NTRZACATECAS.COM Zacatecas.- Luego del paro de labores que permaneci\u00f3 por 5 d\u00edas en la construcci\u00f3n del Parque E\u00f3lico La Bufa, donde por falta de pago, transportistas de materiales bloquearon el acceso a la planta, finalmente este mi\u00e9rcoles, aproximadamente a las 13 horas, reanudaron actividades luego\u2026","rel":"","context":"En &quot;CINTILLO&quot;","block_context":{"text":"CINTILLO","link":"https:\/\/www.grieta.org.mx\/index.php\/category\/cintillo\/"},"img":{"alt_text":"","src":"https:\/\/i0.wp.com\/www.grieta.org.mx\/wp-content\/uploads\/2016\/08\/eolica-5.jpg?resize=350%2C200&ssl=1","width":350,"height":200,"srcset":"https:\/\/i0.wp.com\/www.grieta.org.mx\/wp-content\/uploads\/2016\/08\/eolica-5.jpg?resize=350%2C200&ssl=1 1x, https:\/\/i0.wp.com\/www.grieta.org.mx\/wp-content\/uploads\/2016\/08\/eolica-5.jpg?resize=525%2C300&ssl=1 1.5x, https:\/\/i0.wp.com\/www.grieta.org.mx\/wp-content\/uploads\/2016\/08\/eolica-5.jpg?resize=700%2C400&ssl=1 2x"},"classes":[]}],"_links":{"self":[{"href":"https:\/\/www.grieta.org.mx\/index.php\/wp-json\/wp\/v2\/posts\/1272","targetHints":{"allow":["GET"]}}],"collection":[{"href":"https:\/\/www.grieta.org.mx\/index.php\/wp-json\/wp\/v2\/posts"}],"about":[{"href":"https:\/\/www.grieta.org.mx\/index.php\/wp-json\/wp\/v2\/types\/post"}],"author":[{"embeddable":true,"href":"https:\/\/www.grieta.org.mx\/index.php\/wp-json\/wp\/v2\/users\/2"}],"replies":[{"embeddable":true,"href":"https:\/\/www.grieta.org.mx\/index.php\/wp-json\/wp\/v2\/comments?post=1272"}],"version-history":[{"count":1,"href":"https:\/\/www.grieta.org.mx\/index.php\/wp-json\/wp\/v2\/posts\/1272\/revisions"}],"predecessor-version":[{"id":1273,"href":"https:\/\/www.grieta.org.mx\/index.php\/wp-json\/wp\/v2\/posts\/1272\/revisions\/1273"}],"wp:featuredmedia":[{"embeddable":true,"href":"https:\/\/www.grieta.org.mx\/index.php\/wp-json\/wp\/v2\/media\/21928"}],"wp:attachment":[{"href":"https:\/\/www.grieta.org.mx\/index.php\/wp-json\/wp\/v2\/media?parent=1272"}],"wp:term":[{"taxonomy":"category","embeddable":true,"href":"https:\/\/www.grieta.org.mx\/index.php\/wp-json\/wp\/v2\/categories?post=1272"},{"taxonomy":"post_tag","embeddable":true,"href":"https:\/\/www.grieta.org.mx\/index.php\/wp-json\/wp\/v2\/tags?post=1272"}],"curies":[{"name":"wp","href":"https:\/\/api.w.org\/{rel}","templated":true}]}}