{"id":12710,"date":"2016-05-10T02:58:35","date_gmt":"2016-05-10T02:58:35","guid":{"rendered":"http:\/\/www.grieta.org.mx\/?p=12710"},"modified":"2016-05-21T03:01:22","modified_gmt":"2016-05-21T03:01:22","slug":"relator-de-la-onu-se-compromete-a-atender-caso-de-indalecio-benitez-locutor-exiliado-de-luevianos","status":"publish","type":"post","link":"https:\/\/www.grieta.org.mx\/index.php\/2016\/05\/10\/relator-de-la-onu-se-compromete-a-atender-caso-de-indalecio-benitez-locutor-exiliado-de-luevianos\/","title":{"rendered":"Relator de la ONU se compromete a atender caso de Indalecio Ben\u00edtez, locutor exiliado de Luevianos"},"content":{"rendered":"<p>Sergio Rinc\u00f3n<\/p>\n<p>(10 de mayo, 2016. Revoluci\u00f3nTRESPUNTOCERO).- Michel Forst, presidente del Consejo de Derechos Humanos como Relator Especial de las Naciones Unidas, se comprometi\u00f3 que en su pr\u00f3xima visita a M\u00e9xico revisar\u00e1 casos de violaciones a derechos humanos ocurridos en Luvianos Estado de M\u00e9xico, como el de Indalecio Ben\u00edtez, fundador de Calentana Mexiquense.<\/p>\n<p>En entrevista con Revoluci\u00f3n TRESPUNTOCERO, Ben\u00edtez, quien se encuentra exiliado, coment\u00f3 que \u00e9l ha realizado una investigaci\u00f3n paralela a las autoridades que atienden el ataque ocurrido en agosto de 2014, donde un comando armado dispar\u00f3 contra \u00e9l y su familia, lo que provoc\u00f3 la muerte de su hijo Juan Diego de 12 a\u00f1os.<\/p>\n<p>\u201cEl asunto se calent\u00f3, voy a declarar lo que s\u00e9 del caso. En la reuni\u00f3n con el relator, le dije cosas que ni he declarado ante las autoridades, es una forma de protegerme. Y \u00e9l se comprometi\u00f3 a que en su pr\u00f3xima visita va a atender \u00e9ste y otros casos en Luvianos\u201d, dijo Ben\u00edtez.<\/p>\n<p>Sobre el compromiso del relator, quien asisti\u00f3 a un foro en la Universidad Iberoamericana de Puebla, Indalecio detall\u00f3: \u201c\u00c9l vino a M\u00e9xico pero no por una invitaci\u00f3n oficial del gobierno, entonces ahorita \u00e9l est\u00e1 limitado a dar una postura, pero le manifest\u00e9 todo lo que ha estado aconteciendo y le di documentaci\u00f3n de todas las violaciones y agresiones que hemos sufrido\u201d.<\/p>\n<p>Indalecio tambi\u00e9n ha sido v\u00edctima de acoso por parte del gobierno que encabeza Eruviel \u00c1vila Villegas. De hecho, hace nueve meses la p\u00e1gina oficial inform\u00f3 por medio de un bolet\u00edn que hab\u00edan cerrado la estaci\u00f3n porque desde ah\u00ed se mandaban mensajes de grupos criminales.<\/p>\n<p>Luego de la denuncia, el gobierno de Edomex baj\u00f3 dicho bolet\u00edn.<\/p>\n<p>El 15 de agosto de 2015, Calentana Mexiquense 98.1 FM fue cerrada por fuerzas federales durante un operativo realizado por el Instituto Federal de Telecomunicaciones (IFT) argumentando que la emisora operaba de forma ilegal, a pesar de que el permiso de la frecuencia est\u00e1 en tr\u00e1mite, denunci\u00f3 el locutor y director Indalecio Ben\u00edtez, quien se encuentra bajo el Mecanismo para la Protecci\u00f3n de Personas Defensoras de Derechos Humanos y Periodistas, operado por la Secretar\u00eda de Gobernaci\u00f3n (Segob).<\/p>\n<p>\u201cNosotros somos una radio de paz y llegaron a allanar marinos y militares en un operativo. Como si fueran a agarrar a \u2018El Chapo\u2019 Guzm\u00e1n\u201d, dijo Benitez.<\/p>\n<p>Desde el asesinato de su hijo, Indalecio comenz\u00f3 una investigaci\u00f3n en Luvianos. De acuerdo con el locutor, los datos que obtuvo los har\u00eda p\u00fablicos en caso de que las autoridades desviaran la pesquisa sobre el crimen en contra de su familia.<\/p>\n<p>\u201cEn 15 d\u00edas vamos a presentar esta nueva l\u00ednea de investigaci\u00f3n a la Feadle (Fiscal\u00eda Especial para la Atenci\u00f3n de Delitos cometidos contra de la Libertad de Expresi\u00f3n)\u201d, declar\u00f3.<\/p>\n<p>La noche del 1 de agosto de 2014, un grupo de encapuchados fuertemente armado y que se encontraban en un taxi robado atac\u00f3 a Indalecio Ben\u00edtez y a su familia.<\/p>\n<p>Eran cinco j\u00f3venes, menores de edad, quienes lo estaban esperando afuera de la radio comunitaria. Cuando se dio cuenta que estaban armados con cuernos de chivo el locutor aceler\u00f3. S\u00f3lo tiraron una vez. La bala alcanz\u00f3 la camioneta en la que viajaban Indalecio Benitez, su esposa y sus hijos.<br \/>\nDos minutos despu\u00e9s llegaron al cuartel de la Marina de Luvianos, Estado de M\u00e9xico. Sin embargo, aquella bala se hab\u00eda fragmentado y tres esquirlas que se incrustaron en el coraz\u00f3n de Juan Diego Ben\u00edtez, quien muri\u00f3 instant\u00e1neamente.<\/p>\n<p>\u201c\u00bfTodos est\u00e1n bien?\u201d, pregunt\u00f3 el padre de familia. \u201cNo pap\u00e1, Diego se desmay\u00f3\u201d, grit\u00f3 su ni\u00f1o el m\u00e1s peque\u00f1o. Indalecio Ben\u00edtez baj\u00f3 del auto mientras elementos de la Secretar\u00eda de la Marina (Semar) gritaban y le ped\u00edan que se identificara. Tom\u00f3 el pulso de su hijo, pero no hab\u00eda respuesta. Apenas ten\u00eda 12 a\u00f1os.<\/p>\n<p>La vida del comunicador y la de su familia fue cortada por el crimen organizado. Con ello tambi\u00e9n, el derecho a la informaci\u00f3n de los pobladores de aquella zona mexiquense.<\/p>\n<p>Al momento, s\u00f3lo se ha detenido a dos responsables materiales del caso, pero no se sabe nada de quienes ordenaron el ataque; el caso sigue sin ser resuelto.<\/p>\n<p>Actualmente la emisora s\u00f3lo trasmite por internet, luego del operativo del IFT; sin embargo, ser\u00e1 en pr\u00f3ximos d\u00edas cuando vuelva a tener la concesi\u00f3n.<\/p>\n<p>El municipio de Luvianos, al sur del Estado de M\u00e9xico, se encuentra en Tierra Caliente, regi\u00f3n donde tambi\u00e9n colindan los estados de Guerrero y Michoac\u00e1n. Aquella demarcaci\u00f3n mexiquense se considera de abundancia, pues su tierra f\u00e9rtil y sus r\u00edos, generan cosechas de todo tipo \u2013principalmente tomate verde\u2013 y ganado de razas bien cotizadas.<\/p>\n<p>Hace unos a\u00f1os hubo una disputa entre el crimen organizado por ese municipio, pues era la entrada a las ciudades del centro del pa\u00eds, adem\u00e1s que estaba llena de sierra, \u00e1rea perfecta para la cocina de drogas sint\u00e9ticas o el cultivo de amapola.<\/p>\n<p>De acuerdo con datos del Secretariado Ejecutivo del Sistema Nacional de Seguridad P\u00fablica (SESNSP) detallan que el Edomex registr\u00f3 \u2013de enero a abril de este a\u00f1o\u2013 mil 257 homicidios.<br \/>\nEn su \u201cInforme de v\u00edctimas de homicidio, secuestro y extorsi\u00f3n 2015\u201d refiere que el Estado de M\u00e9xico ocupa de nuevo al primer lugar con el registro de 272 casos, le sigue Jalisco con 266, el Distrito Federal con 214 y Nuevo Le\u00f3n con 178.<\/p>\n<p><a href=\"http:\/\/revoluciontrespuntocero.com\/relator-de-la-onu-se-compromete-a-atender-caso-de-indalecio-benitez-locutor-exiliado-de-luevianos\/\" target=\"_blank\">http:\/\/revoluciontrespuntocero.com\/relator-de-la-onu-se-compromete-a-atender-caso-de-indalecio-benitez-locutor-exiliado-de-luevianos\/<\/a><\/p>\n","protected":false},"excerpt":{"rendered":"<p>Sergio Rinc\u00f3n (10 de mayo, 2016. Revoluci\u00f3nTRESPUNTOCERO).- Michel Forst, presidente del Consejo de Derechos Humanos como Relator Especial de las Naciones Unidas, se comprometi\u00f3 que en su pr\u00f3xima visita a &hellip; <a href=\"https:\/\/www.grieta.org.mx\/index.php\/2016\/05\/10\/relator-de-la-onu-se-compromete-a-atender-caso-de-indalecio-benitez-locutor-exiliado-de-luevianos\/\" class=\"more-link\">Leer m\u00e1s<\/a><\/p>\n","protected":false},"author":2,"featured_media":21928,"comment_status":"closed","ping_status":"closed","sticky":false,"template":"","format":"standard","meta":{"ngg_post_thumbnail":0,"_jetpack_newsletter_access":"","_jetpack_dont_email_post_to_subs":false,"_jetpack_newsletter_tier_id":0,"_jetpack_memberships_contains_paywalled_content":false,"_jetpack_memberships_contains_paid_content":false,"footnotes":""},"categories":[80],"tags":[92,120],"class_list":["post-12710","post","type-post","status-publish","format-standard","has-post-thumbnail","hentry","category-cintillo","tag-estado-de-mexico","tag-violencia-contra-periodistas","entry"],"jetpack_featured_media_url":"https:\/\/www.grieta.org.mx\/wp-content\/uploads\/2018\/03\/14524434_1106112876131411_958039263622046936_o.jpg","jetpack_sharing_enabled":true,"jetpack_shortlink":"https:\/\/wp.me\/p7ZJR4-3j0","jetpack_likes_enabled":false,"jetpack-related-posts":[{"id":1133,"url":"https:\/\/www.grieta.org.mx\/index.php\/2016\/05\/10\/marina-e-ift-decomisan-equipo-de-radio-calentana-mexiquense\/","url_meta":{"origin":12710,"position":0},"title":"Marina e IFT decomisan equipo de radio Calentana Mexiquense","author":"grieta","date":"10 mayo, 2016","format":false,"excerpt":"10\/05\/16. Relator de la ONU se compromete a atender caso de Indalecio Ben\u00edtez, locutor exiliado de LuevianosRevoluci\u00f3n 3.0 13\/01\/16. \u201cEruviel no tiene la intenci\u00f3n de proteger a ciudadanos, m\u00e1s bien los expone para que sean asesinados\u201d: locutor exiliadoRevoluci\u00f3n 3.0 06\/11\/15. Exige Radio Calentana que GEM se retracte; Criminalizan libertad de\u2026","rel":"","context":"En &quot;Estado de M\u00e9xico&quot;","block_context":{"text":"Estado de M\u00e9xico","link":"https:\/\/www.grieta.org.mx\/index.php\/category\/noticias-nacionales\/estado-de-mexico\/"},"img":{"alt_text":"","src":"https:\/\/i0.wp.com\/www.grieta.org.mx\/wp-content\/uploads\/2018\/03\/14524434_1106112876131411_958039263622046936_o.jpg?resize=350%2C200&ssl=1","width":350,"height":200,"srcset":"https:\/\/i0.wp.com\/www.grieta.org.mx\/wp-content\/uploads\/2018\/03\/14524434_1106112876131411_958039263622046936_o.jpg?resize=350%2C200&ssl=1 1x, https:\/\/i0.wp.com\/www.grieta.org.mx\/wp-content\/uploads\/2018\/03\/14524434_1106112876131411_958039263622046936_o.jpg?resize=525%2C300&ssl=1 1.5x, https:\/\/i0.wp.com\/www.grieta.org.mx\/wp-content\/uploads\/2018\/03\/14524434_1106112876131411_958039263622046936_o.jpg?resize=700%2C400&ssl=1 2x"},"classes":[]},{"id":1121,"url":"https:\/\/www.grieta.org.mx\/index.php\/2015\/10\/21\/el-doble-ataque-a-indalecio-benitez-y-a-su-radio-comunitaria-en-luvianos\/","url_meta":{"origin":12710,"position":1},"title":"El doble ataque a Indalecio Ben\u00edtez y a su radio comunitaria en Luvianos","author":"grieta","date":"21 octubre, 2015","format":false,"excerpt":"JUAN L\u00c1ZARO SANTIAGO Indalecio Ben\u00edtez Mondrag\u00f3n, director de la radio comunitaria La Caletana Mexiquense, enclavada en el municipio de Luvianos, al sur del Estado de M\u00e9xico, donde el crimen organizado es ley, han tenido un doble ataque en tan solo un a\u00f1o, dos meses 15 d\u00edas. El primero: sicarios armados\u2026","rel":"","context":"En &quot;CINTILLO&quot;","block_context":{"text":"CINTILLO","link":"https:\/\/www.grieta.org.mx\/index.php\/category\/cintillo\/"},"img":{"alt_text":"","src":"https:\/\/i0.wp.com\/www.grieta.org.mx\/wp-content\/uploads\/2018\/03\/14524434_1106112876131411_958039263622046936_o.jpg?resize=350%2C200&ssl=1","width":350,"height":200,"srcset":"https:\/\/i0.wp.com\/www.grieta.org.mx\/wp-content\/uploads\/2018\/03\/14524434_1106112876131411_958039263622046936_o.jpg?resize=350%2C200&ssl=1 1x, https:\/\/i0.wp.com\/www.grieta.org.mx\/wp-content\/uploads\/2018\/03\/14524434_1106112876131411_958039263622046936_o.jpg?resize=525%2C300&ssl=1 1.5x, https:\/\/i0.wp.com\/www.grieta.org.mx\/wp-content\/uploads\/2018\/03\/14524434_1106112876131411_958039263622046936_o.jpg?resize=700%2C400&ssl=1 2x"},"classes":[]},{"id":1128,"url":"https:\/\/www.grieta.org.mx\/index.php\/2015\/10\/17\/fundador-de-radio-comunitaria-denuncia-intimidacion\/","url_meta":{"origin":12710,"position":2},"title":"Fundador de radio comunitaria denuncia intimidaci\u00f3n","author":"grieta","date":"17 octubre, 2015","format":false,"excerpt":"Veneranda Mendoza TOLUCA, Edomex.- Indalecio Ben\u00edtez, fundador de la radio comunitaria Calentana Mexiquense, no descart\u00f3 que detr\u00e1s del despojo sufrido a sus instalaciones el pasado jueves en Luvianos por parte de elementos de la Marina, tenga objetivos econ\u00f3micos o intimidatorios. Hace un par de meses, record\u00f3, \u201cretom\u00e9 por mi propia\u2026","rel":"","context":"En &quot;CINTILLO&quot;","block_context":{"text":"CINTILLO","link":"https:\/\/www.grieta.org.mx\/index.php\/category\/cintillo\/"},"img":{"alt_text":"","src":"https:\/\/i0.wp.com\/www.grieta.org.mx\/wp-content\/uploads\/2018\/03\/14524434_1106112876131411_958039263622046936_o.jpg?resize=350%2C200&ssl=1","width":350,"height":200,"srcset":"https:\/\/i0.wp.com\/www.grieta.org.mx\/wp-content\/uploads\/2018\/03\/14524434_1106112876131411_958039263622046936_o.jpg?resize=350%2C200&ssl=1 1x, https:\/\/i0.wp.com\/www.grieta.org.mx\/wp-content\/uploads\/2018\/03\/14524434_1106112876131411_958039263622046936_o.jpg?resize=525%2C300&ssl=1 1.5x, https:\/\/i0.wp.com\/www.grieta.org.mx\/wp-content\/uploads\/2018\/03\/14524434_1106112876131411_958039263622046936_o.jpg?resize=700%2C400&ssl=1 2x"},"classes":[]},{"id":1118,"url":"https:\/\/www.grieta.org.mx\/index.php\/2016\/01\/13\/eruviel-no-tiene-la-intencion-de-proteger-a-ciudadanos-mas-bien-los-expone-para-que-sean-asesinados-locutor-exiliado\/","url_meta":{"origin":12710,"position":3},"title":"\u201cEruviel no tiene la intenci\u00f3n de proteger a ciudadanos, m\u00e1s bien los expone para que sean asesinados\u201d: locutor exiliado","author":"grieta","date":"13 enero, 2016","format":false,"excerpt":"Cecilia Balderas Indalecio Ben\u00edtez, fundador de la radio comunitaria Calentana Mexiquense, desmantelada a mediados de octubre por funcionarios del Instituto Federal de Telecomunicaciones (IFT), en colaboraci\u00f3n con elementos de la Marina y de la Polic\u00eda Federal (PF) -en un operativo impresionante como los que arman para buscar a narcotraficantes de\u2026","rel":"","context":"En &quot;CINTILLO&quot;","block_context":{"text":"CINTILLO","link":"https:\/\/www.grieta.org.mx\/index.php\/category\/cintillo\/"},"img":{"alt_text":"","src":"https:\/\/i0.wp.com\/www.grieta.org.mx\/wp-content\/uploads\/2018\/03\/14524434_1106112876131411_958039263622046936_o.jpg?resize=350%2C200&ssl=1","width":350,"height":200,"srcset":"https:\/\/i0.wp.com\/www.grieta.org.mx\/wp-content\/uploads\/2018\/03\/14524434_1106112876131411_958039263622046936_o.jpg?resize=350%2C200&ssl=1 1x, https:\/\/i0.wp.com\/www.grieta.org.mx\/wp-content\/uploads\/2018\/03\/14524434_1106112876131411_958039263622046936_o.jpg?resize=525%2C300&ssl=1 1.5x, https:\/\/i0.wp.com\/www.grieta.org.mx\/wp-content\/uploads\/2018\/03\/14524434_1106112876131411_958039263622046936_o.jpg?resize=700%2C400&ssl=1 2x"},"classes":[]},{"id":412,"url":"https:\/\/www.grieta.org.mx\/index.php\/2015\/07\/31\/muerte-y-amenazas-acechan-al-periodismo-en-el-estado-de-mexico\/","url_meta":{"origin":12710,"position":4},"title":"Muerte y amenazas acechan al periodismo en el Estado de M\u00e9xico","author":"grieta","date":"31 julio, 2015","format":false,"excerpt":"Juan L\u00e1zaro Santiago Cuatro periodistas han sido asesinados en la entidad, sin que haya sentenciados por los hechos; a esto se suman los casos de agresiones y amenazas Las agresiones a periodistas en el Estado de M\u00e9xico son cada vez m\u00e1s frecuentes y provienen de distintos frentes. Los ataques de\u2026","rel":"","context":"En &quot;CINTILLO&quot;","block_context":{"text":"CINTILLO","link":"https:\/\/www.grieta.org.mx\/index.php\/category\/cintillo\/"},"img":{"alt_text":"","src":"https:\/\/i0.wp.com\/www.grieta.org.mx\/wp-content\/uploads\/2018\/03\/14524434_1106112876131411_958039263622046936_o.jpg?resize=350%2C200&ssl=1","width":350,"height":200,"srcset":"https:\/\/i0.wp.com\/www.grieta.org.mx\/wp-content\/uploads\/2018\/03\/14524434_1106112876131411_958039263622046936_o.jpg?resize=350%2C200&ssl=1 1x, https:\/\/i0.wp.com\/www.grieta.org.mx\/wp-content\/uploads\/2018\/03\/14524434_1106112876131411_958039263622046936_o.jpg?resize=525%2C300&ssl=1 1.5x, https:\/\/i0.wp.com\/www.grieta.org.mx\/wp-content\/uploads\/2018\/03\/14524434_1106112876131411_958039263622046936_o.jpg?resize=700%2C400&ssl=1 2x"},"classes":[]},{"id":1127,"url":"https:\/\/www.grieta.org.mx\/index.php\/2015\/10\/20\/radio-calentana-denuncia-indiferencia-y-arbitrariedades-del-ift\/","url_meta":{"origin":12710,"position":5},"title":"Radio Calentana denuncia indiferencia y arbitrariedades del IFT","author":"grieta","date":"20 octubre, 2015","format":false,"excerpt":"Carolina Duarte Luego del cierre arbitrario de la estaci\u00f3n de radio comunitaria Calentana Mexiquense que incluy\u00f3 presencia intimidatoria de la Marina para el decomiso de su equipo de transmisi\u00f3n, Indalecio Ben\u00edtez, fundador y director de la emisora se\u00f1al\u00f3 en conferencia en las puertas del Instituto Federal de Telecomunicaciones que \u201cEstamos\u2026","rel":"","context":"En &quot;CINTILLO&quot;","block_context":{"text":"CINTILLO","link":"https:\/\/www.grieta.org.mx\/index.php\/category\/cintillo\/"},"img":{"alt_text":"","src":"https:\/\/i0.wp.com\/www.grieta.org.mx\/wp-content\/uploads\/2018\/03\/14524434_1106112876131411_958039263622046936_o.jpg?resize=350%2C200&ssl=1","width":350,"height":200,"srcset":"https:\/\/i0.wp.com\/www.grieta.org.mx\/wp-content\/uploads\/2018\/03\/14524434_1106112876131411_958039263622046936_o.jpg?resize=350%2C200&ssl=1 1x, https:\/\/i0.wp.com\/www.grieta.org.mx\/wp-content\/uploads\/2018\/03\/14524434_1106112876131411_958039263622046936_o.jpg?resize=525%2C300&ssl=1 1.5x, https:\/\/i0.wp.com\/www.grieta.org.mx\/wp-content\/uploads\/2018\/03\/14524434_1106112876131411_958039263622046936_o.jpg?resize=700%2C400&ssl=1 2x"},"classes":[]}],"_links":{"self":[{"href":"https:\/\/www.grieta.org.mx\/index.php\/wp-json\/wp\/v2\/posts\/12710","targetHints":{"allow":["GET"]}}],"collection":[{"href":"https:\/\/www.grieta.org.mx\/index.php\/wp-json\/wp\/v2\/posts"}],"about":[{"href":"https:\/\/www.grieta.org.mx\/index.php\/wp-json\/wp\/v2\/types\/post"}],"author":[{"embeddable":true,"href":"https:\/\/www.grieta.org.mx\/index.php\/wp-json\/wp\/v2\/users\/2"}],"replies":[{"embeddable":true,"href":"https:\/\/www.grieta.org.mx\/index.php\/wp-json\/wp\/v2\/comments?post=12710"}],"version-history":[{"count":1,"href":"https:\/\/www.grieta.org.mx\/index.php\/wp-json\/wp\/v2\/posts\/12710\/revisions"}],"predecessor-version":[{"id":12712,"href":"https:\/\/www.grieta.org.mx\/index.php\/wp-json\/wp\/v2\/posts\/12710\/revisions\/12712"}],"wp:featuredmedia":[{"embeddable":true,"href":"https:\/\/www.grieta.org.mx\/index.php\/wp-json\/wp\/v2\/media\/21928"}],"wp:attachment":[{"href":"https:\/\/www.grieta.org.mx\/index.php\/wp-json\/wp\/v2\/media?parent=12710"}],"wp:term":[{"taxonomy":"category","embeddable":true,"href":"https:\/\/www.grieta.org.mx\/index.php\/wp-json\/wp\/v2\/categories?post=12710"},{"taxonomy":"post_tag","embeddable":true,"href":"https:\/\/www.grieta.org.mx\/index.php\/wp-json\/wp\/v2\/tags?post=12710"}],"curies":[{"name":"wp","href":"https:\/\/api.w.org\/{rel}","templated":true}]}}