{"id":12705,"date":"2016-05-12T20:47:11","date_gmt":"2016-05-12T20:47:11","guid":{"rendered":"http:\/\/www.grieta.org.mx\/?p=12705"},"modified":"2016-05-20T20:49:52","modified_gmt":"2016-05-20T20:49:52","slug":"comite-siempre-vivos-halla-dos-fosas-con-restos-humanos-en-chilapa","status":"publish","type":"post","link":"https:\/\/www.grieta.org.mx\/index.php\/2016\/05\/12\/comite-siempre-vivos-halla-dos-fosas-con-restos-humanos-en-chilapa\/","title":{"rendered":"Comit\u00e9 \u201cSiempre vivos\u201d halla dos fosas con restos humanos en Chilapa"},"content":{"rendered":"<p>Proceso<\/p>\n<p>Ezequiel Flores Contreras<\/p>\n<p>Ciudad de M\u00e9xico (Apro). Organizaci\u00f3n Siempre vivos descubrieron dos fosas clandestinas con restos humanos en el predio denominado Loma Larga, ubicado en el camino que conduce al poblado de Tepehuixco, municipio de Chilapa.<\/p>\n<p>El hecho ocurri\u00f3 este mediod\u00eda durante las brigadas ciudadanas de b\u00fasqueda de desaparecidos, donde participan al menos unas 30 personas, en su mayor\u00eda mujeres de esta zona de la entidad que buscan a familiares desaparecidos desde el a\u00f1o pasado.<\/p>\n<p>El grupo ciudadano fue resguardado en sus tareas de este jueves por agentes ministeriales, polic\u00edas de estado y soldados del Ej\u00e9rcito Mexicano.<\/p>\n<p>Horas despu\u00e9s del hallazgo, autoridades ministeriales acudieron al lugar para realizar la exhumaci\u00f3n y determinar oficialmente cu\u00e1ntos cuerpos se encuentran en las fosas.<\/p>\n<p>Sin embargo, como ya casi oscurec\u00eda, la zona fue acordonada y resguardada para que este viernes 13 se realice la exhumaci\u00f3n correspondiente.<\/p>\n<p>Por su parte, los familiares de los desaparecidos anunciaron que ma\u00f1ana continuar\u00e1n con la b\u00fasqueda en la misma zona, pues tienen reportes de la existencia de m\u00e1s narcofosas.<\/p>\n<p>En este mismo punto previamente han sido localizados al menos ocho cuerpos del a\u00f1o pasado a la fecha.<\/p>\n<p>Los familiares de al menos 16 hombres desaparecidos el a\u00f1o pasado en Chilapa por presuntos miembros del crimen organizado se organizaron en el comit\u00e9 Siempre vivos y desde ayer empezaron a buscar por cuenta propia a sus seres queridos ya que, a la fecha, ninguna autoridad gubernamental se ha hecho cargo del caso.<\/p>\n<p><a href=\"http:\/\/www.proceso.com.mx\/440422\/comite-siempre-vivos-halla-fosa-clandestina-restos-humanos-en-chilapa\">http:\/\/www.proceso.com.mx\/440422\/comite-siempre-vivos-halla-fosa-clandestina-restos-humanos-en-chilapa<\/a><\/p>\n","protected":false},"excerpt":{"rendered":"<p>Proceso Ezequiel Flores Contreras Ciudad de M\u00e9xico (Apro). Organizaci\u00f3n Siempre vivos descubrieron dos fosas clandestinas con restos humanos en el predio denominado Loma Larga, ubicado en el camino que conduce &hellip; <a href=\"https:\/\/www.grieta.org.mx\/index.php\/2016\/05\/12\/comite-siempre-vivos-halla-dos-fosas-con-restos-humanos-en-chilapa\/\" class=\"more-link\">Leer m\u00e1s<\/a><\/p>\n","protected":false},"author":2,"featured_media":21928,"comment_status":"closed","ping_status":"closed","sticky":false,"template":"","format":"standard","meta":{"ngg_post_thumbnail":0,"_jetpack_newsletter_access":"","_jetpack_dont_email_post_to_subs":false,"_jetpack_newsletter_tier_id":0,"_jetpack_memberships_contains_paywalled_content":false,"_jetpack_memberships_contains_paid_content":false,"footnotes":""},"categories":[80],"tags":[568,121,669],"class_list":["post-12705","post","type-post","status-publish","format-standard","has-post-thumbnail","hentry","category-cintillo","tag-chilapa","tag-desaparecidos","tag-grupos-armados","entry"],"jetpack_featured_media_url":"https:\/\/www.grieta.org.mx\/wp-content\/uploads\/2018\/03\/14524434_1106112876131411_958039263622046936_o.jpg","jetpack_sharing_enabled":true,"jetpack_shortlink":"https:\/\/wp.me\/p7ZJR4-3iV","jetpack_likes_enabled":false,"jetpack-related-posts":[{"id":12564,"url":"https:\/\/www.grieta.org.mx\/index.php\/2016\/06\/08\/los-desaparecidos-de-chilapa\/","url_meta":{"origin":12705,"position":0},"title":"Desaparecidos Guerrero","author":"grieta","date":"8 junio, 2016","format":false,"excerpt":"Desaparecidos de Chilapa 08\/06\/16. Siempre Vivos anuncia reinicio de b\u00fasqueda de fosas en Chilapa Bajo Palabra 26\/05\/16. Nadie detiene a Ardillos y Rojos, que tienen postrada Chilapa Proceso 20\/05\/16. Colectivo Siempre Vivos de Chilapa extender\u00e1 b\u00fasqueda de fosas El Faro 15\/05\/16. Chilapa huele a miedo y corrupci\u00f3n, Los Otros Desaparecidos\u2026","rel":"","context":"En &quot;Desaparecidos&quot;","block_context":{"text":"Desaparecidos","link":"https:\/\/www.grieta.org.mx\/index.php\/category\/temas-nacionales\/desaparecidos\/"},"img":{"alt_text":"","src":"https:\/\/i0.wp.com\/www.grieta.org.mx\/wp-content\/uploads\/2018\/03\/14524434_1106112876131411_958039263622046936_o.jpg?resize=350%2C200&ssl=1","width":350,"height":200,"srcset":"https:\/\/i0.wp.com\/www.grieta.org.mx\/wp-content\/uploads\/2018\/03\/14524434_1106112876131411_958039263622046936_o.jpg?resize=350%2C200&ssl=1 1x, https:\/\/i0.wp.com\/www.grieta.org.mx\/wp-content\/uploads\/2018\/03\/14524434_1106112876131411_958039263622046936_o.jpg?resize=525%2C300&ssl=1 1.5x, https:\/\/i0.wp.com\/www.grieta.org.mx\/wp-content\/uploads\/2018\/03\/14524434_1106112876131411_958039263622046936_o.jpg?resize=700%2C400&ssl=1 2x"},"classes":[]},{"id":12722,"url":"https:\/\/www.grieta.org.mx\/index.php\/2016\/05\/14\/autoridades-exhuman-cuerpos-de-fosas-clandestinas-de-chilapa\/","url_meta":{"origin":12705,"position":1},"title":"Autoridades exhuman cuerpos de fosas clandestinas de Chilapa","author":"grieta","date":"14 mayo, 2016","format":false,"excerpt":"Proceso Ezequiel Flores Contreras Tepehuixco, Chilapa (apro). Autoridades ministeriales exhumaron cuatro cuerpos de las fosas localizadas ayer por integrantes del Comit\u00e9 Siempre Vivos que buscan a familiares desaparecidos en Chilapa. Posterior a las diligencias realizadas por las autoridades, los exploradores civiles volvieron a recorrer la zona y encontraron fragmentos \u00f3seos,\u2026","rel":"","context":"En &quot;CINTILLO&quot;","block_context":{"text":"CINTILLO","link":"https:\/\/www.grieta.org.mx\/index.php\/category\/cintillo\/"},"img":{"alt_text":"","src":"https:\/\/i0.wp.com\/www.grieta.org.mx\/wp-content\/uploads\/2018\/03\/14524434_1106112876131411_958039263622046936_o.jpg?resize=350%2C200&ssl=1","width":350,"height":200,"srcset":"https:\/\/i0.wp.com\/www.grieta.org.mx\/wp-content\/uploads\/2018\/03\/14524434_1106112876131411_958039263622046936_o.jpg?resize=350%2C200&ssl=1 1x, https:\/\/i0.wp.com\/www.grieta.org.mx\/wp-content\/uploads\/2018\/03\/14524434_1106112876131411_958039263622046936_o.jpg?resize=525%2C300&ssl=1 1.5x, https:\/\/i0.wp.com\/www.grieta.org.mx\/wp-content\/uploads\/2018\/03\/14524434_1106112876131411_958039263622046936_o.jpg?resize=700%2C400&ssl=1 2x"},"classes":[]},{"id":13967,"url":"https:\/\/www.grieta.org.mx\/index.php\/2016\/06\/08\/siempre-vivos-anuncia-que-reinicia-busqueda-de-fosas-en-chilapa\/","url_meta":{"origin":12705,"position":2},"title":"Siempre Vivos anuncia reinicio de b\u00fasqueda de fosas en Chilapa","author":"grieta","date":"8 junio, 2016","format":false,"excerpt":"Bajo Palabra Alejandro Ortiz Integrantes del colectivo Siempre Vivos, de familiares de desaparecidos en Chilapa, anunciaron el reinicio de la b\u00fasqueda de fosas clandestinas, a partir del 23 de junio. La decisi\u00f3n fue tomada luego de reunirse a puerta cerrada con personal del Alto Comisionado de Derechos Humanos de la\u2026","rel":"","context":"En &quot;CINTILLO&quot;","block_context":{"text":"CINTILLO","link":"https:\/\/www.grieta.org.mx\/index.php\/category\/cintillo\/"},"img":{"alt_text":"","src":"https:\/\/i0.wp.com\/www.grieta.org.mx\/wp-content\/uploads\/2018\/03\/14524434_1106112876131411_958039263622046936_o.jpg?resize=350%2C200&ssl=1","width":350,"height":200,"srcset":"https:\/\/i0.wp.com\/www.grieta.org.mx\/wp-content\/uploads\/2018\/03\/14524434_1106112876131411_958039263622046936_o.jpg?resize=350%2C200&ssl=1 1x, https:\/\/i0.wp.com\/www.grieta.org.mx\/wp-content\/uploads\/2018\/03\/14524434_1106112876131411_958039263622046936_o.jpg?resize=525%2C300&ssl=1 1.5x, https:\/\/i0.wp.com\/www.grieta.org.mx\/wp-content\/uploads\/2018\/03\/14524434_1106112876131411_958039263622046936_o.jpg?resize=700%2C400&ssl=1 2x"},"classes":[]},{"id":12734,"url":"https:\/\/www.grieta.org.mx\/index.php\/2016\/05\/20\/colectivo-siempre-vivos-de-chilapa-extendera-busqueda-de-fosas-a-zitlala\/","url_meta":{"origin":12705,"position":3},"title":"Colectivo Siempre Vivos de Chilapa extender\u00e1 b\u00fasqueda de fosas","author":"grieta","date":"20 mayo, 2016","format":false,"excerpt":"El Faro Jonathan Cuevas\/API Chilpancingo. Familiares de personas desaparecidas en Chilapa, informaron que extender\u00e1n su b\u00fasqueda de fosas clandestinas a Zitlala, mientras que en su municipio continuar\u00e1n con la labor para tratar de encontrar ellos mismos a sus seres queridos, lo que no ha hecho el gobierno en muchos a\u00f1os.\u2026","rel":"","context":"En &quot;CINTILLO&quot;","block_context":{"text":"CINTILLO","link":"https:\/\/www.grieta.org.mx\/index.php\/category\/cintillo\/"},"img":{"alt_text":"","src":"https:\/\/i0.wp.com\/www.grieta.org.mx\/wp-content\/uploads\/2018\/03\/14524434_1106112876131411_958039263622046936_o.jpg?resize=350%2C200&ssl=1","width":350,"height":200,"srcset":"https:\/\/i0.wp.com\/www.grieta.org.mx\/wp-content\/uploads\/2018\/03\/14524434_1106112876131411_958039263622046936_o.jpg?resize=350%2C200&ssl=1 1x, https:\/\/i0.wp.com\/www.grieta.org.mx\/wp-content\/uploads\/2018\/03\/14524434_1106112876131411_958039263622046936_o.jpg?resize=525%2C300&ssl=1 1.5x, https:\/\/i0.wp.com\/www.grieta.org.mx\/wp-content\/uploads\/2018\/03\/14524434_1106112876131411_958039263622046936_o.jpg?resize=700%2C400&ssl=1 2x"},"classes":[]},{"id":12727,"url":"https:\/\/www.grieta.org.mx\/index.php\/2016\/05\/15\/chilapa-huele-a-miedo-y-corrupcion-los-otros-desaparecidos\/","url_meta":{"origin":12705,"position":4},"title":"Chilapa huele a miedo y corrupci\u00f3n, Los Otros Desaparecidos","author":"grieta","date":"15 mayo, 2016","format":false,"excerpt":"El Sur Luis Daniel Nava Chilapa. Se van del municipio los integrantes de Los Otros Desaparecidos de Iguala que en dos d\u00edas hallaron dos entierros clandestinos con cuatro cuerpos. \u201cVenimos a exhibir la falta de voluntad del gobierno y su mal trabajo\u201d, se\u00f1ala Mario Vergara Chilapa huele a miedo, a\u2026","rel":"","context":"En &quot;CINTILLO&quot;","block_context":{"text":"CINTILLO","link":"https:\/\/www.grieta.org.mx\/index.php\/category\/cintillo\/"},"img":{"alt_text":"","src":"https:\/\/i0.wp.com\/www.grieta.org.mx\/wp-content\/uploads\/2018\/03\/14524434_1106112876131411_958039263622046936_o.jpg?resize=350%2C200&ssl=1","width":350,"height":200,"srcset":"https:\/\/i0.wp.com\/www.grieta.org.mx\/wp-content\/uploads\/2018\/03\/14524434_1106112876131411_958039263622046936_o.jpg?resize=350%2C200&ssl=1 1x, https:\/\/i0.wp.com\/www.grieta.org.mx\/wp-content\/uploads\/2018\/03\/14524434_1106112876131411_958039263622046936_o.jpg?resize=525%2C300&ssl=1 1.5x, https:\/\/i0.wp.com\/www.grieta.org.mx\/wp-content\/uploads\/2018\/03\/14524434_1106112876131411_958039263622046936_o.jpg?resize=700%2C400&ssl=1 2x"},"classes":[]},{"id":12667,"url":"https:\/\/www.grieta.org.mx\/index.php\/2016\/05\/10\/alistan-la-busqueda-de-cien-desaparecidos-en-la-zona-rural-de-chilapa\/","url_meta":{"origin":12705,"position":5},"title":"Alistan la b\u00fasqueda de cien desaparecidos en la zona rural de Chilapa","author":"grieta","date":"10 mayo, 2016","format":false,"excerpt":"El Faro Redacci\u00f3n Con el respaldo de \u201cLos otros desaparecidos de Iguala\u201d, padres de los 43 y estudiantes de la Normal Rural de Ayotzinapa, el colectivo \u201cSiempre Vivos\u201d, que integran familiares de cien personas no localizadas en Chilapa, se alistan para realizar b\u00fasquedas ciudadanas en las comunidades en que podr\u00edan\u2026","rel":"","context":"En &quot;CINTILLO&quot;","block_context":{"text":"CINTILLO","link":"https:\/\/www.grieta.org.mx\/index.php\/category\/cintillo\/"},"img":{"alt_text":"","src":"https:\/\/i0.wp.com\/www.grieta.org.mx\/wp-content\/uploads\/2018\/03\/14524434_1106112876131411_958039263622046936_o.jpg?resize=350%2C200&ssl=1","width":350,"height":200,"srcset":"https:\/\/i0.wp.com\/www.grieta.org.mx\/wp-content\/uploads\/2018\/03\/14524434_1106112876131411_958039263622046936_o.jpg?resize=350%2C200&ssl=1 1x, https:\/\/i0.wp.com\/www.grieta.org.mx\/wp-content\/uploads\/2018\/03\/14524434_1106112876131411_958039263622046936_o.jpg?resize=525%2C300&ssl=1 1.5x, https:\/\/i0.wp.com\/www.grieta.org.mx\/wp-content\/uploads\/2018\/03\/14524434_1106112876131411_958039263622046936_o.jpg?resize=700%2C400&ssl=1 2x"},"classes":[]}],"_links":{"self":[{"href":"https:\/\/www.grieta.org.mx\/index.php\/wp-json\/wp\/v2\/posts\/12705","targetHints":{"allow":["GET"]}}],"collection":[{"href":"https:\/\/www.grieta.org.mx\/index.php\/wp-json\/wp\/v2\/posts"}],"about":[{"href":"https:\/\/www.grieta.org.mx\/index.php\/wp-json\/wp\/v2\/types\/post"}],"author":[{"embeddable":true,"href":"https:\/\/www.grieta.org.mx\/index.php\/wp-json\/wp\/v2\/users\/2"}],"replies":[{"embeddable":true,"href":"https:\/\/www.grieta.org.mx\/index.php\/wp-json\/wp\/v2\/comments?post=12705"}],"version-history":[{"count":1,"href":"https:\/\/www.grieta.org.mx\/index.php\/wp-json\/wp\/v2\/posts\/12705\/revisions"}],"predecessor-version":[{"id":12706,"href":"https:\/\/www.grieta.org.mx\/index.php\/wp-json\/wp\/v2\/posts\/12705\/revisions\/12706"}],"wp:featuredmedia":[{"embeddable":true,"href":"https:\/\/www.grieta.org.mx\/index.php\/wp-json\/wp\/v2\/media\/21928"}],"wp:attachment":[{"href":"https:\/\/www.grieta.org.mx\/index.php\/wp-json\/wp\/v2\/media?parent=12705"}],"wp:term":[{"taxonomy":"category","embeddable":true,"href":"https:\/\/www.grieta.org.mx\/index.php\/wp-json\/wp\/v2\/categories?post=12705"},{"taxonomy":"post_tag","embeddable":true,"href":"https:\/\/www.grieta.org.mx\/index.php\/wp-json\/wp\/v2\/tags?post=12705"}],"curies":[{"name":"wp","href":"https:\/\/api.w.org\/{rel}","templated":true}]}}