{"id":12691,"date":"2016-05-11T08:08:10","date_gmt":"2016-05-11T08:08:10","guid":{"rendered":"http:\/\/www.grieta.org.mx\/?p=12691"},"modified":"2016-05-20T08:19:33","modified_gmt":"2016-05-20T08:19:33","slug":"familiares-de-victimas-alistan-busqueda-de-desaparecidos-de-chilapa-y-zitlala","status":"publish","type":"post","link":"https:\/\/www.grieta.org.mx\/index.php\/2016\/05\/11\/familiares-de-victimas-alistan-busqueda-de-desaparecidos-de-chilapa-y-zitlala\/","title":{"rendered":"Familiares de v\u00edctimas alistan b\u00fasqueda de desaparecidos de Chilapa y Zitlala"},"content":{"rendered":"<p><img loading=\"lazy\" decoding=\"async\" data-attachment-id=\"12692\" data-permalink=\"https:\/\/www.grieta.org.mx\/index.php\/2016\/05\/11\/familiares-de-victimas-alistan-busqueda-de-desaparecidos-de-chilapa-y-zitlala\/siemprevivos\/\" data-orig-file=\"https:\/\/www.grieta.org.mx\/wp-content\/uploads\/2016\/05\/siemprevivos.jpg\" data-orig-size=\"702,468\" data-comments-opened=\"0\" data-image-meta=\"{&quot;aperture&quot;:&quot;0&quot;,&quot;credit&quot;:&quot;&quot;,&quot;camera&quot;:&quot;&quot;,&quot;caption&quot;:&quot;&quot;,&quot;created_timestamp&quot;:&quot;0&quot;,&quot;copyright&quot;:&quot;&quot;,&quot;focal_length&quot;:&quot;0&quot;,&quot;iso&quot;:&quot;0&quot;,&quot;shutter_speed&quot;:&quot;0&quot;,&quot;title&quot;:&quot;&quot;,&quot;orientation&quot;:&quot;0&quot;}\" data-image-title=\"siemprevivos\" data-image-description=\"\" data-image-caption=\"\" data-medium-file=\"https:\/\/www.grieta.org.mx\/wp-content\/uploads\/2016\/05\/siemprevivos-300x200.jpg\" data-large-file=\"https:\/\/www.grieta.org.mx\/wp-content\/uploads\/2016\/05\/siemprevivos.jpg\" class=\"wp-image-12692 alignleft\" src=\"http:\/\/www.grieta.org.mx\/wp-content\/uploads\/2016\/05\/siemprevivos.jpg\" alt=\"siemprevivos\" width=\"634\" height=\"423\" srcset=\"https:\/\/www.grieta.org.mx\/wp-content\/uploads\/2016\/05\/siemprevivos.jpg 702w, https:\/\/www.grieta.org.mx\/wp-content\/uploads\/2016\/05\/siemprevivos-300x200.jpg 300w\" sizes=\"auto, (max-width: 634px) 100vw, 634px\" \/><\/p>\n<p>&nbsp;<\/p>\n<p>&nbsp;<\/p>\n<p>&nbsp;<\/p>\n<p>&nbsp;<\/p>\n<p>&nbsp;<\/p>\n<p>&nbsp;<\/p>\n<p>&nbsp;<\/p>\n<p>&nbsp;<\/p>\n<p>&nbsp;<\/p>\n<p>&nbsp;<\/p>\n<p><em>Funcionarios de la CNDH imparten taller a familiares de desaparecidos. Foto: Germ\u00e1n Canseco<\/em><\/p>\n<p>Proceso<\/p>\n<p>Ezequiel Flores Contreras<\/p>\n<p>Chilapa (apro). Funcionarios de la Comisi\u00f3n Nacional de Derechos Humanos (CNDH) imparten un taller a familiares de desaparecidos, previo a una b\u00fasqueda ciudadana de v\u00edctimas ante la ausencia de justicia a un a\u00f1o de que un grupo armado vinculado a la banda de Los Ardillos irrumpi\u00f3 en este lugar y se llev\u00f3 por la fuerza a 16 j\u00f3venes.<\/p>\n<p>La capacitaci\u00f3n se realiza en un sal\u00f3n ubicado en el centro de la ciudad, donde los representantes de la CNDH se\u00f1alaron que a pesar de que la historia de Guerrero est\u00e1 marcada por la tragedia, \u201clo que sucedi\u00f3 en Chilapa hace un a\u00f1o nunca se hab\u00eda visto\u201d.<\/p>\n<p>Ello debido a que el Ej\u00e9rcito y las polic\u00edas Federal y estatal asumieron una actitud pasiva frente al grupo armado que siti\u00f3 durante cinco d\u00edas este lugar y se llev\u00f3 por la fuerza a 16 j\u00f3venes que siguen desaparecidos, indicaron los funcionarios de la CNDH.<\/p>\n<p>Al respecto, reprocharon la actitud asumida por el exgobernador interino Rogelio Ortega Mart\u00ednez, quien negoci\u00f3 en ese entonces con el grupo armado la liberaci\u00f3n de la ciudad, pero no de las personas retenidas y hasta el momento el gobierno federal no ha cumplido su promesa de restablecer el orden en Chilapa y sus alrededores.<\/p>\n<p>Por su parte, los representantes de los desaparecidos de Chilapa y Zitlala advirtieron que ma\u00f1ana van a emprender una b\u00fasqueda ciudadana de v\u00edctimas en zonas donde tienen indicios de que sus familiares est\u00e1n \u201cvivos o muertos\u201d.<\/p>\n<p>\u201cEl gobierno y las autoridades nunca van a buscar a nuestros familiares como lo vamos a hacer nosotros\u201d, expres\u00f3 un joven.<\/p>\n<p>En el encuentro, adem\u00e1s de funcionarios de la CNDH, participan familiares de desaparecidos de Iguala que compartieron sus experiencias con las v\u00edctimas de Chilapa y Zitlala.<\/p>\n<p>Apenas este lunes 9 familiares de personas desaparecidas y padres de los 43 normalistas de Ayotzinapa marcharon juntos en este lugar para exigir justicia y castigo para los responsables de la barbarie que se vive en esta zona de la Monta\u00f1a baja y el resto de la entidad.<\/p>\n<p>Lo anterior a un a\u00f1o de la irrupci\u00f3n violenta de un grupo armado vinculado a la banda criminal de Los Ardillos que lidera la familia del dirigente perredista Bernardo Ortega Jim\u00e9nez, acusados de privar de la libertad a 16 j\u00f3venes, quienes hasta el momento est\u00e1n en calidad de desaparecidos, aunque algunos de ellos han sido vistos trabajando en campos de amapola resguardados por hombres armados.<\/p>\n<p>Los manifestantes denunciaron que despu\u00e9s de que el brazo armado de Los Ardillos siti\u00f3 durante cinco d\u00edas la cabecera municipal y se llevaron por la fuerza a los j\u00f3venes frente a la mirada complaciente de soldados y polic\u00edas federales y estatales, el gobierno en sus tres niveles no ha hecho nada para buscar a los desaparecidos y restablecer el orden en esta franja disputada por grupos criminales.<\/p>\n<p>\u201cA un a\u00f1o de la tragedia, andamos como limosneros tras la justicia sin tener respuesta alguna\u201d, expres\u00f3 el profesor Jos\u00e9 D\u00edaz Navarro, integrante de la asociaci\u00f3n Siempre Vivos que, en un a\u00f1o, document\u00f3 al menos 61 casos de desaparici\u00f3n de personas en Chilapa.<\/p>\n<p>Los familiares de desaparecidos de Chilapa y padres de los 43 normalistas de Ayotzinapa participaron en el tradicional festejo que se realiza desde hace 89 a\u00f1os en este lugar en la v\u00edspera del D\u00eda de la Madres, donde alumnos de planteles escolares portaron farolas elaboradas artesanalmente.<\/p>\n<p>El a\u00f1o pasado esta celebraci\u00f3n fue suspendida ante la irrupci\u00f3n del grupo armado encabezado por el comisario del poblado de Xiloxuchic\u00e1n, Jos\u00e9 Apolonio Villanueva Jim\u00e9nez, quienes desarmaron a polic\u00edas municipales y sitiaron el poblado durante una semana, periodo en que catearon domicilios y se llevaron por la fuerza a m\u00e1s de una decena de j\u00f3venes a pesar de la presencia del Ej\u00e9rcito y polic\u00edas federales.<\/p>\n<p>Al respecto, D\u00edaz Navarro se\u00f1al\u00f3 que las madres y familiares de los desaparecidos, que suman m\u00e1s de 60 en un a\u00f1o, no tienen nada que celebrar en esta fecha, y exigi\u00f3 que el exgobernador interino Rogelio Ortega Mart\u00ednez sea castigado, al argumentar que durante su administraci\u00f3n firm\u00f3 un pacto de impunidad con los l\u00edderes del brazo armado de Los Ardillos.<\/p>\n<p>Tambi\u00e9n reproch\u00f3 la indolencia del gobierno federal porque no han hecho nada a pesar de las denuncias que los familiares de las v\u00edctimas han realizado en contra del dirigente perredista y expresidente del Congreso local, Bernardo Ortega Jim\u00e9nez, por sus presuntos nexos con el narco.<\/p>\n<p>Bernardo Ortega es hermano de Celso\u00a0<em>La Vela<\/em>\u00a0y Antonio Ortega Jim\u00e9nez, l\u00edderes del grupo delictivo afincado en el poblado de Tlanicuilulco, del municipio de Quechultenango, quienes mantienen no s\u00f3lo el control delincuencial en varios municipios de la regi\u00f3n Centro, sino tambi\u00e9n pol\u00edtico como en Tixtla, Mochitl\u00e1n y el Congreso local a trav\u00e9s de la coordinadora de la fracci\u00f3n perredista, la diputada local Erika Alcaraz, indican reportes oficiales.<\/p>\n<p>Tras la desaparici\u00f3n de los 16 j\u00f3venes durante el sitio que mantuvo el grupo armado en Chilapa del 9 al 14 de mayo de 2015, y ante la presi\u00f3n ejercida por los familiares que denunciaron p\u00fablicamente los nexos de pol\u00edticos y autoridades civiles y militares con la delincuencia, se implement\u00f3 un operativo policiaco militar donde participan las mismas instituciones y corporaciones cuestionadas que simplemente no han logrado revertir los efectos de la narcoviolencia.<\/p>\n<p>Incluso, el secretario de Gobernaci\u00f3n, Miguel \u00c1ngel Osorio Chong, encabez\u00f3 una sesi\u00f3n del gabinete de Seguridad Nacional en Chilapa a finales de enero donde, no dijo nada sobre la confrontaci\u00f3n que mantienen las bandas de Los Rojos, que encabeza un delincuente identificado como Zen\u00e9n Nava S\u00e1nchez,\u00a0<em>El Chaparro<\/em>, con la gavilla de Los Ardillos.<\/p>\n<p>Osorio se limit\u00f3 decir que van a construir un cuartel militar en esta franja de la entidad donde el Ej\u00e9rcito ha sido acusado de proteger a la banda de Los Ardillos.<\/p>\n<p>Despu\u00e9s se reuni\u00f3 en privado con familiares de los desaparecidos en Chilapa, a quienes les prometi\u00f3 seguir trabajando para determinar las causas de la irrupci\u00f3n del brazo armado de Los Ardillos y esclarecer el caso de los j\u00f3venes que fueron privados de su libertad.<\/p>\n<p>A la fecha, la situaci\u00f3n de tensi\u00f3n y violencia prevalece en la zona y apenas la semana pasada el grupo armado ligado a Los Ardillos irrumpi\u00f3 en Zitlala, otro municipio cercano a Chilapa, donde permanecieron un d\u00eda y denunciaron que se llevaron al menos a dos personas nuevamente frente a la mirada de soldados y polic\u00edas federales.<\/p>\n<p>La organizaci\u00f3n Siempre Vivos dio a conocer que hasta la fecha tienen un registro de 61 casos de desaparici\u00f3n en Chilapa durante un a\u00f1o, y 40 casos m\u00e1s sin denuncia formal.<\/p>\n<p>Durante esa semana, familiares de desaparecidos anunciaron una serie de actividades enfocadas en la b\u00fasqueda de v\u00edctimas en zonas espec\u00edficas de esta zona, donde tienen indicios de cementerios clandestinos utilizados por la delincuencia.<\/p>\n<p>Al respecto, el vocero de los padres de los 43 normalistas de Ayotzinapa desaparecidos en Iguala en septiembre de 2014, Felipe de la Cruz, dijo que decidieron sumarse al movimiento para unificar la lucha por la presentaci\u00f3n de las v\u00edctimas y exigir justicia para evitar que esta situaci\u00f3n siga ocurriendo.<\/p>\n<p><a href=\"http:\/\/www.proceso.com.mx\/440325\/familiares-victimas-alistan-busqueda-desaparecidos-chilapa-zitlala\">http:\/\/www.proceso.com.mx\/440325\/familiares-victimas-alistan-busqueda-desaparecidos-chilapa-zitlala<\/a><\/p>\n","protected":false},"excerpt":{"rendered":"<p>&nbsp; &nbsp; &nbsp; &nbsp; &nbsp; &nbsp; &nbsp; &nbsp; &nbsp; &nbsp; Funcionarios de la CNDH imparten taller a familiares de desaparecidos. Foto: Germ\u00e1n Canseco Proceso Ezequiel Flores Contreras Chilapa (apro). Funcionarios &hellip; <a href=\"https:\/\/www.grieta.org.mx\/index.php\/2016\/05\/11\/familiares-de-victimas-alistan-busqueda-de-desaparecidos-de-chilapa-y-zitlala\/\" class=\"more-link\">Leer m\u00e1s<\/a><\/p>\n","protected":false},"author":2,"featured_media":21928,"comment_status":"closed","ping_status":"closed","sticky":false,"template":"","format":"standard","meta":{"ngg_post_thumbnail":0,"_jetpack_newsletter_access":"","_jetpack_dont_email_post_to_subs":false,"_jetpack_newsletter_tier_id":0,"_jetpack_memberships_contains_paywalled_content":false,"_jetpack_memberships_contains_paid_content":false,"footnotes":""},"categories":[80],"tags":[568,121,669],"class_list":["post-12691","post","type-post","status-publish","format-standard","has-post-thumbnail","hentry","category-cintillo","tag-chilapa","tag-desaparecidos","tag-grupos-armados","entry"],"jetpack_featured_media_url":"https:\/\/www.grieta.org.mx\/wp-content\/uploads\/2018\/03\/14524434_1106112876131411_958039263622046936_o.jpg","jetpack_sharing_enabled":true,"jetpack_shortlink":"https:\/\/wp.me\/p7ZJR4-3iH","jetpack_likes_enabled":false,"jetpack-related-posts":[{"id":12564,"url":"https:\/\/www.grieta.org.mx\/index.php\/2016\/06\/08\/los-desaparecidos-de-chilapa\/","url_meta":{"origin":12691,"position":0},"title":"Desaparecidos Guerrero","author":"grieta","date":"8 junio, 2016","format":false,"excerpt":"Desaparecidos de Chilapa 08\/06\/16. Siempre Vivos anuncia reinicio de b\u00fasqueda de fosas en Chilapa Bajo Palabra 26\/05\/16. Nadie detiene a Ardillos y Rojos, que tienen postrada Chilapa Proceso 20\/05\/16. Colectivo Siempre Vivos de Chilapa extender\u00e1 b\u00fasqueda de fosas El Faro 15\/05\/16. Chilapa huele a miedo y corrupci\u00f3n, Los Otros Desaparecidos\u2026","rel":"","context":"En &quot;Desaparecidos&quot;","block_context":{"text":"Desaparecidos","link":"https:\/\/www.grieta.org.mx\/index.php\/category\/temas-nacionales\/desaparecidos\/"},"img":{"alt_text":"","src":"https:\/\/i0.wp.com\/www.grieta.org.mx\/wp-content\/uploads\/2018\/03\/14524434_1106112876131411_958039263622046936_o.jpg?resize=350%2C200&ssl=1","width":350,"height":200,"srcset":"https:\/\/i0.wp.com\/www.grieta.org.mx\/wp-content\/uploads\/2018\/03\/14524434_1106112876131411_958039263622046936_o.jpg?resize=350%2C200&ssl=1 1x, https:\/\/i0.wp.com\/www.grieta.org.mx\/wp-content\/uploads\/2018\/03\/14524434_1106112876131411_958039263622046936_o.jpg?resize=525%2C300&ssl=1 1.5x, https:\/\/i0.wp.com\/www.grieta.org.mx\/wp-content\/uploads\/2018\/03\/14524434_1106112876131411_958039263622046936_o.jpg?resize=700%2C400&ssl=1 2x"},"classes":[]},{"id":12695,"url":"https:\/\/www.grieta.org.mx\/index.php\/2016\/05\/11\/familiares-de-desaparecidos-comienzan-recorridos-en-chilapa\/","url_meta":{"origin":12691,"position":1},"title":"Familiares de desaparecidos comienzan recorridos en Chilapa","author":"grieta","date":"11 mayo, 2016","format":false,"excerpt":"Proceso Ezequiel Flores Contreras Chilapa (apro). La primera actividad del grupo de familiares de desaparecidos de esta franja de la entidad fue acudir al poblado de Ahuihuiyuco, donde se enacuentran las casas deshabitadas de una familia marcada por la tragedia, los Carreto Gonz\u00e1lez. Ello despu\u00e9s de un taller impartido por\u2026","rel":"","context":"En &quot;CINTILLO&quot;","block_context":{"text":"CINTILLO","link":"https:\/\/www.grieta.org.mx\/index.php\/category\/cintillo\/"},"img":{"alt_text":"","src":"https:\/\/i0.wp.com\/www.grieta.org.mx\/wp-content\/uploads\/2018\/03\/14524434_1106112876131411_958039263622046936_o.jpg?resize=350%2C200&ssl=1","width":350,"height":200,"srcset":"https:\/\/i0.wp.com\/www.grieta.org.mx\/wp-content\/uploads\/2018\/03\/14524434_1106112876131411_958039263622046936_o.jpg?resize=350%2C200&ssl=1 1x, https:\/\/i0.wp.com\/www.grieta.org.mx\/wp-content\/uploads\/2018\/03\/14524434_1106112876131411_958039263622046936_o.jpg?resize=525%2C300&ssl=1 1.5x, https:\/\/i0.wp.com\/www.grieta.org.mx\/wp-content\/uploads\/2018\/03\/14524434_1106112876131411_958039263622046936_o.jpg?resize=700%2C400&ssl=1 2x"},"classes":[]},{"id":13967,"url":"https:\/\/www.grieta.org.mx\/index.php\/2016\/06\/08\/siempre-vivos-anuncia-que-reinicia-busqueda-de-fosas-en-chilapa\/","url_meta":{"origin":12691,"position":2},"title":"Siempre Vivos anuncia reinicio de b\u00fasqueda de fosas en Chilapa","author":"grieta","date":"8 junio, 2016","format":false,"excerpt":"Bajo Palabra Alejandro Ortiz Integrantes del colectivo Siempre Vivos, de familiares de desaparecidos en Chilapa, anunciaron el reinicio de la b\u00fasqueda de fosas clandestinas, a partir del 23 de junio. La decisi\u00f3n fue tomada luego de reunirse a puerta cerrada con personal del Alto Comisionado de Derechos Humanos de la\u2026","rel":"","context":"En &quot;CINTILLO&quot;","block_context":{"text":"CINTILLO","link":"https:\/\/www.grieta.org.mx\/index.php\/category\/cintillo\/"},"img":{"alt_text":"","src":"https:\/\/i0.wp.com\/www.grieta.org.mx\/wp-content\/uploads\/2018\/03\/14524434_1106112876131411_958039263622046936_o.jpg?resize=350%2C200&ssl=1","width":350,"height":200,"srcset":"https:\/\/i0.wp.com\/www.grieta.org.mx\/wp-content\/uploads\/2018\/03\/14524434_1106112876131411_958039263622046936_o.jpg?resize=350%2C200&ssl=1 1x, https:\/\/i0.wp.com\/www.grieta.org.mx\/wp-content\/uploads\/2018\/03\/14524434_1106112876131411_958039263622046936_o.jpg?resize=525%2C300&ssl=1 1.5x, https:\/\/i0.wp.com\/www.grieta.org.mx\/wp-content\/uploads\/2018\/03\/14524434_1106112876131411_958039263622046936_o.jpg?resize=700%2C400&ssl=1 2x"},"classes":[]},{"id":12570,"url":"https:\/\/www.grieta.org.mx\/index.php\/2016\/04\/01\/liga-astudillo-a-desaparecidos-en-chilapa-con-grupos-del-crimen-en-guerrero\/","url_meta":{"origin":12691,"position":3},"title":"Liga Astudillo a desaparecidos en Chilapa con grupos del crimen","author":"grieta","date":"1 abril, 2016","format":false,"excerpt":"Proceso Redacci\u00f3n Ciudad de M\u00e9xico (apro). El gobernador priista H\u00e9ctor Astudillo asegur\u00f3 a familiares de desaparecidos del 9 al 14 de mayo pasados en Chilapa, Guerrero, que al menos seis de los 16 reportados como desaparecidos est\u00e1n operando con grupos del crimen en la zona. Este d\u00eda se reunieron a\u2026","rel":"","context":"En &quot;CINTILLO&quot;","block_context":{"text":"CINTILLO","link":"https:\/\/www.grieta.org.mx\/index.php\/category\/cintillo\/"},"img":{"alt_text":"","src":"https:\/\/i0.wp.com\/www.grieta.org.mx\/wp-content\/uploads\/2018\/03\/14524434_1106112876131411_958039263622046936_o.jpg?resize=350%2C200&ssl=1","width":350,"height":200,"srcset":"https:\/\/i0.wp.com\/www.grieta.org.mx\/wp-content\/uploads\/2018\/03\/14524434_1106112876131411_958039263622046936_o.jpg?resize=350%2C200&ssl=1 1x, https:\/\/i0.wp.com\/www.grieta.org.mx\/wp-content\/uploads\/2018\/03\/14524434_1106112876131411_958039263622046936_o.jpg?resize=525%2C300&ssl=1 1.5x, https:\/\/i0.wp.com\/www.grieta.org.mx\/wp-content\/uploads\/2018\/03\/14524434_1106112876131411_958039263622046936_o.jpg?resize=700%2C400&ssl=1 2x"},"classes":[]},{"id":12722,"url":"https:\/\/www.grieta.org.mx\/index.php\/2016\/05\/14\/autoridades-exhuman-cuerpos-de-fosas-clandestinas-de-chilapa\/","url_meta":{"origin":12691,"position":4},"title":"Autoridades exhuman cuerpos de fosas clandestinas de Chilapa","author":"grieta","date":"14 mayo, 2016","format":false,"excerpt":"Proceso Ezequiel Flores Contreras Tepehuixco, Chilapa (apro). Autoridades ministeriales exhumaron cuatro cuerpos de las fosas localizadas ayer por integrantes del Comit\u00e9 Siempre Vivos que buscan a familiares desaparecidos en Chilapa. Posterior a las diligencias realizadas por las autoridades, los exploradores civiles volvieron a recorrer la zona y encontraron fragmentos \u00f3seos,\u2026","rel":"","context":"En &quot;CINTILLO&quot;","block_context":{"text":"CINTILLO","link":"https:\/\/www.grieta.org.mx\/index.php\/category\/cintillo\/"},"img":{"alt_text":"","src":"https:\/\/i0.wp.com\/www.grieta.org.mx\/wp-content\/uploads\/2018\/03\/14524434_1106112876131411_958039263622046936_o.jpg?resize=350%2C200&ssl=1","width":350,"height":200,"srcset":"https:\/\/i0.wp.com\/www.grieta.org.mx\/wp-content\/uploads\/2018\/03\/14524434_1106112876131411_958039263622046936_o.jpg?resize=350%2C200&ssl=1 1x, https:\/\/i0.wp.com\/www.grieta.org.mx\/wp-content\/uploads\/2018\/03\/14524434_1106112876131411_958039263622046936_o.jpg?resize=525%2C300&ssl=1 1.5x, https:\/\/i0.wp.com\/www.grieta.org.mx\/wp-content\/uploads\/2018\/03\/14524434_1106112876131411_958039263622046936_o.jpg?resize=700%2C400&ssl=1 2x"},"classes":[]},{"id":12705,"url":"https:\/\/www.grieta.org.mx\/index.php\/2016\/05\/12\/comite-siempre-vivos-halla-dos-fosas-con-restos-humanos-en-chilapa\/","url_meta":{"origin":12691,"position":5},"title":"Comit\u00e9 \u201cSiempre vivos\u201d halla dos fosas con restos humanos en Chilapa","author":"grieta","date":"12 mayo, 2016","format":false,"excerpt":"Proceso Ezequiel Flores Contreras Ciudad de M\u00e9xico (Apro). Organizaci\u00f3n Siempre vivos descubrieron dos fosas clandestinas con restos humanos en el predio denominado Loma Larga, ubicado en el camino que conduce al poblado de Tepehuixco, municipio de Chilapa. El hecho ocurri\u00f3 este mediod\u00eda durante las brigadas ciudadanas de b\u00fasqueda de desaparecidos,\u2026","rel":"","context":"En &quot;CINTILLO&quot;","block_context":{"text":"CINTILLO","link":"https:\/\/www.grieta.org.mx\/index.php\/category\/cintillo\/"},"img":{"alt_text":"","src":"https:\/\/i0.wp.com\/www.grieta.org.mx\/wp-content\/uploads\/2018\/03\/14524434_1106112876131411_958039263622046936_o.jpg?resize=350%2C200&ssl=1","width":350,"height":200,"srcset":"https:\/\/i0.wp.com\/www.grieta.org.mx\/wp-content\/uploads\/2018\/03\/14524434_1106112876131411_958039263622046936_o.jpg?resize=350%2C200&ssl=1 1x, https:\/\/i0.wp.com\/www.grieta.org.mx\/wp-content\/uploads\/2018\/03\/14524434_1106112876131411_958039263622046936_o.jpg?resize=525%2C300&ssl=1 1.5x, https:\/\/i0.wp.com\/www.grieta.org.mx\/wp-content\/uploads\/2018\/03\/14524434_1106112876131411_958039263622046936_o.jpg?resize=700%2C400&ssl=1 2x"},"classes":[]}],"_links":{"self":[{"href":"https:\/\/www.grieta.org.mx\/index.php\/wp-json\/wp\/v2\/posts\/12691","targetHints":{"allow":["GET"]}}],"collection":[{"href":"https:\/\/www.grieta.org.mx\/index.php\/wp-json\/wp\/v2\/posts"}],"about":[{"href":"https:\/\/www.grieta.org.mx\/index.php\/wp-json\/wp\/v2\/types\/post"}],"author":[{"embeddable":true,"href":"https:\/\/www.grieta.org.mx\/index.php\/wp-json\/wp\/v2\/users\/2"}],"replies":[{"embeddable":true,"href":"https:\/\/www.grieta.org.mx\/index.php\/wp-json\/wp\/v2\/comments?post=12691"}],"version-history":[{"count":1,"href":"https:\/\/www.grieta.org.mx\/index.php\/wp-json\/wp\/v2\/posts\/12691\/revisions"}],"predecessor-version":[{"id":12693,"href":"https:\/\/www.grieta.org.mx\/index.php\/wp-json\/wp\/v2\/posts\/12691\/revisions\/12693"}],"wp:featuredmedia":[{"embeddable":true,"href":"https:\/\/www.grieta.org.mx\/index.php\/wp-json\/wp\/v2\/media\/21928"}],"wp:attachment":[{"href":"https:\/\/www.grieta.org.mx\/index.php\/wp-json\/wp\/v2\/media?parent=12691"}],"wp:term":[{"taxonomy":"category","embeddable":true,"href":"https:\/\/www.grieta.org.mx\/index.php\/wp-json\/wp\/v2\/categories?post=12691"},{"taxonomy":"post_tag","embeddable":true,"href":"https:\/\/www.grieta.org.mx\/index.php\/wp-json\/wp\/v2\/tags?post=12691"}],"curies":[{"name":"wp","href":"https:\/\/api.w.org\/{rel}","templated":true}]}}