{"id":12677,"date":"2016-05-10T06:21:20","date_gmt":"2016-05-10T06:21:20","guid":{"rendered":"http:\/\/www.grieta.org.mx\/?p=12677"},"modified":"2016-05-20T06:32:39","modified_gmt":"2016-05-20T06:32:39","slug":"12677","status":"publish","type":"post","link":"https:\/\/www.grieta.org.mx\/index.php\/2016\/05\/10\/12677\/","title":{"rendered":"Marchan juntos Siempre Vivos y representantes de padres de 43 de Ayotzinapa"},"content":{"rendered":"<p>El Sur<\/p>\n<p>Luis Daniel Nava<\/p>\n<p>Chilapa. Familiares de desaparecidos de Chilapa y padres de los 43 normalistas de Ayotzinapa marcharon en esta ciudad para exigir a las autoridades justicia y la presentaci\u00f3n con vida de sus parientes que fueron llevados hace un a\u00f1o durante la irrupci\u00f3n de civiles armados.<\/p>\n<p>La tarde de ayer, familiares aglutinadas en la organizaci\u00f3n civil Siempre Vivos y una representaci\u00f3n de 35 familiares de los normalistas de Ayotzinapa desaparecidos, salieron a las calles a un a\u00f1o de la desaparici\u00f3n de al menos 16 civiles.<\/p>\n<p>Los familiares de las v\u00edctimas se metieron en la tradicional verbena por las principales calles de la ciudad, que organizan escuelas y empleados del Ayuntamiento.<\/p>\n<p>Los manifestantes montaron un carro aleg\u00f3rico a la irrupci\u00f3n armada de pobladores y autoridades de comunidades del sur del municipio aglutinados en la organizaci\u00f3n Pueblos Unidos por la Paz y la Justicia, tambi\u00e9n autodenominada Comunitarios por la Paz y la Justicia, que es la misma que el obispo de la Diocesis Chilpancingo-Chilapa, Salvador Rangel Mendoza se\u00f1al\u00f3 como parte del grupo criminal Los Ardillos.<\/p>\n<p>Durante el recorrido la multitud de familias que salieron por el principal circuito de la ciudad permanecieron callados, excepto en el centro de la ciudad donde una se\u00f1ora lanz\u00f3 un solitario y fuerte aplauso de admiraci\u00f3n y solidaridad hacia las familias de las v\u00edctimas.<\/p>\n<p>En la representaci\u00f3n iban dos hombres y una mujer armados con escopetas, abajo los familiares portaban fotograf\u00edas de las v\u00edctimas y pancartas con diversas consignas y leyendas como, \u201ces imposible estar triste, su ausencia duele pero su recuerdo nos sigue haciendo luchar\u201d.<\/p>\n<p>Responsabilizaron al l\u00edder de la organizaci\u00f3n Pueblos Unidos por la Paz y la Justicia, Jos\u00e9 Apolonio Villanueva de la desaparici\u00f3n de sus parientes.<\/p>\n<p>Portaron playeras que dec\u00edan \u201cNo buscarte ser\u00e1 el principio del olvido\u201d.<\/p>\n<p>El vocero de los padres de los 43 normalistas de Ayotzinapa desaparecidos en Iguala en septiembre de 2014, Felipe de la Cruz dijo que acudieron a Chilapa para unificar la lucha por la presentaci\u00f3n y justicia para las v\u00edctimas de este municipio, y que la misma situaci\u00f3n que padecen los familiares es la que los padres de los normalistas sufren.<\/p>\n<p>El coordinador de la organizaci\u00f3n Siempre Vivos, Jos\u00e9 D\u00edaz Navarro expres\u00f3 durante la protesta que est\u00e1n a un a\u00f1o de la tragedia y a un a\u00f1o de estar detr\u00e1s de la justicia ante la Procuradur\u00eda General de la Rep\u00fablica (PGR) y la Fiscal\u00eda General del Estado (FGE).<\/p>\n<p>Ante la falta de resultados de las autoridades, acudir ante organismos internacionales como la Comisi\u00f3n Interamericana de Derechos Humanos (CIDH) y la Organizaci\u00f3n de las Naciones Unidas (ONU) a pedir justicia.<\/p>\n<p>Insisti\u00f3 en que las 16 v\u00edctimas de desaparici\u00f3n fueron capturadas por el grupo de pobladores armados y de comisarios que irrumpieron en la ciudad el a\u00f1o pasado y se mantuvieron en la ciudad del 9 al 14 de mayo.<\/p>\n<p>Tambi\u00e9n pidi\u00f3 llevar ante las instancias encargadas de impartir justicia al ex gobernador Rogelio Ortega Mart\u00ednez, al ex fiscal general Miguel \u00c1ngel God\u00ednez y al ex l\u00edder del Congreso local Bernardo Ortega por su presunta omisi\u00f3n y colusi\u00f3n con los hombres armados.<\/p>\n<p>La organizaci\u00f3n Siempre Vivos inform\u00f3 adem\u00e1s que tiene registrados 61 casos de desaparici\u00f3n en el municipio, m\u00e1s otros 40 casos sin denuncia formal.<\/p>\n<p>Hay trabajadores y estudiantes de Chilapa entre los 16 desaparecidos por el grupo Paz y Justicia<\/p>\n<p>Zacar\u00edas Cervantes<\/p>\n<p>El joven Alexandro Nava Reyes sali\u00f3 de su casa ubicada cerca del kil\u00f3metro 52 de la carretera Chilapa-Tlapa, aproximadamente a las 8 de la noche del 9 de mayo del 2015. Iba a bordo de una motocicleta a encontrarse con su novia.<\/p>\n<p>Media hora despu\u00e9s la novia de Alexandro llam\u00f3 a sus padres. Les dijo que estaba preocupada porque el muchacho no le contestaba su celular y no lleg\u00f3 a verla como hab\u00edan quedado esa tarde.<br \/>\nEsa noche una ni\u00f1a de 7 a\u00f1os fue testiga de que \u201cpolic\u00edas comunitarios\u201d detuvieron a Alexandro frente a la tienda departamental  Aurrer\u00e1, pero al d\u00eda siguiente cuando sus padres fueron a hablar con el jefe de los civiles armados, Constantino Chino Garc\u00eda, -un ex polic\u00eda municipal de Chilapa- les contest\u00f3 que no lo ten\u00edan y que fueran a preguntarle a El Chaparro  (l\u00edder de la organizaci\u00f3n criminal Los Rojos, Zen\u00e9n Nava), porque ellos estaban entregando a la Gendarmer\u00eda a todas las personas detenidas. Alexandro cumpl\u00eda entonces 22 a\u00f1os y este 9 de mayo, un a\u00f1o despu\u00e9s, de \u00e9l nada se sabe todav\u00eda.<\/p>\n<p>Ayer se cumpli\u00f3 un a\u00f1o de la irrupci\u00f3n armada de pobladores y autoridades de comunidades del sur del municipio aglutinados en la organizaci\u00f3n Pueblos Unidos por la Paz y la Justicia, tambi\u00e9n autodenominada Comunitarios por la Paz y la Justicia, que es la misma que el obispo de la Di\u00f3cesis Chilpancingo-Chilapa, Salvador Rangel Mendoza se\u00f1al\u00f3 como parte del grupo criminal Los Ardillos.<\/p>\n<p>El de Alexandro es uno de los 16 casos de personas desaparecidas que document\u00f3 el Centro de Derechos Humanos Jos\u00e9 Mar\u00eda Morelos y Pav\u00f3n (Centro Morelos), a partir de mayo del a\u00f1o pasado tras la irrupci\u00f3n de civiles armados a la cabecera municipal de Chilapa, en donde permanecieron del 9 al 14 de mayo sin que alguna autoridad interviniera.<\/p>\n<p>Los familiares del desaparecido presentaron la denuncia el 10 de mayo del 2015 y qued\u00f3 integrada en la averiguaci\u00f3n previa ALV\/SC\/02\/0198\/2015, sin embargo no han tenido resultados de la investigaci\u00f3n, ni si quiera informes les han dado.<\/p>\n<p>Carlos Emmanuel Meza Nava hace un a\u00f1o ten\u00eda 21 a\u00f1os de edad, estudiaba la carrera de Tecnolog\u00edas de la Informaci\u00f3n en la Universidad Tecnol\u00f3gica de Chilapa.<\/p>\n<p>A las 7 de la noche del 9 de mayo sali\u00f3 de su casa con un amigo. Posteriormente su hermana recibi\u00f3 un mensaje que dec\u00eda que varias personas armadas que llegaron al municipio estaban deteniendo a ciudadanos, se dio cuenta de que Carlos Emanuel no se hab\u00eda llevado su celular y no pudieron llamarle. Junto con su madre lo estuvieron esperando toda la noche sin que apareciera.<\/p>\n<p>Al d\u00eda siguiente la madre contact\u00f3 al amigo de su hijo y \u00e9ste le inform\u00f3 que al llegar al centro de Chilapa se tomaron  una copa de mezcal y se despidieron. Los familiares del joven llamaron a varias de sus amistades y algunos informaron que lo vieron cerca del mercado.<\/p>\n<p>Varias personas les informaron tambi\u00e9n, que vieron que esa tarde fue detenido por los civiles armados en presencia de elementos de la Gendarmer\u00eda y de la Polic\u00eda Estatal, quienes permitieron que el grupo detuviera a varias personas, que incluso desarmaron a la Polic\u00eda Municipal y que en las patrullas que les quitaron se cometieron las detenciones.<\/p>\n<p>La familia de Carlos Emmanuel present\u00f3 una denuncia ante la Fiscal\u00eda del Estado, pero no han recibido ninguna informaci\u00f3n a un a\u00f1o de su desaparici\u00f3n.<\/p>\n<p>Aproximadamente a las 7 de la ma\u00f1ana del 10 de mayo Crispino Carreto Gonz\u00e1lez y su hijo de 15 a\u00f1os de edad Samuel Carreto Gonz\u00e1lez, salieron de su casa y un a\u00f1o despu\u00e9s todav\u00eda no regresan.Seg\u00fan testigos fueron detenidos por los hombres armados cerca del crucero denominado La Botella, por la entrada a la cabecera municipal.<\/p>\n<p>Los testigos informaron que los civiles armados se los llevaron con rumbo a Chilpancingo y que observaron cuando fueron obligados a bajar de su veh\u00edculo, golpeados y detenidos.<\/p>\n<p>La detenci\u00f3n ocurri\u00f3 aproximadamente a las 3:30 de la tarde, cuando al parecer ya regresaban a su casa de su trabajo.<\/p>\n<p>La esposa y madre de los desaparecidos se enter\u00f3 horas m\u00e1s tarde e intent\u00f3 contactar a su esposo v\u00eda celular, pero entraba la llamada sin que nadie respondiera.<\/p>\n<p>Ese d\u00eda un grupo de personas armadas apedrearon su casa y se robaron ropa del patio, y en d\u00edas posteriores otro grupo de personas irrumpi\u00f3 en su casa rob\u00e1ndose pertenencias y ganado bovino que ten\u00eda en su patio.<\/p>\n<p>Los vecinos confirmaron que fueron comisarios de varias comunidades de Chilapa los que detuvieron a Crispino Carreto Gonz\u00e1lez y a Samuel Carreto V\u00e1zquez, y que fueron los mismos comisarios los que regresaron a robar y causar da\u00f1os a su vivienda.<\/p>\n<p>Daniel Vel\u00e1zquez Romero ten\u00eda 23 a\u00f1os cuando el 14 de mayo de 2015 fue levantado aproximadamente a las 9 de la ma\u00f1ana.<\/p>\n<p>Estaba en una gasoliner\u00eda junto a su esposa abasteciendo su moto cuando fue rodeado por varios civiles armados y encapuchados y subido a la fuerza a una camioneta blanca.<br \/>\nCuentan los que vieron que iban dos Urvan y dos camionetas blancas en total, pero de ninguna vieron el n\u00famero de placas.<\/p>\n<p>La esposa de Daniel acudi\u00f3 de inmediato a denunciar los hechos ante la Polic\u00eda Estatal, y justo en ese momento pasaron las camionetas blancas de civiles armados frente a los elementos policiacos, pero a pesar de que les pidi\u00f3 que los detuvieran los polic\u00edas arrancaron en sus patrullas supuestamente para perseguirlos, pero no hicieron ning\u00fan intento por alcanzarlos, despu\u00e9s se estacionaron cerca del Z\u00f3calo.<\/p>\n<p>Al ver la actuaci\u00f3n de la Polic\u00eda Estatal, la esposa fue a informar lo sucedido a la Gendarmer\u00eda, que se encontraba cerca de la estatua a Eucaria Apreza, y le reprocharon que debiera haber ido con ellos y no con la Polic\u00eda Estatal.<\/p>\n<p>Ese mismo d\u00eda pusieron una denuncia ante el Ministerio P\u00fablico en Chilapa. All\u00ed les dijeron que les avisar\u00edan cuando tuvieran resultados de las investigaciones, pero a un a\u00f1o no han recibido ning\u00fan informe.<\/p>\n<p>Otro testimonio es el de los familiares de Gemino Neri Agust\u00edn, tambi\u00e9n desaparecido durante la irrupci\u00f3n.<\/p>\n<p>Relatan que el 9 de mayo sali\u00f3 en una camioneta Grand Cherokee Laredo, modelo 1993 roja, a las 4 de la ma\u00f1ana de la comunidad de Zilacayota municipio de Acatepec, en compa\u00f1\u00eda de su vecino Josefino Jes\u00fas Cruz. Su destino era la ciudad de Chilapa en donde dejar\u00edan la camioneta y de all\u00ed se trasladar\u00edan a Chilpancingo.<\/p>\n<p>Su intenci\u00f3n era tomar un autob\u00fas en Chilpancingo con rumbo a Petatl\u00e1n, en la Costa Grande, en donde cobrar\u00edan aproximadamente 10 mil pesos como pago de un trabajo.<\/p>\n<p>La persona que le pag\u00f3 el dinero le dijo despu\u00e9s a la esposa de Gemino que \u00e9ste sali\u00f3 a las 3 de la tarde de regreso para Chilapa, donde llegar\u00eda aproximadamente entre las 9 y 10 de la noche, all\u00ed recoger\u00eda la camioneta para regresar a su comunidad de Zilacayota, sin embargo despu\u00e9s de que lleg\u00f3 a Chilapa ya no supo nada de \u00e9l.<\/p>\n<p>Aunque posteriormente se enter\u00f3 de que en esa ciudad estaban instalados retenes \u201cde la polic\u00eda comunitaria\u201d que sitiaron Chilapa del 9 al 14 de mayo, por lo que ella deduce que fueron capturados por este grupo.<\/p>\n<p>Otros d\u00edas de la irrupci\u00f3n<\/p>\n<p>El 10 de mayo aproximadamente a la 1 y media de la tarde, un grupo de hombres armados y con el rostro cubierto que se trasladaban en una camioneta Pick Up y en una patrulla del Ayuntamiento de Chilapa detuvieron a Jaime Eduardo Villanueva Altamirano.<\/p>\n<p>\u00c9l se encontraba en la esquina de su casa en su moto. Los hombres armados lo subieron a la camioneta a punta de golpes y patadas, le dijeron que se calmara o le iba a ir mal, ya que Jaime luchaba por bajarse del veh\u00edculo.<\/p>\n<p>Los hombres le dijeron a su esposa que lo fuera a recoger a la comandancia de la Polic\u00eda Municipal, pero al llegar los familiares all\u00e1 les informaron que no lo ten\u00edan detenido.<\/p>\n<p>Tambi\u00e9n fueron a preguntar a la Polic\u00eda Federal (Gendarmer\u00eda) si estaba detenido, porque los civiles armados que se autodenominaban polic\u00eda comunitaria les dijeron que lo hab\u00edan entregado a la Gendarmer\u00eda pero la Polic\u00eda Federal neg\u00f3 esa informaci\u00f3n. Tambi\u00e9n preguntaron en el cuartel de la Polic\u00eda Estatal sin obtener ninguna informaci\u00f3n.<\/p>\n<p>Los familiares supieron despu\u00e9s que a Jaime lo ten\u00edan a los \u201ccomunitarios\u201d a quienes les suplicaron que les permitieran entregarle los medicamentos que por prescripci\u00f3n m\u00e9dica debe tomar, ya que padece de diabetes, pero no pudieron convencerlos.<\/p>\n<p>Jorge Abarca Jaimes desapareci\u00f3 el 12 de mayo a las 6 y media de la tarde, despu\u00e9s de que sali\u00f3 con su patr\u00f3n Alberto del negocio de tortillas Los tres Hermanos, ubicado frente al mercado nuevo.<br \/>\nSe dirig\u00edan a entregar un pedido de tortillas al pueblo de Zitlala cuando fueron detenidos frente al sal\u00f3n de fiestas California por hombres armados y encapuchados que en esos d\u00edas se encontraban en la ciudad.<\/p>\n<p>Marcial Salda\u00f1a Tiburcio, originario de El Jag\u00fcey le inform\u00f3 a la familia que Jorge fue detenido y a golpes lo subieron a una camioneta en la que el grupo de civiles armados patrullaba la ciudad.<\/p>\n<p>El 10 de mayo de 2015 los hermanos Miguel, Juan y V\u00edctor Carreto Cuevas salieron a las 7 de la ma\u00f1ana de su comunidad Ahuhuiyuco, municipio de Chilapa, en una camioneta Ford modelo 1990, se dirig\u00edan a la cabecera municipal a vender una becerra en el tianguis de ganado que se organizaba ese d\u00eda.<\/p>\n<p>El padre de ellos inform\u00f3 que aproximadamente media hora despu\u00e9s sus hijos fueron interceptados en el punto conocido como El Arco en la entrada de Chilapa, en donde hab\u00eda una operaci\u00f3n y unas pancartas que dec\u00edan \u201cpolic\u00eda comunitaria\u201d.<\/p>\n<p>Recuerda que cuando \u00e9l lleg\u00f3 a bordo de una camioneta del servicio de pasajeros vio que ten\u00edan a sus hijos detenidos y amarrados.<\/p>\n<p>Los que los ten\u00edan se identificaron como comisarios de San \u00c1ngel, San Pedro, Ahuihuiyuco, El Jag\u00fcey, Xiloxuchic\u00e1n y dijeron que estaban cansados de Chilapa.<\/p>\n<p>\u00c9l descendi\u00f3 del veh\u00edculo en el que iba y dijo a los comisarios que sus hijos no les hab\u00edan hecho nada. Les pidi\u00f3 que si hab\u00edan hecho algo los entregaran a la polic\u00eda, pero los civiles se negaron. Incluso intentaron detenerlo a \u00e9l tambi\u00e9n y al pasaje que tra\u00eda la combi en que se trasladaba.<br \/>\nEl padre de los tres j\u00f3venes se dirigi\u00f3 a la Gendarmer\u00eda que estaba cerca del centro de la ciudad pero los agentes federales se negaron a ayudarle. Al retornar al lugar de la detenci\u00f3n ya no encontr\u00f3 a sus hijos ni el veh\u00edculo.<\/p>\n<p>Observo a m\u00e1s personas detenidas en ese lugar a manos de los \u201ccomunitarios\u201d que se encontraban encapuchados y portando armas de fuego y palos.<\/p>\n<p>El mismo d\u00eda un grupo de personas encapuchadas lleg\u00f3 a la comunidad donde vive la familia de Miguel, Juan y V\u00edctor Carreto Cuevas y causaron destrozos en algunas viviendas.<\/p>\n<p>La familia de Miguel, Juan y V\u00edctor Carreto Cuevas presentaron una denuncia sin que un a\u00f1o despu\u00e9s hayan tenido resultados y tampoco saben de su paradero.<\/p>\n<p>La Fiscal\u00eda les ha dicho que esperen, que est\u00e1n investigando, pero desde la fecha de la detenci\u00f3n no tienen informaci\u00f3n del paradero de sus familiares ni del veh\u00edculo.<\/p>\n<p>A un a\u00f1o de los hechos, el padre de los tres j\u00f3venes recuerda que tras la irrupci\u00f3n de los encapuchados, los comisarios entregaron sus armas y se reunieron con el entonces gobernador Rogelio Ortega, quien se comprometi\u00f3 a investigar y a encontrar a sus familiares pero ni \u00e9l ni el actual gobernador H\u00e9ctor Astudillo Flores les han entregado a los desaparecidos.<\/p>\n<p>http:\/\/suracapulco.mx\/grafico\/juntos-familiares-de-desaparecidos-en-chilapa-y-padres-de-los-43\/<\/p>\n","protected":false},"excerpt":{"rendered":"<p>El Sur Luis Daniel Nava Chilapa. Familiares de desaparecidos de Chilapa y padres de los 43 normalistas de Ayotzinapa marcharon en esta ciudad para exigir a las autoridades justicia y &hellip; <a href=\"https:\/\/www.grieta.org.mx\/index.php\/2016\/05\/10\/12677\/\" class=\"more-link\">Leer m\u00e1s<\/a><\/p>\n","protected":false},"author":2,"featured_media":21928,"comment_status":"closed","ping_status":"closed","sticky":false,"template":"","format":"standard","meta":{"ngg_post_thumbnail":0,"_jetpack_newsletter_access":"","_jetpack_dont_email_post_to_subs":false,"_jetpack_newsletter_tier_id":0,"_jetpack_memberships_contains_paywalled_content":false,"_jetpack_memberships_contains_paid_content":false,"footnotes":""},"categories":[80],"tags":[568,121,669],"class_list":["post-12677","post","type-post","status-publish","format-standard","has-post-thumbnail","hentry","category-cintillo","tag-chilapa","tag-desaparecidos","tag-grupos-armados","entry"],"jetpack_featured_media_url":"https:\/\/www.grieta.org.mx\/wp-content\/uploads\/2018\/03\/14524434_1106112876131411_958039263622046936_o.jpg","jetpack_sharing_enabled":true,"jetpack_shortlink":"https:\/\/wp.me\/s7ZJR4-12677","jetpack_likes_enabled":false,"jetpack-related-posts":[{"id":12564,"url":"https:\/\/www.grieta.org.mx\/index.php\/2016\/06\/08\/los-desaparecidos-de-chilapa\/","url_meta":{"origin":12677,"position":0},"title":"Desaparecidos Guerrero","author":"grieta","date":"8 junio, 2016","format":false,"excerpt":"Desaparecidos de Chilapa 08\/06\/16. Siempre Vivos anuncia reinicio de b\u00fasqueda de fosas en Chilapa Bajo Palabra 26\/05\/16. Nadie detiene a Ardillos y Rojos, que tienen postrada Chilapa Proceso 20\/05\/16. Colectivo Siempre Vivos de Chilapa extender\u00e1 b\u00fasqueda de fosas El Faro 15\/05\/16. Chilapa huele a miedo y corrupci\u00f3n, Los Otros Desaparecidos\u2026","rel":"","context":"En &quot;Desaparecidos&quot;","block_context":{"text":"Desaparecidos","link":"https:\/\/www.grieta.org.mx\/index.php\/category\/temas-nacionales\/desaparecidos\/"},"img":{"alt_text":"","src":"https:\/\/i0.wp.com\/www.grieta.org.mx\/wp-content\/uploads\/2018\/03\/14524434_1106112876131411_958039263622046936_o.jpg?resize=350%2C200&ssl=1","width":350,"height":200,"srcset":"https:\/\/i0.wp.com\/www.grieta.org.mx\/wp-content\/uploads\/2018\/03\/14524434_1106112876131411_958039263622046936_o.jpg?resize=350%2C200&ssl=1 1x, https:\/\/i0.wp.com\/www.grieta.org.mx\/wp-content\/uploads\/2018\/03\/14524434_1106112876131411_958039263622046936_o.jpg?resize=525%2C300&ssl=1 1.5x, https:\/\/i0.wp.com\/www.grieta.org.mx\/wp-content\/uploads\/2018\/03\/14524434_1106112876131411_958039263622046936_o.jpg?resize=700%2C400&ssl=1 2x"},"classes":[]},{"id":12667,"url":"https:\/\/www.grieta.org.mx\/index.php\/2016\/05\/10\/alistan-la-busqueda-de-cien-desaparecidos-en-la-zona-rural-de-chilapa\/","url_meta":{"origin":12677,"position":1},"title":"Alistan la b\u00fasqueda de cien desaparecidos en la zona rural de Chilapa","author":"grieta","date":"10 mayo, 2016","format":false,"excerpt":"El Faro Redacci\u00f3n Con el respaldo de \u201cLos otros desaparecidos de Iguala\u201d, padres de los 43 y estudiantes de la Normal Rural de Ayotzinapa, el colectivo \u201cSiempre Vivos\u201d, que integran familiares de cien personas no localizadas en Chilapa, se alistan para realizar b\u00fasquedas ciudadanas en las comunidades en que podr\u00edan\u2026","rel":"","context":"En &quot;CINTILLO&quot;","block_context":{"text":"CINTILLO","link":"https:\/\/www.grieta.org.mx\/index.php\/category\/cintillo\/"},"img":{"alt_text":"","src":"https:\/\/i0.wp.com\/www.grieta.org.mx\/wp-content\/uploads\/2018\/03\/14524434_1106112876131411_958039263622046936_o.jpg?resize=350%2C200&ssl=1","width":350,"height":200,"srcset":"https:\/\/i0.wp.com\/www.grieta.org.mx\/wp-content\/uploads\/2018\/03\/14524434_1106112876131411_958039263622046936_o.jpg?resize=350%2C200&ssl=1 1x, https:\/\/i0.wp.com\/www.grieta.org.mx\/wp-content\/uploads\/2018\/03\/14524434_1106112876131411_958039263622046936_o.jpg?resize=525%2C300&ssl=1 1.5x, https:\/\/i0.wp.com\/www.grieta.org.mx\/wp-content\/uploads\/2018\/03\/14524434_1106112876131411_958039263622046936_o.jpg?resize=700%2C400&ssl=1 2x"},"classes":[]},{"id":12691,"url":"https:\/\/www.grieta.org.mx\/index.php\/2016\/05\/11\/familiares-de-victimas-alistan-busqueda-de-desaparecidos-de-chilapa-y-zitlala\/","url_meta":{"origin":12677,"position":2},"title":"Familiares de v\u00edctimas alistan b\u00fasqueda de desaparecidos de Chilapa y Zitlala","author":"grieta","date":"11 mayo, 2016","format":false,"excerpt":"\u00a0 \u00a0 \u00a0 \u00a0 \u00a0 \u00a0 \u00a0 \u00a0 \u00a0 \u00a0 Funcionarios de la CNDH imparten taller a familiares de desaparecidos. Foto: Germ\u00e1n Canseco Proceso Ezequiel Flores Contreras Chilapa (apro). Funcionarios de la Comisi\u00f3n Nacional de Derechos Humanos (CNDH) imparten un taller a familiares de desaparecidos, previo a una b\u00fasqueda ciudadana\u2026","rel":"","context":"En &quot;CINTILLO&quot;","block_context":{"text":"CINTILLO","link":"https:\/\/www.grieta.org.mx\/index.php\/category\/cintillo\/"},"img":{"alt_text":"","src":"https:\/\/i0.wp.com\/www.grieta.org.mx\/wp-content\/uploads\/2018\/03\/14524434_1106112876131411_958039263622046936_o.jpg?resize=350%2C200&ssl=1","width":350,"height":200,"srcset":"https:\/\/i0.wp.com\/www.grieta.org.mx\/wp-content\/uploads\/2018\/03\/14524434_1106112876131411_958039263622046936_o.jpg?resize=350%2C200&ssl=1 1x, https:\/\/i0.wp.com\/www.grieta.org.mx\/wp-content\/uploads\/2018\/03\/14524434_1106112876131411_958039263622046936_o.jpg?resize=525%2C300&ssl=1 1.5x, https:\/\/i0.wp.com\/www.grieta.org.mx\/wp-content\/uploads\/2018\/03\/14524434_1106112876131411_958039263622046936_o.jpg?resize=700%2C400&ssl=1 2x"},"classes":[]},{"id":12651,"url":"https:\/\/www.grieta.org.mx\/index.php\/2016\/03\/24\/200-civiles-armados-ingresaron-a-chilapa-se-retiraron-luego-de-un-acuerdo-pf-2\/","url_meta":{"origin":12677,"position":3},"title":"200 civiles armados ingresaron a Chilapa; se retiraron luego de un acuerdo: PF","author":"grieta","date":"24 marzo, 2016","format":false,"excerpt":"El Sur Luis Daniel Nava Los civiles armados que ingresaron anoche a la cabecera minicipal de Chilapa y estuvieron dos horas, eran 200 y son guardias comunitarios provenientes de localidades del sur del municipio, y llegaron para exigir que la Polic\u00eda Ministerial les devuelva sus armas decomisadas. Seg\u00fan testigos, la\u2026","rel":"","context":"En &quot;CINTILLO&quot;","block_context":{"text":"CINTILLO","link":"https:\/\/www.grieta.org.mx\/index.php\/category\/cintillo\/"},"img":{"alt_text":"","src":"https:\/\/i0.wp.com\/www.grieta.org.mx\/wp-content\/uploads\/2018\/03\/14524434_1106112876131411_958039263622046936_o.jpg?resize=350%2C200&ssl=1","width":350,"height":200,"srcset":"https:\/\/i0.wp.com\/www.grieta.org.mx\/wp-content\/uploads\/2018\/03\/14524434_1106112876131411_958039263622046936_o.jpg?resize=350%2C200&ssl=1 1x, https:\/\/i0.wp.com\/www.grieta.org.mx\/wp-content\/uploads\/2018\/03\/14524434_1106112876131411_958039263622046936_o.jpg?resize=525%2C300&ssl=1 1.5x, https:\/\/i0.wp.com\/www.grieta.org.mx\/wp-content\/uploads\/2018\/03\/14524434_1106112876131411_958039263622046936_o.jpg?resize=700%2C400&ssl=1 2x"},"classes":[]},{"id":12565,"url":"https:\/\/www.grieta.org.mx\/index.php\/2016\/03\/24\/200-civiles-armados-ingresaron-a-chilapa-se-retiraron-luego-de-un-acuerdo-pf\/","url_meta":{"origin":12677,"position":4},"title":"200 civiles armados ingresaron a Chilapa; se retiraron luego de un acuerdo: PF","author":"grieta","date":"24 marzo, 2016","format":false,"excerpt":"Eran 200 los civiles armados que ingresaron a Chilapa; se retiraron luego de un acuerdo: PF El Sur Luis Daniel Nava Chilapa. Los civiles armados que ingresaron anoche a la cabecera minicipal de Chilapa y estuvieron dos horas, eran 200 y son guardias comunitarios provenientes de localidades del sur del\u2026","rel":"","context":"En &quot;Desaparecidos&quot;","block_context":{"text":"Desaparecidos","link":"https:\/\/www.grieta.org.mx\/index.php\/category\/temas-nacionales\/desaparecidos\/"},"img":{"alt_text":"","src":"https:\/\/i0.wp.com\/www.grieta.org.mx\/wp-content\/uploads\/2018\/03\/14524434_1106112876131411_958039263622046936_o.jpg?resize=350%2C200&ssl=1","width":350,"height":200,"srcset":"https:\/\/i0.wp.com\/www.grieta.org.mx\/wp-content\/uploads\/2018\/03\/14524434_1106112876131411_958039263622046936_o.jpg?resize=350%2C200&ssl=1 1x, https:\/\/i0.wp.com\/www.grieta.org.mx\/wp-content\/uploads\/2018\/03\/14524434_1106112876131411_958039263622046936_o.jpg?resize=525%2C300&ssl=1 1.5x, https:\/\/i0.wp.com\/www.grieta.org.mx\/wp-content\/uploads\/2018\/03\/14524434_1106112876131411_958039263622046936_o.jpg?resize=700%2C400&ssl=1 2x"},"classes":[]},{"id":12567,"url":"https:\/\/www.grieta.org.mx\/index.php\/2016\/03\/31\/piden-ong-de-chilapa-castigo-para-armados-que-se-dicen-comunitarios\/","url_meta":{"origin":12677,"position":5},"title":"Piden ONG de Chilapa castigo para armados que se dicen comunitarios","author":"grieta","date":"31 marzo, 2016","format":false,"excerpt":"Bajo Palabra Arturo de Dios Palma La organizaci\u00f3n Siempre Vivos, integrada por familiares de desaparecidos de Chilapa y el Centro de Derechos Humanos Jos\u00e9 Mar\u00eda Morelos y Pav\u00f3n, pidieron al gobierno federal y al del estado investigar y castigar a los civiles armados que ya ingresaron en dos ocasiones a\u2026","rel":"","context":"En &quot;CINTILLO&quot;","block_context":{"text":"CINTILLO","link":"https:\/\/www.grieta.org.mx\/index.php\/category\/cintillo\/"},"img":{"alt_text":"","src":"https:\/\/i0.wp.com\/www.grieta.org.mx\/wp-content\/uploads\/2018\/03\/14524434_1106112876131411_958039263622046936_o.jpg?resize=350%2C200&ssl=1","width":350,"height":200,"srcset":"https:\/\/i0.wp.com\/www.grieta.org.mx\/wp-content\/uploads\/2018\/03\/14524434_1106112876131411_958039263622046936_o.jpg?resize=350%2C200&ssl=1 1x, https:\/\/i0.wp.com\/www.grieta.org.mx\/wp-content\/uploads\/2018\/03\/14524434_1106112876131411_958039263622046936_o.jpg?resize=525%2C300&ssl=1 1.5x, https:\/\/i0.wp.com\/www.grieta.org.mx\/wp-content\/uploads\/2018\/03\/14524434_1106112876131411_958039263622046936_o.jpg?resize=700%2C400&ssl=1 2x"},"classes":[]}],"_links":{"self":[{"href":"https:\/\/www.grieta.org.mx\/index.php\/wp-json\/wp\/v2\/posts\/12677","targetHints":{"allow":["GET"]}}],"collection":[{"href":"https:\/\/www.grieta.org.mx\/index.php\/wp-json\/wp\/v2\/posts"}],"about":[{"href":"https:\/\/www.grieta.org.mx\/index.php\/wp-json\/wp\/v2\/types\/post"}],"author":[{"embeddable":true,"href":"https:\/\/www.grieta.org.mx\/index.php\/wp-json\/wp\/v2\/users\/2"}],"replies":[{"embeddable":true,"href":"https:\/\/www.grieta.org.mx\/index.php\/wp-json\/wp\/v2\/comments?post=12677"}],"version-history":[{"count":1,"href":"https:\/\/www.grieta.org.mx\/index.php\/wp-json\/wp\/v2\/posts\/12677\/revisions"}],"predecessor-version":[{"id":12679,"href":"https:\/\/www.grieta.org.mx\/index.php\/wp-json\/wp\/v2\/posts\/12677\/revisions\/12679"}],"wp:featuredmedia":[{"embeddable":true,"href":"https:\/\/www.grieta.org.mx\/index.php\/wp-json\/wp\/v2\/media\/21928"}],"wp:attachment":[{"href":"https:\/\/www.grieta.org.mx\/index.php\/wp-json\/wp\/v2\/media?parent=12677"}],"wp:term":[{"taxonomy":"category","embeddable":true,"href":"https:\/\/www.grieta.org.mx\/index.php\/wp-json\/wp\/v2\/categories?post=12677"},{"taxonomy":"post_tag","embeddable":true,"href":"https:\/\/www.grieta.org.mx\/index.php\/wp-json\/wp\/v2\/tags?post=12677"}],"curies":[{"name":"wp","href":"https:\/\/api.w.org\/{rel}","templated":true}]}}