{"id":12673,"date":"2015-05-12T02:45:39","date_gmt":"2015-05-12T02:45:39","guid":{"rendered":"http:\/\/www.grieta.org.mx\/?p=12673"},"modified":"2016-05-20T02:48:09","modified_gmt":"2016-05-20T02:48:09","slug":"por-cuarto-dia-armados-que-irrumpieron-en-chilapa-mantienen-control-de-la-seguridad","status":"publish","type":"post","link":"https:\/\/www.grieta.org.mx\/index.php\/2015\/05\/12\/por-cuarto-dia-armados-que-irrumpieron-en-chilapa-mantienen-control-de-la-seguridad\/","title":{"rendered":"Por cuarto d\u00eda, armados que irrumpieron en Chilapa mantienen control de la seguridad"},"content":{"rendered":"<p>Luis Daniel Nava<\/p>\n<p>Chilapa<\/p>\n<p>Personas armadas con escopetas, palos, machetes y armas cortas, provenientes seg\u00fan sus voceros, de las comunidades de este municipio, y que ocuparon la cabecera desde el pasado s\u00e1bado 9 de mayo, mantienen el control de la seguridad de Chilapa.<\/p>\n<p>A su vez, vecinos de la cabecera y que este lunes marcharon en demanda de la salida de quienes se presentaron como polic\u00edas comunitarios, por medio de cuentas de Facebook se est\u00e1 citando a una segunda asamblea a las 5 de la tarde en la Plaza C\u00edvica, para \u201ctomar\u00a0 acuerdos porque no podemos seguir permitiendo atropellos por parte de gente\u201d.<\/p>\n<p>Quienes se presentan como polic\u00edas comunitarios, en tanto, mantienen filtros de revisi\u00f3n en los tres accesos a la ciudad, as\u00ed como su campamento en la glorieta Eucaria Apreza, sobre el boulevar. Tambi\u00e9n hay presencia de elementos de las Fuerzas Especiales, Ej\u00e9rcito y Gendarmer\u00eda, quienes no intervienen en estas revisiones.<\/p>\n<p>Un vocero de quienes se presentan como comunitarios, inform\u00f3 que ya son quince las comunidades del sur del municipio que participan en esta operaci\u00f3n de seguridad, que aseguraron, es para combatir la delincuencia. El s\u00e1bado unas 300 personas armadas tomaron la cabecera y desarmaron a la polic\u00eda local. Iban, seg\u00fan trascendi\u00f3, en busca de un dirigente de Los Rojos, grupo criminal que se confronta con Los Ardillos, sus rivales.<\/p>\n<p>Este lunes, en declaraciones de prensa, el gobernador Rogelio Ortega afirm\u00f3 que no se reconoc\u00eda a este grupo como polic\u00edas comunitarios, ni manten\u00eda intrlocuci\u00f3n de ellos, e incluso dijo que estaban infiltrados por el crimen organizado. Anunci\u00f3 adem\u00e1s que el gobierno estatal asumir\u00eda la seguridad p\u00fablica, a trav\u00e9s del convenio de Mando \u00danico firmado por el Cabildo de Chilapa.<\/p>\n<p>Hasta el momento, el alcalde priista Francisco Javier Garc\u00eda, sigue sin hacer presencia en el municipio.<\/p>\n<p><a href=\"http:\/\/suracapulco.mx\/archivoelsur\/archivos\/273005\">http:\/\/suracapulco.mx\/archivoelsur\/archivos\/273005<\/a><\/p>\n","protected":false},"excerpt":{"rendered":"<p>Luis Daniel Nava Chilapa Personas armadas con escopetas, palos, machetes y armas cortas, provenientes seg\u00fan sus voceros, de las comunidades de este municipio, y que ocuparon la cabecera desde el &hellip; <a href=\"https:\/\/www.grieta.org.mx\/index.php\/2015\/05\/12\/por-cuarto-dia-armados-que-irrumpieron-en-chilapa-mantienen-control-de-la-seguridad\/\" class=\"more-link\">Leer m\u00e1s<\/a><\/p>\n","protected":false},"author":2,"featured_media":21928,"comment_status":"closed","ping_status":"closed","sticky":false,"template":"","format":"standard","meta":{"ngg_post_thumbnail":0,"_jetpack_newsletter_access":"","_jetpack_dont_email_post_to_subs":false,"_jetpack_newsletter_tier_id":0,"_jetpack_memberships_contains_paywalled_content":false,"_jetpack_memberships_contains_paid_content":false,"footnotes":""},"categories":[80],"tags":[568,121],"class_list":["post-12673","post","type-post","status-publish","format-standard","has-post-thumbnail","hentry","category-cintillo","tag-chilapa","tag-desaparecidos","entry"],"jetpack_featured_media_url":"https:\/\/www.grieta.org.mx\/wp-content\/uploads\/2018\/03\/14524434_1106112876131411_958039263622046936_o.jpg","jetpack_sharing_enabled":true,"jetpack_shortlink":"https:\/\/wp.me\/p7ZJR4-3ip","jetpack_likes_enabled":false,"jetpack-related-posts":[{"id":12567,"url":"https:\/\/www.grieta.org.mx\/index.php\/2016\/03\/31\/piden-ong-de-chilapa-castigo-para-armados-que-se-dicen-comunitarios\/","url_meta":{"origin":12673,"position":0},"title":"Piden ONG de Chilapa castigo para armados que se dicen comunitarios","author":"grieta","date":"31 marzo, 2016","format":false,"excerpt":"Bajo Palabra Arturo de Dios Palma La organizaci\u00f3n Siempre Vivos, integrada por familiares de desaparecidos de Chilapa y el Centro de Derechos Humanos Jos\u00e9 Mar\u00eda Morelos y Pav\u00f3n, pidieron al gobierno federal y al del estado investigar y castigar a los civiles armados que ya ingresaron en dos ocasiones a\u2026","rel":"","context":"En &quot;CINTILLO&quot;","block_context":{"text":"CINTILLO","link":"https:\/\/www.grieta.org.mx\/index.php\/category\/cintillo\/"},"img":{"alt_text":"","src":"https:\/\/i0.wp.com\/www.grieta.org.mx\/wp-content\/uploads\/2018\/03\/14524434_1106112876131411_958039263622046936_o.jpg?resize=350%2C200&ssl=1","width":350,"height":200,"srcset":"https:\/\/i0.wp.com\/www.grieta.org.mx\/wp-content\/uploads\/2018\/03\/14524434_1106112876131411_958039263622046936_o.jpg?resize=350%2C200&ssl=1 1x, https:\/\/i0.wp.com\/www.grieta.org.mx\/wp-content\/uploads\/2018\/03\/14524434_1106112876131411_958039263622046936_o.jpg?resize=525%2C300&ssl=1 1.5x, https:\/\/i0.wp.com\/www.grieta.org.mx\/wp-content\/uploads\/2018\/03\/14524434_1106112876131411_958039263622046936_o.jpg?resize=700%2C400&ssl=1 2x"},"classes":[]},{"id":12586,"url":"https:\/\/www.grieta.org.mx\/index.php\/2016\/05\/08\/lanzan-despliegue-aereo-y-militar-en-chilapa-y-zitlala\/","url_meta":{"origin":12673,"position":1},"title":"Lanzan despliegue a\u00e9reo y militar en Chilapa y Zitlala","author":"grieta","date":"8 mayo, 2016","format":false,"excerpt":"El Sur Anarsis Pacheco P\u00f3lito y Luis Daniel Nava Lanzan un despliegue a\u00e9reo y terrestre para evitar el regreso del grupo Paz y Justicia. Al menos 12 helic\u00f3pteros y una avioneta de la Marina sobrevolaron ayer por cuatro horas la cabecera de Chilapa y sus alrededores y el gobernador H\u00e9ctor\u2026","rel":"","context":"En &quot;CINTILLO&quot;","block_context":{"text":"CINTILLO","link":"https:\/\/www.grieta.org.mx\/index.php\/category\/cintillo\/"},"img":{"alt_text":"","src":"https:\/\/i0.wp.com\/www.grieta.org.mx\/wp-content\/uploads\/2018\/03\/14524434_1106112876131411_958039263622046936_o.jpg?resize=350%2C200&ssl=1","width":350,"height":200,"srcset":"https:\/\/i0.wp.com\/www.grieta.org.mx\/wp-content\/uploads\/2018\/03\/14524434_1106112876131411_958039263622046936_o.jpg?resize=350%2C200&ssl=1 1x, https:\/\/i0.wp.com\/www.grieta.org.mx\/wp-content\/uploads\/2018\/03\/14524434_1106112876131411_958039263622046936_o.jpg?resize=525%2C300&ssl=1 1.5x, https:\/\/i0.wp.com\/www.grieta.org.mx\/wp-content\/uploads\/2018\/03\/14524434_1106112876131411_958039263622046936_o.jpg?resize=700%2C400&ssl=1 2x"},"classes":[]},{"id":12659,"url":"https:\/\/www.grieta.org.mx\/index.php\/2015\/06\/19\/desaparecidos-de-chilapa-fueron-entregados-a-la-gendarmeria-y-policia-estatal-comisarios\/","url_meta":{"origin":12673,"position":2},"title":"Desaparecidos de Chilapa fueron entregados a la Gendarmer\u00eda y polic\u00eda estatal: Comisarios","author":"grieta","date":"19 junio, 2015","format":false,"excerpt":"Proceso CHILPANCINGO, Gro. (apro).- Comisarios municipales de Chilapa se presentaron a la Fiscal\u00eda General del estado (FGE), para declarar sobre el caso de la irrupci\u00f3n del grupo delictivo \u201cLos Ardillos\u201d en la cabecera y reiteraron que las personas retenidas por los civiles armados fueron entregados a la Polic\u00eda Federal (PF)\u2026","rel":"","context":"En &quot;CINTILLO&quot;","block_context":{"text":"CINTILLO","link":"https:\/\/www.grieta.org.mx\/index.php\/category\/cintillo\/"},"img":{"alt_text":"","src":"https:\/\/i0.wp.com\/www.grieta.org.mx\/wp-content\/uploads\/2018\/03\/14524434_1106112876131411_958039263622046936_o.jpg?resize=350%2C200&ssl=1","width":350,"height":200,"srcset":"https:\/\/i0.wp.com\/www.grieta.org.mx\/wp-content\/uploads\/2018\/03\/14524434_1106112876131411_958039263622046936_o.jpg?resize=350%2C200&ssl=1 1x, https:\/\/i0.wp.com\/www.grieta.org.mx\/wp-content\/uploads\/2018\/03\/14524434_1106112876131411_958039263622046936_o.jpg?resize=525%2C300&ssl=1 1.5x, https:\/\/i0.wp.com\/www.grieta.org.mx\/wp-content\/uploads\/2018\/03\/14524434_1106112876131411_958039263622046936_o.jpg?resize=700%2C400&ssl=1 2x"},"classes":[]},{"id":12577,"url":"https:\/\/www.grieta.org.mx\/index.php\/2016\/05\/04\/grupo-armado-toma-zitlala-tras-hallazgo-de-fosa-clandestina-en-guerrero-2\/","url_meta":{"origin":12673,"position":3},"title":"Grupo armado toma Zitlala tras hallazgo de fosa clandestina en Guerrero","author":"grieta","date":"4 mayo, 2016","format":false,"excerpt":"Proceso Ezequiel Flores Contreras Al menos 150 integrantes del grupo de autodefensa del poblado de Tlaltempanapa, vinculados con el grupo delictivo de Los Ardillos, tomaron la cabecera municipal de Zitlala, ubicada en la zona de la Monta\u00f1a baja de la entidad, donde presuntamente localizaron una fosa clandestina. Por su parte,\u2026","rel":"","context":"En &quot;CINTILLO&quot;","block_context":{"text":"CINTILLO","link":"https:\/\/www.grieta.org.mx\/index.php\/category\/cintillo\/"},"img":{"alt_text":"","src":"https:\/\/i0.wp.com\/www.grieta.org.mx\/wp-content\/uploads\/2018\/03\/14524434_1106112876131411_958039263622046936_o.jpg?resize=350%2C200&ssl=1","width":350,"height":200,"srcset":"https:\/\/i0.wp.com\/www.grieta.org.mx\/wp-content\/uploads\/2018\/03\/14524434_1106112876131411_958039263622046936_o.jpg?resize=350%2C200&ssl=1 1x, https:\/\/i0.wp.com\/www.grieta.org.mx\/wp-content\/uploads\/2018\/03\/14524434_1106112876131411_958039263622046936_o.jpg?resize=525%2C300&ssl=1 1.5x, https:\/\/i0.wp.com\/www.grieta.org.mx\/wp-content\/uploads\/2018\/03\/14524434_1106112876131411_958039263622046936_o.jpg?resize=700%2C400&ssl=1 2x"},"classes":[]},{"id":12655,"url":"https:\/\/www.grieta.org.mx\/index.php\/2015\/10\/09\/confrontan-familiares-de-desaparecidos-a-comisarios-de-chilapa\/","url_meta":{"origin":12673,"position":4},"title":"Confrontan familiares de desaparecidos a comisarios de Chilapa","author":"grieta","date":"9 octubre, 2015","format":false,"excerpt":"Bajo Palabra Familiares de desaparecidos en Chilapa, encabezados por el vocero de las v\u00edctimas, Jos\u00e9 D\u00edaz Navarro, irrumpieron durante la reuni\u00f3n de m\u00e1s de cuatro horas que comisarios integrantes de la supuesta polic\u00eda comunitaria Por la Paz y la Justicia sostuvieron con el nuevo alcalde de Chilapa, Jes\u00fas Parra. Ayer,\u2026","rel":"","context":"En &quot;CINTILLO&quot;","block_context":{"text":"CINTILLO","link":"https:\/\/www.grieta.org.mx\/index.php\/category\/cintillo\/"},"img":{"alt_text":"","src":"https:\/\/i0.wp.com\/www.grieta.org.mx\/wp-content\/uploads\/2018\/03\/14524434_1106112876131411_958039263622046936_o.jpg?resize=350%2C200&ssl=1","width":350,"height":200,"srcset":"https:\/\/i0.wp.com\/www.grieta.org.mx\/wp-content\/uploads\/2018\/03\/14524434_1106112876131411_958039263622046936_o.jpg?resize=350%2C200&ssl=1 1x, https:\/\/i0.wp.com\/www.grieta.org.mx\/wp-content\/uploads\/2018\/03\/14524434_1106112876131411_958039263622046936_o.jpg?resize=525%2C300&ssl=1 1.5x, https:\/\/i0.wp.com\/www.grieta.org.mx\/wp-content\/uploads\/2018\/03\/14524434_1106112876131411_958039263622046936_o.jpg?resize=700%2C400&ssl=1 2x"},"classes":[]},{"id":9172,"url":"https:\/\/www.grieta.org.mx\/index.php\/2016\/02\/03\/buscan-comunitarios-a-rojos-y-ardillos-en-chilapa\/","url_meta":{"origin":12673,"position":5},"title":"Buscan comunitarios a Rojos y Ardillos en Chilapa","author":"grieta","date":"3 febrero, 2016","format":false,"excerpt":"Quadratin CHILAPA, Gro., 3 de febrero de 2016.- La Polic\u00eda Comunitaria de Rinc\u00f3n de Chautla del municipio de Chilapa perteneciente a la Coordinadora Regional de Autoridades Comunitarias- Polic\u00eda Comunitaria de los Pueblos Fundadores (CRAC-PC-PF), ha emprendido una serie de recorridos en poblaciones y cerros de las 18 comunidades de Chilapa\u2026","rel":"","context":"En &quot;CINTILLO&quot;","block_context":{"text":"CINTILLO","link":"https:\/\/www.grieta.org.mx\/index.php\/category\/cintillo\/"},"img":{"alt_text":"","src":"https:\/\/i0.wp.com\/www.grieta.org.mx\/wp-content\/uploads\/2018\/03\/14524434_1106112876131411_958039263622046936_o.jpg?resize=350%2C200&ssl=1","width":350,"height":200,"srcset":"https:\/\/i0.wp.com\/www.grieta.org.mx\/wp-content\/uploads\/2018\/03\/14524434_1106112876131411_958039263622046936_o.jpg?resize=350%2C200&ssl=1 1x, https:\/\/i0.wp.com\/www.grieta.org.mx\/wp-content\/uploads\/2018\/03\/14524434_1106112876131411_958039263622046936_o.jpg?resize=525%2C300&ssl=1 1.5x, https:\/\/i0.wp.com\/www.grieta.org.mx\/wp-content\/uploads\/2018\/03\/14524434_1106112876131411_958039263622046936_o.jpg?resize=700%2C400&ssl=1 2x"},"classes":[]}],"_links":{"self":[{"href":"https:\/\/www.grieta.org.mx\/index.php\/wp-json\/wp\/v2\/posts\/12673","targetHints":{"allow":["GET"]}}],"collection":[{"href":"https:\/\/www.grieta.org.mx\/index.php\/wp-json\/wp\/v2\/posts"}],"about":[{"href":"https:\/\/www.grieta.org.mx\/index.php\/wp-json\/wp\/v2\/types\/post"}],"author":[{"embeddable":true,"href":"https:\/\/www.grieta.org.mx\/index.php\/wp-json\/wp\/v2\/users\/2"}],"replies":[{"embeddable":true,"href":"https:\/\/www.grieta.org.mx\/index.php\/wp-json\/wp\/v2\/comments?post=12673"}],"version-history":[{"count":1,"href":"https:\/\/www.grieta.org.mx\/index.php\/wp-json\/wp\/v2\/posts\/12673\/revisions"}],"predecessor-version":[{"id":12675,"href":"https:\/\/www.grieta.org.mx\/index.php\/wp-json\/wp\/v2\/posts\/12673\/revisions\/12675"}],"wp:featuredmedia":[{"embeddable":true,"href":"https:\/\/www.grieta.org.mx\/index.php\/wp-json\/wp\/v2\/media\/21928"}],"wp:attachment":[{"href":"https:\/\/www.grieta.org.mx\/index.php\/wp-json\/wp\/v2\/media?parent=12673"}],"wp:term":[{"taxonomy":"category","embeddable":true,"href":"https:\/\/www.grieta.org.mx\/index.php\/wp-json\/wp\/v2\/categories?post=12673"},{"taxonomy":"post_tag","embeddable":true,"href":"https:\/\/www.grieta.org.mx\/index.php\/wp-json\/wp\/v2\/tags?post=12673"}],"curies":[{"name":"wp","href":"https:\/\/api.w.org\/{rel}","templated":true}]}}