{"id":12666,"date":"2015-05-25T02:34:53","date_gmt":"2015-05-25T02:34:53","guid":{"rendered":"http:\/\/www.grieta.org.mx\/?p=12666"},"modified":"2016-05-20T02:36:20","modified_gmt":"2016-05-20T02:36:20","slug":"dejo-que-los-civiles-armados-se-llevaran-de-chilapa-a-los-desaparecidos-le-recriminan-a-rogelio-ortega","status":"publish","type":"post","link":"https:\/\/www.grieta.org.mx\/index.php\/2015\/05\/25\/dejo-que-los-civiles-armados-se-llevaran-de-chilapa-a-los-desaparecidos-le-recriminan-a-rogelio-ortega\/","title":{"rendered":"Dej\u00f3 que los civiles armados se llevaran de Chilapa a los desaparecidos, le recriminan a Rogelio Ortega"},"content":{"rendered":"<p>Luis Daniel Nava<\/p>\n<p>Chilapa<\/p>\n<p>Familiares de las personas desaparecidas durante la ocupaci\u00f3n de la ciudad por civiles armados, del 9 al 14 de mayo, le dieron un plazo de 48 horas al gobernador, Rogelio Ortega Mart\u00ednez, para localizarlas con vida.<br \/>\nEl gobernador se comprometi\u00f3 a citar conforme a derecho a los comisarios que participaron en la toma de la ciudad, y a crear una comisi\u00f3n de seguimiento del caso con autoridades civiles, policiacas, con defensores de derechos humanos y los familiares.<br \/>\nAh\u00ed le recriminaron la desatenci\u00f3n de su gobierno, a pesar de tener informaci\u00f3n desde el primer d\u00eda, seg\u00fan acept\u00f3 el mismo Rogelio Ortega, durante los cinco d\u00edas en que los civiles tomaron el control de la seguridad en Chilapa, haberse presentado 14 d\u00edas despu\u00e9s de los sucesos y haber negociado con los comisarios su salida de Chilapa sin que antes presentaran a sus familiares desaparecidos.<br \/>\nAl alcalde Francisco Javier Garc\u00eda (priista) le reprocharon haber huido del municipio durante la ocupaci\u00f3n, y lo culparon de que desde el inicio de su administraci\u00f3n en Chilapa ha habido muchas personas desaparecidas y muchas balaceras.<br \/>\nAyer, despu\u00e9s del medio d\u00eda en las instalaciones del Seminario de Chilapa, en el barrio de San Jos\u00e9, el mandatario y parte del primer c\u00edrculo de su gabinete se reunieron por primera vez con familiares de las personas desaparecidas durante la irrupci\u00f3n en la ciudad de pobladores armados y autoridades comunitarias de al menos 16 localidades del sur del municipio, as\u00ed como con parientes cercanos de v\u00edctimas de desapariciones registradas dos y hasta seis meses atr\u00e1s.<br \/>\nEl gobernador lleg\u00f3 a esta ciudad en helic\u00f3ptero y se movi\u00f3 con sus funcionarios en un convoy de m\u00e1s de diez camionetas, en medio de un fuerte operativo de seguridad, que resguard\u00f3 en una cuadra el lugar de la reuni\u00f3n.<br \/>\nEn la reuni\u00f3n estuvo el fiscal Miguel \u00c1ngel God\u00ednez; el secretario de Gobierno, David Cienfuegos Salgado y el de Educaci\u00f3n, Salvador Mart\u00ednez della Roca.<br \/>\nY familiares de los j\u00f3venes desaparecidos Jorge Jaimes Abarca (y su hermano H\u00e9ctor Jaimes Abarca desaparecido meses atr\u00e1s), Carlos Emanuel Meza Nava, Daniel Vel\u00e1zquez Romero, de los hermanos Juan, Miguel y V\u00edctor Carreto Cuevas, Sergio Derramona Abarca, Alexandro Nava Reyes, Jorge Luis Salmer\u00f3n Hern\u00e1ndez, Jaime Villanueva Altamirano, Crispino Carreto Gonz\u00e1lez y Samuel Carreto V\u00e1zquez.<br \/>\nNo asistieron familiares de Juan Carlos Casarrubias Avila, Adelaido Casarrubias S\u00e1nchez, Arturo Guti\u00e9rrez Jaimes y Victorino Morales Acatitl\u00e1n.<br \/>\nSe presentaron adem\u00e1s familiares del joven Gilberto Abundis S\u00e1nchez, desaparecido en marzo y reci\u00e9n identificado entre los tres cuerpos hallados este jueves 21 de mayo en la comunidad de Nejapa, as\u00ed como los de los cinco profesionistas y comerciantes Mario Montiel Ferrer, Jes\u00fas Romero Mujica, Vicente Apreza Garc\u00eda y los hermanos Hugo y Alejandrino D\u00edaz Navarro raptados en noviembre de 2014 en las inmediaciones de Atzacoaloya.<br \/>\nLos familiares reprocharon al mandatario \u201c\u00bfPor qu\u00e9 diablos no vino cuando estas personas estaban aqu\u00ed?, porque no fueron sus hijos, si los tuvieran no iba a dejar de pasar un solo d\u00eda\u201d. \u201cS\u00f3lo vino porque necesita proteger su imagen\u201d, dijo un familiar.<br \/>\nTambi\u00e9n le reclamaron porque cuando negoci\u00f3 la salida de los comisarios y los civiles armados se le olvid\u00f3 \u201clo m\u00e1s importante, se le olvid\u00f3 negociar con las personas a nuestros familiares que ten\u00edan retenidos\u201d.<br \/>\nEn una parte, donde el gobernador y el alcalde volvieron a polemizar sobre si sesion\u00f3 o no el Cabildo para nombrar al encargado de Seguridad P\u00fablica del municipio, al oficial de la polic\u00eda estatal, Juan Su\u00e1stegui Epifanio, los padres enfadados les dijeron que se pusieran a trabajar y que dejaran su \u201cpleito de ni\u00f1as\u201d que en los medios de comunicaci\u00f3n tambi\u00e9n hicieron.<br \/>\nEl gobernador respondi\u00f3 que tiene como principio no negociar con civiles armados y justific\u00f3 que negoci\u00f3 con los comisarios su retirada de Chilapa para evitar una tragedia porque, dijo, su presencia ya hab\u00eda causado \u201cmalestar y crispaci\u00f3n\u201d.<br \/>\nDijo que los comisarios se regresaron a sus pueblos y que la informaci\u00f3n sobre las personas desaparecidas le lleg\u00f3 despu\u00e9s de que se hab\u00edan ido.<br \/>\nEntre sus demandas que se resolvieron, dijo, fue la destituci\u00f3n del secretario de Seguridad P\u00fablica municipal.<br \/>\n\u201cResolvimos el problema: que se fueran y los agravios que hicieron, esos se trabajan en la ruta de la ley\u201d.<br \/>\nLos familiares le exigieron que se pusiera a trabajar y que ya no les diera m\u00e1s palabras.<br \/>\n\u201cQueremos hechos para que nos convenza, que entreguen a nuestra gente viva en 48 horas\u201d, emplaz\u00f3 un padre de familia, despu\u00e9s durante las intervenciones los padres secundaron el ultim\u00e1tum y al final se lo volvieron a recordar al gobernador.<br \/>\nOrtega Mart\u00ednez dijo que estaba ah\u00ed para determinar la ruta de la soluci\u00f3n con el peso de las instituciones y que se haga justicia.<br \/>\nLuego, dijo que en la reuni\u00f3n que sostuvo en Casa Guerrero con los comisarios, \u00e9stos le expusieron que tambi\u00e9n tienen a 30 personas desaparecidas.<br \/>\n\u201cAqu\u00ed el problema es la pelea entre dos bandas Ardillos y Rojos, que han penetrado el tejido social, reclutando j\u00f3venes en condiciones de pobreza\u201d.<br \/>\n\u2013Tambi\u00e9n a los pol\u00edticos, grit\u00f3 un familiar de los cinco desaparecidos.<br \/>\n\u201c\u2026 Penetr\u00f3 las instituciones y a los partidos pol\u00edticos\u201d, repar\u00f3 el gobernador, quien dijo que tiene las manos limpias.<br \/>\nLe respondieron: \u201custed si acaso ten\u00eda sus manos y su imagen limpia antes de esta desaparici\u00f3n masiva\u201d.<br \/>\nAl final el gobernador ofreci\u00f3 conformar una comisi\u00f3n de acompa\u00f1amiento con representantes del gobierno, de las corporaciones de seguridad, integrantes de la sociedad civil, un grupo de familiares y organismos defensores de derechos humanos.<br \/>\nAdem\u00e1s de comprometerse a citar \u201cconforme a derecho\u201d a las autoridades comunitarias que participaron en la toma de la ciudad del 9 al 14 de mayo de 2015 y realizar con ellos una reuni\u00f3n bilateral para hablar de nuevo \u201ccara a cara\u201d.<br \/>\nPara que los familiares creyeran que en realidad estaba comprometido, el mandatario les dijo que si era necesario iba a estar en Chilapa todos los d\u00edas y que desde aqu\u00ed iba a despachar.<\/p>\n<p>\u201cPor qu\u00e9 no investigan al alcalde\u201d<\/p>\n<p>Casi al inicio de las participaciones, una familiar directa del joven estudiante de Artes Visuales Gilberto Abundis S\u00e1nchez, desaparecido el 30 de marzo e identificado este s\u00e1bado entre los tres cuerpos hallados en Nejapa el jueves 21, dijo:<br \/>\n\u201cPor qu\u00e9 no se investiga a nuestras autoridades municipales, porque desde que este se\u00f1or, que est\u00e1 ah\u00ed enfrente y se dice ser el presidente de Chilapa, han ocurrido tantas desapariciones y la violencia aqu\u00ed fue en aumento a\u00f1o con a\u00f1o.<br \/>\n\u201cPor qu\u00e9 no se les investiga, que explique por qu\u00e9 toda la gente de Chilapa lo acusa de nexos y porque tenemos que pagar los ciudadanos por tanta cochinada de los pol\u00edticos.<br \/>\n\u201cEstamos hartos y me atrevo a levantar la voz porque no es justo a que a mi hermano lo hubieran matado como un perro cuando \u00e9l era un estudiante de Artes Visuales y s\u00f3lo ven\u00eda a esta ciudad a visitar a su familia y maldita la hora en la que vino a visitarnos, jam\u00e1s hubiera regresado a este pueblo, porque como mi hermano dec\u00eda en Chilapa ya no hay lugar para gente decente aqu\u00ed la \u00fanica gente que tiene lugar son los delincuentes\u201d.<br \/>\n\u201c\u00a1Conteste se\u00f1or presidente!, porqu\u00e9 desde su mandato aqu\u00ed en Chilapa ha habido tanto desaparecido, tanto tiroteo y la gente se tiene que esconder como ratas en su casa cuando los ratas son otros\u201d.<br \/>\nEl alcalde Francisco Garc\u00eda respondi\u00f3 que ni la polic\u00eda municipal ni su armamento es suficiente y que la lucha de los grupos de la delincuencia ha da\u00f1ado a todos los chilapenses.<br \/>\nJustific\u00f3 adem\u00e1s que le inform\u00f3 la situaci\u00f3n al entonces gobernador \u00c1ngel Aguirre y de nuevo dijo que se pon\u00eda a disposici\u00f3n de las instancias federales para que se le investigue y si es c\u00f3mplice o comparsa pagar como se debe.<\/p>\n<p>http:\/\/suracapulco.mx\/2\/dejo-que-los-civiles-armados-se-llevaran-de-chilapa-a-los-desaparecidos-le-recriminan-a-rogelio-ortega\/<\/p>\n","protected":false},"excerpt":{"rendered":"<p>Luis Daniel Nava Chilapa Familiares de las personas desaparecidas durante la ocupaci\u00f3n de la ciudad por civiles armados, del 9 al 14 de mayo, le dieron un plazo de 48 &hellip; <a href=\"https:\/\/www.grieta.org.mx\/index.php\/2015\/05\/25\/dejo-que-los-civiles-armados-se-llevaran-de-chilapa-a-los-desaparecidos-le-recriminan-a-rogelio-ortega\/\" class=\"more-link\">Leer m\u00e1s<\/a><\/p>\n","protected":false},"author":2,"featured_media":21928,"comment_status":"closed","ping_status":"closed","sticky":false,"template":"","format":"standard","meta":{"ngg_post_thumbnail":0,"_jetpack_newsletter_access":"","_jetpack_dont_email_post_to_subs":false,"_jetpack_newsletter_tier_id":0,"_jetpack_memberships_contains_paywalled_content":false,"_jetpack_memberships_contains_paid_content":false,"footnotes":""},"categories":[80],"tags":[568,121,669],"class_list":["post-12666","post","type-post","status-publish","format-standard","has-post-thumbnail","hentry","category-cintillo","tag-chilapa","tag-desaparecidos","tag-grupos-armados","entry"],"jetpack_featured_media_url":"https:\/\/www.grieta.org.mx\/wp-content\/uploads\/2018\/03\/14524434_1106112876131411_958039263622046936_o.jpg","jetpack_sharing_enabled":true,"jetpack_shortlink":"https:\/\/wp.me\/p7ZJR4-3ii","jetpack_likes_enabled":false,"jetpack-related-posts":[{"id":12564,"url":"https:\/\/www.grieta.org.mx\/index.php\/2016\/06\/08\/los-desaparecidos-de-chilapa\/","url_meta":{"origin":12666,"position":0},"title":"Desaparecidos Guerrero","author":"grieta","date":"8 junio, 2016","format":false,"excerpt":"Desaparecidos de Chilapa 08\/06\/16. Siempre Vivos anuncia reinicio de b\u00fasqueda de fosas en Chilapa Bajo Palabra 26\/05\/16. Nadie detiene a Ardillos y Rojos, que tienen postrada Chilapa Proceso 20\/05\/16. Colectivo Siempre Vivos de Chilapa extender\u00e1 b\u00fasqueda de fosas El Faro 15\/05\/16. Chilapa huele a miedo y corrupci\u00f3n, Los Otros Desaparecidos\u2026","rel":"","context":"En &quot;Desaparecidos&quot;","block_context":{"text":"Desaparecidos","link":"https:\/\/www.grieta.org.mx\/index.php\/category\/temas-nacionales\/desaparecidos\/"},"img":{"alt_text":"","src":"https:\/\/i0.wp.com\/www.grieta.org.mx\/wp-content\/uploads\/2018\/03\/14524434_1106112876131411_958039263622046936_o.jpg?resize=350%2C200&ssl=1","width":350,"height":200,"srcset":"https:\/\/i0.wp.com\/www.grieta.org.mx\/wp-content\/uploads\/2018\/03\/14524434_1106112876131411_958039263622046936_o.jpg?resize=350%2C200&ssl=1 1x, https:\/\/i0.wp.com\/www.grieta.org.mx\/wp-content\/uploads\/2018\/03\/14524434_1106112876131411_958039263622046936_o.jpg?resize=525%2C300&ssl=1 1.5x, https:\/\/i0.wp.com\/www.grieta.org.mx\/wp-content\/uploads\/2018\/03\/14524434_1106112876131411_958039263622046936_o.jpg?resize=700%2C400&ssl=1 2x"},"classes":[]},{"id":12565,"url":"https:\/\/www.grieta.org.mx\/index.php\/2016\/03\/24\/200-civiles-armados-ingresaron-a-chilapa-se-retiraron-luego-de-un-acuerdo-pf\/","url_meta":{"origin":12666,"position":1},"title":"200 civiles armados ingresaron a Chilapa; se retiraron luego de un acuerdo: PF","author":"grieta","date":"24 marzo, 2016","format":false,"excerpt":"Eran 200 los civiles armados que ingresaron a Chilapa; se retiraron luego de un acuerdo: PF El Sur Luis Daniel Nava Chilapa. Los civiles armados que ingresaron anoche a la cabecera minicipal de Chilapa y estuvieron dos horas, eran 200 y son guardias comunitarios provenientes de localidades del sur del\u2026","rel":"","context":"En &quot;Desaparecidos&quot;","block_context":{"text":"Desaparecidos","link":"https:\/\/www.grieta.org.mx\/index.php\/category\/temas-nacionales\/desaparecidos\/"},"img":{"alt_text":"","src":"https:\/\/i0.wp.com\/www.grieta.org.mx\/wp-content\/uploads\/2018\/03\/14524434_1106112876131411_958039263622046936_o.jpg?resize=350%2C200&ssl=1","width":350,"height":200,"srcset":"https:\/\/i0.wp.com\/www.grieta.org.mx\/wp-content\/uploads\/2018\/03\/14524434_1106112876131411_958039263622046936_o.jpg?resize=350%2C200&ssl=1 1x, https:\/\/i0.wp.com\/www.grieta.org.mx\/wp-content\/uploads\/2018\/03\/14524434_1106112876131411_958039263622046936_o.jpg?resize=525%2C300&ssl=1 1.5x, https:\/\/i0.wp.com\/www.grieta.org.mx\/wp-content\/uploads\/2018\/03\/14524434_1106112876131411_958039263622046936_o.jpg?resize=700%2C400&ssl=1 2x"},"classes":[]},{"id":12651,"url":"https:\/\/www.grieta.org.mx\/index.php\/2016\/03\/24\/200-civiles-armados-ingresaron-a-chilapa-se-retiraron-luego-de-un-acuerdo-pf-2\/","url_meta":{"origin":12666,"position":2},"title":"200 civiles armados ingresaron a Chilapa; se retiraron luego de un acuerdo: PF","author":"grieta","date":"24 marzo, 2016","format":false,"excerpt":"El Sur Luis Daniel Nava Los civiles armados que ingresaron anoche a la cabecera minicipal de Chilapa y estuvieron dos horas, eran 200 y son guardias comunitarios provenientes de localidades del sur del municipio, y llegaron para exigir que la Polic\u00eda Ministerial les devuelva sus armas decomisadas. Seg\u00fan testigos, la\u2026","rel":"","context":"En &quot;CINTILLO&quot;","block_context":{"text":"CINTILLO","link":"https:\/\/www.grieta.org.mx\/index.php\/category\/cintillo\/"},"img":{"alt_text":"","src":"https:\/\/i0.wp.com\/www.grieta.org.mx\/wp-content\/uploads\/2018\/03\/14524434_1106112876131411_958039263622046936_o.jpg?resize=350%2C200&ssl=1","width":350,"height":200,"srcset":"https:\/\/i0.wp.com\/www.grieta.org.mx\/wp-content\/uploads\/2018\/03\/14524434_1106112876131411_958039263622046936_o.jpg?resize=350%2C200&ssl=1 1x, https:\/\/i0.wp.com\/www.grieta.org.mx\/wp-content\/uploads\/2018\/03\/14524434_1106112876131411_958039263622046936_o.jpg?resize=525%2C300&ssl=1 1.5x, https:\/\/i0.wp.com\/www.grieta.org.mx\/wp-content\/uploads\/2018\/03\/14524434_1106112876131411_958039263622046936_o.jpg?resize=700%2C400&ssl=1 2x"},"classes":[]},{"id":12592,"url":"https:\/\/www.grieta.org.mx\/index.php\/2016\/05\/09\/a-un-ano-de-la-incursion-a-chilapa-nada-se-sabe-de-16-desaparecidos\/","url_meta":{"origin":12666,"position":3},"title":"A un a\u00f1o de la incursi\u00f3n a Chilapa, nada se sabe de 16 desaparecidos","author":"grieta","date":"9 mayo, 2016","format":false,"excerpt":"El Sur Luis Daniel Nava Chilapa. Este d\u00eda se cumple un a\u00f1o de la incursi\u00f3n armada a esta ciudad de m\u00e1s de 300 pobladores y autoridades de las comunidades del sur del municipio de Chilapa con el prop\u00f3sito de exigir seguridad y para catear viviendas y detener a los presuntos\u2026","rel":"","context":"En &quot;CINTILLO&quot;","block_context":{"text":"CINTILLO","link":"https:\/\/www.grieta.org.mx\/index.php\/category\/cintillo\/"},"img":{"alt_text":"","src":"https:\/\/i0.wp.com\/www.grieta.org.mx\/wp-content\/uploads\/2018\/03\/14524434_1106112876131411_958039263622046936_o.jpg?resize=350%2C200&ssl=1","width":350,"height":200,"srcset":"https:\/\/i0.wp.com\/www.grieta.org.mx\/wp-content\/uploads\/2018\/03\/14524434_1106112876131411_958039263622046936_o.jpg?resize=350%2C200&ssl=1 1x, https:\/\/i0.wp.com\/www.grieta.org.mx\/wp-content\/uploads\/2018\/03\/14524434_1106112876131411_958039263622046936_o.jpg?resize=525%2C300&ssl=1 1.5x, https:\/\/i0.wp.com\/www.grieta.org.mx\/wp-content\/uploads\/2018\/03\/14524434_1106112876131411_958039263622046936_o.jpg?resize=700%2C400&ssl=1 2x"},"classes":[]},{"id":12567,"url":"https:\/\/www.grieta.org.mx\/index.php\/2016\/03\/31\/piden-ong-de-chilapa-castigo-para-armados-que-se-dicen-comunitarios\/","url_meta":{"origin":12666,"position":4},"title":"Piden ONG de Chilapa castigo para armados que se dicen comunitarios","author":"grieta","date":"31 marzo, 2016","format":false,"excerpt":"Bajo Palabra Arturo de Dios Palma La organizaci\u00f3n Siempre Vivos, integrada por familiares de desaparecidos de Chilapa y el Centro de Derechos Humanos Jos\u00e9 Mar\u00eda Morelos y Pav\u00f3n, pidieron al gobierno federal y al del estado investigar y castigar a los civiles armados que ya ingresaron en dos ocasiones a\u2026","rel":"","context":"En &quot;CINTILLO&quot;","block_context":{"text":"CINTILLO","link":"https:\/\/www.grieta.org.mx\/index.php\/category\/cintillo\/"},"img":{"alt_text":"","src":"https:\/\/i0.wp.com\/www.grieta.org.mx\/wp-content\/uploads\/2018\/03\/14524434_1106112876131411_958039263622046936_o.jpg?resize=350%2C200&ssl=1","width":350,"height":200,"srcset":"https:\/\/i0.wp.com\/www.grieta.org.mx\/wp-content\/uploads\/2018\/03\/14524434_1106112876131411_958039263622046936_o.jpg?resize=350%2C200&ssl=1 1x, https:\/\/i0.wp.com\/www.grieta.org.mx\/wp-content\/uploads\/2018\/03\/14524434_1106112876131411_958039263622046936_o.jpg?resize=525%2C300&ssl=1 1.5x, https:\/\/i0.wp.com\/www.grieta.org.mx\/wp-content\/uploads\/2018\/03\/14524434_1106112876131411_958039263622046936_o.jpg?resize=700%2C400&ssl=1 2x"},"classes":[]},{"id":12691,"url":"https:\/\/www.grieta.org.mx\/index.php\/2016\/05\/11\/familiares-de-victimas-alistan-busqueda-de-desaparecidos-de-chilapa-y-zitlala\/","url_meta":{"origin":12666,"position":5},"title":"Familiares de v\u00edctimas alistan b\u00fasqueda de desaparecidos de Chilapa y Zitlala","author":"grieta","date":"11 mayo, 2016","format":false,"excerpt":"\u00a0 \u00a0 \u00a0 \u00a0 \u00a0 \u00a0 \u00a0 \u00a0 \u00a0 \u00a0 Funcionarios de la CNDH imparten taller a familiares de desaparecidos. Foto: Germ\u00e1n Canseco Proceso Ezequiel Flores Contreras Chilapa (apro). Funcionarios de la Comisi\u00f3n Nacional de Derechos Humanos (CNDH) imparten un taller a familiares de desaparecidos, previo a una b\u00fasqueda ciudadana\u2026","rel":"","context":"En &quot;CINTILLO&quot;","block_context":{"text":"CINTILLO","link":"https:\/\/www.grieta.org.mx\/index.php\/category\/cintillo\/"},"img":{"alt_text":"","src":"https:\/\/i0.wp.com\/www.grieta.org.mx\/wp-content\/uploads\/2018\/03\/14524434_1106112876131411_958039263622046936_o.jpg?resize=350%2C200&ssl=1","width":350,"height":200,"srcset":"https:\/\/i0.wp.com\/www.grieta.org.mx\/wp-content\/uploads\/2018\/03\/14524434_1106112876131411_958039263622046936_o.jpg?resize=350%2C200&ssl=1 1x, https:\/\/i0.wp.com\/www.grieta.org.mx\/wp-content\/uploads\/2018\/03\/14524434_1106112876131411_958039263622046936_o.jpg?resize=525%2C300&ssl=1 1.5x, https:\/\/i0.wp.com\/www.grieta.org.mx\/wp-content\/uploads\/2018\/03\/14524434_1106112876131411_958039263622046936_o.jpg?resize=700%2C400&ssl=1 2x"},"classes":[]}],"_links":{"self":[{"href":"https:\/\/www.grieta.org.mx\/index.php\/wp-json\/wp\/v2\/posts\/12666","targetHints":{"allow":["GET"]}}],"collection":[{"href":"https:\/\/www.grieta.org.mx\/index.php\/wp-json\/wp\/v2\/posts"}],"about":[{"href":"https:\/\/www.grieta.org.mx\/index.php\/wp-json\/wp\/v2\/types\/post"}],"author":[{"embeddable":true,"href":"https:\/\/www.grieta.org.mx\/index.php\/wp-json\/wp\/v2\/users\/2"}],"replies":[{"embeddable":true,"href":"https:\/\/www.grieta.org.mx\/index.php\/wp-json\/wp\/v2\/comments?post=12666"}],"version-history":[{"count":1,"href":"https:\/\/www.grieta.org.mx\/index.php\/wp-json\/wp\/v2\/posts\/12666\/revisions"}],"predecessor-version":[{"id":12668,"href":"https:\/\/www.grieta.org.mx\/index.php\/wp-json\/wp\/v2\/posts\/12666\/revisions\/12668"}],"wp:featuredmedia":[{"embeddable":true,"href":"https:\/\/www.grieta.org.mx\/index.php\/wp-json\/wp\/v2\/media\/21928"}],"wp:attachment":[{"href":"https:\/\/www.grieta.org.mx\/index.php\/wp-json\/wp\/v2\/media?parent=12666"}],"wp:term":[{"taxonomy":"category","embeddable":true,"href":"https:\/\/www.grieta.org.mx\/index.php\/wp-json\/wp\/v2\/categories?post=12666"},{"taxonomy":"post_tag","embeddable":true,"href":"https:\/\/www.grieta.org.mx\/index.php\/wp-json\/wp\/v2\/tags?post=12666"}],"curies":[{"name":"wp","href":"https:\/\/api.w.org\/{rel}","templated":true}]}}