{"id":12662,"date":"2015-05-28T02:28:50","date_gmt":"2015-05-28T02:28:50","guid":{"rendered":"http:\/\/www.grieta.org.mx\/?p=12662"},"modified":"2016-05-20T02:32:04","modified_gmt":"2016-05-20T02:32:04","slug":"en-chilapa-no-hay-desaparecidos-la-desaparecida-es-la-investigacion-dicen-alla","status":"publish","type":"post","link":"https:\/\/www.grieta.org.mx\/index.php\/2015\/05\/28\/en-chilapa-no-hay-desaparecidos-la-desaparecida-es-la-investigacion-dicen-alla\/","title":{"rendered":"En Chilapa no hay desaparecidos, la desaparecida es la investigaci\u00f3n, dicen all\u00e1"},"content":{"rendered":"<p>La Uni\u00f3n de Morelos<\/p>\n<p>La regi\u00f3n de la monta\u00f1a de Guerrero es la meca del cultivo de amapola en M\u00e9xico y Chilapa su paso necesario para transportarla, una ubicaci\u00f3n que convierte a este municipio en un polvor\u00edn que estall\u00f3 hace dos semanas, cuando la ciudad estuvo sitiada por personas armadas durante cinco d\u00edas.<br \/>\nJornadas de p\u00e1nico que arrancaron el 9 de mayo en las que \u201cnadie pod\u00eda salir\u201d a la calle porque \u201clos que sal\u00edan los levantaban (secuestraban), los golpeaban o los extorsionaban\u201d, asegura a Efe Jos\u00e9 D\u00edaz Navarro, vecino del municipio.<br \/>\nEn los \u00faltimos meses este maestro se ha convertido en experto en la geoestrategia de los c\u00e1rteles de la droga que operan en la zona, Los Ardillos y Los Rojos, pues los primeros desaparecieron hace medio a\u00f1o a cinco de sus familiares y, ante la inoperancia de las autoridades, emprendi\u00f3 una investigaci\u00f3n particular con la que averigu\u00f3 \u201cel 70 por ciento de la pel\u00edcula\u201d.<br \/>\nPor ello sabe que no volver\u00e1 a verlos y ya no los llama desaparecidos. \u201cLo que est\u00e1 desaparecida es la investigaci\u00f3n\u201d, cuenta en un restaurante de Chilapa frente a los familiares de otros desaparecidos, los que han hecho saltar las alarmas de la extrema violencia existente en el municipio.<br \/>\nLas catorce familias que tras el sitio, el segundo producido en un a\u00f1o, asegura D\u00edaz, denunciaron la desaparici\u00f3n de uno de sus seres queridos y que extraoficialmente son una treintena porque hay \u201cmuchos otros casos donde no existen las denuncias por temor\u201d.<br \/>\nD\u00edaz, quien act\u00faa como portavoz de las familias, hace un diagn\u00f3stico claro de su caso, ampliable al problema actual: fue \u201cun acto de venganza de Los Ardillos contra Los Rojos\u201d, ya que \u201cagarran a quien sea\u201d, pues \u201clo que importa para ellos es dejar un mensaje con n\u00famero de cuerpos, decapitaciones, desmembramientos\u201d.<br \/>\nY es que Chilapa est\u00e1 dominada por Los Rojos, esos a los que los habitantes prefieren no mirar. \u201cLos grupos de hombres armados se han pasado aqu\u00ed a todas horas del d\u00eda, pero para evitar tener un problema con ellos pues cuando van pasando all\u00e1 uno voltea ac\u00e1\u201d.<br \/>\nPese a que se declaran ajenos a todo esto, a\u00f1ade D\u00edaz, los narcos los est\u00e1n \u201cetiquetando\u201d. \u201cTodos los de las otras comunidades son Ardillos y ellos nos denominan a todos los de Chilapa y estas comunidades de Rojos y hay muchos que no tenemos nada que ver\u201d.<br \/>\nEsta clasificaci\u00f3n tambi\u00e9n se est\u00e1 haciendo a nivel pol\u00edtico, en plena campa\u00f1a electoral, que se hace notar en las calles de Chilapa con las pegadizas canciones en coches con megafon\u00eda, como si all\u00ed no pasara nada.<br \/>\n\u201cYa se etiquetan que Los Rojos son del Partido Revolucionario Institucional (PRI) y Los Ardillos del Partido de la Revoluci\u00f3n Democr\u00e1tica (PRD). Esta situaci\u00f3n se est\u00e1 poniendo cada vez m\u00e1s dif\u00edcil porque dentro de la pol\u00edtica est\u00e1 operando el narcotr\u00e1fico o la delincuencia organizada\u201d, agreg\u00f3.<br \/>\nHace unas semanas y despu\u00e9s de un acto de campa\u00f1a, el candidato del PRI a la alcald\u00eda, Ulises Fabi\u00e1n, fue asesinado a balazos. Cuentan que fueron Los Ardillos.<br \/>\nPero la existencia de una posible vinculaci\u00f3n pol\u00edtica va m\u00e1s all\u00e1 de los rumores, pues llega hasta los v\u00ednculos sangu\u00edneos. Bernardo Ortega, hoy presidente de la Comisi\u00f3n de Gobierno del Congreso de Guerrero, era hijo del l\u00edder de Los Ardillos, Celso Ortega, detenido, liberado y ejecutado.<br \/>\nEl pol\u00edtico del PRD es, por tanto, hermano de los principales l\u00edderes de Los Ardillos, con quienes, asegura, no tiene relaci\u00f3n.<br \/>\nEn aquellos d\u00edas de sitio, Chilapa no estaba solo, pero lo parec\u00eda. Fuerzas del Ej\u00e9rcito andaban por las calles, omisas a la petici\u00f3n de ayuda de los ciudadanos.<br \/>\n\u201cA la vista de ellos (los narcos) hac\u00edan lo que quer\u00edan y ellos (los militares) no hac\u00edan nada. Mis hijas fueron a decirles (de una desaparici\u00f3n) y ellos les dijeron que no pod\u00edan hacer nada porque no ten\u00edan la orden de actuar\u201d, cuenta a Efe Lucina Reyes Carrasco, madre de uno de los j\u00f3venes.<br \/>\nAlexandro Nava Reyes, de 21 a\u00f1os, lleva desaparecido desde la noche del 10 de mayo. Era transportista, un joven trabajador. \u201cMucha gente dice que se lo llevaron porque es Nava y la persona que andan buscando es Nava y ellos piensan que somos familiares\u201d, se\u00f1ala.<br \/>\nAl irrumpir en el municipio, los presuntos l\u00edderes comunitarios exigieron \u201ctres cabezas\u201d de l\u00edderes Rojos. \u201cSi ellos est\u00e1n peleando lo que est\u00e1n peleando que investiguen, que no agarren gente inocente\u201d, sostiene esta madre entre l\u00e1grimas, cansada de dar entrevistas, pues lo \u00fanico que quiere es volver a ver a su hijo.<br \/>\nY reclama al presidente municipal, Francisco Javier Garc\u00eda, que no estuvo cuando sucedieron los hechos y al gobernador de Guerrero, Rogelio Ortega, que lleg\u00f3 al lugar 15 d\u00edas despu\u00e9s.<br \/>\n\u201cA veces llegamos a pensar que a lo mejor \u00e9l (Ortega) est\u00e1 de acuerdo con ellos porque \u00e9l dej\u00f3 que hicieran lo que quisieran y no movi\u00f3 ni un dedo\u201d, apunta.<br \/>\nEl origen del conflicto de Chilapa es su ubicaci\u00f3n, abajo de la monta\u00f1a guerrerense, donde se cultiva gran parte de la droga de moda en Estados Unidos, la hero\u00edna, producida a partir de la amapola.<br \/>\nEstudios de la agencia antidrogas DEA y datos de las propias autoridades mexicanas de decomiso de este opi\u00e1ceo muestran un aumento notable de su consumo y, en consecuencia, una incremento del precio y de la producci\u00f3n en M\u00e9xico.<br \/>\nDespu\u00e9s de que la polic\u00eda comunitaria llegara a Petaquillas, otro importante punto estrat\u00e9gico, Chilapa se ha convertido en el paso necesario de esta droga y, por lo tanto, en la plaza a conquistar para sacar la mercanc\u00eda desde el sur, rumbo al norte.<\/p>\n<p><a href=\"http:\/\/www.launion.com.mx\/morelos\/nacional\/noticias\/72219-en-chilapa-no-hay-desaparecidos-la-desaparecida-es-la-investigacion-dicen-alla.html\">http:\/\/www.launion.com.mx\/morelos\/nacional\/noticias\/72219-en-chilapa-no-hay-desaparecidos-la-desaparecida-es-la-investigacion-dicen-alla.html<\/a><\/p>\n","protected":false},"excerpt":{"rendered":"<p>La Uni\u00f3n de Morelos La regi\u00f3n de la monta\u00f1a de Guerrero es la meca del cultivo de amapola en M\u00e9xico y Chilapa su paso necesario para transportarla, una ubicaci\u00f3n que &hellip; <a href=\"https:\/\/www.grieta.org.mx\/index.php\/2015\/05\/28\/en-chilapa-no-hay-desaparecidos-la-desaparecida-es-la-investigacion-dicen-alla\/\" class=\"more-link\">Leer m\u00e1s<\/a><\/p>\n","protected":false},"author":2,"featured_media":21928,"comment_status":"closed","ping_status":"closed","sticky":false,"template":"","format":"standard","meta":{"ngg_post_thumbnail":0,"_jetpack_newsletter_access":"","_jetpack_dont_email_post_to_subs":false,"_jetpack_newsletter_tier_id":0,"_jetpack_memberships_contains_paywalled_content":false,"_jetpack_memberships_contains_paid_content":false,"footnotes":""},"categories":[80],"tags":[568,121,669],"class_list":["post-12662","post","type-post","status-publish","format-standard","has-post-thumbnail","hentry","category-cintillo","tag-chilapa","tag-desaparecidos","tag-grupos-armados","entry"],"jetpack_featured_media_url":"https:\/\/www.grieta.org.mx\/wp-content\/uploads\/2018\/03\/14524434_1106112876131411_958039263622046936_o.jpg","jetpack_sharing_enabled":true,"jetpack_shortlink":"https:\/\/wp.me\/p7ZJR4-3ie","jetpack_likes_enabled":false,"jetpack-related-posts":[{"id":40743,"url":"https:\/\/www.grieta.org.mx\/index.php\/2019\/10\/29\/rompen-muro-del-miedo-para-exigir-alto-a-la-violencia-en-chilapa-guerrero\/","url_meta":{"origin":12662,"position":0},"title":"Rompen muro del miedo para exigir alto a la violencia en Chilapa (Guerrero)","author":"Admin","date":"29 octubre, 2019","format":false,"excerpt":"Eduardo Yener \/ Quadrat\u00edn CHILAPA, Gro., 29 de octubre de 2019.- El foro Rompiendo el Muro del Miedo, organizado por el Frente Guerrero por Nuestros Desaparecidos, cobr\u00f3 inter\u00e9s p\u00fablico por dos razones: una, porque las familias siguen exigiendo justicia por sus hijos, hermanos, madres, padres y esposos; dos, porque a\u2026","rel":"","context":"En &quot;CINTILLO&quot;","block_context":{"text":"CINTILLO","link":"https:\/\/www.grieta.org.mx\/index.php\/category\/cintillo\/"},"img":{"alt_text":"","src":"https:\/\/i0.wp.com\/www.grieta.org.mx\/wp-content\/uploads\/2019\/11\/encuentro-chilapa1-1024x576.jpg?resize=350%2C200&ssl=1","width":350,"height":200,"srcset":"https:\/\/i0.wp.com\/www.grieta.org.mx\/wp-content\/uploads\/2019\/11\/encuentro-chilapa1-1024x576.jpg?resize=350%2C200&ssl=1 1x, https:\/\/i0.wp.com\/www.grieta.org.mx\/wp-content\/uploads\/2019\/11\/encuentro-chilapa1-1024x576.jpg?resize=525%2C300&ssl=1 1.5x, https:\/\/i0.wp.com\/www.grieta.org.mx\/wp-content\/uploads\/2019\/11\/encuentro-chilapa1-1024x576.jpg?resize=700%2C400&ssl=1 2x"},"classes":[]},{"id":12705,"url":"https:\/\/www.grieta.org.mx\/index.php\/2016\/05\/12\/comite-siempre-vivos-halla-dos-fosas-con-restos-humanos-en-chilapa\/","url_meta":{"origin":12662,"position":1},"title":"Comit\u00e9 \u201cSiempre vivos\u201d halla dos fosas con restos humanos en Chilapa","author":"grieta","date":"12 mayo, 2016","format":false,"excerpt":"Proceso Ezequiel Flores Contreras Ciudad de M\u00e9xico (Apro). Organizaci\u00f3n Siempre vivos descubrieron dos fosas clandestinas con restos humanos en el predio denominado Loma Larga, ubicado en el camino que conduce al poblado de Tepehuixco, municipio de Chilapa. El hecho ocurri\u00f3 este mediod\u00eda durante las brigadas ciudadanas de b\u00fasqueda de desaparecidos,\u2026","rel":"","context":"En &quot;CINTILLO&quot;","block_context":{"text":"CINTILLO","link":"https:\/\/www.grieta.org.mx\/index.php\/category\/cintillo\/"},"img":{"alt_text":"","src":"https:\/\/i0.wp.com\/www.grieta.org.mx\/wp-content\/uploads\/2018\/03\/14524434_1106112876131411_958039263622046936_o.jpg?resize=350%2C200&ssl=1","width":350,"height":200,"srcset":"https:\/\/i0.wp.com\/www.grieta.org.mx\/wp-content\/uploads\/2018\/03\/14524434_1106112876131411_958039263622046936_o.jpg?resize=350%2C200&ssl=1 1x, https:\/\/i0.wp.com\/www.grieta.org.mx\/wp-content\/uploads\/2018\/03\/14524434_1106112876131411_958039263622046936_o.jpg?resize=525%2C300&ssl=1 1.5x, https:\/\/i0.wp.com\/www.grieta.org.mx\/wp-content\/uploads\/2018\/03\/14524434_1106112876131411_958039263622046936_o.jpg?resize=700%2C400&ssl=1 2x"},"classes":[]},{"id":12564,"url":"https:\/\/www.grieta.org.mx\/index.php\/2016\/06\/08\/los-desaparecidos-de-chilapa\/","url_meta":{"origin":12662,"position":2},"title":"Desaparecidos Guerrero","author":"grieta","date":"8 junio, 2016","format":false,"excerpt":"Desaparecidos de Chilapa 08\/06\/16. Siempre Vivos anuncia reinicio de b\u00fasqueda de fosas en Chilapa Bajo Palabra 26\/05\/16. Nadie detiene a Ardillos y Rojos, que tienen postrada Chilapa Proceso 20\/05\/16. Colectivo Siempre Vivos de Chilapa extender\u00e1 b\u00fasqueda de fosas El Faro 15\/05\/16. Chilapa huele a miedo y corrupci\u00f3n, Los Otros Desaparecidos\u2026","rel":"","context":"En &quot;Desaparecidos&quot;","block_context":{"text":"Desaparecidos","link":"https:\/\/www.grieta.org.mx\/index.php\/category\/temas-nacionales\/desaparecidos\/"},"img":{"alt_text":"","src":"https:\/\/i0.wp.com\/www.grieta.org.mx\/wp-content\/uploads\/2018\/03\/14524434_1106112876131411_958039263622046936_o.jpg?resize=350%2C200&ssl=1","width":350,"height":200,"srcset":"https:\/\/i0.wp.com\/www.grieta.org.mx\/wp-content\/uploads\/2018\/03\/14524434_1106112876131411_958039263622046936_o.jpg?resize=350%2C200&ssl=1 1x, https:\/\/i0.wp.com\/www.grieta.org.mx\/wp-content\/uploads\/2018\/03\/14524434_1106112876131411_958039263622046936_o.jpg?resize=525%2C300&ssl=1 1.5x, https:\/\/i0.wp.com\/www.grieta.org.mx\/wp-content\/uploads\/2018\/03\/14524434_1106112876131411_958039263622046936_o.jpg?resize=700%2C400&ssl=1 2x"},"classes":[]},{"id":12732,"url":"https:\/\/www.grieta.org.mx\/index.php\/2016\/05\/19\/grupo-armado-secuestra-a-empresario-y-familiares-en-chilapa\/","url_meta":{"origin":12662,"position":3},"title":"Grupo armado secuestra a empresario y familiares en Chilapa","author":"grieta","date":"19 mayo, 2016","format":false,"excerpt":"Proceso, Ezequiel Flores Contreras Chilpancingo (apro). Un grupo armado secuestr\u00f3 a un empresario y su familia en las inmediaciones del municipio de Chilapa, indican reportes oficiales. El hecho se registr\u00f3 el s\u00e1bado 14, cuando C\u00e1ndido N\u00fa\u00f1ez Hern\u00e1ndez, propietario de almacenes de materiales para la construcci\u00f3n, viajaba con su esposa, sus\u2026","rel":"","context":"En &quot;CINTILLO&quot;","block_context":{"text":"CINTILLO","link":"https:\/\/www.grieta.org.mx\/index.php\/category\/cintillo\/"},"img":{"alt_text":"","src":"https:\/\/i0.wp.com\/www.grieta.org.mx\/wp-content\/uploads\/2018\/03\/14524434_1106112876131411_958039263622046936_o.jpg?resize=350%2C200&ssl=1","width":350,"height":200,"srcset":"https:\/\/i0.wp.com\/www.grieta.org.mx\/wp-content\/uploads\/2018\/03\/14524434_1106112876131411_958039263622046936_o.jpg?resize=350%2C200&ssl=1 1x, https:\/\/i0.wp.com\/www.grieta.org.mx\/wp-content\/uploads\/2018\/03\/14524434_1106112876131411_958039263622046936_o.jpg?resize=525%2C300&ssl=1 1.5x, https:\/\/i0.wp.com\/www.grieta.org.mx\/wp-content\/uploads\/2018\/03\/14524434_1106112876131411_958039263622046936_o.jpg?resize=700%2C400&ssl=1 2x"},"classes":[]},{"id":12727,"url":"https:\/\/www.grieta.org.mx\/index.php\/2016\/05\/15\/chilapa-huele-a-miedo-y-corrupcion-los-otros-desaparecidos\/","url_meta":{"origin":12662,"position":4},"title":"Chilapa huele a miedo y corrupci\u00f3n, Los Otros Desaparecidos","author":"grieta","date":"15 mayo, 2016","format":false,"excerpt":"El Sur Luis Daniel Nava Chilapa. Se van del municipio los integrantes de Los Otros Desaparecidos de Iguala que en dos d\u00edas hallaron dos entierros clandestinos con cuatro cuerpos. \u201cVenimos a exhibir la falta de voluntad del gobierno y su mal trabajo\u201d, se\u00f1ala Mario Vergara Chilapa huele a miedo, a\u2026","rel":"","context":"En &quot;CINTILLO&quot;","block_context":{"text":"CINTILLO","link":"https:\/\/www.grieta.org.mx\/index.php\/category\/cintillo\/"},"img":{"alt_text":"","src":"https:\/\/i0.wp.com\/www.grieta.org.mx\/wp-content\/uploads\/2018\/03\/14524434_1106112876131411_958039263622046936_o.jpg?resize=350%2C200&ssl=1","width":350,"height":200,"srcset":"https:\/\/i0.wp.com\/www.grieta.org.mx\/wp-content\/uploads\/2018\/03\/14524434_1106112876131411_958039263622046936_o.jpg?resize=350%2C200&ssl=1 1x, https:\/\/i0.wp.com\/www.grieta.org.mx\/wp-content\/uploads\/2018\/03\/14524434_1106112876131411_958039263622046936_o.jpg?resize=525%2C300&ssl=1 1.5x, https:\/\/i0.wp.com\/www.grieta.org.mx\/wp-content\/uploads\/2018\/03\/14524434_1106112876131411_958039263622046936_o.jpg?resize=700%2C400&ssl=1 2x"},"classes":[]},{"id":12691,"url":"https:\/\/www.grieta.org.mx\/index.php\/2016\/05\/11\/familiares-de-victimas-alistan-busqueda-de-desaparecidos-de-chilapa-y-zitlala\/","url_meta":{"origin":12662,"position":5},"title":"Familiares de v\u00edctimas alistan b\u00fasqueda de desaparecidos de Chilapa y Zitlala","author":"grieta","date":"11 mayo, 2016","format":false,"excerpt":"\u00a0 \u00a0 \u00a0 \u00a0 \u00a0 \u00a0 \u00a0 \u00a0 \u00a0 \u00a0 Funcionarios de la CNDH imparten taller a familiares de desaparecidos. Foto: Germ\u00e1n Canseco Proceso Ezequiel Flores Contreras Chilapa (apro). Funcionarios de la Comisi\u00f3n Nacional de Derechos Humanos (CNDH) imparten un taller a familiares de desaparecidos, previo a una b\u00fasqueda ciudadana\u2026","rel":"","context":"En &quot;CINTILLO&quot;","block_context":{"text":"CINTILLO","link":"https:\/\/www.grieta.org.mx\/index.php\/category\/cintillo\/"},"img":{"alt_text":"","src":"https:\/\/i0.wp.com\/www.grieta.org.mx\/wp-content\/uploads\/2018\/03\/14524434_1106112876131411_958039263622046936_o.jpg?resize=350%2C200&ssl=1","width":350,"height":200,"srcset":"https:\/\/i0.wp.com\/www.grieta.org.mx\/wp-content\/uploads\/2018\/03\/14524434_1106112876131411_958039263622046936_o.jpg?resize=350%2C200&ssl=1 1x, https:\/\/i0.wp.com\/www.grieta.org.mx\/wp-content\/uploads\/2018\/03\/14524434_1106112876131411_958039263622046936_o.jpg?resize=525%2C300&ssl=1 1.5x, https:\/\/i0.wp.com\/www.grieta.org.mx\/wp-content\/uploads\/2018\/03\/14524434_1106112876131411_958039263622046936_o.jpg?resize=700%2C400&ssl=1 2x"},"classes":[]}],"_links":{"self":[{"href":"https:\/\/www.grieta.org.mx\/index.php\/wp-json\/wp\/v2\/posts\/12662","targetHints":{"allow":["GET"]}}],"collection":[{"href":"https:\/\/www.grieta.org.mx\/index.php\/wp-json\/wp\/v2\/posts"}],"about":[{"href":"https:\/\/www.grieta.org.mx\/index.php\/wp-json\/wp\/v2\/types\/post"}],"author":[{"embeddable":true,"href":"https:\/\/www.grieta.org.mx\/index.php\/wp-json\/wp\/v2\/users\/2"}],"replies":[{"embeddable":true,"href":"https:\/\/www.grieta.org.mx\/index.php\/wp-json\/wp\/v2\/comments?post=12662"}],"version-history":[{"count":1,"href":"https:\/\/www.grieta.org.mx\/index.php\/wp-json\/wp\/v2\/posts\/12662\/revisions"}],"predecessor-version":[{"id":12663,"href":"https:\/\/www.grieta.org.mx\/index.php\/wp-json\/wp\/v2\/posts\/12662\/revisions\/12663"}],"wp:featuredmedia":[{"embeddable":true,"href":"https:\/\/www.grieta.org.mx\/index.php\/wp-json\/wp\/v2\/media\/21928"}],"wp:attachment":[{"href":"https:\/\/www.grieta.org.mx\/index.php\/wp-json\/wp\/v2\/media?parent=12662"}],"wp:term":[{"taxonomy":"category","embeddable":true,"href":"https:\/\/www.grieta.org.mx\/index.php\/wp-json\/wp\/v2\/categories?post=12662"},{"taxonomy":"post_tag","embeddable":true,"href":"https:\/\/www.grieta.org.mx\/index.php\/wp-json\/wp\/v2\/tags?post=12662"}],"curies":[{"name":"wp","href":"https:\/\/api.w.org\/{rel}","templated":true}]}}