{"id":12659,"date":"2015-06-19T02:22:09","date_gmt":"2015-06-19T02:22:09","guid":{"rendered":"http:\/\/www.grieta.org.mx\/?p=12659"},"modified":"2016-05-20T02:24:27","modified_gmt":"2016-05-20T02:24:27","slug":"desaparecidos-de-chilapa-fueron-entregados-a-la-gendarmeria-y-policia-estatal-comisarios","status":"publish","type":"post","link":"https:\/\/www.grieta.org.mx\/index.php\/2015\/06\/19\/desaparecidos-de-chilapa-fueron-entregados-a-la-gendarmeria-y-policia-estatal-comisarios\/","title":{"rendered":"Desaparecidos de Chilapa fueron entregados a la Gendarmer\u00eda y polic\u00eda estatal: Comisarios"},"content":{"rendered":"<p>Proceso<\/p>\n<p>CHILPANCINGO, Gro. (apro).- Comisarios municipales de Chilapa se presentaron a la Fiscal\u00eda General del estado (FGE), para declarar sobre el caso de la irrupci\u00f3n del grupo delictivo \u201cLos Ardillos\u201d en la cabecera y reiteraron que las personas retenidas por los civiles armados fueron entregados a la Polic\u00eda Federal (PF) divisi\u00f3n Gendarmer\u00eda y polic\u00eda estatal.<\/p>\n<p>Al respecto, informaron que durante los seis d\u00edas que mantuvieron sitiada la ciudad de Chilapa estuvieron \u201ccoordinados\u201d con los federales y estatales, quienes estuvieron al tanto de los retenes y las detenciones que realiz\u00f3 el grupo armado, indicaron ante autoridades ministeriales.<\/p>\n<p>El representante de los bienes comunales de los poblados de San Pedro y Xiloxuchic\u00e1n, Jos\u00e9 Apolonio Villanueva Jim\u00e9nez se deslind\u00f3 del grupo delictivo \u201cLos Ardillos\u201d, que dirige la familia del presidente del Congreso estatal, el diputado local perredista Bernardo Ortega Jim\u00e9nez.<\/p>\n<p>En su declaraci\u00f3n ministerial, Villanueva Jim\u00e9nez afirm\u00f3 que \u201cno conoc\u00eda\u201d a la banda de \u201cLos Ardillos\u201d y que el problema de inseguridad se vive en la cabecera donde opera la pandilla de \u201cLos Rojos\u201d, liderada por Zen\u00e9n Nava S\u00e1nchez \u201cEl Chaparro\u201d.<\/p>\n<div align=\"center\"><\/div>\n<p>Este d\u00eda arribaron al menos 21 comisarios y representantes de bienes comunales y ejidales que encabezaron la toma de Chilapa del s\u00e1bado 9 al jueves 14, donde instalaron retenes, desarmaron a polic\u00edas municipales y retuvieron a varias personas con la complacencia del Ej\u00e9rcito y las polic\u00edas federal y estatal.<\/p>\n<p>Consultado afuera de la FGE, Jos\u00e9 Apolonio Villanueva, representante de los comisarios, dijo que adem\u00e1s de deslindarse de \u201cLos Ardillos\u201d y la desaparici\u00f3n de al menos una treintena de personas, denunciaron que \u201cLos Rojos\u201d habr\u00edan desatado previamente una ola de violencia en las comunidades.<\/p>\n<p>Dijo que tambi\u00e9n tienen decenas de personas desaparecidas situaci\u00f3n que provoc\u00f3 la suspensi\u00f3n del servicio de transporte p\u00fablico, as\u00ed como la ausencia de docentes m\u00e9dicos en la zona rural del municipio.<\/p>\n<p>Por ello, denunciaron que el alcalde priista, Francisco Garc\u00eda Gonz\u00e1lez protege al l\u00edder de \u201cLos Rojos\u201d y exigieron el restablecimiento de la seguridad en las comunidades.<\/p>\n<p>En su reciente edici\u00f3n, en circulaci\u00f3n, el semanario Proceso publica un reportaje en el que, con base en testimonios, informa c\u00f3mo \u201cLos Ardillos\u201d se apoderaron de la cabecera municipal de Chilapa, del 9 al 14 de mayo, y desaparecieron a una treintena de personas.<\/p>\n<p><a href=\"http:\/\/www.proceso.com.mx\/406061\/desaparecidos-de-chilapa-fueron-entregados-a-la-gendarmeria-y-policia-estatal-comisarios\">http:\/\/www.proceso.com.mx\/406061\/desaparecidos-de-chilapa-fueron-entregados-a-la-gendarmeria-y-policia-estatal-comisarios<\/a><\/p>\n","protected":false},"excerpt":{"rendered":"<p>Proceso CHILPANCINGO, Gro. (apro).- Comisarios municipales de Chilapa se presentaron a la Fiscal\u00eda General del estado (FGE), para declarar sobre el caso de la irrupci\u00f3n del grupo delictivo \u201cLos Ardillos\u201d &hellip; <a href=\"https:\/\/www.grieta.org.mx\/index.php\/2015\/06\/19\/desaparecidos-de-chilapa-fueron-entregados-a-la-gendarmeria-y-policia-estatal-comisarios\/\" class=\"more-link\">Leer m\u00e1s<\/a><\/p>\n","protected":false},"author":2,"featured_media":21928,"comment_status":"closed","ping_status":"closed","sticky":false,"template":"","format":"standard","meta":{"ngg_post_thumbnail":0,"_jetpack_newsletter_access":"","_jetpack_dont_email_post_to_subs":false,"_jetpack_newsletter_tier_id":0,"_jetpack_memberships_contains_paywalled_content":false,"_jetpack_memberships_contains_paid_content":false,"footnotes":""},"categories":[80],"tags":[568,121,669],"class_list":["post-12659","post","type-post","status-publish","format-standard","has-post-thumbnail","hentry","category-cintillo","tag-chilapa","tag-desaparecidos","tag-grupos-armados","entry"],"jetpack_featured_media_url":"https:\/\/www.grieta.org.mx\/wp-content\/uploads\/2018\/03\/14524434_1106112876131411_958039263622046936_o.jpg","jetpack_sharing_enabled":true,"jetpack_shortlink":"https:\/\/wp.me\/p7ZJR4-3ib","jetpack_likes_enabled":false,"jetpack-related-posts":[{"id":12564,"url":"https:\/\/www.grieta.org.mx\/index.php\/2016\/06\/08\/los-desaparecidos-de-chilapa\/","url_meta":{"origin":12659,"position":0},"title":"Desaparecidos Guerrero","author":"grieta","date":"8 junio, 2016","format":false,"excerpt":"Desaparecidos de Chilapa 08\/06\/16. Siempre Vivos anuncia reinicio de b\u00fasqueda de fosas en Chilapa Bajo Palabra 26\/05\/16. Nadie detiene a Ardillos y Rojos, que tienen postrada Chilapa Proceso 20\/05\/16. Colectivo Siempre Vivos de Chilapa extender\u00e1 b\u00fasqueda de fosas El Faro 15\/05\/16. Chilapa huele a miedo y corrupci\u00f3n, Los Otros Desaparecidos\u2026","rel":"","context":"En &quot;Desaparecidos&quot;","block_context":{"text":"Desaparecidos","link":"https:\/\/www.grieta.org.mx\/index.php\/category\/temas-nacionales\/desaparecidos\/"},"img":{"alt_text":"","src":"https:\/\/i0.wp.com\/www.grieta.org.mx\/wp-content\/uploads\/2018\/03\/14524434_1106112876131411_958039263622046936_o.jpg?resize=350%2C200&ssl=1","width":350,"height":200,"srcset":"https:\/\/i0.wp.com\/www.grieta.org.mx\/wp-content\/uploads\/2018\/03\/14524434_1106112876131411_958039263622046936_o.jpg?resize=350%2C200&ssl=1 1x, https:\/\/i0.wp.com\/www.grieta.org.mx\/wp-content\/uploads\/2018\/03\/14524434_1106112876131411_958039263622046936_o.jpg?resize=525%2C300&ssl=1 1.5x, https:\/\/i0.wp.com\/www.grieta.org.mx\/wp-content\/uploads\/2018\/03\/14524434_1106112876131411_958039263622046936_o.jpg?resize=700%2C400&ssl=1 2x"},"classes":[]},{"id":12655,"url":"https:\/\/www.grieta.org.mx\/index.php\/2015\/10\/09\/confrontan-familiares-de-desaparecidos-a-comisarios-de-chilapa\/","url_meta":{"origin":12659,"position":1},"title":"Confrontan familiares de desaparecidos a comisarios de Chilapa","author":"grieta","date":"9 octubre, 2015","format":false,"excerpt":"Bajo Palabra Familiares de desaparecidos en Chilapa, encabezados por el vocero de las v\u00edctimas, Jos\u00e9 D\u00edaz Navarro, irrumpieron durante la reuni\u00f3n de m\u00e1s de cuatro horas que comisarios integrantes de la supuesta polic\u00eda comunitaria Por la Paz y la Justicia sostuvieron con el nuevo alcalde de Chilapa, Jes\u00fas Parra. Ayer,\u2026","rel":"","context":"En &quot;CINTILLO&quot;","block_context":{"text":"CINTILLO","link":"https:\/\/www.grieta.org.mx\/index.php\/category\/cintillo\/"},"img":{"alt_text":"","src":"https:\/\/i0.wp.com\/www.grieta.org.mx\/wp-content\/uploads\/2018\/03\/14524434_1106112876131411_958039263622046936_o.jpg?resize=350%2C200&ssl=1","width":350,"height":200,"srcset":"https:\/\/i0.wp.com\/www.grieta.org.mx\/wp-content\/uploads\/2018\/03\/14524434_1106112876131411_958039263622046936_o.jpg?resize=350%2C200&ssl=1 1x, https:\/\/i0.wp.com\/www.grieta.org.mx\/wp-content\/uploads\/2018\/03\/14524434_1106112876131411_958039263622046936_o.jpg?resize=525%2C300&ssl=1 1.5x, https:\/\/i0.wp.com\/www.grieta.org.mx\/wp-content\/uploads\/2018\/03\/14524434_1106112876131411_958039263622046936_o.jpg?resize=700%2C400&ssl=1 2x"},"classes":[]},{"id":12677,"url":"https:\/\/www.grieta.org.mx\/index.php\/2016\/05\/10\/12677\/","url_meta":{"origin":12659,"position":2},"title":"Marchan juntos Siempre Vivos y representantes de padres de 43 de Ayotzinapa","author":"grieta","date":"10 mayo, 2016","format":false,"excerpt":"El Sur Luis Daniel Nava Chilapa. Familiares de desaparecidos de Chilapa y padres de los 43 normalistas de Ayotzinapa marcharon en esta ciudad para exigir a las autoridades justicia y la presentaci\u00f3n con vida de sus parientes que fueron llevados hace un a\u00f1o durante la irrupci\u00f3n de civiles armados. La\u2026","rel":"","context":"En &quot;CINTILLO&quot;","block_context":{"text":"CINTILLO","link":"https:\/\/www.grieta.org.mx\/index.php\/category\/cintillo\/"},"img":{"alt_text":"","src":"https:\/\/i0.wp.com\/www.grieta.org.mx\/wp-content\/uploads\/2018\/03\/14524434_1106112876131411_958039263622046936_o.jpg?resize=350%2C200&ssl=1","width":350,"height":200,"srcset":"https:\/\/i0.wp.com\/www.grieta.org.mx\/wp-content\/uploads\/2018\/03\/14524434_1106112876131411_958039263622046936_o.jpg?resize=350%2C200&ssl=1 1x, https:\/\/i0.wp.com\/www.grieta.org.mx\/wp-content\/uploads\/2018\/03\/14524434_1106112876131411_958039263622046936_o.jpg?resize=525%2C300&ssl=1 1.5x, https:\/\/i0.wp.com\/www.grieta.org.mx\/wp-content\/uploads\/2018\/03\/14524434_1106112876131411_958039263622046936_o.jpg?resize=700%2C400&ssl=1 2x"},"classes":[]},{"id":12565,"url":"https:\/\/www.grieta.org.mx\/index.php\/2016\/03\/24\/200-civiles-armados-ingresaron-a-chilapa-se-retiraron-luego-de-un-acuerdo-pf\/","url_meta":{"origin":12659,"position":3},"title":"200 civiles armados ingresaron a Chilapa; se retiraron luego de un acuerdo: PF","author":"grieta","date":"24 marzo, 2016","format":false,"excerpt":"Eran 200 los civiles armados que ingresaron a Chilapa; se retiraron luego de un acuerdo: PF El Sur Luis Daniel Nava Chilapa. Los civiles armados que ingresaron anoche a la cabecera minicipal de Chilapa y estuvieron dos horas, eran 200 y son guardias comunitarios provenientes de localidades del sur del\u2026","rel":"","context":"En &quot;Desaparecidos&quot;","block_context":{"text":"Desaparecidos","link":"https:\/\/www.grieta.org.mx\/index.php\/category\/temas-nacionales\/desaparecidos\/"},"img":{"alt_text":"","src":"https:\/\/i0.wp.com\/www.grieta.org.mx\/wp-content\/uploads\/2018\/03\/14524434_1106112876131411_958039263622046936_o.jpg?resize=350%2C200&ssl=1","width":350,"height":200,"srcset":"https:\/\/i0.wp.com\/www.grieta.org.mx\/wp-content\/uploads\/2018\/03\/14524434_1106112876131411_958039263622046936_o.jpg?resize=350%2C200&ssl=1 1x, https:\/\/i0.wp.com\/www.grieta.org.mx\/wp-content\/uploads\/2018\/03\/14524434_1106112876131411_958039263622046936_o.jpg?resize=525%2C300&ssl=1 1.5x, https:\/\/i0.wp.com\/www.grieta.org.mx\/wp-content\/uploads\/2018\/03\/14524434_1106112876131411_958039263622046936_o.jpg?resize=700%2C400&ssl=1 2x"},"classes":[]},{"id":12651,"url":"https:\/\/www.grieta.org.mx\/index.php\/2016\/03\/24\/200-civiles-armados-ingresaron-a-chilapa-se-retiraron-luego-de-un-acuerdo-pf-2\/","url_meta":{"origin":12659,"position":4},"title":"200 civiles armados ingresaron a Chilapa; se retiraron luego de un acuerdo: PF","author":"grieta","date":"24 marzo, 2016","format":false,"excerpt":"El Sur Luis Daniel Nava Los civiles armados que ingresaron anoche a la cabecera minicipal de Chilapa y estuvieron dos horas, eran 200 y son guardias comunitarios provenientes de localidades del sur del municipio, y llegaron para exigir que la Polic\u00eda Ministerial les devuelva sus armas decomisadas. Seg\u00fan testigos, la\u2026","rel":"","context":"En &quot;CINTILLO&quot;","block_context":{"text":"CINTILLO","link":"https:\/\/www.grieta.org.mx\/index.php\/category\/cintillo\/"},"img":{"alt_text":"","src":"https:\/\/i0.wp.com\/www.grieta.org.mx\/wp-content\/uploads\/2018\/03\/14524434_1106112876131411_958039263622046936_o.jpg?resize=350%2C200&ssl=1","width":350,"height":200,"srcset":"https:\/\/i0.wp.com\/www.grieta.org.mx\/wp-content\/uploads\/2018\/03\/14524434_1106112876131411_958039263622046936_o.jpg?resize=350%2C200&ssl=1 1x, https:\/\/i0.wp.com\/www.grieta.org.mx\/wp-content\/uploads\/2018\/03\/14524434_1106112876131411_958039263622046936_o.jpg?resize=525%2C300&ssl=1 1.5x, https:\/\/i0.wp.com\/www.grieta.org.mx\/wp-content\/uploads\/2018\/03\/14524434_1106112876131411_958039263622046936_o.jpg?resize=700%2C400&ssl=1 2x"},"classes":[]},{"id":12592,"url":"https:\/\/www.grieta.org.mx\/index.php\/2016\/05\/09\/a-un-ano-de-la-incursion-a-chilapa-nada-se-sabe-de-16-desaparecidos\/","url_meta":{"origin":12659,"position":5},"title":"A un a\u00f1o de la incursi\u00f3n a Chilapa, nada se sabe de 16 desaparecidos","author":"grieta","date":"9 mayo, 2016","format":false,"excerpt":"El Sur Luis Daniel Nava Chilapa. Este d\u00eda se cumple un a\u00f1o de la incursi\u00f3n armada a esta ciudad de m\u00e1s de 300 pobladores y autoridades de las comunidades del sur del municipio de Chilapa con el prop\u00f3sito de exigir seguridad y para catear viviendas y detener a los presuntos\u2026","rel":"","context":"En &quot;CINTILLO&quot;","block_context":{"text":"CINTILLO","link":"https:\/\/www.grieta.org.mx\/index.php\/category\/cintillo\/"},"img":{"alt_text":"","src":"https:\/\/i0.wp.com\/www.grieta.org.mx\/wp-content\/uploads\/2018\/03\/14524434_1106112876131411_958039263622046936_o.jpg?resize=350%2C200&ssl=1","width":350,"height":200,"srcset":"https:\/\/i0.wp.com\/www.grieta.org.mx\/wp-content\/uploads\/2018\/03\/14524434_1106112876131411_958039263622046936_o.jpg?resize=350%2C200&ssl=1 1x, https:\/\/i0.wp.com\/www.grieta.org.mx\/wp-content\/uploads\/2018\/03\/14524434_1106112876131411_958039263622046936_o.jpg?resize=525%2C300&ssl=1 1.5x, https:\/\/i0.wp.com\/www.grieta.org.mx\/wp-content\/uploads\/2018\/03\/14524434_1106112876131411_958039263622046936_o.jpg?resize=700%2C400&ssl=1 2x"},"classes":[]}],"_links":{"self":[{"href":"https:\/\/www.grieta.org.mx\/index.php\/wp-json\/wp\/v2\/posts\/12659","targetHints":{"allow":["GET"]}}],"collection":[{"href":"https:\/\/www.grieta.org.mx\/index.php\/wp-json\/wp\/v2\/posts"}],"about":[{"href":"https:\/\/www.grieta.org.mx\/index.php\/wp-json\/wp\/v2\/types\/post"}],"author":[{"embeddable":true,"href":"https:\/\/www.grieta.org.mx\/index.php\/wp-json\/wp\/v2\/users\/2"}],"replies":[{"embeddable":true,"href":"https:\/\/www.grieta.org.mx\/index.php\/wp-json\/wp\/v2\/comments?post=12659"}],"version-history":[{"count":1,"href":"https:\/\/www.grieta.org.mx\/index.php\/wp-json\/wp\/v2\/posts\/12659\/revisions"}],"predecessor-version":[{"id":12661,"href":"https:\/\/www.grieta.org.mx\/index.php\/wp-json\/wp\/v2\/posts\/12659\/revisions\/12661"}],"wp:featuredmedia":[{"embeddable":true,"href":"https:\/\/www.grieta.org.mx\/index.php\/wp-json\/wp\/v2\/media\/21928"}],"wp:attachment":[{"href":"https:\/\/www.grieta.org.mx\/index.php\/wp-json\/wp\/v2\/media?parent=12659"}],"wp:term":[{"taxonomy":"category","embeddable":true,"href":"https:\/\/www.grieta.org.mx\/index.php\/wp-json\/wp\/v2\/categories?post=12659"},{"taxonomy":"post_tag","embeddable":true,"href":"https:\/\/www.grieta.org.mx\/index.php\/wp-json\/wp\/v2\/tags?post=12659"}],"curies":[{"name":"wp","href":"https:\/\/api.w.org\/{rel}","templated":true}]}}