{"id":12633,"date":"2016-05-19T17:26:07","date_gmt":"2016-05-19T17:26:07","guid":{"rendered":"http:\/\/www.grieta.org.mx\/?p=12633"},"modified":"2016-05-19T17:26:07","modified_gmt":"2016-05-19T17:26:07","slug":"sin-banco-de-datos-seguira-danza-de-cifras-sobre-feminicidio","status":"publish","type":"post","link":"https:\/\/www.grieta.org.mx\/index.php\/2016\/05\/19\/sin-banco-de-datos-seguira-danza-de-cifras-sobre-feminicidio\/","title":{"rendered":"Sin banco de datos seguir\u00e1 danza de cifras sobre feminicidio"},"content":{"rendered":"<p><img loading=\"lazy\" decoding=\"async\" data-attachment-id=\"12635\" data-permalink=\"https:\/\/www.grieta.org.mx\/index.php\/2016\/05\/19\/sin-banco-de-datos-seguira-danza-de-cifras-sobre-feminicidio\/banco-datos-cifras-feminicidio\/\" data-orig-file=\"https:\/\/www.grieta.org.mx\/wp-content\/uploads\/2016\/05\/banco-datos-cifras-feminicidio-.jpg\" data-orig-size=\"900,600\" data-comments-opened=\"0\" data-image-meta=\"{&quot;aperture&quot;:&quot;3.5&quot;,&quot;credit&quot;:&quot;&quot;,&quot;camera&quot;:&quot;Canon EOS 5D Mark II&quot;,&quot;caption&quot;:&quot;&quot;,&quot;created_timestamp&quot;:&quot;1431605307&quot;,&quot;copyright&quot;:&quot;\\u00a9 C\\u00e9sar Mart\\u00ednez L\\u00f3pez&quot;,&quot;focal_length&quot;:&quot;28&quot;,&quot;iso&quot;:&quot;100&quot;,&quot;shutter_speed&quot;:&quot;0.00025&quot;,&quot;title&quot;:&quot;&quot;,&quot;orientation&quot;:&quot;0&quot;}\" data-image-title=\"Banco de datos cifras feminicidio\" data-image-description=\"\" data-image-caption=\"\" data-medium-file=\"https:\/\/www.grieta.org.mx\/wp-content\/uploads\/2016\/05\/banco-datos-cifras-feminicidio--300x200.jpg\" data-large-file=\"https:\/\/www.grieta.org.mx\/wp-content\/uploads\/2016\/05\/banco-datos-cifras-feminicidio-.jpg\" class=\"alignright wp-image-12635\" src=\"http:\/\/www.grieta.org.mx\/wp-content\/uploads\/2016\/05\/banco-datos-cifras-feminicidio--300x200.jpg\" alt=\"Banco de datos cifras feminicidio\" width=\"680\" height=\"453\" srcset=\"https:\/\/www.grieta.org.mx\/wp-content\/uploads\/2016\/05\/banco-datos-cifras-feminicidio--300x200.jpg 300w, https:\/\/www.grieta.org.mx\/wp-content\/uploads\/2016\/05\/banco-datos-cifras-feminicidio--768x512.jpg 768w, https:\/\/www.grieta.org.mx\/wp-content\/uploads\/2016\/05\/banco-datos-cifras-feminicidio-.jpg 900w\" sizes=\"auto, (max-width: 680px) 100vw, 680px\" \/><\/p>\n<p>Presume Veracruz descenso de casos, pero no hay claridad<\/p>\n<p>Mientras en M\u00e9xico no funcione eficazmente el Banco Nacional de Datos e Informaci\u00f3n sobre Casos de Violencia contra las Mujeres (Banavim) \u2013cuya creaci\u00f3n fue ordenada por ley desde 2007\u2013, faltar\u00e1n datos certeros sobre los casos de feminicidio y estrategias para prevenirlos, criticaron activistas.<\/p>\n<p>Mar\u00eda de la Luz Estrada, coordinadora del Observatorio Ciudadano Nacional del Feminicidio (OCNF), y Montserrat D\u00edaz, coordinadora del Colectivo Feminista de Xalapa, aseguraron que si bien no hay claridad en el n\u00famero de casos de feminicidio en el estado de Veracruz, los casos contin\u00faan y no se sabe qu\u00e9 hacen las autoridades al respecto.<\/p>\n<p>As\u00ed lo dijeron luego de que la Secretar\u00eda de Gobierno de esa entidad informara la v\u00edspera en un bolet\u00edn que, de acuerdo con ONU-Mujeres, Veracruz ocupa el lugar 27 en el listado de estados con el mayor n\u00famero de presuntos casos de feminicidio.<\/p>\n<p>Seg\u00fan el estudio \u201cLa violencia feminicida en M\u00e9xico. Aproximaciones y tendencias 1985-2014\u201d, que realiz\u00f3 ONU-Mujeres, el Instituto Nacional de las Mujeres y la Secretar\u00eda de Gobernaci\u00f3n (Segob), en Veracruz hubo una disminuci\u00f3n de casos de feminicidio en un a\u00f1o.<\/p>\n<p>En 2014, en la entidad se report\u00f3 un descenso de 9.8 por ciento en la tasa del delito de feminicidio con respecto a 2013; sin embargo, en su bolet\u00edn, la Secretar\u00eda de Gobierno omiti\u00f3 se\u00f1alar que de 2007 a 2014 la tasa de asesinatos de mujeres aument\u00f3 en 92.4 por ciento.<\/p>\n<p>Y es que en 2014 en la entidad se registraron 90 presuntos asesinatos de mujeres, de acuerdo con la investigaci\u00f3n.<\/p>\n<p>Sin embargo, en M\u00e9xico existe una variaci\u00f3n de cifras sobre feminicidio. Incluso el reciente informe destaca que hace falta un sistema integral de informaci\u00f3n que permita conocer el n\u00famero de casos de los distintos tipos de violencia de g\u00e9nero.<\/p>\n<p>As\u00ed por ejemplo, las procuradur\u00edas de Justicia tienen una informaci\u00f3n; el Censo Nacional de Procuraci\u00f3n de Justicia Estatal otra; el Instituto Nacional de Estad\u00edstica y Geograf\u00eda (Inegi) y la Secretar\u00eda de Salud (Ss) recopilan otras cifras, y los grupos civiles hacen sus propios recuentos.<\/p>\n<p>Esto sucede aunque desde 2007 la Ley General de Acceso de las Mujeres a una Vida Libre de Violencia orden\u00f3 la creaci\u00f3n del Banavim, para tener cifras confiables. No obstante, no est\u00e1 actualizado ni es de libre acceso.<\/p>\n<p>Al respecto, Mar\u00eda de la Luz Estrada se\u00f1al\u00f3 que uno de los principales problemas para documentar el feminicidio es la fuente de informaci\u00f3n, pues la autoridad que determina si fue un homicidio doloso es un Ministerio P\u00fablico, y por tanto a\u00fan es un desaf\u00edo contar con datos confiables.<\/p>\n<p>Mencion\u00f3 que mecanismos internacionales como el Comit\u00e9 de la Convenci\u00f3n sobre la Eliminaci\u00f3n de Todas las Formas de Discriminaci\u00f3n contra la Mujer (CEDAW, por sus siglas en ingl\u00e9s), ya ha recomendado tener datos fidedignos para hacer un diagn\u00f3stico y elaborar pol\u00edticas p\u00fablicas en la materia.<\/p>\n<p>A decir de la activista, si bien existe el Banavim, no se est\u00e1 alimentando y lo que revela el informe de la ONU es que en M\u00e9xico hay un problema grave de asesinatos de mujeres, quienes son privadas de la vida de manera brutal, y muchas veces son v\u00edctimas de violaci\u00f3n sexual.<\/p>\n<p>Cabe decir que de acuerdo con el proyecto \u201cViolencia contra mujeres y ni\u00f1as. Monitoreo de medios de comunicaci\u00f3n en Veracruz\u201d, de la Universidad Veracruzana, del 1 de enero al 30 de abril de 2016, los medios informativos locales reportaron 54 casos de veracruzanas asesinadas.<\/p>\n<p>Seg\u00fan la descripci\u00f3n de los hechos, en 42 de los casos se trat\u00f3 de feminicidio; adem\u00e1s se report\u00f3 la desaparici\u00f3n de 108 mujeres y ni\u00f1as, y 333 tipos de violencia de g\u00e9nero.<\/p>\n<p>Monserrat D\u00edaz mencion\u00f3 que en Veracruz no se ha notado una baja en el n\u00famero de asesinatos de mujeres, pero destac\u00f3 que lo importante es que estos casos se investiguen y sancionen, aunque sean pocos.<\/p>\n<p>Por esa raz\u00f3n, en septiembre de 2009 Equifon\u00eda y otras agrupaciones solicitaron la activaci\u00f3n de la Alerta de Violencia de G\u00e9nero (AVG) para la entidad. Del a\u00f1o 2000 a 2010 se iniciaron 728 averiguaciones por homicidios dolosos de mujeres, report\u00f3 la Procuradur\u00eda de Justicia estatal.<\/p>\n<p>Adem\u00e1s en 2012 las organizaciones civiles conocieron de 95 asesinatos de veracruzanas, y en 2013 de 92 homicidios m\u00e1s; ya en 2014 el Instituto Veracruzano de las Mujeres se\u00f1al\u00f3 24 casos de feminicidio.<\/p>\n<p>Respecto a la solicitud de AVG, en febrero pasado la Comisi\u00f3n Nacional para Prevenir y Erradicar la Violencia contra las Mujeres (Conavim), dependiente de la Segob, inform\u00f3 de una serie de recomendaciones hechas por un Grupo de Trabajo que investig\u00f3 la violencia feminicida en el estado.<\/p>\n<p>Luego del anuncio, las activistas han dado seguimiento a las recomendaciones para vigilar que el gobierno estatal las implemente, y con ello que se tomen acciones para prevenir la violencia y los asesinatos de mujeres.<\/p>\n<p>Tanto Estrada como D\u00edaz coincidieron en que las autoridades locales deber\u00edan informar de las acciones que est\u00e1n implementando para prevenir o sancionar la violencia contra las mujeres, en vez de enfocarse en informar si baj\u00f3 o no el n\u00famero de casos de feminicidio.<\/p>\n<p>CIMACFoto: C\u00e9sar Mart\u00ednez L\u00f3pez<br \/>\nPor: Anayeli Garc\u00eda Mart\u00ednez<br \/>\nCimacnoticias | Ciudad de M\u00e9xico.-<\/p>\n<p><a href=\"http:\/\/mujeresporlademocracia.blogspot.mx\/2016\/05\/sin-banco-de-datos-seguira-danza-de.html\" target=\"_blank\">http:\/\/mujeresporlademocracia.blogspot.mx\/2016\/05\/sin-banco-de-datos-seguira-danza-de.html<\/a><\/p>\n","protected":false},"excerpt":{"rendered":"<p>Presume Veracruz descenso de casos, pero no hay claridad Mientras en M\u00e9xico no funcione eficazmente el Banco Nacional de Datos e Informaci\u00f3n sobre Casos de Violencia contra las Mujeres (Banavim) &hellip; <a href=\"https:\/\/www.grieta.org.mx\/index.php\/2016\/05\/19\/sin-banco-de-datos-seguira-danza-de-cifras-sobre-feminicidio\/\" class=\"more-link\">Leer m\u00e1s<\/a><\/p>\n","protected":false},"author":2,"featured_media":21928,"comment_status":"closed","ping_status":"closed","sticky":false,"template":"","format":"standard","meta":{"ngg_post_thumbnail":0,"_jetpack_newsletter_access":"","_jetpack_dont_email_post_to_subs":false,"_jetpack_newsletter_tier_id":0,"_jetpack_memberships_contains_paywalled_content":false,"_jetpack_memberships_contains_paid_content":false,"footnotes":""},"categories":[80,367,257],"tags":[81],"class_list":["post-12633","post","type-post","status-publish","format-standard","has-post-thumbnail","hentry","category-cintillo","category-feminicidios-analisis","category-veracruz","tag-feminicidios","entry"],"jetpack_featured_media_url":"https:\/\/www.grieta.org.mx\/wp-content\/uploads\/2018\/03\/14524434_1106112876131411_958039263622046936_o.jpg","jetpack_sharing_enabled":true,"jetpack_shortlink":"https:\/\/wp.me\/p7ZJR4-3hL","jetpack_likes_enabled":false,"jetpack-related-posts":[{"id":41717,"url":"https:\/\/www.grieta.org.mx\/index.php\/2019\/11\/27\/veracruz-morelos-y-nuevo-leon-los-estados-con-las-tasas-mas-altas-de-feminicidio\/","url_meta":{"origin":12633,"position":0},"title":"Veracruz, Morelos y Nuevo Le\u00f3n, los estados con las tasas m\u00e1s altas de feminicidio","author":"grieta","date":"27 noviembre, 2019","format":false,"excerpt":"Los casos acumulados en lo que va de 2019 por cada 100 mil habitantes ya igualan a la tasa de 2018. Hallazgos \u00cdndice GLAC\/ ANIMAL POL\u00cdTICO Entre diciembre de 2018 y octubre de 2019 fueron asesinadas 907 mujeres, seg\u00fan los datos m\u00e1s recientes del Sistema Nacional de Seguridad P\u00fablica (SNSP)\u2026","rel":"","context":"En &quot;CINTILLO&quot;","block_context":{"text":"CINTILLO","link":"https:\/\/www.grieta.org.mx\/index.php\/category\/cintillo\/"},"img":{"alt_text":"","src":"https:\/\/i0.wp.com\/www.grieta.org.mx\/wp-content\/uploads\/2019\/12\/Su-lema.jpg?resize=350%2C200&ssl=1","width":350,"height":200,"srcset":"https:\/\/i0.wp.com\/www.grieta.org.mx\/wp-content\/uploads\/2019\/12\/Su-lema.jpg?resize=350%2C200&ssl=1 1x, https:\/\/i0.wp.com\/www.grieta.org.mx\/wp-content\/uploads\/2019\/12\/Su-lema.jpg?resize=525%2C300&ssl=1 1.5x, https:\/\/i0.wp.com\/www.grieta.org.mx\/wp-content\/uploads\/2019\/12\/Su-lema.jpg?resize=700%2C400&ssl=1 2x, https:\/\/i0.wp.com\/www.grieta.org.mx\/wp-content\/uploads\/2019\/12\/Su-lema.jpg?resize=1050%2C600&ssl=1 3x, https:\/\/i0.wp.com\/www.grieta.org.mx\/wp-content\/uploads\/2019\/12\/Su-lema.jpg?resize=1400%2C800&ssl=1 4x"},"classes":[]},{"id":22770,"url":"https:\/\/www.grieta.org.mx\/index.php\/2018\/04\/28\/en-cuatro-estados-mayor-impunidad-de-feminicidios\/","url_meta":{"origin":12633,"position":1},"title":"En cuatro estados mayor impunidad de feminicidios","author":"Admin","date":"28 abril, 2018","format":false,"excerpt":"En estados como Veracruz, Guerrero, Michoac\u00e1n y Morelos se clasifica a los feminicidios como cr\u00edmenes ligados al narcotr\u00e1fico, lo que genera impunidad e invisibilizaci\u00f3n del hecho, sostiene la Comisi\u00f3n para Prevenir y Erradicar la Violencia (Conavim). En esas cuatro entidades, con alto \u00edndice de criminalidad, la mayor\u00eda de los casos\u2026","rel":"","context":"En &quot;CINTILLO&quot;","block_context":{"text":"CINTILLO","link":"https:\/\/www.grieta.org.mx\/index.php\/category\/cintillo\/"},"img":{"alt_text":"","src":"https:\/\/i0.wp.com\/www.grieta.org.mx\/wp-content\/uploads\/2018\/04\/foto1-720x480.jpg?resize=350%2C200&ssl=1","width":350,"height":200,"srcset":"https:\/\/i0.wp.com\/www.grieta.org.mx\/wp-content\/uploads\/2018\/04\/foto1-720x480.jpg?resize=350%2C200&ssl=1 1x, https:\/\/i0.wp.com\/www.grieta.org.mx\/wp-content\/uploads\/2018\/04\/foto1-720x480.jpg?resize=525%2C300&ssl=1 1.5x, https:\/\/i0.wp.com\/www.grieta.org.mx\/wp-content\/uploads\/2018\/04\/foto1-720x480.jpg?resize=700%2C400&ssl=1 2x"},"classes":[]},{"id":32519,"url":"https:\/\/www.grieta.org.mx\/index.php\/2019\/04\/12\/fallan-protocolos-para-investigar-feminicidios-veracruz\/","url_meta":{"origin":12633,"position":2},"title":"Fallan protocolos para investigar feminicidios (Veracruz)","author":"grieta","date":"12 abril, 2019","format":false,"excerpt":"Misael Olmedo Sifuentes \/ Noreste Poza Rica.- Ante el incremento en casos de feminicidios ocurridos en Veracruz, el Observatorio Ciudadano Nacional del Feminicidio (OCNF) considera necesario que en la entidad se actualicen los protocolos de investigaci\u00f3n en apego al Nuevo Sistema de Justicia Penal y los est\u00e1ndares de dirigencia y\u2026","rel":"","context":"En &quot;CINTILLO&quot;","block_context":{"text":"CINTILLO","link":"https:\/\/www.grieta.org.mx\/index.php\/category\/cintillo\/"},"img":{"alt_text":"","src":"https:\/\/i0.wp.com\/www.grieta.org.mx\/wp-content\/uploads\/2019\/04\/Screenshot_2019-04-25-Fallan-protocolos-para-investigar-feminicidios.png?resize=350%2C200&ssl=1","width":350,"height":200},"classes":[]},{"id":28499,"url":"https:\/\/www.grieta.org.mx\/index.php\/2019\/01\/14\/veracruz-segundo-en-feminicidios-8-municipios-concentran-casos\/","url_meta":{"origin":12633,"position":3},"title":"Veracruz, segundo en feminicidios; 8 municipios concentran casos","author":"grieta","date":"14 enero, 2019","format":false,"excerpt":"Redacci\u00f3n \/ Imagen del Golfo Ocho municipios de Veracruz se encuentran entre los primeros 100 con m\u00e1s feminicidios en el pa\u00eds, de acuerdo con el Secretariado Ejecutivo del Sistema Nacional de Seguridad P\u00fablica (SESNSP) de la Secretar\u00eda de Gobernaci\u00f3n. Asimismo, se puntualiza que la entidad ocupe el segundo lugar a\u2026","rel":"","context":"En &quot;CINTILLO&quot;","block_context":{"text":"CINTILLO","link":"https:\/\/www.grieta.org.mx\/index.php\/category\/cintillo\/"},"img":{"alt_text":"","src":"https:\/\/i0.wp.com\/www.grieta.org.mx\/wp-content\/uploads\/2019\/01\/direct-17.jpg?resize=350%2C200&ssl=1","width":350,"height":200,"srcset":"https:\/\/i0.wp.com\/www.grieta.org.mx\/wp-content\/uploads\/2019\/01\/direct-17.jpg?resize=350%2C200&ssl=1 1x, https:\/\/i0.wp.com\/www.grieta.org.mx\/wp-content\/uploads\/2019\/01\/direct-17.jpg?resize=525%2C300&ssl=1 1.5x"},"classes":[]},{"id":39332,"url":"https:\/\/www.grieta.org.mx\/index.php\/2019\/09\/18\/en-lo-que-va-del-ano-33-mujeres-han-sido-victimas-de-feminicidio-en-la-cdmx\/","url_meta":{"origin":12633,"position":4},"title":"En lo que va del a\u00f1o, 33 mujeres han sido v\u00edctimas de feminicidio en la CDMX","author":"grieta","date":"18 septiembre, 2019","format":false,"excerpt":"Hallazgos Glac\/Animal Pol\u00edtico \u00a0 En la Ciudad de M\u00e9xico 33 mujeres fueron asesinadas entre enero y agosto de 2019, seg\u00fan el dato m\u00e1s reciente hecho p\u00fablico por el gobierno de la CDMX. Los meses con mayores casos han sido junio y agosto, con 7 feminicidios cada uno, mientras que el\u2026","rel":"","context":"En &quot;CINTILLO&quot;","block_context":{"text":"CINTILLO","link":"https:\/\/www.grieta.org.mx\/index.php\/category\/cintillo\/"},"img":{"alt_text":"","src":"https:\/\/i0.wp.com\/www.grieta.org.mx\/wp-content\/uploads\/2019\/09\/Marcha_contra_feminicidios-11-1.jpg?resize=350%2C200&ssl=1","width":350,"height":200,"srcset":"https:\/\/i0.wp.com\/www.grieta.org.mx\/wp-content\/uploads\/2019\/09\/Marcha_contra_feminicidios-11-1.jpg?resize=350%2C200&ssl=1 1x, https:\/\/i0.wp.com\/www.grieta.org.mx\/wp-content\/uploads\/2019\/09\/Marcha_contra_feminicidios-11-1.jpg?resize=525%2C300&ssl=1 1.5x, https:\/\/i0.wp.com\/www.grieta.org.mx\/wp-content\/uploads\/2019\/09\/Marcha_contra_feminicidios-11-1.jpg?resize=700%2C400&ssl=1 2x, https:\/\/i0.wp.com\/www.grieta.org.mx\/wp-content\/uploads\/2019\/09\/Marcha_contra_feminicidios-11-1.jpg?resize=1050%2C600&ssl=1 3x, https:\/\/i0.wp.com\/www.grieta.org.mx\/wp-content\/uploads\/2019\/09\/Marcha_contra_feminicidios-11-1.jpg?resize=1400%2C800&ssl=1 4x"},"classes":[]},{"id":31693,"url":"https:\/\/www.grieta.org.mx\/index.php\/2019\/03\/26\/veracruz-se-mantiene-como-primer-lugar-nacional-en-feminicidios\/","url_meta":{"origin":12633,"position":5},"title":"Veracruz se mantiene como primer lugar nacional en feminicidios","author":"grieta","date":"26 marzo, 2019","format":false,"excerpt":"Rafael Mel\u00e9ndez Ter\u00e1n \/ Al calor pol\u00edtico Con un corte al mes de febrero, las cifras aportadas por el Secretariado Ejecutivo del Sistema Nacional de Seguridad P\u00fablica (SESNSP) revelan que Veracruz encabeza de nueva cuenta la lista nacional con m\u00e1s feminicidios. De acuerdo con el Secretariado, se contabilizan 21 casos\u2026","rel":"","context":"En &quot;CINTILLO&quot;","block_context":{"text":"CINTILLO","link":"https:\/\/www.grieta.org.mx\/index.php\/category\/cintillo\/"},"img":{"alt_text":"","src":"https:\/\/i0.wp.com\/www.grieta.org.mx\/wp-content\/uploads\/2019\/04\/serveimage.jpg?resize=350%2C200&ssl=1","width":350,"height":200,"srcset":"https:\/\/i0.wp.com\/www.grieta.org.mx\/wp-content\/uploads\/2019\/04\/serveimage.jpg?resize=350%2C200&ssl=1 1x, https:\/\/i0.wp.com\/www.grieta.org.mx\/wp-content\/uploads\/2019\/04\/serveimage.jpg?resize=525%2C300&ssl=1 1.5x, https:\/\/i0.wp.com\/www.grieta.org.mx\/wp-content\/uploads\/2019\/04\/serveimage.jpg?resize=700%2C400&ssl=1 2x"},"classes":[]}],"_links":{"self":[{"href":"https:\/\/www.grieta.org.mx\/index.php\/wp-json\/wp\/v2\/posts\/12633","targetHints":{"allow":["GET"]}}],"collection":[{"href":"https:\/\/www.grieta.org.mx\/index.php\/wp-json\/wp\/v2\/posts"}],"about":[{"href":"https:\/\/www.grieta.org.mx\/index.php\/wp-json\/wp\/v2\/types\/post"}],"author":[{"embeddable":true,"href":"https:\/\/www.grieta.org.mx\/index.php\/wp-json\/wp\/v2\/users\/2"}],"replies":[{"embeddable":true,"href":"https:\/\/www.grieta.org.mx\/index.php\/wp-json\/wp\/v2\/comments?post=12633"}],"version-history":[{"count":1,"href":"https:\/\/www.grieta.org.mx\/index.php\/wp-json\/wp\/v2\/posts\/12633\/revisions"}],"predecessor-version":[{"id":12636,"href":"https:\/\/www.grieta.org.mx\/index.php\/wp-json\/wp\/v2\/posts\/12633\/revisions\/12636"}],"wp:featuredmedia":[{"embeddable":true,"href":"https:\/\/www.grieta.org.mx\/index.php\/wp-json\/wp\/v2\/media\/21928"}],"wp:attachment":[{"href":"https:\/\/www.grieta.org.mx\/index.php\/wp-json\/wp\/v2\/media?parent=12633"}],"wp:term":[{"taxonomy":"category","embeddable":true,"href":"https:\/\/www.grieta.org.mx\/index.php\/wp-json\/wp\/v2\/categories?post=12633"},{"taxonomy":"post_tag","embeddable":true,"href":"https:\/\/www.grieta.org.mx\/index.php\/wp-json\/wp\/v2\/tags?post=12633"}],"curies":[{"name":"wp","href":"https:\/\/api.w.org\/{rel}","templated":true}]}}