{"id":12625,"date":"2016-05-19T17:07:33","date_gmt":"2016-05-19T17:07:33","guid":{"rendered":"http:\/\/www.grieta.org.mx\/?p=12625"},"modified":"2016-05-19T17:07:33","modified_gmt":"2016-05-19T17:07:33","slug":"buscan-cadaveres-de-mil-600-desaparecidos-coahuila","status":"publish","type":"post","link":"https:\/\/www.grieta.org.mx\/index.php\/2016\/05\/19\/buscan-cadaveres-de-mil-600-desaparecidos-coahuila\/","title":{"rendered":"\u00a1Buscan cad\u00e1veres de mil 600 desaparecidos! (Coahuila)"},"content":{"rendered":"<p>*** Ejercito de ciudadanos y elementos de la PGJE, peinan Allende y ejido El Moral para localizar restos humanos.-<\/p>\n<figure id=\"attachment_12629\" aria-describedby=\"caption-attachment-12629\" style=\"width: 680px\" class=\"wp-caption aligncenter\"><img loading=\"lazy\" decoding=\"async\" data-attachment-id=\"12629\" data-permalink=\"https:\/\/www.grieta.org.mx\/index.php\/2016\/05\/19\/buscan-cadaveres-de-mil-600-desaparecidos-coahuila\/buscadores-cadaveres-desaparecidos\/\" data-orig-file=\"https:\/\/www.grieta.org.mx\/wp-content\/uploads\/2016\/05\/buscadores-cadaveres-desaparecidos.jpg\" data-orig-size=\"800,357\" data-comments-opened=\"0\" data-image-meta=\"{&quot;aperture&quot;:&quot;0&quot;,&quot;credit&quot;:&quot;&quot;,&quot;camera&quot;:&quot;&quot;,&quot;caption&quot;:&quot;&quot;,&quot;created_timestamp&quot;:&quot;0&quot;,&quot;copyright&quot;:&quot;&quot;,&quot;focal_length&quot;:&quot;0&quot;,&quot;iso&quot;:&quot;0&quot;,&quot;shutter_speed&quot;:&quot;0&quot;,&quot;title&quot;:&quot;&quot;,&quot;orientation&quot;:&quot;0&quot;}\" data-image-title=\"Buscadores cad\u00e1veres desaparecidos\" data-image-description=\"\" data-image-caption=\"&lt;p&gt;Buscadores de cad\u00e1veres, es el grupo de ciudadanos que laboran para dar con restos de desaparecidos.&lt;\/p&gt;\n\" data-medium-file=\"https:\/\/www.grieta.org.mx\/wp-content\/uploads\/2016\/05\/buscadores-cadaveres-desaparecidos-300x134.jpg\" data-large-file=\"https:\/\/www.grieta.org.mx\/wp-content\/uploads\/2016\/05\/buscadores-cadaveres-desaparecidos.jpg\" class=\"wp-image-12629\" src=\"http:\/\/www.grieta.org.mx\/wp-content\/uploads\/2016\/05\/buscadores-cadaveres-desaparecidos-300x134.jpg\" alt=\"Buscadores de cad\u00e1veres, es el grupo de ciudadanos que laboran para dar con restos de desaparecidos.\" width=\"680\" height=\"303\" srcset=\"https:\/\/www.grieta.org.mx\/wp-content\/uploads\/2016\/05\/buscadores-cadaveres-desaparecidos-300x134.jpg 300w, https:\/\/www.grieta.org.mx\/wp-content\/uploads\/2016\/05\/buscadores-cadaveres-desaparecidos-768x343.jpg 768w, https:\/\/www.grieta.org.mx\/wp-content\/uploads\/2016\/05\/buscadores-cadaveres-desaparecidos.jpg 800w\" sizes=\"auto, (max-width: 680px) 100vw, 680px\" \/><figcaption id=\"caption-attachment-12629\" class=\"wp-caption-text\">Buscadores de cad\u00e1veres, es el grupo de ciudadanos que laboran para dar con restos de desaparecidos.<\/figcaption><\/figure>\n<p>Piedras Negras, Coah., 18 de Mayo.- Un ej\u00e9rcito de ciudadanos apoyados por elementos de la Procuradur\u00eda General de Justicia de Coahuila iniciaron en Allende y el ejido El Moral, la b\u00fasqueda de una parte de los mil 600 desaparecidos de los que tiene reporte la Agencia Especializada en Personas Desaparecidas.<\/p>\n<p>De acuerdo con el coordinador de ministerios p\u00fablicos en el estado, de los cinco mil expedientes de personas desaparecidas se ha logrado localizar, vivas o muertas, a 3,400 y ya \u201cs\u00f3lo\u201d falta por localizarse a mil 600.<\/p>\n<p>Con la acci\u00f3n iniciada ayer, y con el apoyo de dos caninos, iniciaron un intenso operativo en la regi\u00f3n Norte de Coahuila para ubicar a desaparecidos en Piedras Negras, Allende y Nava.<\/p>\n<p>La b\u00fasqueda se realiza en los alrededores del municipio de Allende y el ejido El Moral, y en Piedras Negras se entrevistaron con personas que aportaron datos para localizar a los desaparecidos.<\/p>\n<p>De acuerdo con las cifras \u201coficiales\u201d tan solo en Piedras Negras se tiene el reporte de cien personas desaparecidas en los \u00faltimos meses, de \u00e9stas el 35% ya han sido localizadas, mientras que el resto se encuentran en calidad de desaparecidos.<\/p>\n<p>Se cree que las autoridades tienen informes de la existencia de tumbas clandestinas en las que habr\u00eda decenas de cad\u00e1veres, y esa es la raz\u00f3n por la que iniciaron el operativo que incluye revisi\u00f3n en rancher\u00edas y conversaciones con familiares.<\/p>\n<p>Sin embargo, el funcionario de la PGJE se concret\u00f3 a se\u00f1alar que se trata de recabar evidencias o algunos restos y los resultados ser\u00e1n dados a conocer a las familias.<\/p>\n<p><a href=\"http:\/\/democratacoahuila.com.mx\/index.php\/2016\/05\/18\/buscan-cadaveres-de-mil-600-desaparecidos\" target=\"_blank\">http:\/\/democratacoahuila.com.mx\/index.php\/2016\/05\/18\/buscan-cadaveres-de-mil-600-desaparecidos<\/a><\/p>\n","protected":false},"excerpt":{"rendered":"<p>*** Ejercito de ciudadanos y elementos de la PGJE, peinan Allende y ejido El Moral para localizar restos humanos.- Piedras Negras, Coah., 18 de Mayo.- Un ej\u00e9rcito de ciudadanos apoyados &hellip; <a href=\"https:\/\/www.grieta.org.mx\/index.php\/2016\/05\/19\/buscan-cadaveres-de-mil-600-desaparecidos-coahuila\/\" class=\"more-link\">Leer m\u00e1s<\/a><\/p>\n","protected":false},"author":2,"featured_media":21928,"comment_status":"closed","ping_status":"closed","sticky":false,"template":"","format":"standard","meta":{"ngg_post_thumbnail":0,"_jetpack_newsletter_access":"","_jetpack_dont_email_post_to_subs":false,"_jetpack_newsletter_tier_id":0,"_jetpack_memberships_contains_paywalled_content":false,"_jetpack_memberships_contains_paid_content":false,"footnotes":""},"categories":[80,250],"tags":[299,121,298],"class_list":["post-12625","post","type-post","status-publish","format-standard","has-post-thumbnail","hentry","category-cintillo","category-coahuila","tag-allende","tag-desaparecidos","tag-piedras-negras","entry"],"jetpack_featured_media_url":"https:\/\/www.grieta.org.mx\/wp-content\/uploads\/2018\/03\/14524434_1106112876131411_958039263622046936_o.jpg","jetpack_sharing_enabled":true,"jetpack_shortlink":"https:\/\/wp.me\/p7ZJR4-3hD","jetpack_likes_enabled":false,"jetpack-related-posts":[{"id":6833,"url":"https:\/\/www.grieta.org.mx\/index.php\/2016\/09\/08\/los-desaparecidos-en-coahuila\/","url_meta":{"origin":12625,"position":0},"title":"Los desaparecidos en Coahuila","author":"grieta","date":"8 septiembre, 2016","format":false,"excerpt":"08\/09\/16. M\u00e1s de 50 desaparecidos en lo que va del a\u00f1o en Coahuila Noticieros Grem 20\/08\/16. El ni\u00f1o que desapareci\u00f3 creyendo en Santa Cl\u00f3s y otras historias de los 295 menores desaparecidos en Coahuila Vanguardia 19\/05\/16. \u00a1Buscan cad\u00e1veres de mil 600 desaparecidos! El Dem\u00f3crata 21\/03\/16. Conmemoran la masacre de Coahuila\u2026","rel":"","context":"En &quot;Coahuila&quot;","block_context":{"text":"Coahuila","link":"https:\/\/www.grieta.org.mx\/index.php\/category\/noticias-nacionales\/coahuila\/"},"img":{"alt_text":"","src":"https:\/\/i0.wp.com\/www.grieta.org.mx\/wp-content\/uploads\/2018\/03\/14524434_1106112876131411_958039263622046936_o.jpg?resize=350%2C200&ssl=1","width":350,"height":200,"srcset":"https:\/\/i0.wp.com\/www.grieta.org.mx\/wp-content\/uploads\/2018\/03\/14524434_1106112876131411_958039263622046936_o.jpg?resize=350%2C200&ssl=1 1x, https:\/\/i0.wp.com\/www.grieta.org.mx\/wp-content\/uploads\/2018\/03\/14524434_1106112876131411_958039263622046936_o.jpg?resize=525%2C300&ssl=1 1.5x, https:\/\/i0.wp.com\/www.grieta.org.mx\/wp-content\/uploads\/2018\/03\/14524434_1106112876131411_958039263622046936_o.jpg?resize=700%2C400&ssl=1 2x"},"classes":[]},{"id":3064,"url":"https:\/\/www.grieta.org.mx\/index.php\/2015\/07\/20\/sin-informacion-de-los-17-desaparecidos-de-allende\/","url_meta":{"origin":12625,"position":1},"title":"Sin informaci\u00f3n de los 17 desaparecidos de Allende","author":"grieta","date":"20 julio, 2015","format":false,"excerpt":"A\u00fan cuando la Procuradur\u00eda General de Justicia del Estado (PGJE) inform\u00f3 que 21 \u00f3rdenes de aprehensi\u00f3n han sido giradas en relaci\u00f3n al caso Allende, a\u00fan se desconoce el paradero de las 17 personas que presuntamente desaparecieron a manos del crimen organizado, las cuales pasaron a formar parte de la lista\u2026","rel":"","context":"En &quot;CINTILLO&quot;","block_context":{"text":"CINTILLO","link":"https:\/\/www.grieta.org.mx\/index.php\/category\/cintillo\/"},"img":{"alt_text":"","src":"https:\/\/i0.wp.com\/www.grieta.org.mx\/wp-content\/uploads\/2018\/03\/14524434_1106112876131411_958039263622046936_o.jpg?resize=350%2C200&ssl=1","width":350,"height":200,"srcset":"https:\/\/i0.wp.com\/www.grieta.org.mx\/wp-content\/uploads\/2018\/03\/14524434_1106112876131411_958039263622046936_o.jpg?resize=350%2C200&ssl=1 1x, https:\/\/i0.wp.com\/www.grieta.org.mx\/wp-content\/uploads\/2018\/03\/14524434_1106112876131411_958039263622046936_o.jpg?resize=525%2C300&ssl=1 1.5x, https:\/\/i0.wp.com\/www.grieta.org.mx\/wp-content\/uploads\/2018\/03\/14524434_1106112876131411_958039263622046936_o.jpg?resize=700%2C400&ssl=1 2x"},"classes":[]},{"id":30737,"url":"https:\/\/www.grieta.org.mx\/index.php\/2019\/03\/11\/durante-periodo-de-jesus-torres-charles-como-procurador-y-fiscal-de-coahuila-se-dispararon-desapariciones\/","url_meta":{"origin":12625,"position":2},"title":"Durante periodo de Jes\u00fas Torres Charles como Procurador y Fiscal de Coahuila se dispararon desapariciones","author":"grieta","date":"11 marzo, 2019","format":false,"excerpt":"Durante la gesti\u00f3n de Procurador y Fiscal de Torres Charles, ocurri\u00f3 la matanza de Allende y la masacre en el penal de Piedras Negras; exigen se le investigue por delitos de alto impacto Armando R\u00edos\/VANGUARDIA MX De acuerdo con el Registro Nacional de Personas Desaparecidas, el 60 por ciento de\u2026","rel":"","context":"En &quot;CINTILLO&quot;","block_context":{"text":"CINTILLO","link":"https:\/\/www.grieta.org.mx\/index.php\/category\/cintillo\/"},"img":{"alt_text":"","src":"https:\/\/i0.wp.com\/www.grieta.org.mx\/wp-content\/uploads\/2018\/03\/14524434_1106112876131411_958039263622046936_o.jpg?resize=350%2C200&ssl=1","width":350,"height":200,"srcset":"https:\/\/i0.wp.com\/www.grieta.org.mx\/wp-content\/uploads\/2018\/03\/14524434_1106112876131411_958039263622046936_o.jpg?resize=350%2C200&ssl=1 1x, https:\/\/i0.wp.com\/www.grieta.org.mx\/wp-content\/uploads\/2018\/03\/14524434_1106112876131411_958039263622046936_o.jpg?resize=525%2C300&ssl=1 1.5x, https:\/\/i0.wp.com\/www.grieta.org.mx\/wp-content\/uploads\/2018\/03\/14524434_1106112876131411_958039263622046936_o.jpg?resize=700%2C400&ssl=1 2x"},"classes":[]},{"id":70299,"url":"https:\/\/www.grieta.org.mx\/index.php\/2024\/10\/05\/suman-60-desaparecidos-en-contexto-de-migracion-que-atiende-famun-piedras-negras-coahuila\/","url_meta":{"origin":12625,"position":3},"title":"Suman 60 desaparecidos en contexto de migraci\u00f3n que atiende FAMUN (Piedras Negras, Coahuila)","author":"grieta","date":"5 octubre, 2024","format":false,"excerpt":"Ren\u00e9 Arellano\/El SIglo de Torre\u00f3n \u00a0 Desde el a\u00f1o 2021 y hasta la fecha, suman 60 los casos de personas desaparecidas en condici\u00f3n de migraci\u00f3n y que son atendidos por la asociaci\u00f3n civil Familias Unidas en la B\u00fasqueda y Localizaci\u00f3n de Personas Desaparecidas (FAMUN) de Piedras Negras. Juan Humberto Morales,\u2026","rel":"","context":"En &quot;CINTILLO&quot;","block_context":{"text":"CINTILLO","link":"https:\/\/www.grieta.org.mx\/index.php\/category\/cintillo\/"},"img":{"alt_text":"","src":"https:\/\/i0.wp.com\/www.grieta.org.mx\/wp-content\/uploads\/2018\/03\/14524434_1106112876131411_958039263622046936_o.jpg?resize=350%2C200&ssl=1","width":350,"height":200,"srcset":"https:\/\/i0.wp.com\/www.grieta.org.mx\/wp-content\/uploads\/2018\/03\/14524434_1106112876131411_958039263622046936_o.jpg?resize=350%2C200&ssl=1 1x, https:\/\/i0.wp.com\/www.grieta.org.mx\/wp-content\/uploads\/2018\/03\/14524434_1106112876131411_958039263622046936_o.jpg?resize=525%2C300&ssl=1 1.5x, https:\/\/i0.wp.com\/www.grieta.org.mx\/wp-content\/uploads\/2018\/03\/14524434_1106112876131411_958039263622046936_o.jpg?resize=700%2C400&ssl=1 2x"},"classes":[]},{"id":26690,"url":"https:\/\/www.grieta.org.mx\/index.php\/2018\/09\/22\/exhuman-cuerpos-y-encuentran-restos-oseos-de-mas-en-torreon-y-piedras-negras-coahuila\/","url_meta":{"origin":12625,"position":4},"title":"Exhuman cuerpos y encuentran restos \u00f3seos de m\u00e1s en Torre\u00f3n y Piedras Negras (Coahuila)","author":"grieta","date":"22 septiembre, 2018","format":false,"excerpt":"Ya han encontrado m\u00e1s cuerpos de los registrados Armando R\u00edos\/VANGUARDIA MX En la \u00faltima semana, ya van dos ocasiones en que la Fiscal\u00eda General del Estado y los colectivos de familiares de personas desaparecidas, encuentran m\u00e1s cuerpos de los registrados dentro de las jornadas de exhumaciones que se est\u00e1n realizando\u2026","rel":"","context":"En &quot;CINTILLO&quot;","block_context":{"text":"CINTILLO","link":"https:\/\/www.grieta.org.mx\/index.php\/category\/cintillo\/"},"img":{"alt_text":"","src":"https:\/\/i0.wp.com\/www.grieta.org.mx\/wp-content\/uploads\/2018\/09\/Cuerpos-de-mas.jpg?resize=350%2C200&ssl=1","width":350,"height":200,"srcset":"https:\/\/i0.wp.com\/www.grieta.org.mx\/wp-content\/uploads\/2018\/09\/Cuerpos-de-mas.jpg?resize=350%2C200&ssl=1 1x, https:\/\/i0.wp.com\/www.grieta.org.mx\/wp-content\/uploads\/2018\/09\/Cuerpos-de-mas.jpg?resize=525%2C300&ssl=1 1.5x, https:\/\/i0.wp.com\/www.grieta.org.mx\/wp-content\/uploads\/2018\/09\/Cuerpos-de-mas.jpg?resize=700%2C400&ssl=1 2x"},"classes":[]},{"id":32174,"url":"https:\/\/www.grieta.org.mx\/index.php\/2019\/03\/18\/exigen-disculpa-publica-por-el-total-de-desaparecidos-en-coahuila\/","url_meta":{"origin":12625,"position":5},"title":"Exigen disculpa p\u00fablica por el total de desaparecidos en Coahuila","author":"grieta","date":"18 marzo, 2019","format":false,"excerpt":"Adem\u00e1s de la masacre de Allende, Gobierno debe hacer lo propio donde hubo ejecuciones masivas \u00a0 Armando R\u00edos\/VANGUARDIAMX Colectivos de b\u00fasqueda de personas desaparecidas en Coahuila, afirman que despu\u00e9s de que el Gobierno de Coahuila d\u00e9 una disculpa p\u00fablica por el caso Allende, tendr\u00e1n que replicar el acto en las\u2026","rel":"","context":"En &quot;CINTILLO&quot;","block_context":{"text":"CINTILLO","link":"https:\/\/www.grieta.org.mx\/index.php\/category\/cintillo\/"},"img":{"alt_text":"","src":"https:\/\/i0.wp.com\/www.grieta.org.mx\/wp-content\/uploads\/2019\/04\/zapatos.jpg?resize=350%2C200&ssl=1","width":350,"height":200,"srcset":"https:\/\/i0.wp.com\/www.grieta.org.mx\/wp-content\/uploads\/2019\/04\/zapatos.jpg?resize=350%2C200&ssl=1 1x, https:\/\/i0.wp.com\/www.grieta.org.mx\/wp-content\/uploads\/2019\/04\/zapatos.jpg?resize=525%2C300&ssl=1 1.5x, https:\/\/i0.wp.com\/www.grieta.org.mx\/wp-content\/uploads\/2019\/04\/zapatos.jpg?resize=700%2C400&ssl=1 2x"},"classes":[]}],"_links":{"self":[{"href":"https:\/\/www.grieta.org.mx\/index.php\/wp-json\/wp\/v2\/posts\/12625","targetHints":{"allow":["GET"]}}],"collection":[{"href":"https:\/\/www.grieta.org.mx\/index.php\/wp-json\/wp\/v2\/posts"}],"about":[{"href":"https:\/\/www.grieta.org.mx\/index.php\/wp-json\/wp\/v2\/types\/post"}],"author":[{"embeddable":true,"href":"https:\/\/www.grieta.org.mx\/index.php\/wp-json\/wp\/v2\/users\/2"}],"replies":[{"embeddable":true,"href":"https:\/\/www.grieta.org.mx\/index.php\/wp-json\/wp\/v2\/comments?post=12625"}],"version-history":[{"count":1,"href":"https:\/\/www.grieta.org.mx\/index.php\/wp-json\/wp\/v2\/posts\/12625\/revisions"}],"predecessor-version":[{"id":12630,"href":"https:\/\/www.grieta.org.mx\/index.php\/wp-json\/wp\/v2\/posts\/12625\/revisions\/12630"}],"wp:featuredmedia":[{"embeddable":true,"href":"https:\/\/www.grieta.org.mx\/index.php\/wp-json\/wp\/v2\/media\/21928"}],"wp:attachment":[{"href":"https:\/\/www.grieta.org.mx\/index.php\/wp-json\/wp\/v2\/media?parent=12625"}],"wp:term":[{"taxonomy":"category","embeddable":true,"href":"https:\/\/www.grieta.org.mx\/index.php\/wp-json\/wp\/v2\/categories?post=12625"},{"taxonomy":"post_tag","embeddable":true,"href":"https:\/\/www.grieta.org.mx\/index.php\/wp-json\/wp\/v2\/tags?post=12625"}],"curies":[{"name":"wp","href":"https:\/\/api.w.org\/{rel}","templated":true}]}}