{"id":12592,"date":"2016-05-09T11:57:23","date_gmt":"2016-05-09T11:57:23","guid":{"rendered":"http:\/\/www.grieta.org.mx\/?p=12592"},"modified":"2016-05-19T12:01:00","modified_gmt":"2016-05-19T12:01:00","slug":"a-un-ano-de-la-incursion-a-chilapa-nada-se-sabe-de-16-desaparecidos","status":"publish","type":"post","link":"https:\/\/www.grieta.org.mx\/index.php\/2016\/05\/09\/a-un-ano-de-la-incursion-a-chilapa-nada-se-sabe-de-16-desaparecidos\/","title":{"rendered":"A un a\u00f1o de la incursi\u00f3n a Chilapa, nada se sabe de 16 desaparecidos"},"content":{"rendered":"<p>El Sur<\/p>\n<p>Luis Daniel Nava<\/p>\n<p>Chilapa. Este d\u00eda se cumple un a\u00f1o de la incursi\u00f3n armada a esta ciudad de m\u00e1s de 300 pobladores y autoridades de las comunidades del sur del municipio de Chilapa con el prop\u00f3sito de exigir seguridad y para catear viviendas y detener a los presuntos integrantes de la c\u00e9lula delictiva Los Rojos. Los civiles armados se concentraron junto a efectivos militares, de la Gendarmer\u00eda y polic\u00edas estatales.<\/p>\n<p>Este grupo de civiles armados, ahora constituido en la organizaci\u00f3n llamada Comunitarios por la Paz y La Justicia de Chilapa, fue acusado por vecinos de la cabecera de estar ligados al grupo delictivo Los Ardillos que tienen su base en el municipio de Quechultenango.<\/p>\n<p>El saldo fue la desaparici\u00f3n de 16 vecinos de Chilapa. Posteriormente hubo decenas de asesinatos entre ellos siete familiares del ex director de Seguridad P\u00fablica de Chilapa en la administraci\u00f3n anterior, Silvestre Carreto Gonz\u00e1lez; la militarizaci\u00f3n y presencia de polic\u00edas federales en la ciudad no han dado resultados de las autoridades para dar con el paradero de los desaparecidos.<\/p>\n<p>Aquella tarde del 9 de mayo, un diminuto grupo de vecinos se aventur\u00f3 a salir a las calles de Chilapa a realizar un tradicional desfile y serenata por el D\u00eda de las Madres; las calles y las principales avenidas de la ciudad fueron vaciadas ante los primeros avistamientos de personas armadas en camionetas de pasajeros.<\/p>\n<p>Testigos documentaron en im\u00e1genes y con testimonios que en la glorieta Eucaria Apreza, personas con armas de alto poder detuvieron y maniataron a taxistas y motociclistas a los que acusaron de pertenecer a la pandilla de los Rojos.<\/p>\n<p>Mientras que otro grupo, constataron autoridades civiles y armados, ingresaron a la comandancia de Polic\u00eda Municipal sometiendo a los agentes que ah\u00ed se encontraban, sacaron armas y tomaron una patrulla.<\/p>\n<p>Durante cinco d\u00edas, autoridades comunitarias, pobladores, se\u00f1oras y hasta ni\u00f1os que acompa\u00f1aban a los civiles armados permanecieron en la glorieta Eucaria Apreza, mientras que comandos armados realizaban recorridos y cateos domiciliarios en busca de presuntos integrantes de la c\u00e9lula delictiva de Los Rojos; en esos d\u00edas se realizaron tres tensas protestas de vecinos para reclamar la presentaci\u00f3n de sus parientes y la salida de los hombres armados.<\/p>\n<p>En la primera protesta del 11 de mayo, se encontr\u00f3 una marcha de unos 150 ciudadanos contra un contingente de civiles armados con rifles, escopetas, armas cortas y machetes.<\/p>\n<p>Las calles de Chilapa fueron escenario de lo que parec\u00eda una guerra civil y permaneci\u00f3 en total anarqu\u00eda por la falta de autoridades formales y ante la inacci\u00f3n de los cuerpos de seguridad.<\/p>\n<p>En esa ocasi\u00f3n, ocho reporteros locales y de la capital que quedaron en medio de las dos partes fueron empujados, enca\u00f1onados y despojados de sus c\u00e1maras fotogr\u00e1ficas, celulares y hasta de una cartera por parte de los civiles armados bajo el argumento de que eran gente enviada por el grupo delictivo que opera en la ciudad.<\/p>\n<p>Posteriormente, los reporteros fueron obligados a borrar las fotograf\u00edas y videos; en la confusi\u00f3n ya no se encontr\u00f3 ni devolvi\u00f3 un tel\u00e9fono celular y una cartera de dos de los reporteros.<\/p>\n<p>Otro grupo de reporteros provenientes de la capital y de otras regiones fueron amedrentados d\u00edas despu\u00e9s en su salida a Chilapa.<\/p>\n<p>El 13 de mayo, la tensi\u00f3n se acrecent\u00f3 con la incursi\u00f3n a las calles de la ciudad de un convoy de personas armadas, pertrechadas y encapuchadas en camionetas y con rifles de alto poder presuntamente del grupo Los Rojos.<\/p>\n<p>Al siguiente d\u00eda, 14 de mayo, los civiles armados y las autoridades comunitarias se retiraron tras un intento de desarmarlos y tras el acuerdo de que se detendr\u00edan a los l\u00edderes de la c\u00e9lula delictiva que opera en la regi\u00f3n.<\/p>\n<p>Tras la salida, familiares continuaron reclamando la presentaci\u00f3n de al menos 16 personas desaparecidas entre el 9 y el 14 de mayo, y se desat\u00f3 una serie de denuncias de personas desaparecidas en periodos anteriores a la incursi\u00f3n de los civiles armados.<\/p>\n<p>Organizaciones han contabilizado 100 desapariciones de 2013 a la fecha y otros 100 homicidios en el mismo periodo en el contexto de la disputa de los dos grupos delictivos: Los Rojos y Los Ardillos.<\/p>\n<p>Desde esa fecha la ciudad permanece militarizada y con la presencia de unos 200 polic\u00edas federales que han sido objeto de denuncias ciudadanas por abuso de autoridad y detenciones arbitrarias, as\u00ed como de acoso a mujeres.<\/p>\n<p>Los familiares de los desaparecidos conformaron la organizaci\u00f3n Siempre Vivos mientras que los pobladores armados se constituyeron en la organizaci\u00f3n\u00a0Comunitarios por La Paz y la Justicia con representaci\u00f3n de comunidades de Chilapa, Ahuacuotzingo y Zitlala.<\/p>\n<p>A un a\u00f1o y ante espectaculares anuncios de autoridades federales y aparatosos despliegues militares, no se ha informado del paradero de los vecinos desaparecidos de Chilapa ni de las 30 personas desaparecidas que las autoridades comunitarias y los civiles armados llegaron a denunciar en su incursi\u00f3n.<\/p>\n<p><a href=\"http:\/\/suracapulco.mx\/principal\/son-los-ardillos-los-que-irrumpieron-en-zitlala-asegura-el-obispo-rangel\/\">http:\/\/suracapulco.mx\/principal\/son-los-ardillos-los-que-irrumpieron-en-zitlala-asegura-el-obispo-rangel\/<\/a><\/p>\n","protected":false},"excerpt":{"rendered":"<p>El Sur Luis Daniel Nava Chilapa. Este d\u00eda se cumple un a\u00f1o de la incursi\u00f3n armada a esta ciudad de m\u00e1s de 300 pobladores y autoridades de las comunidades del &hellip; <a href=\"https:\/\/www.grieta.org.mx\/index.php\/2016\/05\/09\/a-un-ano-de-la-incursion-a-chilapa-nada-se-sabe-de-16-desaparecidos\/\" class=\"more-link\">Leer m\u00e1s<\/a><\/p>\n","protected":false},"author":2,"featured_media":21928,"comment_status":"closed","ping_status":"closed","sticky":false,"template":"","format":"standard","meta":{"ngg_post_thumbnail":0,"_jetpack_newsletter_access":"","_jetpack_dont_email_post_to_subs":false,"_jetpack_newsletter_tier_id":0,"_jetpack_memberships_contains_paywalled_content":false,"_jetpack_memberships_contains_paid_content":false,"footnotes":""},"categories":[80],"tags":[568,121,669],"class_list":["post-12592","post","type-post","status-publish","format-standard","has-post-thumbnail","hentry","category-cintillo","tag-chilapa","tag-desaparecidos","tag-grupos-armados","entry"],"jetpack_featured_media_url":"https:\/\/www.grieta.org.mx\/wp-content\/uploads\/2018\/03\/14524434_1106112876131411_958039263622046936_o.jpg","jetpack_sharing_enabled":true,"jetpack_shortlink":"https:\/\/wp.me\/p7ZJR4-3h6","jetpack_likes_enabled":false,"jetpack-related-posts":[{"id":12564,"url":"https:\/\/www.grieta.org.mx\/index.php\/2016\/06\/08\/los-desaparecidos-de-chilapa\/","url_meta":{"origin":12592,"position":0},"title":"Desaparecidos Guerrero","author":"grieta","date":"8 junio, 2016","format":false,"excerpt":"Desaparecidos de Chilapa 08\/06\/16. Siempre Vivos anuncia reinicio de b\u00fasqueda de fosas en Chilapa Bajo Palabra 26\/05\/16. Nadie detiene a Ardillos y Rojos, que tienen postrada Chilapa Proceso 20\/05\/16. Colectivo Siempre Vivos de Chilapa extender\u00e1 b\u00fasqueda de fosas El Faro 15\/05\/16. Chilapa huele a miedo y corrupci\u00f3n, Los Otros Desaparecidos\u2026","rel":"","context":"En &quot;Desaparecidos&quot;","block_context":{"text":"Desaparecidos","link":"https:\/\/www.grieta.org.mx\/index.php\/category\/temas-nacionales\/desaparecidos\/"},"img":{"alt_text":"","src":"https:\/\/i0.wp.com\/www.grieta.org.mx\/wp-content\/uploads\/2018\/03\/14524434_1106112876131411_958039263622046936_o.jpg?resize=350%2C200&ssl=1","width":350,"height":200,"srcset":"https:\/\/i0.wp.com\/www.grieta.org.mx\/wp-content\/uploads\/2018\/03\/14524434_1106112876131411_958039263622046936_o.jpg?resize=350%2C200&ssl=1 1x, https:\/\/i0.wp.com\/www.grieta.org.mx\/wp-content\/uploads\/2018\/03\/14524434_1106112876131411_958039263622046936_o.jpg?resize=525%2C300&ssl=1 1.5x, https:\/\/i0.wp.com\/www.grieta.org.mx\/wp-content\/uploads\/2018\/03\/14524434_1106112876131411_958039263622046936_o.jpg?resize=700%2C400&ssl=1 2x"},"classes":[]},{"id":12565,"url":"https:\/\/www.grieta.org.mx\/index.php\/2016\/03\/24\/200-civiles-armados-ingresaron-a-chilapa-se-retiraron-luego-de-un-acuerdo-pf\/","url_meta":{"origin":12592,"position":1},"title":"200 civiles armados ingresaron a Chilapa; se retiraron luego de un acuerdo: PF","author":"grieta","date":"24 marzo, 2016","format":false,"excerpt":"Eran 200 los civiles armados que ingresaron a Chilapa; se retiraron luego de un acuerdo: PF El Sur Luis Daniel Nava Chilapa. Los civiles armados que ingresaron anoche a la cabecera minicipal de Chilapa y estuvieron dos horas, eran 200 y son guardias comunitarios provenientes de localidades del sur del\u2026","rel":"","context":"En &quot;Desaparecidos&quot;","block_context":{"text":"Desaparecidos","link":"https:\/\/www.grieta.org.mx\/index.php\/category\/temas-nacionales\/desaparecidos\/"},"img":{"alt_text":"","src":"https:\/\/i0.wp.com\/www.grieta.org.mx\/wp-content\/uploads\/2018\/03\/14524434_1106112876131411_958039263622046936_o.jpg?resize=350%2C200&ssl=1","width":350,"height":200,"srcset":"https:\/\/i0.wp.com\/www.grieta.org.mx\/wp-content\/uploads\/2018\/03\/14524434_1106112876131411_958039263622046936_o.jpg?resize=350%2C200&ssl=1 1x, https:\/\/i0.wp.com\/www.grieta.org.mx\/wp-content\/uploads\/2018\/03\/14524434_1106112876131411_958039263622046936_o.jpg?resize=525%2C300&ssl=1 1.5x, https:\/\/i0.wp.com\/www.grieta.org.mx\/wp-content\/uploads\/2018\/03\/14524434_1106112876131411_958039263622046936_o.jpg?resize=700%2C400&ssl=1 2x"},"classes":[]},{"id":12651,"url":"https:\/\/www.grieta.org.mx\/index.php\/2016\/03\/24\/200-civiles-armados-ingresaron-a-chilapa-se-retiraron-luego-de-un-acuerdo-pf-2\/","url_meta":{"origin":12592,"position":2},"title":"200 civiles armados ingresaron a Chilapa; se retiraron luego de un acuerdo: PF","author":"grieta","date":"24 marzo, 2016","format":false,"excerpt":"El Sur Luis Daniel Nava Los civiles armados que ingresaron anoche a la cabecera minicipal de Chilapa y estuvieron dos horas, eran 200 y son guardias comunitarios provenientes de localidades del sur del municipio, y llegaron para exigir que la Polic\u00eda Ministerial les devuelva sus armas decomisadas. Seg\u00fan testigos, la\u2026","rel":"","context":"En &quot;CINTILLO&quot;","block_context":{"text":"CINTILLO","link":"https:\/\/www.grieta.org.mx\/index.php\/category\/cintillo\/"},"img":{"alt_text":"","src":"https:\/\/i0.wp.com\/www.grieta.org.mx\/wp-content\/uploads\/2018\/03\/14524434_1106112876131411_958039263622046936_o.jpg?resize=350%2C200&ssl=1","width":350,"height":200,"srcset":"https:\/\/i0.wp.com\/www.grieta.org.mx\/wp-content\/uploads\/2018\/03\/14524434_1106112876131411_958039263622046936_o.jpg?resize=350%2C200&ssl=1 1x, https:\/\/i0.wp.com\/www.grieta.org.mx\/wp-content\/uploads\/2018\/03\/14524434_1106112876131411_958039263622046936_o.jpg?resize=525%2C300&ssl=1 1.5x, https:\/\/i0.wp.com\/www.grieta.org.mx\/wp-content\/uploads\/2018\/03\/14524434_1106112876131411_958039263622046936_o.jpg?resize=700%2C400&ssl=1 2x"},"classes":[]},{"id":12567,"url":"https:\/\/www.grieta.org.mx\/index.php\/2016\/03\/31\/piden-ong-de-chilapa-castigo-para-armados-que-se-dicen-comunitarios\/","url_meta":{"origin":12592,"position":3},"title":"Piden ONG de Chilapa castigo para armados que se dicen comunitarios","author":"grieta","date":"31 marzo, 2016","format":false,"excerpt":"Bajo Palabra Arturo de Dios Palma La organizaci\u00f3n Siempre Vivos, integrada por familiares de desaparecidos de Chilapa y el Centro de Derechos Humanos Jos\u00e9 Mar\u00eda Morelos y Pav\u00f3n, pidieron al gobierno federal y al del estado investigar y castigar a los civiles armados que ya ingresaron en dos ocasiones a\u2026","rel":"","context":"En &quot;CINTILLO&quot;","block_context":{"text":"CINTILLO","link":"https:\/\/www.grieta.org.mx\/index.php\/category\/cintillo\/"},"img":{"alt_text":"","src":"https:\/\/i0.wp.com\/www.grieta.org.mx\/wp-content\/uploads\/2018\/03\/14524434_1106112876131411_958039263622046936_o.jpg?resize=350%2C200&ssl=1","width":350,"height":200,"srcset":"https:\/\/i0.wp.com\/www.grieta.org.mx\/wp-content\/uploads\/2018\/03\/14524434_1106112876131411_958039263622046936_o.jpg?resize=350%2C200&ssl=1 1x, https:\/\/i0.wp.com\/www.grieta.org.mx\/wp-content\/uploads\/2018\/03\/14524434_1106112876131411_958039263622046936_o.jpg?resize=525%2C300&ssl=1 1.5x, https:\/\/i0.wp.com\/www.grieta.org.mx\/wp-content\/uploads\/2018\/03\/14524434_1106112876131411_958039263622046936_o.jpg?resize=700%2C400&ssl=1 2x"},"classes":[]},{"id":12655,"url":"https:\/\/www.grieta.org.mx\/index.php\/2015\/10\/09\/confrontan-familiares-de-desaparecidos-a-comisarios-de-chilapa\/","url_meta":{"origin":12592,"position":4},"title":"Confrontan familiares de desaparecidos a comisarios de Chilapa","author":"grieta","date":"9 octubre, 2015","format":false,"excerpt":"Bajo Palabra Familiares de desaparecidos en Chilapa, encabezados por el vocero de las v\u00edctimas, Jos\u00e9 D\u00edaz Navarro, irrumpieron durante la reuni\u00f3n de m\u00e1s de cuatro horas que comisarios integrantes de la supuesta polic\u00eda comunitaria Por la Paz y la Justicia sostuvieron con el nuevo alcalde de Chilapa, Jes\u00fas Parra. Ayer,\u2026","rel":"","context":"En &quot;CINTILLO&quot;","block_context":{"text":"CINTILLO","link":"https:\/\/www.grieta.org.mx\/index.php\/category\/cintillo\/"},"img":{"alt_text":"","src":"https:\/\/i0.wp.com\/www.grieta.org.mx\/wp-content\/uploads\/2018\/03\/14524434_1106112876131411_958039263622046936_o.jpg?resize=350%2C200&ssl=1","width":350,"height":200,"srcset":"https:\/\/i0.wp.com\/www.grieta.org.mx\/wp-content\/uploads\/2018\/03\/14524434_1106112876131411_958039263622046936_o.jpg?resize=350%2C200&ssl=1 1x, https:\/\/i0.wp.com\/www.grieta.org.mx\/wp-content\/uploads\/2018\/03\/14524434_1106112876131411_958039263622046936_o.jpg?resize=525%2C300&ssl=1 1.5x, https:\/\/i0.wp.com\/www.grieta.org.mx\/wp-content\/uploads\/2018\/03\/14524434_1106112876131411_958039263622046936_o.jpg?resize=700%2C400&ssl=1 2x"},"classes":[]},{"id":12705,"url":"https:\/\/www.grieta.org.mx\/index.php\/2016\/05\/12\/comite-siempre-vivos-halla-dos-fosas-con-restos-humanos-en-chilapa\/","url_meta":{"origin":12592,"position":5},"title":"Comit\u00e9 \u201cSiempre vivos\u201d halla dos fosas con restos humanos en Chilapa","author":"grieta","date":"12 mayo, 2016","format":false,"excerpt":"Proceso Ezequiel Flores Contreras Ciudad de M\u00e9xico (Apro). Organizaci\u00f3n Siempre vivos descubrieron dos fosas clandestinas con restos humanos en el predio denominado Loma Larga, ubicado en el camino que conduce al poblado de Tepehuixco, municipio de Chilapa. El hecho ocurri\u00f3 este mediod\u00eda durante las brigadas ciudadanas de b\u00fasqueda de desaparecidos,\u2026","rel":"","context":"En &quot;CINTILLO&quot;","block_context":{"text":"CINTILLO","link":"https:\/\/www.grieta.org.mx\/index.php\/category\/cintillo\/"},"img":{"alt_text":"","src":"https:\/\/i0.wp.com\/www.grieta.org.mx\/wp-content\/uploads\/2018\/03\/14524434_1106112876131411_958039263622046936_o.jpg?resize=350%2C200&ssl=1","width":350,"height":200,"srcset":"https:\/\/i0.wp.com\/www.grieta.org.mx\/wp-content\/uploads\/2018\/03\/14524434_1106112876131411_958039263622046936_o.jpg?resize=350%2C200&ssl=1 1x, https:\/\/i0.wp.com\/www.grieta.org.mx\/wp-content\/uploads\/2018\/03\/14524434_1106112876131411_958039263622046936_o.jpg?resize=525%2C300&ssl=1 1.5x, https:\/\/i0.wp.com\/www.grieta.org.mx\/wp-content\/uploads\/2018\/03\/14524434_1106112876131411_958039263622046936_o.jpg?resize=700%2C400&ssl=1 2x"},"classes":[]}],"_links":{"self":[{"href":"https:\/\/www.grieta.org.mx\/index.php\/wp-json\/wp\/v2\/posts\/12592","targetHints":{"allow":["GET"]}}],"collection":[{"href":"https:\/\/www.grieta.org.mx\/index.php\/wp-json\/wp\/v2\/posts"}],"about":[{"href":"https:\/\/www.grieta.org.mx\/index.php\/wp-json\/wp\/v2\/types\/post"}],"author":[{"embeddable":true,"href":"https:\/\/www.grieta.org.mx\/index.php\/wp-json\/wp\/v2\/users\/2"}],"replies":[{"embeddable":true,"href":"https:\/\/www.grieta.org.mx\/index.php\/wp-json\/wp\/v2\/comments?post=12592"}],"version-history":[{"count":1,"href":"https:\/\/www.grieta.org.mx\/index.php\/wp-json\/wp\/v2\/posts\/12592\/revisions"}],"predecessor-version":[{"id":12593,"href":"https:\/\/www.grieta.org.mx\/index.php\/wp-json\/wp\/v2\/posts\/12592\/revisions\/12593"}],"wp:featuredmedia":[{"embeddable":true,"href":"https:\/\/www.grieta.org.mx\/index.php\/wp-json\/wp\/v2\/media\/21928"}],"wp:attachment":[{"href":"https:\/\/www.grieta.org.mx\/index.php\/wp-json\/wp\/v2\/media?parent=12592"}],"wp:term":[{"taxonomy":"category","embeddable":true,"href":"https:\/\/www.grieta.org.mx\/index.php\/wp-json\/wp\/v2\/categories?post=12592"},{"taxonomy":"post_tag","embeddable":true,"href":"https:\/\/www.grieta.org.mx\/index.php\/wp-json\/wp\/v2\/tags?post=12592"}],"curies":[{"name":"wp","href":"https:\/\/api.w.org\/{rel}","templated":true}]}}