{"id":12588,"date":"2016-05-09T11:38:41","date_gmt":"2016-05-09T11:38:41","guid":{"rendered":"http:\/\/www.grieta.org.mx\/?p=12588"},"modified":"2016-05-19T11:55:38","modified_gmt":"2016-05-19T11:55:38","slug":"a-un-ano-falta-atencion-a-desaparecidos-y-a-sus-familiares-senalan-ong","status":"publish","type":"post","link":"https:\/\/www.grieta.org.mx\/index.php\/2016\/05\/09\/a-un-ano-falta-atencion-a-desaparecidos-y-a-sus-familiares-senalan-ong\/","title":{"rendered":"A un a\u00f1o, falta atenci\u00f3n a desaparecidos y a sus familiares, se\u00f1alan ONG"},"content":{"rendered":"<p>El Sur<\/p>\n<p>Lourdes Ch\u00e1vez<\/p>\n<p>Chilpancingo. ONG de derechos humanos del estado y del pa\u00eds condenaron la falta de voluntad de los gobiernos para dar con el paradero de 16 desaparecidos en Chilapa hace un a\u00f1o, en manos del grupo de civiles armados autodenominado Comunitarios por La Paz y la Justicia, as\u00ed como falta de apoyo a sus familias todo este tiempo.<\/p>\n<p>Recordaron que los familiares han denunciado las violaciones a los derechos humanos que se cometieron entre el 9 y el 14 de mayo de 2015, con consentimiento del Ej\u00e9rcito mientras los gobiernos federal, estatal y municipal han disimulado la atenci\u00f3n a las v\u00edctimas.<\/p>\n<p>Como ejemplo se\u00f1alaron la presencia en el municipio del secretario de Gobernaci\u00f3n, Miguel \u00c1ngel Osorio Chong, la procuradora de la Republica, Arely G\u00f3mez, el gobernador, H\u00e9ctor Astudillo, el anuncio de 3 mil soldados y la creaci\u00f3n de un cuartel militar para garantizar la paz.<\/p>\n<p>Sin embargo, esto no garantiz\u00f3 la paz en Chilapa ni sus alrededores ni hay indicios del paradero de los 16 desaparecidos.<\/p>\n<p>Ahora que el grupo reapareci\u00f3 en la regi\u00f3n y act\u00faa bajo el cobijo de los militares, \u201clas Organizaciones firmantes exigimos verdad, justicia y reparaci\u00f3n del da\u00f1o a las familias de los desaparecidos Alexander Nava Reyes, Arturo Guti\u00e9rrez Jaimes, Carlos Emanuel Meza Nava, Crispino Carreto Gonz\u00e1lez, Daniel Vel\u00e1zquez Romero, Gemino Neri Agust\u00edn, Jaime Eduardo Villanueva Altamirano, Jorge Abarca Jaimes, Jorge Luis Salmer\u00f3n Hern\u00e1ndez, Josefino Jes\u00fas Cruz, Juan Carreto Cuevas, Miguel Carreto Cuevas, Samuel Carreto V\u00e1zquez, Sebasti\u00e1n Ulises Alonzo Jaimes, Sergio Derramona Abarca y V\u00edctor Carreto Cuevas\u201d.<\/p>\n<p>Llamaron la atenci\u00f3n a que no hubo seguimiento al caso en la investigaci\u00f3n, \u201csobre lo que pas\u00f3 en esos d\u00edas, ni sobre la participaci\u00f3n u omisi\u00f3n de las fuerzas de seguridad estatales, federales y castrenses\u201d.<\/p>\n<p>Consideraron \u201cgrave que en M\u00e9xico se desaparezcan personas en presencia y con la aquiescencia de las fuerzas policiales y que las instancias encargadas de investigar delitos no tengan la capacidad de dar con el paradero de los desaparecidos a pesar de que existen pruebas fehacientes que indican quienes son los presuntos responsables\u201d.<\/p>\n<p>Adem\u00e1s, cuestionaron que este grupo siga \u201cincursionando impunemente en las cabeceras municipales de Zitlala y Chilapa, como ha sido evidenciado en d\u00edas recientes\u201d.<\/p>\n<p>Mientras la Comisi\u00f3n Ejecutiva de Atenci\u00f3n a V\u00edctimas (CEAV) de la Secretar\u00eda de Gobernaci\u00f3n Federal, que desde los primeros meses estuvo apoyando a las familias, trat\u00f3 con desd\u00e9n a las v\u00edctimas.<\/p>\n<p>Las familias unidas en la organizaci\u00f3n\u00a0Siempre Vivos tambi\u00e9n convocaron a los grupos de familiares de desaparecidos del estado de Guerrero a hacer un frente com\u00fan para realizar acciones coordinadas en cinco exigencias comunes.<\/p>\n<p>Estas son b\u00fasquedas\u00a0serias, inmediatas y con resultados claros, que no abonen a la simulaci\u00f3n, la creaci\u00f3n de una Fiscal\u00eda Especial de Desaparici\u00f3n de Personas dentro de la Fiscal\u00eda General de Justicia del Estado de Guerrero y que se garantice el derecho a la verdad, a la justicia y reparaci\u00f3n del da\u00f1o a los familiares de las v\u00edctimas de desaparici\u00f3n forzada.<\/p>\n<p>Firmaron el comunicado el Centro Regional de Defensa de Derechos Humanos \u201cJos\u00e9 Mar\u00eda Morelos\u201d, el Colectivo contra la Tortura y la Impunidad,\u00a0 Tlachinollan, Organizaci\u00f3n de familiares de desaparecidos de Chilapa Siempre Vivos y la Red Nacional De Organismos Civiles De Derechos Humanos\u00a0Todos Los Derechos Para Todas.<\/p>\n<p><a href=\"http:\/\/suracapulco.mx\/principal\/son-los-ardillos-los-que-irrumpieron-en-zitlala-asegura-el-obispo-rangel\/\">http:\/\/suracapulco.mx\/principal\/son-los-ardillos-los-que-irrumpieron-en-zitlala-asegura-el-obispo-rangel\/<\/a><\/p>\n","protected":false},"excerpt":{"rendered":"<p>El Sur Lourdes Ch\u00e1vez Chilpancingo. ONG de derechos humanos del estado y del pa\u00eds condenaron la falta de voluntad de los gobiernos para dar con el paradero de 16 desaparecidos &hellip; <a href=\"https:\/\/www.grieta.org.mx\/index.php\/2016\/05\/09\/a-un-ano-falta-atencion-a-desaparecidos-y-a-sus-familiares-senalan-ong\/\" class=\"more-link\">Leer m\u00e1s<\/a><\/p>\n","protected":false},"author":2,"featured_media":21928,"comment_status":"closed","ping_status":"closed","sticky":false,"template":"","format":"standard","meta":{"ngg_post_thumbnail":0,"_jetpack_newsletter_access":"","_jetpack_dont_email_post_to_subs":false,"_jetpack_newsletter_tier_id":0,"_jetpack_memberships_contains_paywalled_content":false,"_jetpack_memberships_contains_paid_content":false,"footnotes":""},"categories":[80],"tags":[568,121,669],"class_list":["post-12588","post","type-post","status-publish","format-standard","has-post-thumbnail","hentry","category-cintillo","tag-chilapa","tag-desaparecidos","tag-grupos-armados","entry"],"jetpack_featured_media_url":"https:\/\/www.grieta.org.mx\/wp-content\/uploads\/2018\/03\/14524434_1106112876131411_958039263622046936_o.jpg","jetpack_sharing_enabled":true,"jetpack_shortlink":"https:\/\/wp.me\/p7ZJR4-3h2","jetpack_likes_enabled":false,"jetpack-related-posts":[{"id":12680,"url":"https:\/\/www.grieta.org.mx\/index.php\/2016\/05\/08\/ong-de-guerrero-se-pronuncian-en-apoyo-a-siempre-vivos\/","url_meta":{"origin":12588,"position":0},"title":"ONG de Guerrero se pronuncian en apoyo a Siempre Vivos","author":"grieta","date":"8 mayo, 2016","format":false,"excerpt":"Tlachinollan [Bolet\u00edn de ONG de Guerrero y Nacionales] \u00a0 \u00a0 \u00a0 \u00a0 \u00a0 \u00a0 \u00a0 \u00a0 \u2022 A un a\u00f1o de m\u00faltiples desapariciones forzadas en Chilapa, ineficacia en investigaci\u00f3n y persistencia de la impunidad \u2022 Existen evidencias de que personas armadas que se autodenominaron Polic\u00edas Comunitarias \u201cpor la paz y\u2026","rel":"","context":"En &quot;CINTILLO&quot;","block_context":{"text":"CINTILLO","link":"https:\/\/www.grieta.org.mx\/index.php\/category\/cintillo\/"},"img":{"alt_text":"","src":"https:\/\/i0.wp.com\/www.grieta.org.mx\/wp-content\/uploads\/2018\/03\/14524434_1106112876131411_958039263622046936_o.jpg?resize=350%2C200&ssl=1","width":350,"height":200,"srcset":"https:\/\/i0.wp.com\/www.grieta.org.mx\/wp-content\/uploads\/2018\/03\/14524434_1106112876131411_958039263622046936_o.jpg?resize=350%2C200&ssl=1 1x, https:\/\/i0.wp.com\/www.grieta.org.mx\/wp-content\/uploads\/2018\/03\/14524434_1106112876131411_958039263622046936_o.jpg?resize=525%2C300&ssl=1 1.5x, https:\/\/i0.wp.com\/www.grieta.org.mx\/wp-content\/uploads\/2018\/03\/14524434_1106112876131411_958039263622046936_o.jpg?resize=700%2C400&ssl=1 2x"},"classes":[]},{"id":12567,"url":"https:\/\/www.grieta.org.mx\/index.php\/2016\/03\/31\/piden-ong-de-chilapa-castigo-para-armados-que-se-dicen-comunitarios\/","url_meta":{"origin":12588,"position":1},"title":"Piden ONG de Chilapa castigo para armados que se dicen comunitarios","author":"grieta","date":"31 marzo, 2016","format":false,"excerpt":"Bajo Palabra Arturo de Dios Palma La organizaci\u00f3n Siempre Vivos, integrada por familiares de desaparecidos de Chilapa y el Centro de Derechos Humanos Jos\u00e9 Mar\u00eda Morelos y Pav\u00f3n, pidieron al gobierno federal y al del estado investigar y castigar a los civiles armados que ya ingresaron en dos ocasiones a\u2026","rel":"","context":"En &quot;CINTILLO&quot;","block_context":{"text":"CINTILLO","link":"https:\/\/www.grieta.org.mx\/index.php\/category\/cintillo\/"},"img":{"alt_text":"","src":"https:\/\/i0.wp.com\/www.grieta.org.mx\/wp-content\/uploads\/2018\/03\/14524434_1106112876131411_958039263622046936_o.jpg?resize=350%2C200&ssl=1","width":350,"height":200,"srcset":"https:\/\/i0.wp.com\/www.grieta.org.mx\/wp-content\/uploads\/2018\/03\/14524434_1106112876131411_958039263622046936_o.jpg?resize=350%2C200&ssl=1 1x, https:\/\/i0.wp.com\/www.grieta.org.mx\/wp-content\/uploads\/2018\/03\/14524434_1106112876131411_958039263622046936_o.jpg?resize=525%2C300&ssl=1 1.5x, https:\/\/i0.wp.com\/www.grieta.org.mx\/wp-content\/uploads\/2018\/03\/14524434_1106112876131411_958039263622046936_o.jpg?resize=700%2C400&ssl=1 2x"},"classes":[]},{"id":12583,"url":"https:\/\/www.grieta.org.mx\/index.php\/2016\/05\/08\/ong-toman-postura-por-uno-de-los-grupos-omitiendo-informacion\/","url_meta":{"origin":12588,"position":2},"title":"A un a\u00f1o ONG toman postura por uno de los grupos","author":"grieta","date":"8 mayo, 2016","format":false,"excerpt":"Bolet\u00edn Tlachinollan A un a\u00f1o de la desaparici\u00f3n forzada de por lo menos 16 personas en la ciudad de Chilapa de \u00c1lvarez, Gro., en manos de personas armadas que se autodenominaron como Polic\u00edas Comunitarias \u201cpor la paz y la justicia\u201d , las Organizaciones firmantes exigimos verdad, justicia y reparaci\u00f3n del\u2026","rel":"","context":"En &quot;CINTILLO&quot;","block_context":{"text":"CINTILLO","link":"https:\/\/www.grieta.org.mx\/index.php\/category\/cintillo\/"},"img":{"alt_text":"","src":"https:\/\/i0.wp.com\/www.grieta.org.mx\/wp-content\/uploads\/2018\/03\/14524434_1106112876131411_958039263622046936_o.jpg?resize=350%2C200&ssl=1","width":350,"height":200,"srcset":"https:\/\/i0.wp.com\/www.grieta.org.mx\/wp-content\/uploads\/2018\/03\/14524434_1106112876131411_958039263622046936_o.jpg?resize=350%2C200&ssl=1 1x, https:\/\/i0.wp.com\/www.grieta.org.mx\/wp-content\/uploads\/2018\/03\/14524434_1106112876131411_958039263622046936_o.jpg?resize=525%2C300&ssl=1 1.5x, https:\/\/i0.wp.com\/www.grieta.org.mx\/wp-content\/uploads\/2018\/03\/14524434_1106112876131411_958039263622046936_o.jpg?resize=700%2C400&ssl=1 2x"},"classes":[]},{"id":12564,"url":"https:\/\/www.grieta.org.mx\/index.php\/2016\/06\/08\/los-desaparecidos-de-chilapa\/","url_meta":{"origin":12588,"position":3},"title":"Desaparecidos Guerrero","author":"grieta","date":"8 junio, 2016","format":false,"excerpt":"Desaparecidos de Chilapa 08\/06\/16. Siempre Vivos anuncia reinicio de b\u00fasqueda de fosas en Chilapa Bajo Palabra 26\/05\/16. Nadie detiene a Ardillos y Rojos, que tienen postrada Chilapa Proceso 20\/05\/16. Colectivo Siempre Vivos de Chilapa extender\u00e1 b\u00fasqueda de fosas El Faro 15\/05\/16. Chilapa huele a miedo y corrupci\u00f3n, Los Otros Desaparecidos\u2026","rel":"","context":"En &quot;Desaparecidos&quot;","block_context":{"text":"Desaparecidos","link":"https:\/\/www.grieta.org.mx\/index.php\/category\/temas-nacionales\/desaparecidos\/"},"img":{"alt_text":"","src":"https:\/\/i0.wp.com\/www.grieta.org.mx\/wp-content\/uploads\/2018\/03\/14524434_1106112876131411_958039263622046936_o.jpg?resize=350%2C200&ssl=1","width":350,"height":200,"srcset":"https:\/\/i0.wp.com\/www.grieta.org.mx\/wp-content\/uploads\/2018\/03\/14524434_1106112876131411_958039263622046936_o.jpg?resize=350%2C200&ssl=1 1x, https:\/\/i0.wp.com\/www.grieta.org.mx\/wp-content\/uploads\/2018\/03\/14524434_1106112876131411_958039263622046936_o.jpg?resize=525%2C300&ssl=1 1.5x, https:\/\/i0.wp.com\/www.grieta.org.mx\/wp-content\/uploads\/2018\/03\/14524434_1106112876131411_958039263622046936_o.jpg?resize=700%2C400&ssl=1 2x"},"classes":[]},{"id":12705,"url":"https:\/\/www.grieta.org.mx\/index.php\/2016\/05\/12\/comite-siempre-vivos-halla-dos-fosas-con-restos-humanos-en-chilapa\/","url_meta":{"origin":12588,"position":4},"title":"Comit\u00e9 \u201cSiempre vivos\u201d halla dos fosas con restos humanos en Chilapa","author":"grieta","date":"12 mayo, 2016","format":false,"excerpt":"Proceso Ezequiel Flores Contreras Ciudad de M\u00e9xico (Apro). Organizaci\u00f3n Siempre vivos descubrieron dos fosas clandestinas con restos humanos en el predio denominado Loma Larga, ubicado en el camino que conduce al poblado de Tepehuixco, municipio de Chilapa. El hecho ocurri\u00f3 este mediod\u00eda durante las brigadas ciudadanas de b\u00fasqueda de desaparecidos,\u2026","rel":"","context":"En &quot;CINTILLO&quot;","block_context":{"text":"CINTILLO","link":"https:\/\/www.grieta.org.mx\/index.php\/category\/cintillo\/"},"img":{"alt_text":"","src":"https:\/\/i0.wp.com\/www.grieta.org.mx\/wp-content\/uploads\/2018\/03\/14524434_1106112876131411_958039263622046936_o.jpg?resize=350%2C200&ssl=1","width":350,"height":200,"srcset":"https:\/\/i0.wp.com\/www.grieta.org.mx\/wp-content\/uploads\/2018\/03\/14524434_1106112876131411_958039263622046936_o.jpg?resize=350%2C200&ssl=1 1x, https:\/\/i0.wp.com\/www.grieta.org.mx\/wp-content\/uploads\/2018\/03\/14524434_1106112876131411_958039263622046936_o.jpg?resize=525%2C300&ssl=1 1.5x, https:\/\/i0.wp.com\/www.grieta.org.mx\/wp-content\/uploads\/2018\/03\/14524434_1106112876131411_958039263622046936_o.jpg?resize=700%2C400&ssl=1 2x"},"classes":[]},{"id":12570,"url":"https:\/\/www.grieta.org.mx\/index.php\/2016\/04\/01\/liga-astudillo-a-desaparecidos-en-chilapa-con-grupos-del-crimen-en-guerrero\/","url_meta":{"origin":12588,"position":5},"title":"Liga Astudillo a desaparecidos en Chilapa con grupos del crimen","author":"grieta","date":"1 abril, 2016","format":false,"excerpt":"Proceso Redacci\u00f3n Ciudad de M\u00e9xico (apro). El gobernador priista H\u00e9ctor Astudillo asegur\u00f3 a familiares de desaparecidos del 9 al 14 de mayo pasados en Chilapa, Guerrero, que al menos seis de los 16 reportados como desaparecidos est\u00e1n operando con grupos del crimen en la zona. Este d\u00eda se reunieron a\u2026","rel":"","context":"En &quot;CINTILLO&quot;","block_context":{"text":"CINTILLO","link":"https:\/\/www.grieta.org.mx\/index.php\/category\/cintillo\/"},"img":{"alt_text":"","src":"https:\/\/i0.wp.com\/www.grieta.org.mx\/wp-content\/uploads\/2018\/03\/14524434_1106112876131411_958039263622046936_o.jpg?resize=350%2C200&ssl=1","width":350,"height":200,"srcset":"https:\/\/i0.wp.com\/www.grieta.org.mx\/wp-content\/uploads\/2018\/03\/14524434_1106112876131411_958039263622046936_o.jpg?resize=350%2C200&ssl=1 1x, https:\/\/i0.wp.com\/www.grieta.org.mx\/wp-content\/uploads\/2018\/03\/14524434_1106112876131411_958039263622046936_o.jpg?resize=525%2C300&ssl=1 1.5x, https:\/\/i0.wp.com\/www.grieta.org.mx\/wp-content\/uploads\/2018\/03\/14524434_1106112876131411_958039263622046936_o.jpg?resize=700%2C400&ssl=1 2x"},"classes":[]}],"_links":{"self":[{"href":"https:\/\/www.grieta.org.mx\/index.php\/wp-json\/wp\/v2\/posts\/12588","targetHints":{"allow":["GET"]}}],"collection":[{"href":"https:\/\/www.grieta.org.mx\/index.php\/wp-json\/wp\/v2\/posts"}],"about":[{"href":"https:\/\/www.grieta.org.mx\/index.php\/wp-json\/wp\/v2\/types\/post"}],"author":[{"embeddable":true,"href":"https:\/\/www.grieta.org.mx\/index.php\/wp-json\/wp\/v2\/users\/2"}],"replies":[{"embeddable":true,"href":"https:\/\/www.grieta.org.mx\/index.php\/wp-json\/wp\/v2\/comments?post=12588"}],"version-history":[{"count":1,"href":"https:\/\/www.grieta.org.mx\/index.php\/wp-json\/wp\/v2\/posts\/12588\/revisions"}],"predecessor-version":[{"id":12591,"href":"https:\/\/www.grieta.org.mx\/index.php\/wp-json\/wp\/v2\/posts\/12588\/revisions\/12591"}],"wp:featuredmedia":[{"embeddable":true,"href":"https:\/\/www.grieta.org.mx\/index.php\/wp-json\/wp\/v2\/media\/21928"}],"wp:attachment":[{"href":"https:\/\/www.grieta.org.mx\/index.php\/wp-json\/wp\/v2\/media?parent=12588"}],"wp:term":[{"taxonomy":"category","embeddable":true,"href":"https:\/\/www.grieta.org.mx\/index.php\/wp-json\/wp\/v2\/categories?post=12588"},{"taxonomy":"post_tag","embeddable":true,"href":"https:\/\/www.grieta.org.mx\/index.php\/wp-json\/wp\/v2\/tags?post=12588"}],"curies":[{"name":"wp","href":"https:\/\/api.w.org\/{rel}","templated":true}]}}