{"id":12586,"date":"2016-05-08T11:31:10","date_gmt":"2016-05-08T11:31:10","guid":{"rendered":"http:\/\/www.grieta.org.mx\/?p=12586"},"modified":"2016-05-19T11:44:10","modified_gmt":"2016-05-19T11:44:10","slug":"lanzan-despliegue-aereo-y-militar-en-chilapa-y-zitlala","status":"publish","type":"post","link":"https:\/\/www.grieta.org.mx\/index.php\/2016\/05\/08\/lanzan-despliegue-aereo-y-militar-en-chilapa-y-zitlala\/","title":{"rendered":"Lanzan despliegue a\u00e9reo y militar en Chilapa y Zitlala"},"content":{"rendered":"<p>El Sur<\/p>\n<p>Anarsis Pacheco P\u00f3lito y Luis Daniel Nava<\/p>\n<p>Lanzan un despliegue a\u00e9reo y terrestre para evitar el regreso del grupo Paz y Justicia. Al menos 12 helic\u00f3pteros y una avioneta de la Marina sobrevolaron ayer por cuatro horas la cabecera de Chilapa y sus alrededores y el gobernador H\u00e9ctor Astudillo Flores inform\u00f3 que el despliegue de las naves, de polic\u00edas federales y militares es para evitar que el grupo de civiles armados denominados Comunitarios por la Paz y la Justicia entre a las cabeceras municipales de Zitlala y Chilapa.<\/p>\n<p>En un primer momento las autoridades civiles informaron de manera escueta que el aparatoso despliegue era parte de una operaci\u00f3n de \u201creconocimiento\u201d de la zona.<\/p>\n<p>M\u00e1s tarde, el gobernador declar\u00f3 que con las aeronaves de la Marina iba el secretario de Seguridad P\u00fablica del estado, Pedro Almaz\u00e1n Cervantes, para supervisar la zona.<\/p>\n<p>Precis\u00f3 que en los municipios de Chilapa y Zitlala permanec\u00edan desplegados 300 polic\u00edas federales y 500 soldados del Ej\u00e9rcito.<\/p>\n<p>La espectacular acci\u00f3n ocurri\u00f3 un d\u00eda despu\u00e9s de que el grupo de pobladores armados denominado Comunitarios por la Paz y la Justicia de Chilapa anunci\u00f3 que intentar\u00edan ingresar otra vez a Zitlala para buscar a la esposa de uno de sus integrantes que desapareci\u00f3 en esa ciudad el martes cuando fue a vender flores por el d\u00eda de la Santa Cruz.<\/p>\n<p>Adem\u00e1s, se dio en el contexto del registro de al menos 100 personas desaparecidas de 2013 a la fecha por parte de la organizaci\u00f3n civil Siempre Vivos, que contin\u00faa reclamando la presentaci\u00f3n con vida de 16 personas que, asegura, fueron llevadas por la fuerza del 9 al 14 de mayo del a\u00f1o pasado por parte de los Comunitarios por la Paz cuando ocuparon Chilapa.<\/p>\n<p>Tambi\u00e9n se da en medio de una disputa, ahora de baja intensidad, entre los grupos delictivos Los Rojos y Los Ardillos.<\/p>\n<p>El despliegue caus\u00f3 zozobra entre la poblaci\u00f3n, que se mantuvo a la expectativa y en la incertidumbre acerca del motivo.<\/p>\n<p>En un comunicado, el Ayuntamiento de Chilapa inform\u00f3 que la presencia del Ej\u00e9rcito y de la Polic\u00eda Federal y los sobrevuelos de la Marina eran parte de la operaci\u00f3n \u201cpermanente Chilapa Seguro\u201d, con la finalidad de dar seguridad a los ciudadanos.<\/p>\n<p>\u201cLas autoridades federales manifiestan que en caso de encontrar personas civiles armadas, ser\u00e1n aseguradas y puestas a disposici\u00f3n de las autoridades competentes\u201d, dijo el ayuntamiento, y pidi\u00f3 a la poblaci\u00f3n conservar la calma.<\/p>\n<p>Hasta las 8 de la noche de ayer no se hab\u00eda reportado ninguna detenci\u00f3n.<\/p>\n<p>Despu\u00e9s de las 10 de la noche, un familiar de los desaparecidos en mayo del a\u00f1o pasado report\u00f3 que en el crucero que conduce a Atzacoaloya y comunidades del sur del municipio, en la carretera Chilapa-Tlapa hab\u00eda un grupo de civiles armados que se identificados como Comunitarios por la Paz y la Justicia que imped\u00edan el paso a los que transitaban por el lugar.<\/p>\n<p><strong>Se cuida la zona: Astudillo<\/strong><\/p>\n<p>Asimismo, en declaraciones a reporteros durante su gira por Zumpango y Chilpancingo, el gobernador H\u00e9ctor Astudillo explic\u00f3 que los helic\u00f3pteros y las fuerzas federales desplegadas la ma\u00f1ana de ayer en Chilapa tuvieron como fin prevenir que las cosas \u201cno se compliquen\u201d en esa zona del estado.<\/p>\n<p>\u201cHay 300 polic\u00edas federales y hay tambi\u00e9n alrededor de 500 elementos del Ej\u00e9rcito nacional, de tal manera que es una zona que se est\u00e1 tratando de cuidar para que no se nos vuelva a complicar como alguna vez estuvo\u201d, enfatiz\u00f3 el gobernador Astudillo Flores.<\/p>\n<p>La noche del martes de la semana pasada unos 300 hombres armados del grupo autodenominado Comunitarios por la Paz y la Justicia, junto a 150 polic\u00edas comunitarios de Tlaltempanapa, irrumpieron en Zitlala para buscar a la esposa de uno de sus integrantes, desaparecida el martes en la ma\u00f1ana en el centro de esa cabecera municipal.<\/p>\n<p>Consultado al t\u00e9rmino del acto protocolario del programa de entrega de fertilizante para la zona centro realizado en Zumpango, el gobernador dio a conocer que en una \u201creuni\u00f3n emergente\u201d que se llev\u00f3 a cabo la noche del viernes en Acapulco, le pidi\u00f3 al secretario de Seguridad Publica del estado, Pedro Almaz\u00e1n Cervantes, que se presentara en Chilapa.<\/p>\n<p>Agreg\u00f3 que la instrucci\u00f3n fue que se trasladara desde temprano a Chilapa en el helic\u00f3ptero del gobierno del estado para evaluar la situaci\u00f3n que se vive en los dos municipios colindantes.<br \/>\nAstudillo Flores detall\u00f3 que tres helic\u00f3pteros de la Marina y uno del gobierno del estado, desde las primeras horas del s\u00e1bado estaban sobrevolando la regi\u00f3n donde irrumpieron los hombres armados.<\/p>\n<p>\u201cTodo est\u00e1 en paz, en este caso de Zitlala y Chilapa, es un caso que est\u00e1\u2026 dir\u00edamos, en control\u201d, puntualiz\u00f3.<\/p>\n<p>Explic\u00f3 que el reporte que recibi\u00f3 del secretario de Seguridad P\u00fablica es que los grupos que estaban en la regi\u00f3n ya no est\u00e1n y s\u00f3lo hay un grupo en un pueblo que se re\u00fane para una boda.<\/p>\n<p>Astudillo Flores se\u00f1al\u00f3 que la irrupci\u00f3n es de hombres armados, \u201cno es de unos polic\u00edas comunitarios comunes\u201d, por lo que advirti\u00f3 que se trata de un tema muy delicado que se debe de revisar.<\/p>\n<p>\u201c\u00bfUn movimiento de 300 personas para buscar a una persona desaparecida?, me parece que es un asunto que llama la atenci\u00f3n\u201d, dijo.<\/p>\n<p>Enfatiz\u00f3 que esta situaci\u00f3n debe ser revisada para saber qu\u00e9 es lo que est\u00e1 pasando en la regi\u00f3n.<\/p>\n<p>Explic\u00f3 que \u201cno hay que permitir que se metan en este caso a las cabeceras municipales\u201d.<\/p>\n<p><a href=\"http:\/\/suracapulco.mx\/principal\/lanzan-despliegue-aereo-y-militar-en-chilapa-y-zitlala\/\">http:\/\/suracapulco.mx\/principal\/lanzan-despliegue-aereo-y-militar-en-chilapa-y-zitlala\/<\/a><\/p>\n","protected":false},"excerpt":{"rendered":"<p>El Sur Anarsis Pacheco P\u00f3lito y Luis Daniel Nava Lanzan un despliegue a\u00e9reo y terrestre para evitar el regreso del grupo Paz y Justicia. Al menos 12 helic\u00f3pteros y una &hellip; <a href=\"https:\/\/www.grieta.org.mx\/index.php\/2016\/05\/08\/lanzan-despliegue-aereo-y-militar-en-chilapa-y-zitlala\/\" class=\"more-link\">Leer m\u00e1s<\/a><\/p>\n","protected":false},"author":2,"featured_media":21928,"comment_status":"closed","ping_status":"closed","sticky":false,"template":"","format":"standard","meta":{"ngg_post_thumbnail":0,"_jetpack_newsletter_access":"","_jetpack_dont_email_post_to_subs":false,"_jetpack_newsletter_tier_id":0,"_jetpack_memberships_contains_paywalled_content":false,"_jetpack_memberships_contains_paid_content":false,"footnotes":""},"categories":[80],"tags":[568,121,669],"class_list":["post-12586","post","type-post","status-publish","format-standard","has-post-thumbnail","hentry","category-cintillo","tag-chilapa","tag-desaparecidos","tag-grupos-armados","entry"],"jetpack_featured_media_url":"https:\/\/www.grieta.org.mx\/wp-content\/uploads\/2018\/03\/14524434_1106112876131411_958039263622046936_o.jpg","jetpack_sharing_enabled":true,"jetpack_shortlink":"https:\/\/wp.me\/p7ZJR4-3h0","jetpack_likes_enabled":false,"jetpack-related-posts":[{"id":12564,"url":"https:\/\/www.grieta.org.mx\/index.php\/2016\/06\/08\/los-desaparecidos-de-chilapa\/","url_meta":{"origin":12586,"position":0},"title":"Desaparecidos Guerrero","author":"grieta","date":"8 junio, 2016","format":false,"excerpt":"Desaparecidos de Chilapa 08\/06\/16. Siempre Vivos anuncia reinicio de b\u00fasqueda de fosas en Chilapa Bajo Palabra 26\/05\/16. Nadie detiene a Ardillos y Rojos, que tienen postrada Chilapa Proceso 20\/05\/16. Colectivo Siempre Vivos de Chilapa extender\u00e1 b\u00fasqueda de fosas El Faro 15\/05\/16. Chilapa huele a miedo y corrupci\u00f3n, Los Otros Desaparecidos\u2026","rel":"","context":"En &quot;Desaparecidos&quot;","block_context":{"text":"Desaparecidos","link":"https:\/\/www.grieta.org.mx\/index.php\/category\/temas-nacionales\/desaparecidos\/"},"img":{"alt_text":"","src":"https:\/\/i0.wp.com\/www.grieta.org.mx\/wp-content\/uploads\/2018\/03\/14524434_1106112876131411_958039263622046936_o.jpg?resize=350%2C200&ssl=1","width":350,"height":200,"srcset":"https:\/\/i0.wp.com\/www.grieta.org.mx\/wp-content\/uploads\/2018\/03\/14524434_1106112876131411_958039263622046936_o.jpg?resize=350%2C200&ssl=1 1x, https:\/\/i0.wp.com\/www.grieta.org.mx\/wp-content\/uploads\/2018\/03\/14524434_1106112876131411_958039263622046936_o.jpg?resize=525%2C300&ssl=1 1.5x, https:\/\/i0.wp.com\/www.grieta.org.mx\/wp-content\/uploads\/2018\/03\/14524434_1106112876131411_958039263622046936_o.jpg?resize=700%2C400&ssl=1 2x"},"classes":[]},{"id":12580,"url":"https:\/\/www.grieta.org.mx\/index.php\/2016\/05\/09\/tras-civiles-que-irrumpieron-en-zitlala-estan-los-ardillos-obispo-rangel\/","url_meta":{"origin":12586,"position":1},"title":"Tras civiles que irrumpieron en Zitlala est\u00e1n Los Ardillos, obispo Rangel","author":"grieta","date":"9 mayo, 2016","format":false,"excerpt":"El Sur Alfonso Mar\u00edn, Su intenci\u00f3n es \u201cir apoder\u00e1ndose de estos territorios para ir ganando terreno a otros narcotraficantes\u201d, se\u00f1ala el responsable de la di\u00f3cesis de Chilpancingo. Se\u00f1ala no obstante que gracias al dominio de ese grupo en Chilapa en lugar de Los Rojos, \u201clas cosas est\u00e1n m\u00e1s tranquilas\u201d. El\u2026","rel":"","context":"En &quot;CINTILLO&quot;","block_context":{"text":"CINTILLO","link":"https:\/\/www.grieta.org.mx\/index.php\/category\/cintillo\/"},"img":{"alt_text":"","src":"https:\/\/i0.wp.com\/www.grieta.org.mx\/wp-content\/uploads\/2018\/03\/14524434_1106112876131411_958039263622046936_o.jpg?resize=350%2C200&ssl=1","width":350,"height":200,"srcset":"https:\/\/i0.wp.com\/www.grieta.org.mx\/wp-content\/uploads\/2018\/03\/14524434_1106112876131411_958039263622046936_o.jpg?resize=350%2C200&ssl=1 1x, https:\/\/i0.wp.com\/www.grieta.org.mx\/wp-content\/uploads\/2018\/03\/14524434_1106112876131411_958039263622046936_o.jpg?resize=525%2C300&ssl=1 1.5x, https:\/\/i0.wp.com\/www.grieta.org.mx\/wp-content\/uploads\/2018\/03\/14524434_1106112876131411_958039263622046936_o.jpg?resize=700%2C400&ssl=1 2x"},"classes":[]},{"id":12592,"url":"https:\/\/www.grieta.org.mx\/index.php\/2016\/05\/09\/a-un-ano-de-la-incursion-a-chilapa-nada-se-sabe-de-16-desaparecidos\/","url_meta":{"origin":12586,"position":2},"title":"A un a\u00f1o de la incursi\u00f3n a Chilapa, nada se sabe de 16 desaparecidos","author":"grieta","date":"9 mayo, 2016","format":false,"excerpt":"El Sur Luis Daniel Nava Chilapa. Este d\u00eda se cumple un a\u00f1o de la incursi\u00f3n armada a esta ciudad de m\u00e1s de 300 pobladores y autoridades de las comunidades del sur del municipio de Chilapa con el prop\u00f3sito de exigir seguridad y para catear viviendas y detener a los presuntos\u2026","rel":"","context":"En &quot;CINTILLO&quot;","block_context":{"text":"CINTILLO","link":"https:\/\/www.grieta.org.mx\/index.php\/category\/cintillo\/"},"img":{"alt_text":"","src":"https:\/\/i0.wp.com\/www.grieta.org.mx\/wp-content\/uploads\/2018\/03\/14524434_1106112876131411_958039263622046936_o.jpg?resize=350%2C200&ssl=1","width":350,"height":200,"srcset":"https:\/\/i0.wp.com\/www.grieta.org.mx\/wp-content\/uploads\/2018\/03\/14524434_1106112876131411_958039263622046936_o.jpg?resize=350%2C200&ssl=1 1x, https:\/\/i0.wp.com\/www.grieta.org.mx\/wp-content\/uploads\/2018\/03\/14524434_1106112876131411_958039263622046936_o.jpg?resize=525%2C300&ssl=1 1.5x, https:\/\/i0.wp.com\/www.grieta.org.mx\/wp-content\/uploads\/2018\/03\/14524434_1106112876131411_958039263622046936_o.jpg?resize=700%2C400&ssl=1 2x"},"classes":[]},{"id":12567,"url":"https:\/\/www.grieta.org.mx\/index.php\/2016\/03\/31\/piden-ong-de-chilapa-castigo-para-armados-que-se-dicen-comunitarios\/","url_meta":{"origin":12586,"position":3},"title":"Piden ONG de Chilapa castigo para armados que se dicen comunitarios","author":"grieta","date":"31 marzo, 2016","format":false,"excerpt":"Bajo Palabra Arturo de Dios Palma La organizaci\u00f3n Siempre Vivos, integrada por familiares de desaparecidos de Chilapa y el Centro de Derechos Humanos Jos\u00e9 Mar\u00eda Morelos y Pav\u00f3n, pidieron al gobierno federal y al del estado investigar y castigar a los civiles armados que ya ingresaron en dos ocasiones a\u2026","rel":"","context":"En &quot;CINTILLO&quot;","block_context":{"text":"CINTILLO","link":"https:\/\/www.grieta.org.mx\/index.php\/category\/cintillo\/"},"img":{"alt_text":"","src":"https:\/\/i0.wp.com\/www.grieta.org.mx\/wp-content\/uploads\/2018\/03\/14524434_1106112876131411_958039263622046936_o.jpg?resize=350%2C200&ssl=1","width":350,"height":200,"srcset":"https:\/\/i0.wp.com\/www.grieta.org.mx\/wp-content\/uploads\/2018\/03\/14524434_1106112876131411_958039263622046936_o.jpg?resize=350%2C200&ssl=1 1x, https:\/\/i0.wp.com\/www.grieta.org.mx\/wp-content\/uploads\/2018\/03\/14524434_1106112876131411_958039263622046936_o.jpg?resize=525%2C300&ssl=1 1.5x, https:\/\/i0.wp.com\/www.grieta.org.mx\/wp-content\/uploads\/2018\/03\/14524434_1106112876131411_958039263622046936_o.jpg?resize=700%2C400&ssl=1 2x"},"classes":[]},{"id":12588,"url":"https:\/\/www.grieta.org.mx\/index.php\/2016\/05\/09\/a-un-ano-falta-atencion-a-desaparecidos-y-a-sus-familiares-senalan-ong\/","url_meta":{"origin":12586,"position":4},"title":"A un a\u00f1o, falta atenci\u00f3n a desaparecidos y a sus familiares, se\u00f1alan ONG","author":"grieta","date":"9 mayo, 2016","format":false,"excerpt":"El Sur Lourdes Ch\u00e1vez Chilpancingo. ONG de derechos humanos del estado y del pa\u00eds condenaron la falta de voluntad de los gobiernos para dar con el paradero de 16 desaparecidos en Chilapa hace un a\u00f1o, en manos del grupo de civiles armados autodenominado Comunitarios por La Paz y la Justicia,\u2026","rel":"","context":"En &quot;CINTILLO&quot;","block_context":{"text":"CINTILLO","link":"https:\/\/www.grieta.org.mx\/index.php\/category\/cintillo\/"},"img":{"alt_text":"","src":"https:\/\/i0.wp.com\/www.grieta.org.mx\/wp-content\/uploads\/2018\/03\/14524434_1106112876131411_958039263622046936_o.jpg?resize=350%2C200&ssl=1","width":350,"height":200,"srcset":"https:\/\/i0.wp.com\/www.grieta.org.mx\/wp-content\/uploads\/2018\/03\/14524434_1106112876131411_958039263622046936_o.jpg?resize=350%2C200&ssl=1 1x, https:\/\/i0.wp.com\/www.grieta.org.mx\/wp-content\/uploads\/2018\/03\/14524434_1106112876131411_958039263622046936_o.jpg?resize=525%2C300&ssl=1 1.5x, https:\/\/i0.wp.com\/www.grieta.org.mx\/wp-content\/uploads\/2018\/03\/14524434_1106112876131411_958039263622046936_o.jpg?resize=700%2C400&ssl=1 2x"},"classes":[]},{"id":12688,"url":"https:\/\/www.grieta.org.mx\/index.php\/2016\/05\/10\/ejercito-y-pf-no-los-ardillos-bajaron-el-crimen-en-chilapa-responde-astudillo-al-obispo-rangel\/","url_meta":{"origin":12586,"position":5},"title":"Ej\u00e9rcito y PF, no Los Ardillos, bajaron el crimen en Chilapa, responde Astudillo al obispo Rangel","author":"grieta","date":"10 mayo, 2016","format":false,"excerpt":"El Sur Abel Salgado El gobernador H\u00e9ctor Astudillo Flores defendi\u00f3 la presencia del Ej\u00e9rcito y la Polic\u00eda Federal (PF) en Chilapa y dijo que con ellos han disminuido los \u201ccr\u00edmenes dolosos\u201d, adem\u00e1s de que inhibieron que se repitieran hechos de violencia. Con relaci\u00f3n a la declaraci\u00f3n del obispo de la\u2026","rel":"","context":"En &quot;CINTILLO&quot;","block_context":{"text":"CINTILLO","link":"https:\/\/www.grieta.org.mx\/index.php\/category\/cintillo\/"},"img":{"alt_text":"","src":"https:\/\/i0.wp.com\/www.grieta.org.mx\/wp-content\/uploads\/2018\/03\/14524434_1106112876131411_958039263622046936_o.jpg?resize=350%2C200&ssl=1","width":350,"height":200,"srcset":"https:\/\/i0.wp.com\/www.grieta.org.mx\/wp-content\/uploads\/2018\/03\/14524434_1106112876131411_958039263622046936_o.jpg?resize=350%2C200&ssl=1 1x, https:\/\/i0.wp.com\/www.grieta.org.mx\/wp-content\/uploads\/2018\/03\/14524434_1106112876131411_958039263622046936_o.jpg?resize=525%2C300&ssl=1 1.5x, https:\/\/i0.wp.com\/www.grieta.org.mx\/wp-content\/uploads\/2018\/03\/14524434_1106112876131411_958039263622046936_o.jpg?resize=700%2C400&ssl=1 2x"},"classes":[]}],"_links":{"self":[{"href":"https:\/\/www.grieta.org.mx\/index.php\/wp-json\/wp\/v2\/posts\/12586","targetHints":{"allow":["GET"]}}],"collection":[{"href":"https:\/\/www.grieta.org.mx\/index.php\/wp-json\/wp\/v2\/posts"}],"about":[{"href":"https:\/\/www.grieta.org.mx\/index.php\/wp-json\/wp\/v2\/types\/post"}],"author":[{"embeddable":true,"href":"https:\/\/www.grieta.org.mx\/index.php\/wp-json\/wp\/v2\/users\/2"}],"replies":[{"embeddable":true,"href":"https:\/\/www.grieta.org.mx\/index.php\/wp-json\/wp\/v2\/comments?post=12586"}],"version-history":[{"count":1,"href":"https:\/\/www.grieta.org.mx\/index.php\/wp-json\/wp\/v2\/posts\/12586\/revisions"}],"predecessor-version":[{"id":12589,"href":"https:\/\/www.grieta.org.mx\/index.php\/wp-json\/wp\/v2\/posts\/12586\/revisions\/12589"}],"wp:featuredmedia":[{"embeddable":true,"href":"https:\/\/www.grieta.org.mx\/index.php\/wp-json\/wp\/v2\/media\/21928"}],"wp:attachment":[{"href":"https:\/\/www.grieta.org.mx\/index.php\/wp-json\/wp\/v2\/media?parent=12586"}],"wp:term":[{"taxonomy":"category","embeddable":true,"href":"https:\/\/www.grieta.org.mx\/index.php\/wp-json\/wp\/v2\/categories?post=12586"},{"taxonomy":"post_tag","embeddable":true,"href":"https:\/\/www.grieta.org.mx\/index.php\/wp-json\/wp\/v2\/tags?post=12586"}],"curies":[{"name":"wp","href":"https:\/\/api.w.org\/{rel}","templated":true}]}}