{"id":12583,"date":"2016-05-08T10:58:50","date_gmt":"2016-05-08T10:58:50","guid":{"rendered":"http:\/\/www.grieta.org.mx\/?p=12583"},"modified":"2016-05-19T20:42:03","modified_gmt":"2016-05-19T20:42:03","slug":"ong-toman-postura-por-uno-de-los-grupos-omitiendo-informacion","status":"publish","type":"post","link":"https:\/\/www.grieta.org.mx\/index.php\/2016\/05\/08\/ong-toman-postura-por-uno-de-los-grupos-omitiendo-informacion\/","title":{"rendered":"A un a\u00f1o ONG toman postura por uno de los grupos"},"content":{"rendered":"<p>Bolet\u00edn Tlachinollan<br \/>\n<img loading=\"lazy\" decoding=\"async\" data-attachment-id=\"12642\" data-permalink=\"https:\/\/www.grieta.org.mx\/index.php\/2016\/05\/08\/ong-toman-postura-por-uno-de-los-grupos-omitiendo-informacion\/ong\/\" data-orig-file=\"https:\/\/www.grieta.org.mx\/wp-content\/uploads\/2016\/05\/ong.png\" data-orig-size=\"745,312\" data-comments-opened=\"0\" data-image-meta=\"{&quot;aperture&quot;:&quot;0&quot;,&quot;credit&quot;:&quot;&quot;,&quot;camera&quot;:&quot;&quot;,&quot;caption&quot;:&quot;&quot;,&quot;created_timestamp&quot;:&quot;0&quot;,&quot;copyright&quot;:&quot;&quot;,&quot;focal_length&quot;:&quot;0&quot;,&quot;iso&quot;:&quot;0&quot;,&quot;shutter_speed&quot;:&quot;0&quot;,&quot;title&quot;:&quot;&quot;,&quot;orientation&quot;:&quot;0&quot;}\" data-image-title=\"ONG apoyan a Siempr Vivos\" data-image-description=\"\" data-image-caption=\"\" data-medium-file=\"https:\/\/www.grieta.org.mx\/wp-content\/uploads\/2016\/05\/ong-300x126.png\" data-large-file=\"https:\/\/www.grieta.org.mx\/wp-content\/uploads\/2016\/05\/ong.png\" class=\"aligncenter size-medium wp-image-12642\" src=\"http:\/\/www.grieta.org.mx\/wp-content\/uploads\/2016\/05\/ong-300x126.png\" alt=\"ong\" width=\"300\" height=\"126\" srcset=\"https:\/\/www.grieta.org.mx\/wp-content\/uploads\/2016\/05\/ong-300x126.png 300w, https:\/\/www.grieta.org.mx\/wp-content\/uploads\/2016\/05\/ong.png 745w\" sizes=\"auto, (max-width: 300px) 100vw, 300px\" \/><br \/>\nA un a\u00f1o de la desaparici\u00f3n forzada de por lo menos 16 personas en la ciudad de Chilapa de \u00c1lvarez, Gro., en manos de personas armadas que se autodenominaron como Polic\u00edas Comunitarias \u201cpor la paz y la justicia\u201d , las Organizaciones firmantes exigimos verdad, justicia y reparaci\u00f3n del da\u00f1o a las familias de los desaparecidos Alexander Nava Reyes, Arturo Guti\u00e9rrez Jaimes, Carlos Emanuel Meza Nava, Crispino Carreto Gonzales, Daniel Vel\u00e1zquez Romero, Gemino Neri Agust\u00edn, Jaime Eduardo Villanueva Altamirano, Jorge Abarca Jaimes, Jorge Luis Salmer\u00f3n Hern\u00e1ndez, Josefino Jes\u00fas Cruz, Juan Carreto Cuevas, Miguel Carreto Cuevas, Samuel Carreto V\u00e1zquez, Sebasti\u00e1n Ulises Alonzo Jaimes, Sergio Derramona Abarca y V\u00edctor Carreto Cuevas. De igual forma, condenamos energ\u00e9ticamente la falta de voluntad pol\u00edtica de las distintas autoridades de todos los niveles de Gobierno, para dar con el paradero de estas personas y apoyar a las familias a trav\u00e9s de sus Instituciones.<\/p>\n<p>Es importante recordar que ante la denuncia de los familiares de las graves violaciones a los derechos humanos que se cometieron entre el 9 y el 14 de mayo de 2015, autoridades de todos los niveles han simulado atender el caso de los desparecidos de Chilapa, ejemplo de ello fue la presencia en el municipio del Secretario de Gobernaci\u00f3n, Osorio Chong; la Procuradora General de la Republica, Arely G\u00f3mez; el Gobernador del Estado, H\u00e9ctor Astudillo, entre otros, adem\u00e1s del anuncio de la presencia de 3,000 elementos del Ej\u00e9rcito Mexicano y la creaci\u00f3n de un cuartel militar; sin que esto haya ofrecido una respuesta a la violencia generalizada en Chilapa y sus alrededores, ni haya dado con indicios o respuestas sobre el paradero de alguno de los desaparecidos de aquellos terribles 6 d\u00edas.<\/p>\n<p>De igual forma, es necesario apuntar que al d\u00eda de hoy no existe ning\u00fan resultado en la investigaci\u00f3n, radicada en la averiguaci\u00f3n previa PGR\/SEIDO\/UEIDMS\/306\/2015, sobre lo que pas\u00f3 en esos d\u00edas, ni sobre la participaci\u00f3n u omisi\u00f3n de las fuerzas de seguridad estatales, federales y castrenses. Es grave que en M\u00e9xico se desaparezcan personas en presencia y con la aquiescencia de las fuerzas policiales y que las instancias encargadas de investigar delitos, no tengan la capacidad de dar con el paradero de los desaparecidos a pesar de que existen pruebas fehacientes que indican quienes son los presuntos responsables; qui\u00e9nes adem\u00e1s contin\u00faan incursionando armados impunemente en las cabeceras municipales de Zitlala y Chilapa, como ha sido evidenciado en d\u00edas recientes.<\/p>\n<p>Por otro lado, la respuesta de atenci\u00f3n a las v\u00edctimas ha sido el desd\u00e9n y el olvido como en otros casos registrados a lo largo del pa\u00eds. La Comisi\u00f3n Ejecutiva de Atenci\u00f3n a V\u00edctimas (CEAV) de la Secretaria de Gobernaci\u00f3n Federal, durante los primeros meses estuvo apoyando a las familias con el pago de sus pasajes para asistir a las reuniones que todos los mi\u00e9rcoles hacen en exigencia de la presentaci\u00f3n de sus familiares; sin embargo desde el mes de enero de este a\u00f1o ese apoyo se les suspendi\u00f3 argumentando cambios en las pol\u00edticas instituciones para el otorgamiento de apoyo, no sin antes exigirles la firma de formatos de entrega de apoyo, los cu\u00e1les ser\u00edan supuestamente reembolsados cuando tuvieran los recursos disponibles. Al d\u00eda de hoy, los apoyos no han sido reanudados, no se han recibido los reembolsos de los apoyos firmados y constantemente ponen obst\u00e1culos para que las familias obtengan el Registro Nacional de Victimas, lo cual ha mermado la presencia de las familias en la b\u00fasqueda de sus familiares, ante la pobreza en que viven, pues en su mayor\u00eda pertenecen a pueblos ind\u00edgenas de esta regi\u00f3n.<\/p>\n<p>Ante la falta de resultados de las autoridades, las familias de \u201cSiempre Vivos\u201d hacemos un llamamiento a los grupos de familiares de desaparecidos del Estado de Guerrero a hacer un frente com\u00fan para realizar acciones coordinadas; de igual forma las organizaciones firmantes nos unimos a las siguientes exigencias:<\/p>\n<p>1.- B\u00fasquedas serias, inmediatas y con resultados claros, que no abonen a la simulaci\u00f3n, por parte de las autoridades competentes.<\/p>\n<p>2.- La creaci\u00f3n de una Fiscal\u00eda Especial de Desaparici\u00f3n de Personas dentro de la Fiscal\u00eda General de Justicia del Estado de Guerrero, integrada por personal interdisciplinario, aut\u00f3nomo y capacitado para atender estos casos.<\/p>\n<p>3.- Se garantice el derecho a la verdad, a la justicia y reparaci\u00f3n del da\u00f1o a los familiares de las v\u00edctimas de desaparici\u00f3n forzada.<\/p>\n<p>4.- La legislaci\u00f3n en materia de declaraci\u00f3n de ausencia, de acuerdo a est\u00e1ndares internacionales, para los casos de personas desaparecidas.<\/p>\n<p>5.- El apoyo puntual de la Comisi\u00f3n Ejecutiva de Atenci\u00f3n a V\u00edctimas a las familias de los desparecidos, sin trabas burocr\u00e1ticos.<\/p>\n<p>Centro Regional de Defensa de Derechos Humanos \u201cJos\u00e9 Mar\u00eda Morelos y Pav\u00f3n\u201d<\/p>\n<p>Colectivo contra la tortura y la impunidad<\/p>\n<p>Centro de Derechos Humanos de la Monta\u00f1a \u201cTlachinollan\u201d<\/p>\n<p>Organizaci\u00f3n de familiares de desaparecidos de Chilapa \u201cSiempre Vivos\u201d<\/p>\n<p>Red Nacional De Organismos Civiles De Derechos Humanos \u201cTodos Los Derechos Para Todas Y Todos\u201d (conformada por 80 organizaciones en 21 estados de la Rep\u00fablica mexicana)<\/p>\n<p>Informaci\u00f3n Adicional | Los hechos referidos<\/p>\n<p>A mediados del mes de mayo de 2015, m\u00e1s de trecientas personas provenientes de comunidades de Chilapa de \u00c1lvarez, entre ellos mujeres, ni\u00f1os y adultos mayores, irrumpieron en la cabecera municipal fuertemente armados, en presencia de la polic\u00edas estatal, federal, la gendarmer\u00eda y el ej\u00e9rcito, exigiendo la captura y procesamiento del l\u00edder de grupo de la delincuencia organizada \u201cLos Rojos\u201d en Chilapa.<\/p>\n<p>Patrullaban la ciudad, deteniendo gente considerada de pertenecer al mencionado grupo de la delincuencia organizada y quienes contin\u00faan desaparecidos.<\/p>\n<p>Durante esos d\u00edas familiares de las personas desaparecidas se manifestaron en presencia de los hombres armados y exigieron a las autoridades estatales y federales tomar medidas ante los delitos que se estaban cometiendo, sin recibir respuesta alguna.<\/p>\n<p>El 14 de mayo, despu\u00e9s de que se dio a conocer que uno de los comisarios, l\u00edder de la supuesta polic\u00eda comunitaria, mantuvo comunicaci\u00f3n v\u00eda celular con el l\u00edder de los Rojos, se retiraron amenazando con regresar si los cuerpos policiacos del Estado y la Federaci\u00f3n no lo deten\u00edan a la brevedad.<\/p>\n<p>Posterior a esos d\u00edas los familiares de los desaparecidos formaron la organizaci\u00f3n \u201cSiempre Vivos\u201d, exigiendo la atracci\u00f3n del caso por parte de la PGR, quien inici\u00f3 la Averiguaci\u00f3n Previa n\u00famero PGR\/SEIDO\/UEIDMS\/306\/2015, y quien prometi\u00f3 darles resultados en dos meses, lo que al d\u00eda de hoy no ha sucedido.<\/p>\n<p><a href=\"http:\/\/www.tlachinollan.org\/boletin-a-un-ano-de-desaparicion-forzada-multiple-en-chilapa-ineficacia-en-investigacion-y-persistencia-de-la-impunidad\/\">http:\/\/www.tlachinollan.org\/boletin-a-un-ano-de-desaparicion-forzada-multiple-en-chilapa-ineficacia-en-investigacion-y-persistencia-de-la-impunidad\/<\/a><\/p>\n","protected":false},"excerpt":{"rendered":"<p>Bolet\u00edn Tlachinollan A un a\u00f1o de la desaparici\u00f3n forzada de por lo menos 16 personas en la ciudad de Chilapa de \u00c1lvarez, Gro., en manos de personas armadas que se &hellip; <a href=\"https:\/\/www.grieta.org.mx\/index.php\/2016\/05\/08\/ong-toman-postura-por-uno-de-los-grupos-omitiendo-informacion\/\" class=\"more-link\">Leer m\u00e1s<\/a><\/p>\n","protected":false},"author":2,"featured_media":21928,"comment_status":"closed","ping_status":"closed","sticky":false,"template":"","format":"standard","meta":{"ngg_post_thumbnail":0,"_jetpack_newsletter_access":"","_jetpack_dont_email_post_to_subs":false,"_jetpack_newsletter_tier_id":0,"_jetpack_memberships_contains_paywalled_content":false,"_jetpack_memberships_contains_paid_content":false,"footnotes":""},"categories":[80],"tags":[568,121,669],"class_list":["post-12583","post","type-post","status-publish","format-standard","has-post-thumbnail","hentry","category-cintillo","tag-chilapa","tag-desaparecidos","tag-grupos-armados","entry"],"jetpack_featured_media_url":"https:\/\/www.grieta.org.mx\/wp-content\/uploads\/2018\/03\/14524434_1106112876131411_958039263622046936_o.jpg","jetpack_sharing_enabled":true,"jetpack_shortlink":"https:\/\/wp.me\/p7ZJR4-3gX","jetpack_likes_enabled":false,"jetpack-related-posts":[{"id":12588,"url":"https:\/\/www.grieta.org.mx\/index.php\/2016\/05\/09\/a-un-ano-falta-atencion-a-desaparecidos-y-a-sus-familiares-senalan-ong\/","url_meta":{"origin":12583,"position":0},"title":"A un a\u00f1o, falta atenci\u00f3n a desaparecidos y a sus familiares, se\u00f1alan ONG","author":"grieta","date":"9 mayo, 2016","format":false,"excerpt":"El Sur Lourdes Ch\u00e1vez Chilpancingo. ONG de derechos humanos del estado y del pa\u00eds condenaron la falta de voluntad de los gobiernos para dar con el paradero de 16 desaparecidos en Chilapa hace un a\u00f1o, en manos del grupo de civiles armados autodenominado Comunitarios por La Paz y la Justicia,\u2026","rel":"","context":"En &quot;CINTILLO&quot;","block_context":{"text":"CINTILLO","link":"https:\/\/www.grieta.org.mx\/index.php\/category\/cintillo\/"},"img":{"alt_text":"","src":"https:\/\/i0.wp.com\/www.grieta.org.mx\/wp-content\/uploads\/2018\/03\/14524434_1106112876131411_958039263622046936_o.jpg?resize=350%2C200&ssl=1","width":350,"height":200,"srcset":"https:\/\/i0.wp.com\/www.grieta.org.mx\/wp-content\/uploads\/2018\/03\/14524434_1106112876131411_958039263622046936_o.jpg?resize=350%2C200&ssl=1 1x, https:\/\/i0.wp.com\/www.grieta.org.mx\/wp-content\/uploads\/2018\/03\/14524434_1106112876131411_958039263622046936_o.jpg?resize=525%2C300&ssl=1 1.5x, https:\/\/i0.wp.com\/www.grieta.org.mx\/wp-content\/uploads\/2018\/03\/14524434_1106112876131411_958039263622046936_o.jpg?resize=700%2C400&ssl=1 2x"},"classes":[]},{"id":12680,"url":"https:\/\/www.grieta.org.mx\/index.php\/2016\/05\/08\/ong-de-guerrero-se-pronuncian-en-apoyo-a-siempre-vivos\/","url_meta":{"origin":12583,"position":1},"title":"ONG de Guerrero se pronuncian en apoyo a Siempre Vivos","author":"grieta","date":"8 mayo, 2016","format":false,"excerpt":"Tlachinollan [Bolet\u00edn de ONG de Guerrero y Nacionales] \u00a0 \u00a0 \u00a0 \u00a0 \u00a0 \u00a0 \u00a0 \u00a0 \u2022 A un a\u00f1o de m\u00faltiples desapariciones forzadas en Chilapa, ineficacia en investigaci\u00f3n y persistencia de la impunidad \u2022 Existen evidencias de que personas armadas que se autodenominaron Polic\u00edas Comunitarias \u201cpor la paz y\u2026","rel":"","context":"En &quot;CINTILLO&quot;","block_context":{"text":"CINTILLO","link":"https:\/\/www.grieta.org.mx\/index.php\/category\/cintillo\/"},"img":{"alt_text":"","src":"https:\/\/i0.wp.com\/www.grieta.org.mx\/wp-content\/uploads\/2018\/03\/14524434_1106112876131411_958039263622046936_o.jpg?resize=350%2C200&ssl=1","width":350,"height":200,"srcset":"https:\/\/i0.wp.com\/www.grieta.org.mx\/wp-content\/uploads\/2018\/03\/14524434_1106112876131411_958039263622046936_o.jpg?resize=350%2C200&ssl=1 1x, https:\/\/i0.wp.com\/www.grieta.org.mx\/wp-content\/uploads\/2018\/03\/14524434_1106112876131411_958039263622046936_o.jpg?resize=525%2C300&ssl=1 1.5x, https:\/\/i0.wp.com\/www.grieta.org.mx\/wp-content\/uploads\/2018\/03\/14524434_1106112876131411_958039263622046936_o.jpg?resize=700%2C400&ssl=1 2x"},"classes":[]},{"id":12695,"url":"https:\/\/www.grieta.org.mx\/index.php\/2016\/05\/11\/familiares-de-desaparecidos-comienzan-recorridos-en-chilapa\/","url_meta":{"origin":12583,"position":2},"title":"Familiares de desaparecidos comienzan recorridos en Chilapa","author":"grieta","date":"11 mayo, 2016","format":false,"excerpt":"Proceso Ezequiel Flores Contreras Chilapa (apro). La primera actividad del grupo de familiares de desaparecidos de esta franja de la entidad fue acudir al poblado de Ahuihuiyuco, donde se enacuentran las casas deshabitadas de una familia marcada por la tragedia, los Carreto Gonz\u00e1lez. Ello despu\u00e9s de un taller impartido por\u2026","rel":"","context":"En &quot;CINTILLO&quot;","block_context":{"text":"CINTILLO","link":"https:\/\/www.grieta.org.mx\/index.php\/category\/cintillo\/"},"img":{"alt_text":"","src":"https:\/\/i0.wp.com\/www.grieta.org.mx\/wp-content\/uploads\/2018\/03\/14524434_1106112876131411_958039263622046936_o.jpg?resize=350%2C200&ssl=1","width":350,"height":200,"srcset":"https:\/\/i0.wp.com\/www.grieta.org.mx\/wp-content\/uploads\/2018\/03\/14524434_1106112876131411_958039263622046936_o.jpg?resize=350%2C200&ssl=1 1x, https:\/\/i0.wp.com\/www.grieta.org.mx\/wp-content\/uploads\/2018\/03\/14524434_1106112876131411_958039263622046936_o.jpg?resize=525%2C300&ssl=1 1.5x, https:\/\/i0.wp.com\/www.grieta.org.mx\/wp-content\/uploads\/2018\/03\/14524434_1106112876131411_958039263622046936_o.jpg?resize=700%2C400&ssl=1 2x"},"classes":[]},{"id":12700,"url":"https:\/\/www.grieta.org.mx\/index.php\/2016\/05\/12\/12700\/","url_meta":{"origin":12583,"position":3},"title":"Chilapa, una reedici\u00f3n de Ayotzinapa, acusa Siempre Vivos","author":"grieta","date":"12 mayo, 2016","format":false,"excerpt":"Proceso Ezequiel Flores Contreras Desde enero de 2014 Proceso dio a conocer que Chilapa, ubicada en el coraz\u00f3n de Guerrero, se hab\u00eda convertido en el escenario de una brutal guerra entre tres bandas criminales que buscan el control geogr\u00e1fico y pol\u00edtico de un corredor esencial para el trasiego de drogas.\u2026","rel":"","context":"En &quot;CINTILLO&quot;","block_context":{"text":"CINTILLO","link":"https:\/\/www.grieta.org.mx\/index.php\/category\/cintillo\/"},"img":{"alt_text":"","src":"https:\/\/i0.wp.com\/www.grieta.org.mx\/wp-content\/uploads\/2018\/03\/14524434_1106112876131411_958039263622046936_o.jpg?resize=350%2C200&ssl=1","width":350,"height":200,"srcset":"https:\/\/i0.wp.com\/www.grieta.org.mx\/wp-content\/uploads\/2018\/03\/14524434_1106112876131411_958039263622046936_o.jpg?resize=350%2C200&ssl=1 1x, https:\/\/i0.wp.com\/www.grieta.org.mx\/wp-content\/uploads\/2018\/03\/14524434_1106112876131411_958039263622046936_o.jpg?resize=525%2C300&ssl=1 1.5x, https:\/\/i0.wp.com\/www.grieta.org.mx\/wp-content\/uploads\/2018\/03\/14524434_1106112876131411_958039263622046936_o.jpg?resize=700%2C400&ssl=1 2x"},"classes":[]},{"id":12666,"url":"https:\/\/www.grieta.org.mx\/index.php\/2015\/05\/25\/dejo-que-los-civiles-armados-se-llevaran-de-chilapa-a-los-desaparecidos-le-recriminan-a-rogelio-ortega\/","url_meta":{"origin":12583,"position":4},"title":"Dej\u00f3 que los civiles armados se llevaran de Chilapa a los desaparecidos, le recriminan a Rogelio Ortega","author":"grieta","date":"25 mayo, 2015","format":false,"excerpt":"Luis Daniel Nava Chilapa Familiares de las personas desaparecidas durante la ocupaci\u00f3n de la ciudad por civiles armados, del 9 al 14 de mayo, le dieron un plazo de 48 horas al gobernador, Rogelio Ortega Mart\u00ednez, para localizarlas con vida. El gobernador se comprometi\u00f3 a citar conforme a derecho a\u2026","rel":"","context":"En &quot;CINTILLO&quot;","block_context":{"text":"CINTILLO","link":"https:\/\/www.grieta.org.mx\/index.php\/category\/cintillo\/"},"img":{"alt_text":"","src":"https:\/\/i0.wp.com\/www.grieta.org.mx\/wp-content\/uploads\/2018\/03\/14524434_1106112876131411_958039263622046936_o.jpg?resize=350%2C200&ssl=1","width":350,"height":200,"srcset":"https:\/\/i0.wp.com\/www.grieta.org.mx\/wp-content\/uploads\/2018\/03\/14524434_1106112876131411_958039263622046936_o.jpg?resize=350%2C200&ssl=1 1x, https:\/\/i0.wp.com\/www.grieta.org.mx\/wp-content\/uploads\/2018\/03\/14524434_1106112876131411_958039263622046936_o.jpg?resize=525%2C300&ssl=1 1.5x, https:\/\/i0.wp.com\/www.grieta.org.mx\/wp-content\/uploads\/2018\/03\/14524434_1106112876131411_958039263622046936_o.jpg?resize=700%2C400&ssl=1 2x"},"classes":[]},{"id":12677,"url":"https:\/\/www.grieta.org.mx\/index.php\/2016\/05\/10\/12677\/","url_meta":{"origin":12583,"position":5},"title":"Marchan juntos Siempre Vivos y representantes de padres de 43 de Ayotzinapa","author":"grieta","date":"10 mayo, 2016","format":false,"excerpt":"El Sur Luis Daniel Nava Chilapa. Familiares de desaparecidos de Chilapa y padres de los 43 normalistas de Ayotzinapa marcharon en esta ciudad para exigir a las autoridades justicia y la presentaci\u00f3n con vida de sus parientes que fueron llevados hace un a\u00f1o durante la irrupci\u00f3n de civiles armados. La\u2026","rel":"","context":"En &quot;CINTILLO&quot;","block_context":{"text":"CINTILLO","link":"https:\/\/www.grieta.org.mx\/index.php\/category\/cintillo\/"},"img":{"alt_text":"","src":"https:\/\/i0.wp.com\/www.grieta.org.mx\/wp-content\/uploads\/2018\/03\/14524434_1106112876131411_958039263622046936_o.jpg?resize=350%2C200&ssl=1","width":350,"height":200,"srcset":"https:\/\/i0.wp.com\/www.grieta.org.mx\/wp-content\/uploads\/2018\/03\/14524434_1106112876131411_958039263622046936_o.jpg?resize=350%2C200&ssl=1 1x, https:\/\/i0.wp.com\/www.grieta.org.mx\/wp-content\/uploads\/2018\/03\/14524434_1106112876131411_958039263622046936_o.jpg?resize=525%2C300&ssl=1 1.5x, https:\/\/i0.wp.com\/www.grieta.org.mx\/wp-content\/uploads\/2018\/03\/14524434_1106112876131411_958039263622046936_o.jpg?resize=700%2C400&ssl=1 2x"},"classes":[]}],"_links":{"self":[{"href":"https:\/\/www.grieta.org.mx\/index.php\/wp-json\/wp\/v2\/posts\/12583","targetHints":{"allow":["GET"]}}],"collection":[{"href":"https:\/\/www.grieta.org.mx\/index.php\/wp-json\/wp\/v2\/posts"}],"about":[{"href":"https:\/\/www.grieta.org.mx\/index.php\/wp-json\/wp\/v2\/types\/post"}],"author":[{"embeddable":true,"href":"https:\/\/www.grieta.org.mx\/index.php\/wp-json\/wp\/v2\/users\/2"}],"replies":[{"embeddable":true,"href":"https:\/\/www.grieta.org.mx\/index.php\/wp-json\/wp\/v2\/comments?post=12583"}],"version-history":[{"count":1,"href":"https:\/\/www.grieta.org.mx\/index.php\/wp-json\/wp\/v2\/posts\/12583\/revisions"}],"predecessor-version":[{"id":12643,"href":"https:\/\/www.grieta.org.mx\/index.php\/wp-json\/wp\/v2\/posts\/12583\/revisions\/12643"}],"wp:featuredmedia":[{"embeddable":true,"href":"https:\/\/www.grieta.org.mx\/index.php\/wp-json\/wp\/v2\/media\/21928"}],"wp:attachment":[{"href":"https:\/\/www.grieta.org.mx\/index.php\/wp-json\/wp\/v2\/media?parent=12583"}],"wp:term":[{"taxonomy":"category","embeddable":true,"href":"https:\/\/www.grieta.org.mx\/index.php\/wp-json\/wp\/v2\/categories?post=12583"},{"taxonomy":"post_tag","embeddable":true,"href":"https:\/\/www.grieta.org.mx\/index.php\/wp-json\/wp\/v2\/tags?post=12583"}],"curies":[{"name":"wp","href":"https:\/\/api.w.org\/{rel}","templated":true}]}}