{"id":12580,"date":"2016-05-09T09:45:55","date_gmt":"2016-05-09T09:45:55","guid":{"rendered":"http:\/\/www.grieta.org.mx\/?p=12580"},"modified":"2016-05-19T10:35:41","modified_gmt":"2016-05-19T10:35:41","slug":"tras-civiles-que-irrumpieron-en-zitlala-estan-los-ardillos-obispo-rangel","status":"publish","type":"post","link":"https:\/\/www.grieta.org.mx\/index.php\/2016\/05\/09\/tras-civiles-que-irrumpieron-en-zitlala-estan-los-ardillos-obispo-rangel\/","title":{"rendered":"Tras civiles que irrumpieron en Zitlala est\u00e1n Los Ardillos, obispo Rangel"},"content":{"rendered":"<p>El Sur<\/p>\n<p>Alfonso Mar\u00edn,<\/p>\n<p>Su intenci\u00f3n es \u201cir apoder\u00e1ndose de estos territorios para ir ganando terreno a otros narcotraficantes\u201d, se\u00f1ala el responsable de la di\u00f3cesis de Chilpancingo. Se\u00f1ala no obstante que gracias al dominio de ese grupo en Chilapa en lugar de Los Rojos, \u201clas cosas est\u00e1n m\u00e1s tranquilas\u201d.<\/p>\n<p>El obispo de la di\u00f3cesis Chilpancingo-Chilapa, Salvador Rangel Mendoza, asegur\u00f3 que la incursi\u00f3n de 300 civiles armados del grupo Paz y Justicia en Zitlala, en realidad fue un \u201cdesplazamiento\u201d del grupo de Los Ardillos contra Los Rojos.<\/p>\n<p>Remarc\u00f3 que en Guerrero operan varias bandas delincuenciales y el \u201cgrupo\u201d que predomina en el sureste de la entidad, \u201ces decir, Los Ardillos, va cada vez m\u00e1s recorri\u00e9ndose hacia Zitlala\u201d.<\/p>\n<p>Record\u00f3 que hace un a\u00f1o esa misma organizaci\u00f3n tom\u00f3 Chilapa, y ahora se ha extendido hacia municipios aleda\u00f1os, \u201cpara m\u00ed esa fue la intenci\u00f3n, ir apoder\u00e1ndose de estos territorios para difundir su influencia e ir ganando terreno a otros narcotraficantes\u201d.<\/p>\n<p>El martes en la noche, alrededor de 300 hombres armados pasaron por una ruta alterna, para no entrar a la ciudad de Chilapa, e irrumpieron en Zitlala, donde instalaron un ret\u00e9n en la entrada para catear casas, en busca de la esposa de uno de sus compa\u00f1eros que desapareci\u00f3 en la ciudad.<\/p>\n<p>Durante el s\u00e1bado, al menos 12 helic\u00f3pteros y una avioneta de la Marina sobrevolaron la cabecera de Chilapa y sus alrededores, para evitar que el grupo de civiles armados entrara a las cabeceras municipales de Zitlala y Chilapa.<\/p>\n<p>Consultado sobre el tema, a las 7 de la noche en la sacrist\u00eda, antes de oficiar la misa en la catedral de la Asunci\u00f3n, Rangel Mendoza manifest\u00f3 que en realidad quien irrumpi\u00f3 en Chilapa fue el grupo Los Ardillos, \u201cquienes fueron echando hacia afuera a Los Rojos, que estaban en Chilapa hace un a\u00f1o, y ahora estaban en Zitlala; era la l\u00ednea divisoria, y creo que fue la intenci\u00f3n que llevaban estas personas\u201d, dijo, en alusi\u00f3n al grupo Paz y Justicia.<\/p>\n<p>Al obispo se le pregunt\u00f3 si considera un pretexto que fueron a Zitlala en busca de la esposa de uno de sus integrantes y contest\u00f3: \u201cDe eso\u00a0 no estoy seguro, pero me suena a que es pretexto. Yo lo que puedo a\u00f1adir es lo que dicen por ah\u00ed, \u2018de los males el menor\u2019, y yo no s\u00e9 qu\u00e9 impresi\u00f3n tengan de un grupo o de otro, pero ciertamente uno es m\u00e1s violento que el otro, y s\u00ed, ciertamente cada vez se va extendiendo m\u00e1s este grupo que le llaman Los Ardillos\u201d.<\/p>\n<p>En cuanto a si el posible \u201cdesplazamiento\u201d podr\u00eda suscitar m\u00e1s violencia en esos municipios, Rangel Mendoza a\u00f1adi\u00f3 que en los territorios donde las bandas delictivas han sustituido a la autoridad legal, \u201chay m\u00e1s orden, m\u00e1s disciplina y no hay tantos secuestros, no hay asesinatos, no hay levantamientos;\u00a0 realmente son tierras donde ya se camina con m\u00e1s seguridad\u201d.<\/p>\n<p>Dijo que con la \u201ctoma\u201d de Los Ardillos de Chilapa, hace un a\u00f1o, \u201clas cosas est\u00e1n m\u00e1s tranquilas, aunque sigue habiendo peque\u00f1os incidentes, pero lo que antes era Chilapa y Zitlala, tierra de nadie, ahora estos grupos ofrecen m\u00e1s seguridad\u201d.<\/p>\n<p>\u2013\u00bfPero no considera que ante el desplazamiento pudiera resurgir la violencia? \u2013se le insisti\u00f3.<\/p>\n<p>\u2013Yo espero que no. Casi estoy seguro que no habr\u00e1 m\u00e1s problemas.<\/p>\n<p>Sobre la intervenci\u00f3n de la Polic\u00eda Federal y el Ej\u00e9rcito en Chilapa y Zitlala, el prelado argument\u00f3 que cualquier tipo de acci\u00f3n de las corporaciones policiacas, que ayude a coadyuvar en el orden, ser\u00e1 bienvenida.<\/p>\n<p>Aunque abund\u00f3 que la mayor\u00eda de las veces, la Polic\u00eda Federal y el Ej\u00e9rcito act\u00faan como \u00e1rbritos entre las bandas criminales.<\/p>\n<p>Asimismo, reiter\u00f3 que la fuerza militar y policiaca no es la soluci\u00f3n para revertir los conflictos delincuenciales, \u201cpor ello debe hacerse un desarrollo integral, para conocer las causas y reducir los efectos\u201d.<\/p>\n<p>Reiter\u00f3 que el grupo Los Ardillos ha dominado el \u00faltimo a\u00f1o en Chilapa, \u201cpero siempre y cuando, como lo dicen ellos, \u2018nosotros somos narcotraficantes, pero no somos sicarios\u2019.<\/p>\n<p>\u2013\u00bfA usted se lo han dicho esto personalmente?<\/p>\n<p>\u2013Bueno, las personas me han dicho a m\u00ed lo que opinan ellos \u2013 dijo, y se neg\u00f3 a seguir hablando del tema.<\/p>\n<p>Sobre la liberaci\u00f3n de los 71 detenidos durante el desalojo en el bulevar Vicente Guerrero y la Autopista del Sol, el 28 de abril, de quienes pagaron de fianza un total de un mill\u00f3n 461 mil 819 pesos, Rangel dijo que se debe guardar el Estado de derecho y quienes quebrantan leyes y violentan el derecho a terceros deben ser castigados.<\/p>\n<p>Subray\u00f3 que mantener a las personas varadas durante un bloqueo de 10 horas fue algo \u201cbrutal\u201d y debe ser castigado y perseguido, \u201c\u00bfpero qui\u00e9n organiz\u00f3 esto? El agua est\u00e1 todav\u00eda medio revuelta\u201d.<\/p>\n<p>Expuso que el bloqueo se les \u201cachaca\u201d a los amapoleros de la sierra, sin embargo, abri\u00f3 la interrogante acerca del poder de convocatoria de los serranos con los transportistas, \u201cyo creo que aqu\u00ed hay muchos hilos, que tenemos que ir desatando poco a poco\u201d.<\/p>\n<p>Posteriormente, a las 8 de la noche, el obispo encabez\u00f3 en la sacrist\u00eda un acto alusivo al 50 aniversario de la Jornada Mundial de las Comunicaciones Sociales, donde ley\u00f3 un texto del papa Francisco en el que remarc\u00f3 que la comunicaci\u00f3n tiene el poder de crear puentes entre las personas, las familias, los grupos sociales y los pueblos.<\/p>\n<p>Enfatiz\u00f3 que las palabras y acciones de los comunicadores \u201cdeben ser apropiadas, para ayudarnos a cambiar las conductas inapropiadas y a salir del c\u00edrculo vicioso de las condenas y venganzas, que siguen enmara\u00f1ando a individuos y naciones, y que llevan a expresarse con mensajes y odio\u201d.<br \/>\nUn reportero pregunt\u00f3 si se reducir\u00e1n las actividades religiosas debido a la violencia que prevalece en la ciudades y comunidades de la di\u00f3cesis.<\/p>\n<p>\u201cLos que se dedican a hacer el mal tambi\u00e9n son cristianos y tienen fe, y hasta hoy ellos tienen el aprecio hacia los sacerdotes y la Iglesia; realmente nosotros nos movemos de norte a sur y no nos ponen obst\u00e1culos. Ellos son un gremio que tienen necesidades y urgencias, donde tambi\u00e9n se bautizan, casan y mueren. Hasta el momento nadie me ha impedido nada, m\u00e1s bien el Ej\u00e9rcito es el que me ha frenado m\u00e1s veces, y no estas personas\u201d, respondi\u00f3.<\/p>\n<p>A pregunta sobre el plazo de un a\u00f1o que pidi\u00f3 el gobernador H\u00e9ctor Astudillo para reducir la delincuencia en la entidad, Rangel Mendoza manifest\u00f3 que declarar plazos es \u201cdif\u00edcil y peligroso\u201d.<\/p>\n<p>Record\u00f3 que el ex presidente panista Vicente Fox Quesada, durante su campa\u00f1a dijo que en tres meses solucionar\u00eda el conflicto civil en Chiapas, \u201cpero cu\u00e1nto tiempo va y no se arregla nada\u201d.<\/p>\n<p>Rangel invit\u00f3 a los reporteros a mantener el optimismo y no perder la esperanza para sacudir el miedo, \u201cporque los asesinatos y bloqueos son para intimidar a la poblaci\u00f3n y as\u00ed f\u00e1cilmente operan los grupos delictivos\u201d.<\/p>\n<p>http:\/\/suracapulco.mx\/principal\/son-los-ardillos-los-que-irrumpieron-en-zitlala-asegura-el-obispo-rangel\/<\/p>\n","protected":false},"excerpt":{"rendered":"<p>El Sur Alfonso Mar\u00edn, Su intenci\u00f3n es \u201cir apoder\u00e1ndose de estos territorios para ir ganando terreno a otros narcotraficantes\u201d, se\u00f1ala el responsable de la di\u00f3cesis de Chilpancingo. Se\u00f1ala no obstante &hellip; <a href=\"https:\/\/www.grieta.org.mx\/index.php\/2016\/05\/09\/tras-civiles-que-irrumpieron-en-zitlala-estan-los-ardillos-obispo-rangel\/\" class=\"more-link\">Leer m\u00e1s<\/a><\/p>\n","protected":false},"author":2,"featured_media":21928,"comment_status":"closed","ping_status":"closed","sticky":false,"template":"","format":"standard","meta":{"ngg_post_thumbnail":0,"_jetpack_newsletter_access":"","_jetpack_dont_email_post_to_subs":false,"_jetpack_newsletter_tier_id":0,"_jetpack_memberships_contains_paywalled_content":false,"_jetpack_memberships_contains_paid_content":false,"footnotes":""},"categories":[80],"tags":[568,121,669],"class_list":["post-12580","post","type-post","status-publish","format-standard","has-post-thumbnail","hentry","category-cintillo","tag-chilapa","tag-desaparecidos","tag-grupos-armados","entry"],"jetpack_featured_media_url":"https:\/\/www.grieta.org.mx\/wp-content\/uploads\/2018\/03\/14524434_1106112876131411_958039263622046936_o.jpg","jetpack_sharing_enabled":true,"jetpack_shortlink":"https:\/\/wp.me\/p7ZJR4-3gU","jetpack_likes_enabled":false,"jetpack-related-posts":[{"id":12564,"url":"https:\/\/www.grieta.org.mx\/index.php\/2016\/06\/08\/los-desaparecidos-de-chilapa\/","url_meta":{"origin":12580,"position":0},"title":"Desaparecidos Guerrero","author":"grieta","date":"8 junio, 2016","format":false,"excerpt":"Desaparecidos de Chilapa 08\/06\/16. Siempre Vivos anuncia reinicio de b\u00fasqueda de fosas en Chilapa Bajo Palabra 26\/05\/16. Nadie detiene a Ardillos y Rojos, que tienen postrada Chilapa Proceso 20\/05\/16. Colectivo Siempre Vivos de Chilapa extender\u00e1 b\u00fasqueda de fosas El Faro 15\/05\/16. Chilapa huele a miedo y corrupci\u00f3n, Los Otros Desaparecidos\u2026","rel":"","context":"En &quot;Desaparecidos&quot;","block_context":{"text":"Desaparecidos","link":"https:\/\/www.grieta.org.mx\/index.php\/category\/temas-nacionales\/desaparecidos\/"},"img":{"alt_text":"","src":"https:\/\/i0.wp.com\/www.grieta.org.mx\/wp-content\/uploads\/2018\/03\/14524434_1106112876131411_958039263622046936_o.jpg?resize=350%2C200&ssl=1","width":350,"height":200,"srcset":"https:\/\/i0.wp.com\/www.grieta.org.mx\/wp-content\/uploads\/2018\/03\/14524434_1106112876131411_958039263622046936_o.jpg?resize=350%2C200&ssl=1 1x, https:\/\/i0.wp.com\/www.grieta.org.mx\/wp-content\/uploads\/2018\/03\/14524434_1106112876131411_958039263622046936_o.jpg?resize=525%2C300&ssl=1 1.5x, https:\/\/i0.wp.com\/www.grieta.org.mx\/wp-content\/uploads\/2018\/03\/14524434_1106112876131411_958039263622046936_o.jpg?resize=700%2C400&ssl=1 2x"},"classes":[]},{"id":12688,"url":"https:\/\/www.grieta.org.mx\/index.php\/2016\/05\/10\/ejercito-y-pf-no-los-ardillos-bajaron-el-crimen-en-chilapa-responde-astudillo-al-obispo-rangel\/","url_meta":{"origin":12580,"position":1},"title":"Ej\u00e9rcito y PF, no Los Ardillos, bajaron el crimen en Chilapa, responde Astudillo al obispo Rangel","author":"grieta","date":"10 mayo, 2016","format":false,"excerpt":"El Sur Abel Salgado El gobernador H\u00e9ctor Astudillo Flores defendi\u00f3 la presencia del Ej\u00e9rcito y la Polic\u00eda Federal (PF) en Chilapa y dijo que con ellos han disminuido los \u201ccr\u00edmenes dolosos\u201d, adem\u00e1s de que inhibieron que se repitieran hechos de violencia. Con relaci\u00f3n a la declaraci\u00f3n del obispo de la\u2026","rel":"","context":"En &quot;CINTILLO&quot;","block_context":{"text":"CINTILLO","link":"https:\/\/www.grieta.org.mx\/index.php\/category\/cintillo\/"},"img":{"alt_text":"","src":"https:\/\/i0.wp.com\/www.grieta.org.mx\/wp-content\/uploads\/2018\/03\/14524434_1106112876131411_958039263622046936_o.jpg?resize=350%2C200&ssl=1","width":350,"height":200,"srcset":"https:\/\/i0.wp.com\/www.grieta.org.mx\/wp-content\/uploads\/2018\/03\/14524434_1106112876131411_958039263622046936_o.jpg?resize=350%2C200&ssl=1 1x, https:\/\/i0.wp.com\/www.grieta.org.mx\/wp-content\/uploads\/2018\/03\/14524434_1106112876131411_958039263622046936_o.jpg?resize=525%2C300&ssl=1 1.5x, https:\/\/i0.wp.com\/www.grieta.org.mx\/wp-content\/uploads\/2018\/03\/14524434_1106112876131411_958039263622046936_o.jpg?resize=700%2C400&ssl=1 2x"},"classes":[]},{"id":12592,"url":"https:\/\/www.grieta.org.mx\/index.php\/2016\/05\/09\/a-un-ano-de-la-incursion-a-chilapa-nada-se-sabe-de-16-desaparecidos\/","url_meta":{"origin":12580,"position":2},"title":"A un a\u00f1o de la incursi\u00f3n a Chilapa, nada se sabe de 16 desaparecidos","author":"grieta","date":"9 mayo, 2016","format":false,"excerpt":"El Sur Luis Daniel Nava Chilapa. Este d\u00eda se cumple un a\u00f1o de la incursi\u00f3n armada a esta ciudad de m\u00e1s de 300 pobladores y autoridades de las comunidades del sur del municipio de Chilapa con el prop\u00f3sito de exigir seguridad y para catear viviendas y detener a los presuntos\u2026","rel":"","context":"En &quot;CINTILLO&quot;","block_context":{"text":"CINTILLO","link":"https:\/\/www.grieta.org.mx\/index.php\/category\/cintillo\/"},"img":{"alt_text":"","src":"https:\/\/i0.wp.com\/www.grieta.org.mx\/wp-content\/uploads\/2018\/03\/14524434_1106112876131411_958039263622046936_o.jpg?resize=350%2C200&ssl=1","width":350,"height":200,"srcset":"https:\/\/i0.wp.com\/www.grieta.org.mx\/wp-content\/uploads\/2018\/03\/14524434_1106112876131411_958039263622046936_o.jpg?resize=350%2C200&ssl=1 1x, https:\/\/i0.wp.com\/www.grieta.org.mx\/wp-content\/uploads\/2018\/03\/14524434_1106112876131411_958039263622046936_o.jpg?resize=525%2C300&ssl=1 1.5x, https:\/\/i0.wp.com\/www.grieta.org.mx\/wp-content\/uploads\/2018\/03\/14524434_1106112876131411_958039263622046936_o.jpg?resize=700%2C400&ssl=1 2x"},"classes":[]},{"id":12586,"url":"https:\/\/www.grieta.org.mx\/index.php\/2016\/05\/08\/lanzan-despliegue-aereo-y-militar-en-chilapa-y-zitlala\/","url_meta":{"origin":12580,"position":3},"title":"Lanzan despliegue a\u00e9reo y militar en Chilapa y Zitlala","author":"grieta","date":"8 mayo, 2016","format":false,"excerpt":"El Sur Anarsis Pacheco P\u00f3lito y Luis Daniel Nava Lanzan un despliegue a\u00e9reo y terrestre para evitar el regreso del grupo Paz y Justicia. Al menos 12 helic\u00f3pteros y una avioneta de la Marina sobrevolaron ayer por cuatro horas la cabecera de Chilapa y sus alrededores y el gobernador H\u00e9ctor\u2026","rel":"","context":"En &quot;CINTILLO&quot;","block_context":{"text":"CINTILLO","link":"https:\/\/www.grieta.org.mx\/index.php\/category\/cintillo\/"},"img":{"alt_text":"","src":"https:\/\/i0.wp.com\/www.grieta.org.mx\/wp-content\/uploads\/2018\/03\/14524434_1106112876131411_958039263622046936_o.jpg?resize=350%2C200&ssl=1","width":350,"height":200,"srcset":"https:\/\/i0.wp.com\/www.grieta.org.mx\/wp-content\/uploads\/2018\/03\/14524434_1106112876131411_958039263622046936_o.jpg?resize=350%2C200&ssl=1 1x, https:\/\/i0.wp.com\/www.grieta.org.mx\/wp-content\/uploads\/2018\/03\/14524434_1106112876131411_958039263622046936_o.jpg?resize=525%2C300&ssl=1 1.5x, https:\/\/i0.wp.com\/www.grieta.org.mx\/wp-content\/uploads\/2018\/03\/14524434_1106112876131411_958039263622046936_o.jpg?resize=700%2C400&ssl=1 2x"},"classes":[]},{"id":12659,"url":"https:\/\/www.grieta.org.mx\/index.php\/2015\/06\/19\/desaparecidos-de-chilapa-fueron-entregados-a-la-gendarmeria-y-policia-estatal-comisarios\/","url_meta":{"origin":12580,"position":4},"title":"Desaparecidos de Chilapa fueron entregados a la Gendarmer\u00eda y polic\u00eda estatal: Comisarios","author":"grieta","date":"19 junio, 2015","format":false,"excerpt":"Proceso CHILPANCINGO, Gro. (apro).- Comisarios municipales de Chilapa se presentaron a la Fiscal\u00eda General del estado (FGE), para declarar sobre el caso de la irrupci\u00f3n del grupo delictivo \u201cLos Ardillos\u201d en la cabecera y reiteraron que las personas retenidas por los civiles armados fueron entregados a la Polic\u00eda Federal (PF)\u2026","rel":"","context":"En &quot;CINTILLO&quot;","block_context":{"text":"CINTILLO","link":"https:\/\/www.grieta.org.mx\/index.php\/category\/cintillo\/"},"img":{"alt_text":"","src":"https:\/\/i0.wp.com\/www.grieta.org.mx\/wp-content\/uploads\/2018\/03\/14524434_1106112876131411_958039263622046936_o.jpg?resize=350%2C200&ssl=1","width":350,"height":200,"srcset":"https:\/\/i0.wp.com\/www.grieta.org.mx\/wp-content\/uploads\/2018\/03\/14524434_1106112876131411_958039263622046936_o.jpg?resize=350%2C200&ssl=1 1x, https:\/\/i0.wp.com\/www.grieta.org.mx\/wp-content\/uploads\/2018\/03\/14524434_1106112876131411_958039263622046936_o.jpg?resize=525%2C300&ssl=1 1.5x, https:\/\/i0.wp.com\/www.grieta.org.mx\/wp-content\/uploads\/2018\/03\/14524434_1106112876131411_958039263622046936_o.jpg?resize=700%2C400&ssl=1 2x"},"classes":[]},{"id":13053,"url":"https:\/\/www.grieta.org.mx\/index.php\/2016\/05\/26\/nadie-detiene-a-ardillos-y-rojos-que-postrada-chilapa\/","url_meta":{"origin":12580,"position":5},"title":"Nadie detiene a Ardillos y Rojos, que tienen postrada Chilapa","author":"grieta","date":"26 mayo, 2016","format":false,"excerpt":"Proceso Ezequiel Flores Contreras En Chilapa, Guerrero, mientras la violencia del grupo Los Ardillos y su brazo armado se acrecienta, la justicia parece alejarse, sostienen los lugare\u00f1os, quienes la semana antepasada conmemoraron el primer aniversario del sitio a esa localidad. Su movilizaci\u00f3n incluy\u00f3 una jornada de b\u00fasqueda de sus desaparecidos,\u2026","rel":"","context":"En &quot;CINTILLO&quot;","block_context":{"text":"CINTILLO","link":"https:\/\/www.grieta.org.mx\/index.php\/category\/cintillo\/"},"img":{"alt_text":"","src":"https:\/\/i0.wp.com\/www.grieta.org.mx\/wp-content\/uploads\/2018\/03\/14524434_1106112876131411_958039263622046936_o.jpg?resize=350%2C200&ssl=1","width":350,"height":200,"srcset":"https:\/\/i0.wp.com\/www.grieta.org.mx\/wp-content\/uploads\/2018\/03\/14524434_1106112876131411_958039263622046936_o.jpg?resize=350%2C200&ssl=1 1x, https:\/\/i0.wp.com\/www.grieta.org.mx\/wp-content\/uploads\/2018\/03\/14524434_1106112876131411_958039263622046936_o.jpg?resize=525%2C300&ssl=1 1.5x, https:\/\/i0.wp.com\/www.grieta.org.mx\/wp-content\/uploads\/2018\/03\/14524434_1106112876131411_958039263622046936_o.jpg?resize=700%2C400&ssl=1 2x"},"classes":[]}],"_links":{"self":[{"href":"https:\/\/www.grieta.org.mx\/index.php\/wp-json\/wp\/v2\/posts\/12580","targetHints":{"allow":["GET"]}}],"collection":[{"href":"https:\/\/www.grieta.org.mx\/index.php\/wp-json\/wp\/v2\/posts"}],"about":[{"href":"https:\/\/www.grieta.org.mx\/index.php\/wp-json\/wp\/v2\/types\/post"}],"author":[{"embeddable":true,"href":"https:\/\/www.grieta.org.mx\/index.php\/wp-json\/wp\/v2\/users\/2"}],"replies":[{"embeddable":true,"href":"https:\/\/www.grieta.org.mx\/index.php\/wp-json\/wp\/v2\/comments?post=12580"}],"version-history":[{"count":1,"href":"https:\/\/www.grieta.org.mx\/index.php\/wp-json\/wp\/v2\/posts\/12580\/revisions"}],"predecessor-version":[{"id":12581,"href":"https:\/\/www.grieta.org.mx\/index.php\/wp-json\/wp\/v2\/posts\/12580\/revisions\/12581"}],"wp:featuredmedia":[{"embeddable":true,"href":"https:\/\/www.grieta.org.mx\/index.php\/wp-json\/wp\/v2\/media\/21928"}],"wp:attachment":[{"href":"https:\/\/www.grieta.org.mx\/index.php\/wp-json\/wp\/v2\/media?parent=12580"}],"wp:term":[{"taxonomy":"category","embeddable":true,"href":"https:\/\/www.grieta.org.mx\/index.php\/wp-json\/wp\/v2\/categories?post=12580"},{"taxonomy":"post_tag","embeddable":true,"href":"https:\/\/www.grieta.org.mx\/index.php\/wp-json\/wp\/v2\/tags?post=12580"}],"curies":[{"name":"wp","href":"https:\/\/api.w.org\/{rel}","templated":true}]}}