{"id":12575,"date":"2016-05-19T09:37:09","date_gmt":"2016-05-19T09:37:09","guid":{"rendered":"http:\/\/www.grieta.org.mx\/?p=12575"},"modified":"2016-05-19T09:37:09","modified_gmt":"2016-05-19T09:37:09","slug":"grupo-armado-toma-zitlala-tras-hallazgo-de-fosa-clandestina-en-guerrero","status":"publish","type":"post","link":"https:\/\/www.grieta.org.mx\/index.php\/2016\/05\/19\/grupo-armado-toma-zitlala-tras-hallazgo-de-fosa-clandestina-en-guerrero\/","title":{"rendered":"Grupo armado toma Zitlala tras hallazgo de fosa clandestina en Guerrero"},"content":{"rendered":"<p>Proceso<\/p>\n<p>Ezequiel Flores Contreras<\/p>\n<p>Al menos 150 integrantes del grupo de autodefensa del poblado de Tlaltempanapa, vinculados con el grupo delictivo de Los Ardillos, tomaron la cabecera municipal de Zitlala, ubicada en la zona de la Monta\u00f1a baja de la entidad, donde presuntamente localizaron una fosa clandestina.<\/p>\n<p>Por su parte, unos 200 polic\u00edas comunitarios de Rinc\u00f3n de Chautla, municipio de Jos\u00e9 Joaqu\u00edn de Herrera, que pertenecen a la Coordinadora Regional de Autoridades Comunitarias (CRAC), intentan ingresar a Chilapa para dirigirse a Zitlala, argumentando que van a rescatar a una mujer de su comunidad que presuntamente se llev\u00f3 el grupo de Tlaltempanapa.<\/p>\n<p>En respuesta, soldados y polic\u00edas federales impiden que los miembros de la CRAC pasen por Chilapa y los mantienen retenidos en el punto conocido como crucero de Atzacoaloya, y la situaci\u00f3n se reporta como tensa hasta el cierre de esta edici\u00f3n.<\/p>\n<p>Lo anterior fue informado a Apro por autoridades municipales de Zitlala y Chilapa de \u00c1lvarez, donde grupos delincuenciales se disputan el control de las zonas de producci\u00f3n y trasiego de enervantes en esta franja de la entidad colapsada por la narcoviolencia, donde habitan en su mayor\u00eda ind\u00edgenas nahuas.<\/p>\n<p>El hecho ocurre a un d\u00eda de la ancestral celebraci\u00f3n prehisp\u00e1nica denominada Pelea de Tigres que se realiza el 5 de mayo en este municipio denominado Lugar de Estrellas, donde acuden cientos de paseantes nacionales y extranjeros.<\/p>\n<p>De acuerdo con reportes oficiales, cerca de las 19:46 horas se inform\u00f3 que al menos 150 hombres armados procedentes de Tlaltempanapa irrumpieron en la cabecera municipal de Zitlala por el punto conocido como Las Trancas, que conecta con el municipio de Apango.<\/p>\n<p>Fuentes oficiales informaron a Apro que los integrantes de la autodefensa de Tlaltempanapa habr\u00edan localizado una fosa clandestina con un n\u00famero indeterminado de cuerpos en un terreno propiedad del exdirector de Tr\u00e1nsito de Zitlala, Filiberto Corratitl\u00e1n Yectli.<\/p>\n<p>Por su parte, el director de Seguridad P\u00fablica municipal de Zitlala, Arturo Garc\u00eda Zen\u00f3n, report\u00f3 que los ind\u00edgenas nahuas armados instalaron retenes en las entradas y salidas del peque\u00f1o poblado y que estaban despojando de sus pertenencias a los ciudadanos.<\/p>\n<p>Hasta el momento, ni el alcalde de Zitlala, Roberto Zapoteco, y de Chilapa, Jes\u00fas Parra, ambos del PRI, as\u00ed como ninguna autoridad estatal, han emitido un comunicado para explicar la situaci\u00f3n que provoc\u00f3 p\u00e1nico y terror entre la ciudadan\u00eda.<\/p>\n<p><a href=\"http:\/\/www.proceso.com.mx\/439452\/grupo-armado-toma-zitlala-tras-hallazgo-fosa-clandestina-en-guerrero\">http:\/\/www.proceso.com.mx\/439452\/grupo-armado-toma-zitlala-tras-hallazgo-fosa-clandestina-en-guerrero<\/a><\/p>\n","protected":false},"excerpt":{"rendered":"<p>Proceso Ezequiel Flores Contreras Al menos 150 integrantes del grupo de autodefensa del poblado de Tlaltempanapa, vinculados con el grupo delictivo de Los Ardillos, tomaron la cabecera municipal de Zitlala, &hellip; <a href=\"https:\/\/www.grieta.org.mx\/index.php\/2016\/05\/19\/grupo-armado-toma-zitlala-tras-hallazgo-de-fosa-clandestina-en-guerrero\/\" class=\"more-link\">Leer m\u00e1s<\/a><\/p>\n","protected":false},"author":2,"featured_media":21928,"comment_status":"closed","ping_status":"closed","sticky":false,"template":"","format":"standard","meta":{"ngg_post_thumbnail":0,"_jetpack_newsletter_access":"","_jetpack_dont_email_post_to_subs":false,"_jetpack_newsletter_tier_id":0,"_jetpack_memberships_contains_paywalled_content":false,"_jetpack_memberships_contains_paid_content":false,"footnotes":""},"categories":[80],"tags":[],"class_list":["post-12575","post","type-post","status-publish","format-standard","has-post-thumbnail","hentry","category-cintillo","entry"],"jetpack_featured_media_url":"https:\/\/www.grieta.org.mx\/wp-content\/uploads\/2018\/03\/14524434_1106112876131411_958039263622046936_o.jpg","jetpack_sharing_enabled":true,"jetpack_shortlink":"https:\/\/wp.me\/p7ZJR4-3gP","jetpack_likes_enabled":false,"jetpack-related-posts":[{"id":12577,"url":"https:\/\/www.grieta.org.mx\/index.php\/2016\/05\/04\/grupo-armado-toma-zitlala-tras-hallazgo-de-fosa-clandestina-en-guerrero-2\/","url_meta":{"origin":12575,"position":0},"title":"Grupo armado toma Zitlala tras hallazgo de fosa clandestina en Guerrero","author":"grieta","date":"4 mayo, 2016","format":false,"excerpt":"Proceso Ezequiel Flores Contreras Al menos 150 integrantes del grupo de autodefensa del poblado de Tlaltempanapa, vinculados con el grupo delictivo de Los Ardillos, tomaron la cabecera municipal de Zitlala, ubicada en la zona de la Monta\u00f1a baja de la entidad, donde presuntamente localizaron una fosa clandestina. Por su parte,\u2026","rel":"","context":"En &quot;CINTILLO&quot;","block_context":{"text":"CINTILLO","link":"https:\/\/www.grieta.org.mx\/index.php\/category\/cintillo\/"},"img":{"alt_text":"","src":"https:\/\/i0.wp.com\/www.grieta.org.mx\/wp-content\/uploads\/2018\/03\/14524434_1106112876131411_958039263622046936_o.jpg?resize=350%2C200&ssl=1","width":350,"height":200,"srcset":"https:\/\/i0.wp.com\/www.grieta.org.mx\/wp-content\/uploads\/2018\/03\/14524434_1106112876131411_958039263622046936_o.jpg?resize=350%2C200&ssl=1 1x, https:\/\/i0.wp.com\/www.grieta.org.mx\/wp-content\/uploads\/2018\/03\/14524434_1106112876131411_958039263622046936_o.jpg?resize=525%2C300&ssl=1 1.5x, https:\/\/i0.wp.com\/www.grieta.org.mx\/wp-content\/uploads\/2018\/03\/14524434_1106112876131411_958039263622046936_o.jpg?resize=700%2C400&ssl=1 2x"},"classes":[]},{"id":12586,"url":"https:\/\/www.grieta.org.mx\/index.php\/2016\/05\/08\/lanzan-despliegue-aereo-y-militar-en-chilapa-y-zitlala\/","url_meta":{"origin":12575,"position":1},"title":"Lanzan despliegue a\u00e9reo y militar en Chilapa y Zitlala","author":"grieta","date":"8 mayo, 2016","format":false,"excerpt":"El Sur Anarsis Pacheco P\u00f3lito y Luis Daniel Nava Lanzan un despliegue a\u00e9reo y terrestre para evitar el regreso del grupo Paz y Justicia. Al menos 12 helic\u00f3pteros y una avioneta de la Marina sobrevolaron ayer por cuatro horas la cabecera de Chilapa y sus alrededores y el gobernador H\u00e9ctor\u2026","rel":"","context":"En &quot;CINTILLO&quot;","block_context":{"text":"CINTILLO","link":"https:\/\/www.grieta.org.mx\/index.php\/category\/cintillo\/"},"img":{"alt_text":"","src":"https:\/\/i0.wp.com\/www.grieta.org.mx\/wp-content\/uploads\/2018\/03\/14524434_1106112876131411_958039263622046936_o.jpg?resize=350%2C200&ssl=1","width":350,"height":200,"srcset":"https:\/\/i0.wp.com\/www.grieta.org.mx\/wp-content\/uploads\/2018\/03\/14524434_1106112876131411_958039263622046936_o.jpg?resize=350%2C200&ssl=1 1x, https:\/\/i0.wp.com\/www.grieta.org.mx\/wp-content\/uploads\/2018\/03\/14524434_1106112876131411_958039263622046936_o.jpg?resize=525%2C300&ssl=1 1.5x, https:\/\/i0.wp.com\/www.grieta.org.mx\/wp-content\/uploads\/2018\/03\/14524434_1106112876131411_958039263622046936_o.jpg?resize=700%2C400&ssl=1 2x"},"classes":[]},{"id":12564,"url":"https:\/\/www.grieta.org.mx\/index.php\/2016\/06\/08\/los-desaparecidos-de-chilapa\/","url_meta":{"origin":12575,"position":2},"title":"Desaparecidos Guerrero","author":"grieta","date":"8 junio, 2016","format":false,"excerpt":"Desaparecidos de Chilapa 08\/06\/16. Siempre Vivos anuncia reinicio de b\u00fasqueda de fosas en Chilapa Bajo Palabra 26\/05\/16. Nadie detiene a Ardillos y Rojos, que tienen postrada Chilapa Proceso 20\/05\/16. Colectivo Siempre Vivos de Chilapa extender\u00e1 b\u00fasqueda de fosas El Faro 15\/05\/16. Chilapa huele a miedo y corrupci\u00f3n, Los Otros Desaparecidos\u2026","rel":"","context":"En &quot;Desaparecidos&quot;","block_context":{"text":"Desaparecidos","link":"https:\/\/www.grieta.org.mx\/index.php\/category\/temas-nacionales\/desaparecidos\/"},"img":{"alt_text":"","src":"https:\/\/i0.wp.com\/www.grieta.org.mx\/wp-content\/uploads\/2018\/03\/14524434_1106112876131411_958039263622046936_o.jpg?resize=350%2C200&ssl=1","width":350,"height":200,"srcset":"https:\/\/i0.wp.com\/www.grieta.org.mx\/wp-content\/uploads\/2018\/03\/14524434_1106112876131411_958039263622046936_o.jpg?resize=350%2C200&ssl=1 1x, https:\/\/i0.wp.com\/www.grieta.org.mx\/wp-content\/uploads\/2018\/03\/14524434_1106112876131411_958039263622046936_o.jpg?resize=525%2C300&ssl=1 1.5x, https:\/\/i0.wp.com\/www.grieta.org.mx\/wp-content\/uploads\/2018\/03\/14524434_1106112876131411_958039263622046936_o.jpg?resize=700%2C400&ssl=1 2x"},"classes":[]},{"id":12652,"url":"https:\/\/www.grieta.org.mx\/index.php\/2016\/01\/07\/los-ardillos-siembran-terror-en-guerrero-nahuas-huyen-de-sus-comunidades\/","url_meta":{"origin":12575,"position":3},"title":"Los Ardillos siembran terror en Guerrero; nahuas huyen de sus comunidades","author":"grieta","date":"7 enero, 2016","format":false,"excerpt":"CHILPANCINGO, Gro. (apro).- Al menos dos pobladores de Tlapehualapa fueron asesinados luego de que sicarios al servicio del grupo delictivo Los Ardillos atac\u00f3 la comunidad vecina de Quetzalcoatl\u00e1n de las Palmas, en el municipio de Zitlala, donde fueron ejecutadas seis personas y cuatro m\u00e1s resultaron heridas. La terrible situaci\u00f3n que\u2026","rel":"","context":"En &quot;CINTILLO&quot;","block_context":{"text":"CINTILLO","link":"https:\/\/www.grieta.org.mx\/index.php\/category\/cintillo\/"},"img":{"alt_text":"","src":"https:\/\/i0.wp.com\/www.grieta.org.mx\/wp-content\/uploads\/2018\/03\/14524434_1106112876131411_958039263622046936_o.jpg?resize=350%2C200&ssl=1","width":350,"height":200,"srcset":"https:\/\/i0.wp.com\/www.grieta.org.mx\/wp-content\/uploads\/2018\/03\/14524434_1106112876131411_958039263622046936_o.jpg?resize=350%2C200&ssl=1 1x, https:\/\/i0.wp.com\/www.grieta.org.mx\/wp-content\/uploads\/2018\/03\/14524434_1106112876131411_958039263622046936_o.jpg?resize=525%2C300&ssl=1 1.5x, https:\/\/i0.wp.com\/www.grieta.org.mx\/wp-content\/uploads\/2018\/03\/14524434_1106112876131411_958039263622046936_o.jpg?resize=700%2C400&ssl=1 2x"},"classes":[]},{"id":12580,"url":"https:\/\/www.grieta.org.mx\/index.php\/2016\/05\/09\/tras-civiles-que-irrumpieron-en-zitlala-estan-los-ardillos-obispo-rangel\/","url_meta":{"origin":12575,"position":4},"title":"Tras civiles que irrumpieron en Zitlala est\u00e1n Los Ardillos, obispo Rangel","author":"grieta","date":"9 mayo, 2016","format":false,"excerpt":"El Sur Alfonso Mar\u00edn, Su intenci\u00f3n es \u201cir apoder\u00e1ndose de estos territorios para ir ganando terreno a otros narcotraficantes\u201d, se\u00f1ala el responsable de la di\u00f3cesis de Chilpancingo. Se\u00f1ala no obstante que gracias al dominio de ese grupo en Chilapa en lugar de Los Rojos, \u201clas cosas est\u00e1n m\u00e1s tranquilas\u201d. El\u2026","rel":"","context":"En &quot;CINTILLO&quot;","block_context":{"text":"CINTILLO","link":"https:\/\/www.grieta.org.mx\/index.php\/category\/cintillo\/"},"img":{"alt_text":"","src":"https:\/\/i0.wp.com\/www.grieta.org.mx\/wp-content\/uploads\/2018\/03\/14524434_1106112876131411_958039263622046936_o.jpg?resize=350%2C200&ssl=1","width":350,"height":200,"srcset":"https:\/\/i0.wp.com\/www.grieta.org.mx\/wp-content\/uploads\/2018\/03\/14524434_1106112876131411_958039263622046936_o.jpg?resize=350%2C200&ssl=1 1x, https:\/\/i0.wp.com\/www.grieta.org.mx\/wp-content\/uploads\/2018\/03\/14524434_1106112876131411_958039263622046936_o.jpg?resize=525%2C300&ssl=1 1.5x, https:\/\/i0.wp.com\/www.grieta.org.mx\/wp-content\/uploads\/2018\/03\/14524434_1106112876131411_958039263622046936_o.jpg?resize=700%2C400&ssl=1 2x"},"classes":[]},{"id":12691,"url":"https:\/\/www.grieta.org.mx\/index.php\/2016\/05\/11\/familiares-de-victimas-alistan-busqueda-de-desaparecidos-de-chilapa-y-zitlala\/","url_meta":{"origin":12575,"position":5},"title":"Familiares de v\u00edctimas alistan b\u00fasqueda de desaparecidos de Chilapa y Zitlala","author":"grieta","date":"11 mayo, 2016","format":false,"excerpt":"\u00a0 \u00a0 \u00a0 \u00a0 \u00a0 \u00a0 \u00a0 \u00a0 \u00a0 \u00a0 Funcionarios de la CNDH imparten taller a familiares de desaparecidos. Foto: Germ\u00e1n Canseco Proceso Ezequiel Flores Contreras Chilapa (apro). Funcionarios de la Comisi\u00f3n Nacional de Derechos Humanos (CNDH) imparten un taller a familiares de desaparecidos, previo a una b\u00fasqueda ciudadana\u2026","rel":"","context":"En &quot;CINTILLO&quot;","block_context":{"text":"CINTILLO","link":"https:\/\/www.grieta.org.mx\/index.php\/category\/cintillo\/"},"img":{"alt_text":"","src":"https:\/\/i0.wp.com\/www.grieta.org.mx\/wp-content\/uploads\/2018\/03\/14524434_1106112876131411_958039263622046936_o.jpg?resize=350%2C200&ssl=1","width":350,"height":200,"srcset":"https:\/\/i0.wp.com\/www.grieta.org.mx\/wp-content\/uploads\/2018\/03\/14524434_1106112876131411_958039263622046936_o.jpg?resize=350%2C200&ssl=1 1x, https:\/\/i0.wp.com\/www.grieta.org.mx\/wp-content\/uploads\/2018\/03\/14524434_1106112876131411_958039263622046936_o.jpg?resize=525%2C300&ssl=1 1.5x, https:\/\/i0.wp.com\/www.grieta.org.mx\/wp-content\/uploads\/2018\/03\/14524434_1106112876131411_958039263622046936_o.jpg?resize=700%2C400&ssl=1 2x"},"classes":[]}],"_links":{"self":[{"href":"https:\/\/www.grieta.org.mx\/index.php\/wp-json\/wp\/v2\/posts\/12575","targetHints":{"allow":["GET"]}}],"collection":[{"href":"https:\/\/www.grieta.org.mx\/index.php\/wp-json\/wp\/v2\/posts"}],"about":[{"href":"https:\/\/www.grieta.org.mx\/index.php\/wp-json\/wp\/v2\/types\/post"}],"author":[{"embeddable":true,"href":"https:\/\/www.grieta.org.mx\/index.php\/wp-json\/wp\/v2\/users\/2"}],"replies":[{"embeddable":true,"href":"https:\/\/www.grieta.org.mx\/index.php\/wp-json\/wp\/v2\/comments?post=12575"}],"version-history":[{"count":1,"href":"https:\/\/www.grieta.org.mx\/index.php\/wp-json\/wp\/v2\/posts\/12575\/revisions"}],"predecessor-version":[{"id":12576,"href":"https:\/\/www.grieta.org.mx\/index.php\/wp-json\/wp\/v2\/posts\/12575\/revisions\/12576"}],"wp:featuredmedia":[{"embeddable":true,"href":"https:\/\/www.grieta.org.mx\/index.php\/wp-json\/wp\/v2\/media\/21928"}],"wp:attachment":[{"href":"https:\/\/www.grieta.org.mx\/index.php\/wp-json\/wp\/v2\/media?parent=12575"}],"wp:term":[{"taxonomy":"category","embeddable":true,"href":"https:\/\/www.grieta.org.mx\/index.php\/wp-json\/wp\/v2\/categories?post=12575"},{"taxonomy":"post_tag","embeddable":true,"href":"https:\/\/www.grieta.org.mx\/index.php\/wp-json\/wp\/v2\/tags?post=12575"}],"curies":[{"name":"wp","href":"https:\/\/api.w.org\/{rel}","templated":true}]}}