{"id":12570,"date":"2016-04-01T09:19:24","date_gmt":"2016-04-01T09:19:24","guid":{"rendered":"http:\/\/www.grieta.org.mx\/?p=12570"},"modified":"2016-05-19T09:22:52","modified_gmt":"2016-05-19T09:22:52","slug":"liga-astudillo-a-desaparecidos-en-chilapa-con-grupos-del-crimen-en-guerrero","status":"publish","type":"post","link":"https:\/\/www.grieta.org.mx\/index.php\/2016\/04\/01\/liga-astudillo-a-desaparecidos-en-chilapa-con-grupos-del-crimen-en-guerrero\/","title":{"rendered":"Liga Astudillo a desaparecidos en Chilapa con grupos del crimen"},"content":{"rendered":"<p>Proceso<\/p>\n<p>Redacci\u00f3n<\/p>\n<p>Ciudad de M\u00e9xico (apro). El gobernador priista H\u00e9ctor Astudillo asegur\u00f3 a familiares de desaparecidos del 9 al 14 de mayo pasados en Chilapa, Guerrero, que al menos seis de los 16 reportados como desaparecidos est\u00e1n operando con grupos del crimen en la zona.<\/p>\n<p>Este d\u00eda se reunieron a puertas cerradas los familiares de las v\u00edctimas con Astudillo Flores y el subsecretario de Derechos Humanos de la Segob, Roberto Campa, as\u00ed como el general Alejandro Saavedra, entre otros, para dar seguimiento a los casos de los desaparecidos en diferentes fechas y circunstancias en el municipio de Chilapa.<\/p>\n<p>Campa Cifri\u00e1n reiter\u00f3 el compromiso e inter\u00e9s de gobierno de la Rep\u00fablica para esclarecer los casos de desapariciones y la atenci\u00f3n a v\u00edctimas.<\/p>\n<p>En rueda de prensa, al referirse al caso Iguala, indic\u00f3 que se trabaja todos los d\u00edas con el Grupo Interdisciplinario de Expertos Independientes (GIEI) de la CIDH y record\u00f3 que se ampli\u00f3 su periodo para efectos administrativos y cumplir con su tarea.<\/p>\n<p>No obstante advirti\u00f3, al igual que Miguel Angel Osorio Chong, titular de la Segob, que \u201cel mandato concluye a finales de abril, aunque estamos trabajando muy de cerca y con los representantes\u201d.<\/p>\n<p>Luego coment\u00f3 que a partir de recomendaciones de los expertos se han iniciado trabajos relativos a un estudio psicosocial, que ser\u00e1n los primeros pasos para la tarea de atenci\u00f3n integral de v\u00edctimas.<\/p>\n<p>Tambi\u00e9n apunt\u00f3, de acuerdo con Notimex, que los compromisos acordados con el gobierno federal y los familiares de los 43 j\u00f3venes desaparecidos tienen que ver con las investigaciones, la b\u00fasqueda de los normalistas, y se han atendido todas las exigencias de expertos y familiares.<\/p>\n<p>La reuni\u00f3n de este viernes con familiares de v\u00edctimas se desarroll\u00f3 en el Seminario Diocesano de Chilapa, donde asistieron integrantes de la organizaci\u00f3n Siempre Vivos que preside Jos\u00e9 Luis Navarro. Tambi\u00e9n acudi\u00f3 Jaime Roch\u00edn del Rinc\u00f3n, presidente de la Comisi\u00f3n Nacional de Atenci\u00f3n a V\u00edctimas.<\/p>\n<p>En la reuni\u00f3n se informaron los resultados que han arrojado las investigaciones para dar con el paradero de familiares en Chilapa, as\u00ed como de los operativos que han implementado fuerzas federales para disminuir los \u00edndices delictivos en la zona.<\/p>\n<p>En la conferencia de prensa, el gobernador H\u00e9ctor Astudillo indic\u00f3 que se brind\u00f3 un informe a los familiares de los resultados que arroj\u00f3 el operativo implementado por las fuerzas federales a finales de enero en Chilapa y otros municipios cercanos.<\/p>\n<p>Se destac\u00f3 la disminuci\u00f3n de la violencia y la detecci\u00f3n de seis hombres con vida de 16 que se reportaron como desaparecidos en mayo de 2015.<\/p>\n<p>Adem\u00e1s, se\u00f1al\u00f3 que se inform\u00f3 a los familiares que la b\u00fasqueda de las personas reportadas como desaparecidas se intensificar\u00e1.<\/p>\n<p>\u201cSe hizo un cuadro de en qu\u00e9 momento fueron desaparecidos cada uno de ellos, hay un cuadro en manos de la Secretar\u00eda de Gobernaci\u00f3n, de la Secretar\u00eda de la Defensa Nacional y especialmente en qu\u00e9 tiempo desaparecieron las personas\u201d, acot\u00f3.<\/p>\n<p>No obstante, revel\u00f3 que hay fotograf\u00edas que forman parte del an\u00e1lisis que hicieron las autoridades, donde seis personas de 16 reportadas como desaparecidas han sido vistas en veh\u00edculos con grupos armados que irrumpen en Chilapa.<\/p>\n<p>El general Alejandro Saavedra Hern\u00e1ndez, comandante de la IX Regi\u00f3n Militar, agreg\u00f3 que de 12.8 asesinatos que se comet\u00edan en promedio al mes hasta enero pasado en Chilapa, el operativo de tres mil efectivos militares y policiacos provoc\u00f3 una disminuci\u00f3n hasta menos de dos muertes mensuales.<\/p>\n<p>Asimismo, resalt\u00f3 que el operativo ser\u00e1 reforzado con mil elementos militares, adem\u00e1s de la b\u00fasqueda de desaparecidos de Chilapa.<\/p>\n<p>http:\/\/www.proceso.com.mx\/435557\/liga-astudillo-a-desaparecidos-en-chilapa-con-grupos-del-crimen-en-guerrero<\/p>\n","protected":false},"excerpt":{"rendered":"<p>Proceso Redacci\u00f3n Ciudad de M\u00e9xico (apro). El gobernador priista H\u00e9ctor Astudillo asegur\u00f3 a familiares de desaparecidos del 9 al 14 de mayo pasados en Chilapa, Guerrero, que al menos seis &hellip; <a href=\"https:\/\/www.grieta.org.mx\/index.php\/2016\/04\/01\/liga-astudillo-a-desaparecidos-en-chilapa-con-grupos-del-crimen-en-guerrero\/\" class=\"more-link\">Leer m\u00e1s<\/a><\/p>\n","protected":false},"author":2,"featured_media":21928,"comment_status":"closed","ping_status":"closed","sticky":false,"template":"","format":"standard","meta":{"ngg_post_thumbnail":0,"_jetpack_newsletter_access":"","_jetpack_dont_email_post_to_subs":false,"_jetpack_newsletter_tier_id":0,"_jetpack_memberships_contains_paywalled_content":false,"_jetpack_memberships_contains_paid_content":false,"footnotes":""},"categories":[80],"tags":[568,121,669],"class_list":["post-12570","post","type-post","status-publish","format-standard","has-post-thumbnail","hentry","category-cintillo","tag-chilapa","tag-desaparecidos","tag-grupos-armados","entry"],"jetpack_featured_media_url":"https:\/\/www.grieta.org.mx\/wp-content\/uploads\/2018\/03\/14524434_1106112876131411_958039263622046936_o.jpg","jetpack_sharing_enabled":true,"jetpack_shortlink":"https:\/\/wp.me\/p7ZJR4-3gK","jetpack_likes_enabled":false,"jetpack-related-posts":[{"id":12564,"url":"https:\/\/www.grieta.org.mx\/index.php\/2016\/06\/08\/los-desaparecidos-de-chilapa\/","url_meta":{"origin":12570,"position":0},"title":"Desaparecidos Guerrero","author":"grieta","date":"8 junio, 2016","format":false,"excerpt":"Desaparecidos de Chilapa 08\/06\/16. Siempre Vivos anuncia reinicio de b\u00fasqueda de fosas en Chilapa Bajo Palabra 26\/05\/16. Nadie detiene a Ardillos y Rojos, que tienen postrada Chilapa Proceso 20\/05\/16. Colectivo Siempre Vivos de Chilapa extender\u00e1 b\u00fasqueda de fosas El Faro 15\/05\/16. Chilapa huele a miedo y corrupci\u00f3n, Los Otros Desaparecidos\u2026","rel":"","context":"En &quot;Desaparecidos&quot;","block_context":{"text":"Desaparecidos","link":"https:\/\/www.grieta.org.mx\/index.php\/category\/temas-nacionales\/desaparecidos\/"},"img":{"alt_text":"","src":"https:\/\/i0.wp.com\/www.grieta.org.mx\/wp-content\/uploads\/2018\/03\/14524434_1106112876131411_958039263622046936_o.jpg?resize=350%2C200&ssl=1","width":350,"height":200,"srcset":"https:\/\/i0.wp.com\/www.grieta.org.mx\/wp-content\/uploads\/2018\/03\/14524434_1106112876131411_958039263622046936_o.jpg?resize=350%2C200&ssl=1 1x, https:\/\/i0.wp.com\/www.grieta.org.mx\/wp-content\/uploads\/2018\/03\/14524434_1106112876131411_958039263622046936_o.jpg?resize=525%2C300&ssl=1 1.5x, https:\/\/i0.wp.com\/www.grieta.org.mx\/wp-content\/uploads\/2018\/03\/14524434_1106112876131411_958039263622046936_o.jpg?resize=700%2C400&ssl=1 2x"},"classes":[]},{"id":12588,"url":"https:\/\/www.grieta.org.mx\/index.php\/2016\/05\/09\/a-un-ano-falta-atencion-a-desaparecidos-y-a-sus-familiares-senalan-ong\/","url_meta":{"origin":12570,"position":1},"title":"A un a\u00f1o, falta atenci\u00f3n a desaparecidos y a sus familiares, se\u00f1alan ONG","author":"grieta","date":"9 mayo, 2016","format":false,"excerpt":"El Sur Lourdes Ch\u00e1vez Chilpancingo. ONG de derechos humanos del estado y del pa\u00eds condenaron la falta de voluntad de los gobiernos para dar con el paradero de 16 desaparecidos en Chilapa hace un a\u00f1o, en manos del grupo de civiles armados autodenominado Comunitarios por La Paz y la Justicia,\u2026","rel":"","context":"En &quot;CINTILLO&quot;","block_context":{"text":"CINTILLO","link":"https:\/\/www.grieta.org.mx\/index.php\/category\/cintillo\/"},"img":{"alt_text":"","src":"https:\/\/i0.wp.com\/www.grieta.org.mx\/wp-content\/uploads\/2018\/03\/14524434_1106112876131411_958039263622046936_o.jpg?resize=350%2C200&ssl=1","width":350,"height":200,"srcset":"https:\/\/i0.wp.com\/www.grieta.org.mx\/wp-content\/uploads\/2018\/03\/14524434_1106112876131411_958039263622046936_o.jpg?resize=350%2C200&ssl=1 1x, https:\/\/i0.wp.com\/www.grieta.org.mx\/wp-content\/uploads\/2018\/03\/14524434_1106112876131411_958039263622046936_o.jpg?resize=525%2C300&ssl=1 1.5x, https:\/\/i0.wp.com\/www.grieta.org.mx\/wp-content\/uploads\/2018\/03\/14524434_1106112876131411_958039263622046936_o.jpg?resize=700%2C400&ssl=1 2x"},"classes":[]},{"id":12688,"url":"https:\/\/www.grieta.org.mx\/index.php\/2016\/05\/10\/ejercito-y-pf-no-los-ardillos-bajaron-el-crimen-en-chilapa-responde-astudillo-al-obispo-rangel\/","url_meta":{"origin":12570,"position":2},"title":"Ej\u00e9rcito y PF, no Los Ardillos, bajaron el crimen en Chilapa, responde Astudillo al obispo Rangel","author":"grieta","date":"10 mayo, 2016","format":false,"excerpt":"El Sur Abel Salgado El gobernador H\u00e9ctor Astudillo Flores defendi\u00f3 la presencia del Ej\u00e9rcito y la Polic\u00eda Federal (PF) en Chilapa y dijo que con ellos han disminuido los \u201ccr\u00edmenes dolosos\u201d, adem\u00e1s de que inhibieron que se repitieran hechos de violencia. Con relaci\u00f3n a la declaraci\u00f3n del obispo de la\u2026","rel":"","context":"En &quot;CINTILLO&quot;","block_context":{"text":"CINTILLO","link":"https:\/\/www.grieta.org.mx\/index.php\/category\/cintillo\/"},"img":{"alt_text":"","src":"https:\/\/i0.wp.com\/www.grieta.org.mx\/wp-content\/uploads\/2018\/03\/14524434_1106112876131411_958039263622046936_o.jpg?resize=350%2C200&ssl=1","width":350,"height":200,"srcset":"https:\/\/i0.wp.com\/www.grieta.org.mx\/wp-content\/uploads\/2018\/03\/14524434_1106112876131411_958039263622046936_o.jpg?resize=350%2C200&ssl=1 1x, https:\/\/i0.wp.com\/www.grieta.org.mx\/wp-content\/uploads\/2018\/03\/14524434_1106112876131411_958039263622046936_o.jpg?resize=525%2C300&ssl=1 1.5x, https:\/\/i0.wp.com\/www.grieta.org.mx\/wp-content\/uploads\/2018\/03\/14524434_1106112876131411_958039263622046936_o.jpg?resize=700%2C400&ssl=1 2x"},"classes":[]},{"id":12722,"url":"https:\/\/www.grieta.org.mx\/index.php\/2016\/05\/14\/autoridades-exhuman-cuerpos-de-fosas-clandestinas-de-chilapa\/","url_meta":{"origin":12570,"position":3},"title":"Autoridades exhuman cuerpos de fosas clandestinas de Chilapa","author":"grieta","date":"14 mayo, 2016","format":false,"excerpt":"Proceso Ezequiel Flores Contreras Tepehuixco, Chilapa (apro). Autoridades ministeriales exhumaron cuatro cuerpos de las fosas localizadas ayer por integrantes del Comit\u00e9 Siempre Vivos que buscan a familiares desaparecidos en Chilapa. Posterior a las diligencias realizadas por las autoridades, los exploradores civiles volvieron a recorrer la zona y encontraron fragmentos \u00f3seos,\u2026","rel":"","context":"En &quot;CINTILLO&quot;","block_context":{"text":"CINTILLO","link":"https:\/\/www.grieta.org.mx\/index.php\/category\/cintillo\/"},"img":{"alt_text":"","src":"https:\/\/i0.wp.com\/www.grieta.org.mx\/wp-content\/uploads\/2018\/03\/14524434_1106112876131411_958039263622046936_o.jpg?resize=350%2C200&ssl=1","width":350,"height":200,"srcset":"https:\/\/i0.wp.com\/www.grieta.org.mx\/wp-content\/uploads\/2018\/03\/14524434_1106112876131411_958039263622046936_o.jpg?resize=350%2C200&ssl=1 1x, https:\/\/i0.wp.com\/www.grieta.org.mx\/wp-content\/uploads\/2018\/03\/14524434_1106112876131411_958039263622046936_o.jpg?resize=525%2C300&ssl=1 1.5x, https:\/\/i0.wp.com\/www.grieta.org.mx\/wp-content\/uploads\/2018\/03\/14524434_1106112876131411_958039263622046936_o.jpg?resize=700%2C400&ssl=1 2x"},"classes":[]},{"id":12705,"url":"https:\/\/www.grieta.org.mx\/index.php\/2016\/05\/12\/comite-siempre-vivos-halla-dos-fosas-con-restos-humanos-en-chilapa\/","url_meta":{"origin":12570,"position":4},"title":"Comit\u00e9 \u201cSiempre vivos\u201d halla dos fosas con restos humanos en Chilapa","author":"grieta","date":"12 mayo, 2016","format":false,"excerpt":"Proceso Ezequiel Flores Contreras Ciudad de M\u00e9xico (Apro). Organizaci\u00f3n Siempre vivos descubrieron dos fosas clandestinas con restos humanos en el predio denominado Loma Larga, ubicado en el camino que conduce al poblado de Tepehuixco, municipio de Chilapa. El hecho ocurri\u00f3 este mediod\u00eda durante las brigadas ciudadanas de b\u00fasqueda de desaparecidos,\u2026","rel":"","context":"En &quot;CINTILLO&quot;","block_context":{"text":"CINTILLO","link":"https:\/\/www.grieta.org.mx\/index.php\/category\/cintillo\/"},"img":{"alt_text":"","src":"https:\/\/i0.wp.com\/www.grieta.org.mx\/wp-content\/uploads\/2018\/03\/14524434_1106112876131411_958039263622046936_o.jpg?resize=350%2C200&ssl=1","width":350,"height":200,"srcset":"https:\/\/i0.wp.com\/www.grieta.org.mx\/wp-content\/uploads\/2018\/03\/14524434_1106112876131411_958039263622046936_o.jpg?resize=350%2C200&ssl=1 1x, https:\/\/i0.wp.com\/www.grieta.org.mx\/wp-content\/uploads\/2018\/03\/14524434_1106112876131411_958039263622046936_o.jpg?resize=525%2C300&ssl=1 1.5x, https:\/\/i0.wp.com\/www.grieta.org.mx\/wp-content\/uploads\/2018\/03\/14524434_1106112876131411_958039263622046936_o.jpg?resize=700%2C400&ssl=1 2x"},"classes":[]},{"id":12691,"url":"https:\/\/www.grieta.org.mx\/index.php\/2016\/05\/11\/familiares-de-victimas-alistan-busqueda-de-desaparecidos-de-chilapa-y-zitlala\/","url_meta":{"origin":12570,"position":5},"title":"Familiares de v\u00edctimas alistan b\u00fasqueda de desaparecidos de Chilapa y Zitlala","author":"grieta","date":"11 mayo, 2016","format":false,"excerpt":"\u00a0 \u00a0 \u00a0 \u00a0 \u00a0 \u00a0 \u00a0 \u00a0 \u00a0 \u00a0 Funcionarios de la CNDH imparten taller a familiares de desaparecidos. Foto: Germ\u00e1n Canseco Proceso Ezequiel Flores Contreras Chilapa (apro). Funcionarios de la Comisi\u00f3n Nacional de Derechos Humanos (CNDH) imparten un taller a familiares de desaparecidos, previo a una b\u00fasqueda ciudadana\u2026","rel":"","context":"En &quot;CINTILLO&quot;","block_context":{"text":"CINTILLO","link":"https:\/\/www.grieta.org.mx\/index.php\/category\/cintillo\/"},"img":{"alt_text":"","src":"https:\/\/i0.wp.com\/www.grieta.org.mx\/wp-content\/uploads\/2018\/03\/14524434_1106112876131411_958039263622046936_o.jpg?resize=350%2C200&ssl=1","width":350,"height":200,"srcset":"https:\/\/i0.wp.com\/www.grieta.org.mx\/wp-content\/uploads\/2018\/03\/14524434_1106112876131411_958039263622046936_o.jpg?resize=350%2C200&ssl=1 1x, https:\/\/i0.wp.com\/www.grieta.org.mx\/wp-content\/uploads\/2018\/03\/14524434_1106112876131411_958039263622046936_o.jpg?resize=525%2C300&ssl=1 1.5x, https:\/\/i0.wp.com\/www.grieta.org.mx\/wp-content\/uploads\/2018\/03\/14524434_1106112876131411_958039263622046936_o.jpg?resize=700%2C400&ssl=1 2x"},"classes":[]}],"_links":{"self":[{"href":"https:\/\/www.grieta.org.mx\/index.php\/wp-json\/wp\/v2\/posts\/12570","targetHints":{"allow":["GET"]}}],"collection":[{"href":"https:\/\/www.grieta.org.mx\/index.php\/wp-json\/wp\/v2\/posts"}],"about":[{"href":"https:\/\/www.grieta.org.mx\/index.php\/wp-json\/wp\/v2\/types\/post"}],"author":[{"embeddable":true,"href":"https:\/\/www.grieta.org.mx\/index.php\/wp-json\/wp\/v2\/users\/2"}],"replies":[{"embeddable":true,"href":"https:\/\/www.grieta.org.mx\/index.php\/wp-json\/wp\/v2\/comments?post=12570"}],"version-history":[{"count":1,"href":"https:\/\/www.grieta.org.mx\/index.php\/wp-json\/wp\/v2\/posts\/12570\/revisions"}],"predecessor-version":[{"id":12572,"href":"https:\/\/www.grieta.org.mx\/index.php\/wp-json\/wp\/v2\/posts\/12570\/revisions\/12572"}],"wp:featuredmedia":[{"embeddable":true,"href":"https:\/\/www.grieta.org.mx\/index.php\/wp-json\/wp\/v2\/media\/21928"}],"wp:attachment":[{"href":"https:\/\/www.grieta.org.mx\/index.php\/wp-json\/wp\/v2\/media?parent=12570"}],"wp:term":[{"taxonomy":"category","embeddable":true,"href":"https:\/\/www.grieta.org.mx\/index.php\/wp-json\/wp\/v2\/categories?post=12570"},{"taxonomy":"post_tag","embeddable":true,"href":"https:\/\/www.grieta.org.mx\/index.php\/wp-json\/wp\/v2\/tags?post=12570"}],"curies":[{"name":"wp","href":"https:\/\/api.w.org\/{rel}","templated":true}]}}