{"id":12565,"date":"2016-03-24T08:41:50","date_gmt":"2016-03-24T08:41:50","guid":{"rendered":"http:\/\/www.grieta.org.mx\/?p=12565"},"modified":"2016-05-19T09:02:49","modified_gmt":"2016-05-19T09:02:49","slug":"200-civiles-armados-ingresaron-a-chilapa-se-retiraron-luego-de-un-acuerdo-pf","status":"publish","type":"post","link":"https:\/\/www.grieta.org.mx\/index.php\/2016\/03\/24\/200-civiles-armados-ingresaron-a-chilapa-se-retiraron-luego-de-un-acuerdo-pf\/","title":{"rendered":"200 civiles armados ingresaron a Chilapa; se retiraron luego de un acuerdo: PF"},"content":{"rendered":"<p><strong><a href=\"http:\/\/suracapulco.mx\/2\/eran-200-los-civiles-armados-que-ingresaron-a-chilapa-se-retiraron-luego-de-un-acuerdo-pf\/\">Eran 200 los civiles armados que ingresaron a Chilapa; se retiraron luego de un acuerdo: PF<\/a><\/strong><\/p>\n<p>El Sur<\/p>\n<p>Luis Daniel Nava<\/p>\n<p>Chilapa. Los civiles armados que ingresaron anoche a la cabecera minicipal de Chilapa y estuvieron dos horas, eran 200 y son guardias comunitarios provenientes de localidades del sur del municipio, y llegaron para exigir que la Polic\u00eda Ministerial les devuelva sus armas decomisadas.<\/p>\n<p>Seg\u00fan testigos, la irrupci\u00f3n a la ciudad de los pobladores armados se dio a las 00: 30 horas de este mi\u00e9rcoles y se apostaron en la glorieta y sus inmediaciones.<\/p>\n<p>Ingresaron en unas 35 camionetas particulares y del servicio p\u00fablico por la ruta de Atzacoaloya, donde hay al menos dos destacamentos provisionales del Ej\u00e9rcito y en medio de decenas de polic\u00edas federales que a\u00fan permanecen en la ciudad.<\/p>\n<p>Un mando de la Polic\u00eda Federal en Chilapa, inform\u00f3 a El Sur que los civiles armados proven\u00edan de Ayahualulco y San \u00c1ngel, as\u00ed como de comunidades aleda\u00f1as, y que portaban armas de bajo calibre como rifles y escopetas.<\/p>\n<p>Dijo que su intenci\u00f3n era aclarar ciertas situaciones y presentar quejas porque elementos de la Polic\u00eda Ministerial y de las Fuerzas Estatales no los dejan transportar gasolina y han intentado desarmarlos.<\/p>\n<p>\u201cVinieron a dialogar, tienen quejas por atropellos que han tenido por parte de la Polic\u00eda Ministerial y la Polic\u00eda del Estado, ten\u00edan pensado venir mucho antes pero se les dio la oportunidad el d\u00eda de hoy\u201d, asegur\u00f3.<\/p>\n<p>Detall\u00f3 que se entabl\u00f3 un dialogo y se acord\u00f3 establecer una mesa de trabajo con mandos de las corporaciones estatales, de la Polic\u00eda Federal y del Ej\u00e9rcito, y aunque dijo que no hab\u00eda fecha del encuentro, se supo que el acuerdo fue que en 48 horas se atender\u00eda a una comisi\u00f3n.<\/p>\n<p>Los pobladores armados, dijo, se retiraron despu\u00e9s de las 2 de la ma\u00f1ana, luego de que se agiliz\u00f3 el abasto de combustible a sus unidades de transporte.<\/p>\n<p>Trascendi\u00f3 que los civiles armados exigieron la devoluci\u00f3n de las armas que la Polic\u00eda Ministerial les decomis\u00f3 en d\u00edas pasados en algunos retenes.<\/p>\n<p>Como se inform\u00f3 en estas p\u00e1ginas del 9 al 14 de mayo del a\u00f1o pasado, unos 300 habitantes armados de comunidades encabezados por comisarios, tomaron la seguridad de las calles de Chilapa para exigir que las autoridades detuvieran a los l\u00edderes de la organizaci\u00f3n delictiva Los Rojos, a quienes culparon de la desaparici\u00f3n de unos 30 vecinos y de tener colapsado el transporte p\u00fablico, las escuelas y los servicios de salud.<\/p>\n<p>Despu\u00e9s de esta primera irrupci\u00f3n, vecinos de Chilapa denunciaron formalmente la desaparici\u00f3n de 16 personas, responsabilizando a los civiles armados y acus\u00e1ndolos de estar vinculados al grupo delictivo Los Ardillos.<\/p>\n<p>Pide la asociaci\u00f3n Siempre Vivos estar en la mesa<\/p>\n<p>En tanto, la asociaci\u00f3n civil Siempre Vivos, integrada por familiares de personas desaparecidas en Chilapa, exigi\u00f3 a las autoridades estatales, federales y de la Secretaria de la Defensa Nacional (Sedena) estar presente en la mesa de trabajo que acordaron con los pobladores armados.<\/p>\n<p>Argumentaron que su punto central ser\u00e1 demandar la entrega de sus familiares desaparecidos durante la estancia de los civiles armados el mes de mayo pasado, pues dijeron que son los mismos que entraron a la ciudad este mi\u00e9rcoles.<\/p>\n<p>Calificaron la nueva incursi\u00f3n como un acto intimidatorio para las autoridades estatales y federales.<\/p>\n<p><a href=\"http:\/\/suracapulco.mx\/2\/eran-200-los-civiles-armados-que-ingresaron-a-chilapa-se-retiraron-luego-de-un-acuerdo-pf\/\">http:\/\/suracapulco.mx\/2\/eran-200-los-civiles-armados-que-ingresaron-a-chilapa-se-retiraron-luego-de-un-acuerdo-pf\/<\/a><\/p>\n","protected":false},"excerpt":{"rendered":"<p>Eran 200 los civiles armados que ingresaron a Chilapa; se retiraron luego de un acuerdo: PF El Sur Luis Daniel Nava Chilapa. Los civiles armados que ingresaron anoche a la &hellip; <a href=\"https:\/\/www.grieta.org.mx\/index.php\/2016\/03\/24\/200-civiles-armados-ingresaron-a-chilapa-se-retiraron-luego-de-un-acuerdo-pf\/\" class=\"more-link\">Leer m\u00e1s<\/a><\/p>\n","protected":false},"author":2,"featured_media":21928,"comment_status":"closed","ping_status":"closed","sticky":false,"template":"","format":"standard","meta":{"ngg_post_thumbnail":0,"_jetpack_newsletter_access":"","_jetpack_dont_email_post_to_subs":false,"_jetpack_newsletter_tier_id":0,"_jetpack_memberships_contains_paywalled_content":false,"_jetpack_memberships_contains_paid_content":false,"footnotes":""},"categories":[87],"tags":[568,121,669],"class_list":["post-12565","post","type-post","status-publish","format-standard","has-post-thumbnail","hentry","category-desaparecidos","tag-chilapa","tag-desaparecidos","tag-grupos-armados","entry"],"jetpack_featured_media_url":"https:\/\/www.grieta.org.mx\/wp-content\/uploads\/2018\/03\/14524434_1106112876131411_958039263622046936_o.jpg","jetpack_sharing_enabled":true,"jetpack_shortlink":"https:\/\/wp.me\/p7ZJR4-3gF","jetpack_likes_enabled":false,"jetpack-related-posts":[{"id":12651,"url":"https:\/\/www.grieta.org.mx\/index.php\/2016\/03\/24\/200-civiles-armados-ingresaron-a-chilapa-se-retiraron-luego-de-un-acuerdo-pf-2\/","url_meta":{"origin":12565,"position":0},"title":"200 civiles armados ingresaron a Chilapa; se retiraron luego de un acuerdo: PF","author":"grieta","date":"24 marzo, 2016","format":false,"excerpt":"El Sur Luis Daniel Nava Los civiles armados que ingresaron anoche a la cabecera minicipal de Chilapa y estuvieron dos horas, eran 200 y son guardias comunitarios provenientes de localidades del sur del municipio, y llegaron para exigir que la Polic\u00eda Ministerial les devuelva sus armas decomisadas. Seg\u00fan testigos, la\u2026","rel":"","context":"En &quot;CINTILLO&quot;","block_context":{"text":"CINTILLO","link":"https:\/\/www.grieta.org.mx\/index.php\/category\/cintillo\/"},"img":{"alt_text":"","src":"https:\/\/i0.wp.com\/www.grieta.org.mx\/wp-content\/uploads\/2018\/03\/14524434_1106112876131411_958039263622046936_o.jpg?resize=350%2C200&ssl=1","width":350,"height":200,"srcset":"https:\/\/i0.wp.com\/www.grieta.org.mx\/wp-content\/uploads\/2018\/03\/14524434_1106112876131411_958039263622046936_o.jpg?resize=350%2C200&ssl=1 1x, https:\/\/i0.wp.com\/www.grieta.org.mx\/wp-content\/uploads\/2018\/03\/14524434_1106112876131411_958039263622046936_o.jpg?resize=525%2C300&ssl=1 1.5x, https:\/\/i0.wp.com\/www.grieta.org.mx\/wp-content\/uploads\/2018\/03\/14524434_1106112876131411_958039263622046936_o.jpg?resize=700%2C400&ssl=1 2x"},"classes":[]},{"id":12564,"url":"https:\/\/www.grieta.org.mx\/index.php\/2016\/06\/08\/los-desaparecidos-de-chilapa\/","url_meta":{"origin":12565,"position":1},"title":"Desaparecidos Guerrero","author":"grieta","date":"8 junio, 2016","format":false,"excerpt":"Desaparecidos de Chilapa 08\/06\/16. Siempre Vivos anuncia reinicio de b\u00fasqueda de fosas en Chilapa Bajo Palabra 26\/05\/16. Nadie detiene a Ardillos y Rojos, que tienen postrada Chilapa Proceso 20\/05\/16. Colectivo Siempre Vivos de Chilapa extender\u00e1 b\u00fasqueda de fosas El Faro 15\/05\/16. Chilapa huele a miedo y corrupci\u00f3n, Los Otros Desaparecidos\u2026","rel":"","context":"En &quot;Desaparecidos&quot;","block_context":{"text":"Desaparecidos","link":"https:\/\/www.grieta.org.mx\/index.php\/category\/temas-nacionales\/desaparecidos\/"},"img":{"alt_text":"","src":"https:\/\/i0.wp.com\/www.grieta.org.mx\/wp-content\/uploads\/2018\/03\/14524434_1106112876131411_958039263622046936_o.jpg?resize=350%2C200&ssl=1","width":350,"height":200,"srcset":"https:\/\/i0.wp.com\/www.grieta.org.mx\/wp-content\/uploads\/2018\/03\/14524434_1106112876131411_958039263622046936_o.jpg?resize=350%2C200&ssl=1 1x, https:\/\/i0.wp.com\/www.grieta.org.mx\/wp-content\/uploads\/2018\/03\/14524434_1106112876131411_958039263622046936_o.jpg?resize=525%2C300&ssl=1 1.5x, https:\/\/i0.wp.com\/www.grieta.org.mx\/wp-content\/uploads\/2018\/03\/14524434_1106112876131411_958039263622046936_o.jpg?resize=700%2C400&ssl=1 2x"},"classes":[]},{"id":12592,"url":"https:\/\/www.grieta.org.mx\/index.php\/2016\/05\/09\/a-un-ano-de-la-incursion-a-chilapa-nada-se-sabe-de-16-desaparecidos\/","url_meta":{"origin":12565,"position":2},"title":"A un a\u00f1o de la incursi\u00f3n a Chilapa, nada se sabe de 16 desaparecidos","author":"grieta","date":"9 mayo, 2016","format":false,"excerpt":"El Sur Luis Daniel Nava Chilapa. Este d\u00eda se cumple un a\u00f1o de la incursi\u00f3n armada a esta ciudad de m\u00e1s de 300 pobladores y autoridades de las comunidades del sur del municipio de Chilapa con el prop\u00f3sito de exigir seguridad y para catear viviendas y detener a los presuntos\u2026","rel":"","context":"En &quot;CINTILLO&quot;","block_context":{"text":"CINTILLO","link":"https:\/\/www.grieta.org.mx\/index.php\/category\/cintillo\/"},"img":{"alt_text":"","src":"https:\/\/i0.wp.com\/www.grieta.org.mx\/wp-content\/uploads\/2018\/03\/14524434_1106112876131411_958039263622046936_o.jpg?resize=350%2C200&ssl=1","width":350,"height":200,"srcset":"https:\/\/i0.wp.com\/www.grieta.org.mx\/wp-content\/uploads\/2018\/03\/14524434_1106112876131411_958039263622046936_o.jpg?resize=350%2C200&ssl=1 1x, https:\/\/i0.wp.com\/www.grieta.org.mx\/wp-content\/uploads\/2018\/03\/14524434_1106112876131411_958039263622046936_o.jpg?resize=525%2C300&ssl=1 1.5x, https:\/\/i0.wp.com\/www.grieta.org.mx\/wp-content\/uploads\/2018\/03\/14524434_1106112876131411_958039263622046936_o.jpg?resize=700%2C400&ssl=1 2x"},"classes":[]},{"id":12567,"url":"https:\/\/www.grieta.org.mx\/index.php\/2016\/03\/31\/piden-ong-de-chilapa-castigo-para-armados-que-se-dicen-comunitarios\/","url_meta":{"origin":12565,"position":3},"title":"Piden ONG de Chilapa castigo para armados que se dicen comunitarios","author":"grieta","date":"31 marzo, 2016","format":false,"excerpt":"Bajo Palabra Arturo de Dios Palma La organizaci\u00f3n Siempre Vivos, integrada por familiares de desaparecidos de Chilapa y el Centro de Derechos Humanos Jos\u00e9 Mar\u00eda Morelos y Pav\u00f3n, pidieron al gobierno federal y al del estado investigar y castigar a los civiles armados que ya ingresaron en dos ocasiones a\u2026","rel":"","context":"En &quot;CINTILLO&quot;","block_context":{"text":"CINTILLO","link":"https:\/\/www.grieta.org.mx\/index.php\/category\/cintillo\/"},"img":{"alt_text":"","src":"https:\/\/i0.wp.com\/www.grieta.org.mx\/wp-content\/uploads\/2018\/03\/14524434_1106112876131411_958039263622046936_o.jpg?resize=350%2C200&ssl=1","width":350,"height":200,"srcset":"https:\/\/i0.wp.com\/www.grieta.org.mx\/wp-content\/uploads\/2018\/03\/14524434_1106112876131411_958039263622046936_o.jpg?resize=350%2C200&ssl=1 1x, https:\/\/i0.wp.com\/www.grieta.org.mx\/wp-content\/uploads\/2018\/03\/14524434_1106112876131411_958039263622046936_o.jpg?resize=525%2C300&ssl=1 1.5x, https:\/\/i0.wp.com\/www.grieta.org.mx\/wp-content\/uploads\/2018\/03\/14524434_1106112876131411_958039263622046936_o.jpg?resize=700%2C400&ssl=1 2x"},"classes":[]},{"id":12655,"url":"https:\/\/www.grieta.org.mx\/index.php\/2015\/10\/09\/confrontan-familiares-de-desaparecidos-a-comisarios-de-chilapa\/","url_meta":{"origin":12565,"position":4},"title":"Confrontan familiares de desaparecidos a comisarios de Chilapa","author":"grieta","date":"9 octubre, 2015","format":false,"excerpt":"Bajo Palabra Familiares de desaparecidos en Chilapa, encabezados por el vocero de las v\u00edctimas, Jos\u00e9 D\u00edaz Navarro, irrumpieron durante la reuni\u00f3n de m\u00e1s de cuatro horas que comisarios integrantes de la supuesta polic\u00eda comunitaria Por la Paz y la Justicia sostuvieron con el nuevo alcalde de Chilapa, Jes\u00fas Parra. Ayer,\u2026","rel":"","context":"En &quot;CINTILLO&quot;","block_context":{"text":"CINTILLO","link":"https:\/\/www.grieta.org.mx\/index.php\/category\/cintillo\/"},"img":{"alt_text":"","src":"https:\/\/i0.wp.com\/www.grieta.org.mx\/wp-content\/uploads\/2018\/03\/14524434_1106112876131411_958039263622046936_o.jpg?resize=350%2C200&ssl=1","width":350,"height":200,"srcset":"https:\/\/i0.wp.com\/www.grieta.org.mx\/wp-content\/uploads\/2018\/03\/14524434_1106112876131411_958039263622046936_o.jpg?resize=350%2C200&ssl=1 1x, https:\/\/i0.wp.com\/www.grieta.org.mx\/wp-content\/uploads\/2018\/03\/14524434_1106112876131411_958039263622046936_o.jpg?resize=525%2C300&ssl=1 1.5x, https:\/\/i0.wp.com\/www.grieta.org.mx\/wp-content\/uploads\/2018\/03\/14524434_1106112876131411_958039263622046936_o.jpg?resize=700%2C400&ssl=1 2x"},"classes":[]},{"id":12667,"url":"https:\/\/www.grieta.org.mx\/index.php\/2016\/05\/10\/alistan-la-busqueda-de-cien-desaparecidos-en-la-zona-rural-de-chilapa\/","url_meta":{"origin":12565,"position":5},"title":"Alistan la b\u00fasqueda de cien desaparecidos en la zona rural de Chilapa","author":"grieta","date":"10 mayo, 2016","format":false,"excerpt":"El Faro Redacci\u00f3n Con el respaldo de \u201cLos otros desaparecidos de Iguala\u201d, padres de los 43 y estudiantes de la Normal Rural de Ayotzinapa, el colectivo \u201cSiempre Vivos\u201d, que integran familiares de cien personas no localizadas en Chilapa, se alistan para realizar b\u00fasquedas ciudadanas en las comunidades en que podr\u00edan\u2026","rel":"","context":"En &quot;CINTILLO&quot;","block_context":{"text":"CINTILLO","link":"https:\/\/www.grieta.org.mx\/index.php\/category\/cintillo\/"},"img":{"alt_text":"","src":"https:\/\/i0.wp.com\/www.grieta.org.mx\/wp-content\/uploads\/2018\/03\/14524434_1106112876131411_958039263622046936_o.jpg?resize=350%2C200&ssl=1","width":350,"height":200,"srcset":"https:\/\/i0.wp.com\/www.grieta.org.mx\/wp-content\/uploads\/2018\/03\/14524434_1106112876131411_958039263622046936_o.jpg?resize=350%2C200&ssl=1 1x, https:\/\/i0.wp.com\/www.grieta.org.mx\/wp-content\/uploads\/2018\/03\/14524434_1106112876131411_958039263622046936_o.jpg?resize=525%2C300&ssl=1 1.5x, https:\/\/i0.wp.com\/www.grieta.org.mx\/wp-content\/uploads\/2018\/03\/14524434_1106112876131411_958039263622046936_o.jpg?resize=700%2C400&ssl=1 2x"},"classes":[]}],"_links":{"self":[{"href":"https:\/\/www.grieta.org.mx\/index.php\/wp-json\/wp\/v2\/posts\/12565","targetHints":{"allow":["GET"]}}],"collection":[{"href":"https:\/\/www.grieta.org.mx\/index.php\/wp-json\/wp\/v2\/posts"}],"about":[{"href":"https:\/\/www.grieta.org.mx\/index.php\/wp-json\/wp\/v2\/types\/post"}],"author":[{"embeddable":true,"href":"https:\/\/www.grieta.org.mx\/index.php\/wp-json\/wp\/v2\/users\/2"}],"replies":[{"embeddable":true,"href":"https:\/\/www.grieta.org.mx\/index.php\/wp-json\/wp\/v2\/comments?post=12565"}],"version-history":[{"count":1,"href":"https:\/\/www.grieta.org.mx\/index.php\/wp-json\/wp\/v2\/posts\/12565\/revisions"}],"predecessor-version":[{"id":12566,"href":"https:\/\/www.grieta.org.mx\/index.php\/wp-json\/wp\/v2\/posts\/12565\/revisions\/12566"}],"wp:featuredmedia":[{"embeddable":true,"href":"https:\/\/www.grieta.org.mx\/index.php\/wp-json\/wp\/v2\/media\/21928"}],"wp:attachment":[{"href":"https:\/\/www.grieta.org.mx\/index.php\/wp-json\/wp\/v2\/media?parent=12565"}],"wp:term":[{"taxonomy":"category","embeddable":true,"href":"https:\/\/www.grieta.org.mx\/index.php\/wp-json\/wp\/v2\/categories?post=12565"},{"taxonomy":"post_tag","embeddable":true,"href":"https:\/\/www.grieta.org.mx\/index.php\/wp-json\/wp\/v2\/tags?post=12565"}],"curies":[{"name":"wp","href":"https:\/\/api.w.org\/{rel}","templated":true}]}}