{"id":12564,"date":"2016-06-08T09:17:28","date_gmt":"2016-06-08T09:17:28","guid":{"rendered":"http:\/\/www.grieta.org.mx\/?p=12564"},"modified":"2016-07-21T01:55:35","modified_gmt":"2016-07-21T06:55:35","slug":"los-desaparecidos-de-chilapa","status":"publish","type":"post","link":"https:\/\/www.grieta.org.mx\/index.php\/2016\/06\/08\/los-desaparecidos-de-chilapa\/","title":{"rendered":"Desaparecidos Guerrero"},"content":{"rendered":"<p>Desaparecidos de Chilapa<\/p>\n<p><strong>08\/06\/16. <\/strong><a href=\"http:\/\/www.grieta.org.mx\/index.php\/2016\/06\/08\/siempre-vivos-anuncia-que-reinicia-busqueda-de-fosas-en-chilapa\/\">Siempre Vivos anuncia reinicio de b\u00fasqueda de fosas en Chilapa<\/a><br \/>\n<em>Bajo Palabra<\/em><br \/>\n<strong>26\/05\/16. <\/strong><a href=\"http:\/\/www.grieta.org.mx\/index.php\/2016\/05\/26\/nadie-detiene-a-ardillos-y-rojos-que-postrada-chilapa\/\">Nadie detiene a Ardillos y Rojos, que tienen postrada Chilapa<\/a><br \/>\n<em>Proceso<\/em><br \/>\n<strong>20\/05\/16. <\/strong><a href=\"http:\/\/www.grieta.org.mx\/index.php\/2016\/05\/20\/colectivo-siempre-vivos-de-chilapa-extendera-busqueda-de-fosas-a-zitlala\/\">Colectivo Siempre Vivos de Chilapa extender\u00e1 b\u00fasqueda de fosas<\/a><br \/>\n<em>El Faro<\/em><br \/>\n<strong>15\/05\/16. <\/strong><a href=\"http:\/\/www.grieta.org.mx\/index.php\/2016\/05\/15\/chilapa-huele-a-miedo-y-corrupcion-los-otros-desaparecidos\/\">Chilapa huele a miedo y corrupci\u00f3n, Los Otros Desaparecidos<\/a><br \/>\n<em>El Sur<\/em><br \/>\n<strong>14\/05\/16. <\/strong><a href=\"http:\/\/www.grieta.org.mx\/index.php\/2016\/05\/14\/sicarios-ejecutan-al-director-de-gobernacion-municipal-de-chilapa\/\">Sicarios ejecutan al director de gobernaci\u00f3n municipal de Chilapa<\/a><br \/>\n<em>Proceso<\/em><br \/>\n<strong>14\/05\/16. <\/strong><a href=\"http:\/\/www.grieta.org.mx\/index.php\/2016\/05\/14\/autoridades-exhuman-cuerpos-de-fosas-clandestinas-de-chilapa\/\">Autoridades exhuman cuerpos de fosas clandestinas de Chilapa<\/a><br \/>\n<em>Proceso<\/em><br \/>\n<strong>12\/05\/16. <\/strong><a href=\"http:\/\/www.grieta.org.mx\/index.php\/2016\/05\/12\/comite-siempre-vivos-halla-dos-fosas-con-restos-humanos-en-chilapa\/\">Comit\u00e9 \u201cSiempre vivos\u201d halla dos fosas con restos humanos en Chilapa <\/a><br \/>\n<em>Proceso<\/em><br \/>\n<strong>12\/05\/16. <\/strong><a href=\"http:\/\/www.grieta.org.mx\/index.php\/2016\/05\/12\/12700\/\">Chilapa, una reedici\u00f3n de Ayotzinapa, acusa Siempre Vivos<\/a><br \/>\n<em>Proceso<\/em><br \/>\n<strong>11\/05\/16. <\/strong><a href=\"http:\/\/www.grieta.org.mx\/index.php\/2016\/05\/11\/familiares-de-desaparecidos-comienzan-recorridos-en-chilapa\/\">Familiares de desaparecidos comienzan recorridos en Chilapa<\/a><br \/>\n<em>Proceso<\/em><br \/>\n<strong>11\/05\/16. <\/strong><a href=\"http:\/\/www.grieta.org.mx\/index.php\/2016\/05\/11\/familiares-de-victimas-alistan-busqueda-de-desaparecidos-de-chilapa-y-zitlala\/\">Familiares de v\u00edctimas alistan b\u00fasqueda de desaparecidos de Chilapa y Zitlala<\/a><br \/>\n<em>Proceso<\/em><br \/>\n<strong>10\/05\/16. <\/strong><a href=\"http:\/\/www.grieta.org.mx\/index.php\/2016\/05\/10\/ejercito-y-pf-no-los-ardillos-bajaron-el-crimen-en-chilapa-responde-astudillo-al-obispo-rangel\/\">Ej\u00e9rcito y PF, no Los Ardillos, bajaron el crimen en Chilapa, responde Astudillo al obispo Rangel<\/a><br \/>\n<em>El Sur<\/em><br \/>\n<strong>10\/05\/16. <\/strong><a href=\"http:\/\/www.grieta.org.mx\/index.php\/2016\/05\/10\/12677\/\">Marchan juntos Siempre Vivos y representantes de padres de 43 de Ayotzinapa<\/a><br \/>\n<em>El Sur<\/em><br \/>\n<strong>09\/05\/16. <\/strong><a href=\"http:\/\/www.grieta.org.mx\/index.php\/2016\/05\/09\/tras-civiles-que-irrumpieron-en-zitlala-estan-los-ardillos-obispo-rangel\/\">Tras civiles que irrumpieron en Zitlala est\u00e1n Los Ardillos, obispo Rangel<\/a><br \/>\n<em>El Sur<\/em><br \/>\n<strong>08\/05\/16. <\/strong><a href=\"http:\/\/www.grieta.org.mx\/index.php\/2016\/05\/08\/ong-de-guerrero-se-pronuncian-en-apoyo-a-siempre-vivos\/\">ONG se pronuncian en apoyo a Siempre Vivos<\/a><br \/>\n<em> Tlachinollan<\/em><br \/>\n<strong>08\/05\/16. <\/strong><a href=\"http:\/\/www.grieta.org.mx\/index.php\/2016\/05\/08\/lanzan-despliegue-aereo-y-militar-en-chilapa-y-zitlala\/\">Lanzan despliegue a\u00e9reo y militar en Chilapa y Zitlala<\/a><br \/>\n<em>El Sur<\/em><br \/>\n<strong>04\/05\/16. <\/strong><a href=\"http:\/\/www.grieta.org.mx\/index.php\/2016\/05\/19\/grupo-armado-toma-zitlala-tras-hallazgo-de-fosa-clandestina-en-guerrero-2\/\">Grupo armado toma Zitlala tras hallazgo de fosa clandestina en Guerrero<\/a><br \/>\n<em>Proceso<\/em><br \/>\n<strong>01\/04\/16. <\/strong><a href=\"http:\/\/www.grieta.org.mx\/index.php\/2016\/04\/01\/liga-astudillo-a-desaparecidos-en-chilapa-con-grupos-del-crimen-en-guerrero\/\">Liga Astudillo a desaparecidos en Chilapa con grupos del crimen<\/a><br \/>\n<em>Proceso<\/em><br \/>\n<strong>31\/03\/16. <\/strong><a href=\"http:\/\/www.grieta.org.mx\/index.php\/2016\/03\/31\/piden-ong-de-chilapa-castigo-para-armados-que-se-dicen-comunitarios\/\">Piden ONG de Chilapa castigo para armados que se dicen comunitarios<\/a><br \/>\n<em>Bajo Palabra<\/em><br \/>\n<strong>09\/05\/16. <\/strong><a href=\"http:\/\/www.grieta.org.mx\/index.php\/2016\/05\/09\/a-un-ano-de-la-incursion-a-chilapa-nada-se-sabe-de-16-desaparecidos\/\">A un a\u00f1o de la incursi\u00f3n, nada se sabe de 16 desaparecidos<\/a><br \/>\n<em>El Sur<\/em><br \/>\n<strong>31\/03\/16. <\/strong><a href=\"http:\/\/www.grieta.org.mx\/index.php\/2016\/03\/31\/piden-ong-de-chilapa-castigo-para-armados-que-se-dicen-comunitarios\/\">Piden ONG de Chilapa castigo para armados que se dicen comunitarios<\/a><br \/>\n<em>Bajo Palabra<\/em><br \/>\n<strong>24\/03\/16. <\/strong><a href=\"http:\/\/www.grieta.org.mx\/index.php\/2016\/03\/24\/200-civiles-armados-ingresaron-a-chilapa-se-retiraron-luego-de-un-acuerdo-pf\/\">200 civiles armados ingresaron a Chilapa; se retiraron luego de un acuerdo: PF<\/a><br \/>\n<em>El Sur<\/em><br \/>\n<strong>07\/01\/16. <\/strong><a href=\"http:\/\/www.grieta.org.mx\/index.php\/2016\/01\/07\/los-ardillos-siembran-terror-en-guerrero-nahuas-huyen-de-sus-comunidades\/\">Los Ardillos siembran terror en Guerrero; nahuas huyen de sus comunidades<\/a><br \/>\n<em>Proceso<\/em><br \/>\n<strong>09\/10\/15. <\/strong><a href=\"http:\/\/www.grieta.org.mx\/index.php\/2015\/10\/09\/confrontan-familiares-de-desaparecidos-a-comisarios-de-chilapa\/\">Confrontan familiares de desaparecidos a comisarios de Chilapa<\/a><br \/>\n<em>Bajo Palabra<\/em><br \/>\n<strong>19\/06\/15. <\/strong><a href=\"http:\/\/www.grieta.org.mx\/index.php\/2015\/06\/19\/desaparecidos-de-chilapa-fueron-entregados-a-la-gendarmeria-y-policia-estatal-comisarios\/\">Desaparecidos de Chilapa fueron entregados a la Gendarmer\u00eda y polic\u00eda estatal: Comisarios<\/a><br \/>\n<em>Proceso<\/em><br \/>\n<strong>28\/05\/15. <\/strong><a href=\"http:\/\/www.grieta.org.mx\/index.php\/2015\/05\/28\/en-chilapa-no-hay-desaparecidos-la-desaparecida-es-la-investigacion-dicen-alla\/\">En Chilapa no hay desaparecidos, la desaparecida es la investigaci\u00f3n, dicen all\u00e1<\/a><br \/>\n<em>La Uni\u00f3n de Morelos<\/em><br \/>\n<strong>25\/05\/15. <\/strong><a href=\"http:\/\/www.grieta.org.mx\/index.php\/2015\/05\/25\/dejo-que-los-civiles-armados-se-llevaran-de-chilapa-a-los-desaparecidos-le-recriminan-a-rogelio-ortega\/\">Dej\u00f3 que los civiles armados se llevaran de Chilapa a los desaparecidos, le recriminan a Rogelio Ortega<\/a><br \/>\n<em>El Sur<\/em><br \/>\n<strong>19\/05\/15. <\/strong><a href=\"http:\/\/www.grieta.org.mx\/index.php\/2015\/05\/19\/chilapa-entre-la-violencia-y-el-poder-del-narco\/\">Chilapa, entre la violencia y el poder del narco<\/a><br \/>\n<em>Subversiones<\/em><br \/>\n<strong>12\/05\/15. <\/strong><a href=\"http:\/\/www.grieta.org.mx\/index.php\/2015\/05\/12\/por-cuarto-dia-armados-que-irrumpieron-en-chilapa-mantienen-control-de-la-seguridad\/\">Por cuarto d\u00eda, armados que irrumpieron en Chilapa mantienen control de la seguridad<\/a><br \/>\n<em>El Sur<\/em><\/p>\n","protected":false},"excerpt":{"rendered":"<p>Desaparecidos de Chilapa 08\/06\/16. Siempre Vivos anuncia reinicio de b\u00fasqueda de fosas en Chilapa Bajo Palabra 26\/05\/16. Nadie detiene a Ardillos y Rojos, que tienen postrada Chilapa Proceso 20\/05\/16. Colectivo &hellip; <a href=\"https:\/\/www.grieta.org.mx\/index.php\/2016\/06\/08\/los-desaparecidos-de-chilapa\/\" class=\"more-link\">Leer m\u00e1s<\/a><\/p>\n","protected":false},"author":2,"featured_media":21928,"comment_status":"closed","ping_status":"closed","sticky":false,"template":"","format":"standard","meta":{"ngg_post_thumbnail":0,"_jetpack_newsletter_access":"","_jetpack_dont_email_post_to_subs":false,"_jetpack_newsletter_tier_id":0,"_jetpack_memberships_contains_paywalled_content":false,"_jetpack_memberships_contains_paid_content":false,"footnotes":""},"categories":[87,18],"tags":[],"class_list":["post-12564","post","type-post","status-publish","format-standard","has-post-thumbnail","hentry","category-desaparecidos","category-guerrero","entry"],"jetpack_featured_media_url":"https:\/\/www.grieta.org.mx\/wp-content\/uploads\/2018\/03\/14524434_1106112876131411_958039263622046936_o.jpg","jetpack_sharing_enabled":true,"jetpack_shortlink":"https:\/\/wp.me\/p7ZJR4-3gE","jetpack_likes_enabled":false,"jetpack-related-posts":[{"id":12705,"url":"https:\/\/www.grieta.org.mx\/index.php\/2016\/05\/12\/comite-siempre-vivos-halla-dos-fosas-con-restos-humanos-en-chilapa\/","url_meta":{"origin":12564,"position":0},"title":"Comit\u00e9 \u201cSiempre vivos\u201d halla dos fosas con restos humanos en Chilapa","author":"grieta","date":"12 mayo, 2016","format":false,"excerpt":"Proceso Ezequiel Flores Contreras Ciudad de M\u00e9xico (Apro). Organizaci\u00f3n Siempre vivos descubrieron dos fosas clandestinas con restos humanos en el predio denominado Loma Larga, ubicado en el camino que conduce al poblado de Tepehuixco, municipio de Chilapa. El hecho ocurri\u00f3 este mediod\u00eda durante las brigadas ciudadanas de b\u00fasqueda de desaparecidos,\u2026","rel":"","context":"En &quot;CINTILLO&quot;","block_context":{"text":"CINTILLO","link":"https:\/\/www.grieta.org.mx\/index.php\/category\/cintillo\/"},"img":{"alt_text":"","src":"https:\/\/i0.wp.com\/www.grieta.org.mx\/wp-content\/uploads\/2018\/03\/14524434_1106112876131411_958039263622046936_o.jpg?resize=350%2C200&ssl=1","width":350,"height":200,"srcset":"https:\/\/i0.wp.com\/www.grieta.org.mx\/wp-content\/uploads\/2018\/03\/14524434_1106112876131411_958039263622046936_o.jpg?resize=350%2C200&ssl=1 1x, https:\/\/i0.wp.com\/www.grieta.org.mx\/wp-content\/uploads\/2018\/03\/14524434_1106112876131411_958039263622046936_o.jpg?resize=525%2C300&ssl=1 1.5x, https:\/\/i0.wp.com\/www.grieta.org.mx\/wp-content\/uploads\/2018\/03\/14524434_1106112876131411_958039263622046936_o.jpg?resize=700%2C400&ssl=1 2x"},"classes":[]},{"id":12734,"url":"https:\/\/www.grieta.org.mx\/index.php\/2016\/05\/20\/colectivo-siempre-vivos-de-chilapa-extendera-busqueda-de-fosas-a-zitlala\/","url_meta":{"origin":12564,"position":1},"title":"Colectivo Siempre Vivos de Chilapa extender\u00e1 b\u00fasqueda de fosas","author":"grieta","date":"20 mayo, 2016","format":false,"excerpt":"El Faro Jonathan Cuevas\/API Chilpancingo. Familiares de personas desaparecidas en Chilapa, informaron que extender\u00e1n su b\u00fasqueda de fosas clandestinas a Zitlala, mientras que en su municipio continuar\u00e1n con la labor para tratar de encontrar ellos mismos a sus seres queridos, lo que no ha hecho el gobierno en muchos a\u00f1os.\u2026","rel":"","context":"En &quot;CINTILLO&quot;","block_context":{"text":"CINTILLO","link":"https:\/\/www.grieta.org.mx\/index.php\/category\/cintillo\/"},"img":{"alt_text":"","src":"https:\/\/i0.wp.com\/www.grieta.org.mx\/wp-content\/uploads\/2018\/03\/14524434_1106112876131411_958039263622046936_o.jpg?resize=350%2C200&ssl=1","width":350,"height":200,"srcset":"https:\/\/i0.wp.com\/www.grieta.org.mx\/wp-content\/uploads\/2018\/03\/14524434_1106112876131411_958039263622046936_o.jpg?resize=350%2C200&ssl=1 1x, https:\/\/i0.wp.com\/www.grieta.org.mx\/wp-content\/uploads\/2018\/03\/14524434_1106112876131411_958039263622046936_o.jpg?resize=525%2C300&ssl=1 1.5x, https:\/\/i0.wp.com\/www.grieta.org.mx\/wp-content\/uploads\/2018\/03\/14524434_1106112876131411_958039263622046936_o.jpg?resize=700%2C400&ssl=1 2x"},"classes":[]},{"id":12722,"url":"https:\/\/www.grieta.org.mx\/index.php\/2016\/05\/14\/autoridades-exhuman-cuerpos-de-fosas-clandestinas-de-chilapa\/","url_meta":{"origin":12564,"position":2},"title":"Autoridades exhuman cuerpos de fosas clandestinas de Chilapa","author":"grieta","date":"14 mayo, 2016","format":false,"excerpt":"Proceso Ezequiel Flores Contreras Tepehuixco, Chilapa (apro). Autoridades ministeriales exhumaron cuatro cuerpos de las fosas localizadas ayer por integrantes del Comit\u00e9 Siempre Vivos que buscan a familiares desaparecidos en Chilapa. Posterior a las diligencias realizadas por las autoridades, los exploradores civiles volvieron a recorrer la zona y encontraron fragmentos \u00f3seos,\u2026","rel":"","context":"En &quot;CINTILLO&quot;","block_context":{"text":"CINTILLO","link":"https:\/\/www.grieta.org.mx\/index.php\/category\/cintillo\/"},"img":{"alt_text":"","src":"https:\/\/i0.wp.com\/www.grieta.org.mx\/wp-content\/uploads\/2018\/03\/14524434_1106112876131411_958039263622046936_o.jpg?resize=350%2C200&ssl=1","width":350,"height":200,"srcset":"https:\/\/i0.wp.com\/www.grieta.org.mx\/wp-content\/uploads\/2018\/03\/14524434_1106112876131411_958039263622046936_o.jpg?resize=350%2C200&ssl=1 1x, https:\/\/i0.wp.com\/www.grieta.org.mx\/wp-content\/uploads\/2018\/03\/14524434_1106112876131411_958039263622046936_o.jpg?resize=525%2C300&ssl=1 1.5x, https:\/\/i0.wp.com\/www.grieta.org.mx\/wp-content\/uploads\/2018\/03\/14524434_1106112876131411_958039263622046936_o.jpg?resize=700%2C400&ssl=1 2x"},"classes":[]},{"id":13967,"url":"https:\/\/www.grieta.org.mx\/index.php\/2016\/06\/08\/siempre-vivos-anuncia-que-reinicia-busqueda-de-fosas-en-chilapa\/","url_meta":{"origin":12564,"position":3},"title":"Siempre Vivos anuncia reinicio de b\u00fasqueda de fosas en Chilapa","author":"grieta","date":"8 junio, 2016","format":false,"excerpt":"Bajo Palabra Alejandro Ortiz Integrantes del colectivo Siempre Vivos, de familiares de desaparecidos en Chilapa, anunciaron el reinicio de la b\u00fasqueda de fosas clandestinas, a partir del 23 de junio. La decisi\u00f3n fue tomada luego de reunirse a puerta cerrada con personal del Alto Comisionado de Derechos Humanos de la\u2026","rel":"","context":"En &quot;CINTILLO&quot;","block_context":{"text":"CINTILLO","link":"https:\/\/www.grieta.org.mx\/index.php\/category\/cintillo\/"},"img":{"alt_text":"","src":"https:\/\/i0.wp.com\/www.grieta.org.mx\/wp-content\/uploads\/2018\/03\/14524434_1106112876131411_958039263622046936_o.jpg?resize=350%2C200&ssl=1","width":350,"height":200,"srcset":"https:\/\/i0.wp.com\/www.grieta.org.mx\/wp-content\/uploads\/2018\/03\/14524434_1106112876131411_958039263622046936_o.jpg?resize=350%2C200&ssl=1 1x, https:\/\/i0.wp.com\/www.grieta.org.mx\/wp-content\/uploads\/2018\/03\/14524434_1106112876131411_958039263622046936_o.jpg?resize=525%2C300&ssl=1 1.5x, https:\/\/i0.wp.com\/www.grieta.org.mx\/wp-content\/uploads\/2018\/03\/14524434_1106112876131411_958039263622046936_o.jpg?resize=700%2C400&ssl=1 2x"},"classes":[]},{"id":12727,"url":"https:\/\/www.grieta.org.mx\/index.php\/2016\/05\/15\/chilapa-huele-a-miedo-y-corrupcion-los-otros-desaparecidos\/","url_meta":{"origin":12564,"position":4},"title":"Chilapa huele a miedo y corrupci\u00f3n, Los Otros Desaparecidos","author":"grieta","date":"15 mayo, 2016","format":false,"excerpt":"El Sur Luis Daniel Nava Chilapa. Se van del municipio los integrantes de Los Otros Desaparecidos de Iguala que en dos d\u00edas hallaron dos entierros clandestinos con cuatro cuerpos. \u201cVenimos a exhibir la falta de voluntad del gobierno y su mal trabajo\u201d, se\u00f1ala Mario Vergara Chilapa huele a miedo, a\u2026","rel":"","context":"En &quot;CINTILLO&quot;","block_context":{"text":"CINTILLO","link":"https:\/\/www.grieta.org.mx\/index.php\/category\/cintillo\/"},"img":{"alt_text":"","src":"https:\/\/i0.wp.com\/www.grieta.org.mx\/wp-content\/uploads\/2018\/03\/14524434_1106112876131411_958039263622046936_o.jpg?resize=350%2C200&ssl=1","width":350,"height":200,"srcset":"https:\/\/i0.wp.com\/www.grieta.org.mx\/wp-content\/uploads\/2018\/03\/14524434_1106112876131411_958039263622046936_o.jpg?resize=350%2C200&ssl=1 1x, https:\/\/i0.wp.com\/www.grieta.org.mx\/wp-content\/uploads\/2018\/03\/14524434_1106112876131411_958039263622046936_o.jpg?resize=525%2C300&ssl=1 1.5x, https:\/\/i0.wp.com\/www.grieta.org.mx\/wp-content\/uploads\/2018\/03\/14524434_1106112876131411_958039263622046936_o.jpg?resize=700%2C400&ssl=1 2x"},"classes":[]},{"id":12570,"url":"https:\/\/www.grieta.org.mx\/index.php\/2016\/04\/01\/liga-astudillo-a-desaparecidos-en-chilapa-con-grupos-del-crimen-en-guerrero\/","url_meta":{"origin":12564,"position":5},"title":"Liga Astudillo a desaparecidos en Chilapa con grupos del crimen","author":"grieta","date":"1 abril, 2016","format":false,"excerpt":"Proceso Redacci\u00f3n Ciudad de M\u00e9xico (apro). El gobernador priista H\u00e9ctor Astudillo asegur\u00f3 a familiares de desaparecidos del 9 al 14 de mayo pasados en Chilapa, Guerrero, que al menos seis de los 16 reportados como desaparecidos est\u00e1n operando con grupos del crimen en la zona. Este d\u00eda se reunieron a\u2026","rel":"","context":"En &quot;CINTILLO&quot;","block_context":{"text":"CINTILLO","link":"https:\/\/www.grieta.org.mx\/index.php\/category\/cintillo\/"},"img":{"alt_text":"","src":"https:\/\/i0.wp.com\/www.grieta.org.mx\/wp-content\/uploads\/2018\/03\/14524434_1106112876131411_958039263622046936_o.jpg?resize=350%2C200&ssl=1","width":350,"height":200,"srcset":"https:\/\/i0.wp.com\/www.grieta.org.mx\/wp-content\/uploads\/2018\/03\/14524434_1106112876131411_958039263622046936_o.jpg?resize=350%2C200&ssl=1 1x, https:\/\/i0.wp.com\/www.grieta.org.mx\/wp-content\/uploads\/2018\/03\/14524434_1106112876131411_958039263622046936_o.jpg?resize=525%2C300&ssl=1 1.5x, https:\/\/i0.wp.com\/www.grieta.org.mx\/wp-content\/uploads\/2018\/03\/14524434_1106112876131411_958039263622046936_o.jpg?resize=700%2C400&ssl=1 2x"},"classes":[]}],"_links":{"self":[{"href":"https:\/\/www.grieta.org.mx\/index.php\/wp-json\/wp\/v2\/posts\/12564","targetHints":{"allow":["GET"]}}],"collection":[{"href":"https:\/\/www.grieta.org.mx\/index.php\/wp-json\/wp\/v2\/posts"}],"about":[{"href":"https:\/\/www.grieta.org.mx\/index.php\/wp-json\/wp\/v2\/types\/post"}],"author":[{"embeddable":true,"href":"https:\/\/www.grieta.org.mx\/index.php\/wp-json\/wp\/v2\/users\/2"}],"replies":[{"embeddable":true,"href":"https:\/\/www.grieta.org.mx\/index.php\/wp-json\/wp\/v2\/comments?post=12564"}],"version-history":[{"count":1,"href":"https:\/\/www.grieta.org.mx\/index.php\/wp-json\/wp\/v2\/posts\/12564\/revisions"}],"predecessor-version":[{"id":17328,"href":"https:\/\/www.grieta.org.mx\/index.php\/wp-json\/wp\/v2\/posts\/12564\/revisions\/17328"}],"wp:featuredmedia":[{"embeddable":true,"href":"https:\/\/www.grieta.org.mx\/index.php\/wp-json\/wp\/v2\/media\/21928"}],"wp:attachment":[{"href":"https:\/\/www.grieta.org.mx\/index.php\/wp-json\/wp\/v2\/media?parent=12564"}],"wp:term":[{"taxonomy":"category","embeddable":true,"href":"https:\/\/www.grieta.org.mx\/index.php\/wp-json\/wp\/v2\/categories?post=12564"},{"taxonomy":"post_tag","embeddable":true,"href":"https:\/\/www.grieta.org.mx\/index.php\/wp-json\/wp\/v2\/tags?post=12564"}],"curies":[{"name":"wp","href":"https:\/\/api.w.org\/{rel}","templated":true}]}}