{"id":1252,"date":"2015-10-05T19:22:58","date_gmt":"2015-10-05T19:22:58","guid":{"rendered":"http:\/\/50.22.11.12\/~grietaor\/?p=1252"},"modified":"2016-03-03T19:23:58","modified_gmt":"2016-03-03T19:23:58","slug":"aumenta-50-muertes-por-la-contaminacion","status":"publish","type":"post","link":"https:\/\/www.grieta.org.mx\/index.php\/2015\/10\/05\/aumenta-50-muertes-por-la-contaminacion\/","title":{"rendered":"Aumenta 50% muertes por la contaminaci\u00f3n"},"content":{"rendered":"<p>Miguel A. Mart\u00ednez<\/p>\n<p>Atitalaquia.- Los decesos causados por la contaminaci\u00f3n derivada de la conflagraci\u00f3n en la planta de agroqu\u00edmicos ATC en abril de 2013, han aumentado recientemente de manera alarmante entre vecinos de este municipio y de Atotonilco, creciendo hasta en un 50 por ciento.<\/p>\n<p>As\u00ed lo denunciaron en conferencia de prensa integrantes de la asociaci\u00f3n Caminando por la Justicia, que ha abanderado la defensa del caso de manera posterior a la emergencia.<\/p>\n<p>Detallaron que a dos a\u00f1os 7 meses de la explosi\u00f3n en ATC, dependiente de la empresa Velsimex, la mortalidad en habitantes de ambas localidades se debe al incremento de enfermedades de tipo cancer\u00edgenas, como leucemia.<\/p>\n<p>Lamentaron que a pesar de que ya casi tiene tres a\u00f1os de ocurridos los lamentables sucesos, la empresa no haya sido verdaderamente sancionada por las autoridades de los tres \u00f3rdenes de gobierno, y que dichas entidades no hayan tomado en serio las afectaciones sufridas.<\/p>\n<p>Se quejaron de que la principal preocupaci\u00f3n de los \u00f3rdenes de gobierno haya sido desde el principio, tratar de minimizar los efectos de la desgracia a trav\u00e9s de los medios informativos que tiene el estado.<\/p>\n<p>Dijeron que es en este contexto de sentirse ignorados por las autoridades mexicanas, que han buscado seguir con su lucha en instancias internacionales como la Corte Interamericana de Derechos Humanos (CIDH), que ha exhortado al Estado mexicano para que repare los da\u00f1os por ATC.<\/p>\n<p>En tal sentido comentaron que en la visita al pa\u00eds que recientemente efectu\u00f3 personal de la CIDH, estuvieron con ellos para insistir en el caso, obteniendo como respuesta que en breve se emitir\u00e1 un dictamen para obligar a la federaci\u00f3n a resarcir los da\u00f1os causados.<\/p>\n<p>Pero ampliaron que no s\u00f3lo por la contaminaci\u00f3n derivada de la explosi\u00f3n del 7 de abril de 2013, sino por las afectaciones derivadas de la poluci\u00f3n originada por las m\u00e1s de 155 factor\u00edas contaminantes asentadas en la regi\u00f3n Tula \u2013 Tepeji.<\/p>\n<p><a href=\"http:\/\/www.diariovialibre.com.mx\/aumenta-50-muertes-por-contaminacion-2\/\" target=\"_blank\">www.diariovialibre.com.mx\/aumenta-50-muertes-por-contaminacion-2\/<\/a><\/p>\n","protected":false},"excerpt":{"rendered":"<p>Miguel A. Mart\u00ednez Atitalaquia.- Los decesos causados por la contaminaci\u00f3n derivada de la conflagraci\u00f3n en la planta de agroqu\u00edmicos ATC en abril de 2013, han aumentado recientemente de manera alarmante &hellip; <a href=\"https:\/\/www.grieta.org.mx\/index.php\/2015\/10\/05\/aumenta-50-muertes-por-la-contaminacion\/\" class=\"more-link\">Leer m\u00e1s<\/a><\/p>\n","protected":false},"author":2,"featured_media":21928,"comment_status":"closed","ping_status":"open","sticky":false,"template":"","format":"standard","meta":{"ngg_post_thumbnail":0,"_jetpack_newsletter_access":"","_jetpack_dont_email_post_to_subs":false,"_jetpack_newsletter_tier_id":0,"_jetpack_memberships_contains_paywalled_content":false,"_jetpack_memberships_contains_paid_content":false,"footnotes":""},"categories":[80,129],"tags":[91],"class_list":["post-1252","post","type-post","status-publish","format-standard","has-post-thumbnail","hentry","category-cintillo","category-hidalgo","tag-contaminacion-ambiental","entry"],"jetpack_featured_media_url":"https:\/\/www.grieta.org.mx\/wp-content\/uploads\/2018\/03\/14524434_1106112876131411_958039263622046936_o.jpg","jetpack_sharing_enabled":true,"jetpack_shortlink":"https:\/\/wp.me\/p7ZJR4-kc","jetpack_likes_enabled":false,"jetpack-related-posts":[{"id":11684,"url":"https:\/\/www.grieta.org.mx\/index.php\/2016\/04\/09\/omisiones-de-las-autoridades-acusan-activistas-ambientales\/","url_meta":{"origin":1252,"position":0},"title":"Omisiones de las autoridades, acusan activistas ambientales","author":"grieta","date":"9 abril, 2016","format":false,"excerpt":"Jorge Mart\u00ednez Activistas de Atitalaquia lamentaron que, pese al siniestro de hace tres a\u00f1os en la empresa ATC, el municipio no se encuentre preparado para enfrentar contingencias a las que es susceptible por el tipo de industria asentada en la zona. Fidel Wilivaldo P\u00e9rez Tovar y Mar\u00eda Eugenia Hern\u00e1ndez Ch\u00e1vez\u2026","rel":"","context":"En &quot;CINTILLO&quot;","block_context":{"text":"CINTILLO","link":"https:\/\/www.grieta.org.mx\/index.php\/category\/cintillo\/"},"img":{"alt_text":"","src":"https:\/\/i0.wp.com\/www.grieta.org.mx\/wp-content\/uploads\/2018\/03\/14524434_1106112876131411_958039263622046936_o.jpg?resize=350%2C200&ssl=1","width":350,"height":200,"srcset":"https:\/\/i0.wp.com\/www.grieta.org.mx\/wp-content\/uploads\/2018\/03\/14524434_1106112876131411_958039263622046936_o.jpg?resize=350%2C200&ssl=1 1x, https:\/\/i0.wp.com\/www.grieta.org.mx\/wp-content\/uploads\/2018\/03\/14524434_1106112876131411_958039263622046936_o.jpg?resize=525%2C300&ssl=1 1.5x, https:\/\/i0.wp.com\/www.grieta.org.mx\/wp-content\/uploads\/2018\/03\/14524434_1106112876131411_958039263622046936_o.jpg?resize=700%2C400&ssl=1 2x"},"classes":[]},{"id":1250,"url":"https:\/\/www.grieta.org.mx\/index.php\/2015\/10\/06\/gobernador-del-pri-protege-a-empresa-que-causa-graves-danos-a-la-salud-y-medio-ambiente-en-hidalgo\/","url_meta":{"origin":1252,"position":1},"title":"Gobernador del PRI protege a empresa que causa graves da\u00f1os a la salud y medio ambiente en Hidalgo","author":"grieta","date":"6 octubre, 2015","format":false,"excerpt":"Jos\u00e9 Due\u00f1as M\u00e9xico, D.F.- En el marco de la segunda visita a M\u00e9xico, por parte de la Comisi\u00f3n Interamericana de Derechos Humanos (CIDH), los integrantes del Colectivo \u201cCaminando por la Justicia\u201d, Mar\u00eda Eugenia Hern\u00e1ndez Ch\u00e1vez y Fidel Wilivaldo P\u00e9rez Tovar, entregaron a esa organizaci\u00f3n, un documento denunciando muertes por contaminaci\u00f3n\u2026","rel":"","context":"En &quot;CINTILLO&quot;","block_context":{"text":"CINTILLO","link":"https:\/\/www.grieta.org.mx\/index.php\/category\/cintillo\/"},"img":{"alt_text":"","src":"https:\/\/i0.wp.com\/www.grieta.org.mx\/wp-content\/uploads\/2018\/03\/14524434_1106112876131411_958039263622046936_o.jpg?resize=350%2C200&ssl=1","width":350,"height":200,"srcset":"https:\/\/i0.wp.com\/www.grieta.org.mx\/wp-content\/uploads\/2018\/03\/14524434_1106112876131411_958039263622046936_o.jpg?resize=350%2C200&ssl=1 1x, https:\/\/i0.wp.com\/www.grieta.org.mx\/wp-content\/uploads\/2018\/03\/14524434_1106112876131411_958039263622046936_o.jpg?resize=525%2C300&ssl=1 1.5x, https:\/\/i0.wp.com\/www.grieta.org.mx\/wp-content\/uploads\/2018\/03\/14524434_1106112876131411_958039263622046936_o.jpg?resize=700%2C400&ssl=1 2x"},"classes":[]},{"id":1254,"url":"https:\/\/www.grieta.org.mx\/index.php\/2016\/04\/09\/denuncian-muertes-por-contaminacion-tras-incendio-en-atitalaquia-en-2013\/","url_meta":{"origin":1252,"position":2},"title":"Denuncian muertes por contaminaci\u00f3n tras incendio en Atitalaqu\u00eda en 2013","author":"grieta","date":"9 abril, 2016","format":false,"excerpt":"09\/04\/16. Omisiones de las autoridades, acusan activistas ambientalesCriterio Hdalgo 08\/04\/16. A 3 a\u00f1os de la explosi\u00f3n en Atitalaquia, contin\u00faa el riesgoQuadrat\u00edn 06\/10\/15. Gobernador del PRI protege a empresa que causa graves da\u00f1os a la salud y medio ambiente en HidalgoActivista.mx 05\/10\/15. Aumenta 50% muertes por la contaminaci\u00f3nDiario V\u00eda Libre","rel":"","context":"En &quot;Hidalgo&quot;","block_context":{"text":"Hidalgo","link":"https:\/\/www.grieta.org.mx\/index.php\/category\/noticias-nacionales\/hidalgo\/"},"img":{"alt_text":"","src":"https:\/\/i0.wp.com\/www.grieta.org.mx\/wp-content\/uploads\/2018\/03\/14524434_1106112876131411_958039263622046936_o.jpg?resize=350%2C200&ssl=1","width":350,"height":200,"srcset":"https:\/\/i0.wp.com\/www.grieta.org.mx\/wp-content\/uploads\/2018\/03\/14524434_1106112876131411_958039263622046936_o.jpg?resize=350%2C200&ssl=1 1x, https:\/\/i0.wp.com\/www.grieta.org.mx\/wp-content\/uploads\/2018\/03\/14524434_1106112876131411_958039263622046936_o.jpg?resize=525%2C300&ssl=1 1.5x, https:\/\/i0.wp.com\/www.grieta.org.mx\/wp-content\/uploads\/2018\/03\/14524434_1106112876131411_958039263622046936_o.jpg?resize=700%2C400&ssl=1 2x"},"classes":[]},{"id":11683,"url":"https:\/\/www.grieta.org.mx\/index.php\/2016\/04\/08\/a-3-anos-de-la-explosion-en-atitalaquia-continua-el-riesgo\/","url_meta":{"origin":1252,"position":3},"title":"A 3 a\u00f1os de la explosi\u00f3n en Atitalaquia, contin\u00faa el riesgo","author":"grieta","date":"8 abril, 2016","format":false,"excerpt":"Francisco Garc\u00eda PACHUCA, Hgo., 8 de abril de 2016.- A casi tres a\u00f1os de la explosi\u00f3n de la empresa de agroqu\u00edmicos ATC en el municipio de Atitalaquia, contin\u00faa el riesgo latente para una nueva explosi\u00f3n, pues las autoridades ambientales no realizan revisiones constantes en la zona corporativa, lo que puede\u2026","rel":"","context":"En &quot;CINTILLO&quot;","block_context":{"text":"CINTILLO","link":"https:\/\/www.grieta.org.mx\/index.php\/category\/cintillo\/"},"img":{"alt_text":"","src":"https:\/\/i0.wp.com\/www.grieta.org.mx\/wp-content\/uploads\/2018\/03\/14524434_1106112876131411_958039263622046936_o.jpg?resize=350%2C200&ssl=1","width":350,"height":200,"srcset":"https:\/\/i0.wp.com\/www.grieta.org.mx\/wp-content\/uploads\/2018\/03\/14524434_1106112876131411_958039263622046936_o.jpg?resize=350%2C200&ssl=1 1x, https:\/\/i0.wp.com\/www.grieta.org.mx\/wp-content\/uploads\/2018\/03\/14524434_1106112876131411_958039263622046936_o.jpg?resize=525%2C300&ssl=1 1.5x, https:\/\/i0.wp.com\/www.grieta.org.mx\/wp-content\/uploads\/2018\/03\/14524434_1106112876131411_958039263622046936_o.jpg?resize=700%2C400&ssl=1 2x"},"classes":[]},{"id":59234,"url":"https:\/\/www.grieta.org.mx\/index.php\/2021\/05\/03\/a-4-anos-de-sancion-quimica-central-sigue-contaminado-guanajuato\/","url_meta":{"origin":1252,"position":4},"title":"A 4 a\u00f1os de sanci\u00f3n, Qu\u00edmica Central sigue contaminado (Guanajuato)","author":"grieta","date":"3 mayo, 2021","format":false,"excerpt":"La empresa Qu\u00edmica Central de M\u00e9xico S.A de C.V fue sancionada hace 4 a\u00f1os por la Profepa por generar contaminaci\u00f3n con residuos peligrosos Wendoline Adame, Milenio Le\u00f3n \/ 03.05.2021 06:00:02 A cuatro a\u00f1os de que la Procuradur\u00eda Federal de Protecci\u00f3n al Ambiente (PROFEPA), impuso una sanci\u00f3n y orden\u00f3 el retiro\u2026","rel":"","context":"En &quot;CINTILLO&quot;","block_context":{"text":"CINTILLO","link":"https:\/\/www.grieta.org.mx\/index.php\/category\/cintillo\/"},"img":{"alt_text":"","src":"https:\/\/i0.wp.com\/www.grieta.org.mx\/wp-content\/uploads\/2021\/05\/san-francisco-rincon-mil-toneladas.jpeg?resize=350%2C200&ssl=1","width":350,"height":200,"srcset":"https:\/\/i0.wp.com\/www.grieta.org.mx\/wp-content\/uploads\/2021\/05\/san-francisco-rincon-mil-toneladas.jpeg?resize=350%2C200&ssl=1 1x, https:\/\/i0.wp.com\/www.grieta.org.mx\/wp-content\/uploads\/2021\/05\/san-francisco-rincon-mil-toneladas.jpeg?resize=525%2C300&ssl=1 1.5x, https:\/\/i0.wp.com\/www.grieta.org.mx\/wp-content\/uploads\/2021\/05\/san-francisco-rincon-mil-toneladas.jpeg?resize=700%2C400&ssl=1 2x"},"classes":[]},{"id":69219,"url":"https:\/\/www.grieta.org.mx\/index.php\/2024\/06\/12\/ecocidio-en-cosoleacaque-empresa-habria-contaminado-rios-veracruz\/","url_meta":{"origin":1252,"position":5},"title":"Ecocidio en Cosoleacaque: empresa habr\u00eda contaminado r\u00edos (Veracruz)","author":"grieta","date":"12 junio, 2024","format":false,"excerpt":"Los r\u00edos y arroyos est\u00e1n contaminados y el ganado muere por beber el agua; tambi\u00e9n reportan casos de mutaciones Heidi Castellanos \/ E-consulta Veracruz Cosoleacaque, Ver.\u2014 Ciudadanos acusaron a la empresa Tereftalatos Mexicanos S.A. de C.V. por presuntamente ser la causante de un ecocidio en r\u00edos y arroyos del municipio\u2026","rel":"","context":"En &quot;CINTILLO&quot;","block_context":{"text":"CINTILLO","link":"https:\/\/www.grieta.org.mx\/index.php\/category\/cintillo\/"},"img":{"alt_text":"","src":"https:\/\/i0.wp.com\/www.grieta.org.mx\/wp-content\/uploads\/2024\/06\/Screenshot-2024-06-25-at-13-29-15-Ecocidio-en-Cosoleacaque-empresa-habria-contaminado-rios-e-veracruz.mx_.png?resize=350%2C200&ssl=1","width":350,"height":200,"srcset":"https:\/\/i0.wp.com\/www.grieta.org.mx\/wp-content\/uploads\/2024\/06\/Screenshot-2024-06-25-at-13-29-15-Ecocidio-en-Cosoleacaque-empresa-habria-contaminado-rios-e-veracruz.mx_.png?resize=350%2C200&ssl=1 1x, https:\/\/i0.wp.com\/www.grieta.org.mx\/wp-content\/uploads\/2024\/06\/Screenshot-2024-06-25-at-13-29-15-Ecocidio-en-Cosoleacaque-empresa-habria-contaminado-rios-e-veracruz.mx_.png?resize=525%2C300&ssl=1 1.5x, https:\/\/i0.wp.com\/www.grieta.org.mx\/wp-content\/uploads\/2024\/06\/Screenshot-2024-06-25-at-13-29-15-Ecocidio-en-Cosoleacaque-empresa-habria-contaminado-rios-e-veracruz.mx_.png?resize=700%2C400&ssl=1 2x"},"classes":[]}],"_links":{"self":[{"href":"https:\/\/www.grieta.org.mx\/index.php\/wp-json\/wp\/v2\/posts\/1252","targetHints":{"allow":["GET"]}}],"collection":[{"href":"https:\/\/www.grieta.org.mx\/index.php\/wp-json\/wp\/v2\/posts"}],"about":[{"href":"https:\/\/www.grieta.org.mx\/index.php\/wp-json\/wp\/v2\/types\/post"}],"author":[{"embeddable":true,"href":"https:\/\/www.grieta.org.mx\/index.php\/wp-json\/wp\/v2\/users\/2"}],"replies":[{"embeddable":true,"href":"https:\/\/www.grieta.org.mx\/index.php\/wp-json\/wp\/v2\/comments?post=1252"}],"version-history":[{"count":1,"href":"https:\/\/www.grieta.org.mx\/index.php\/wp-json\/wp\/v2\/posts\/1252\/revisions"}],"predecessor-version":[{"id":1253,"href":"https:\/\/www.grieta.org.mx\/index.php\/wp-json\/wp\/v2\/posts\/1252\/revisions\/1253"}],"wp:featuredmedia":[{"embeddable":true,"href":"https:\/\/www.grieta.org.mx\/index.php\/wp-json\/wp\/v2\/media\/21928"}],"wp:attachment":[{"href":"https:\/\/www.grieta.org.mx\/index.php\/wp-json\/wp\/v2\/media?parent=1252"}],"wp:term":[{"taxonomy":"category","embeddable":true,"href":"https:\/\/www.grieta.org.mx\/index.php\/wp-json\/wp\/v2\/categories?post=1252"},{"taxonomy":"post_tag","embeddable":true,"href":"https:\/\/www.grieta.org.mx\/index.php\/wp-json\/wp\/v2\/tags?post=1252"}],"curies":[{"name":"wp","href":"https:\/\/api.w.org\/{rel}","templated":true}]}}