{"id":1250,"date":"2015-10-06T19:20:32","date_gmt":"2015-10-06T19:20:32","guid":{"rendered":"http:\/\/50.22.11.12\/~grietaor\/?p=1250"},"modified":"2016-03-03T19:22:54","modified_gmt":"2016-03-03T19:22:54","slug":"gobernador-del-pri-protege-a-empresa-que-causa-graves-danos-a-la-salud-y-medio-ambiente-en-hidalgo","status":"publish","type":"post","link":"https:\/\/www.grieta.org.mx\/index.php\/2015\/10\/06\/gobernador-del-pri-protege-a-empresa-que-causa-graves-danos-a-la-salud-y-medio-ambiente-en-hidalgo\/","title":{"rendered":"Gobernador del PRI protege a empresa que causa graves da\u00f1os a la salud y medio ambiente en Hidalgo"},"content":{"rendered":"<p>Jos\u00e9 Due\u00f1as<\/p>\n<p>M\u00e9xico, D.F.- En el marco de la segunda visita a M\u00e9xico, por parte de la Comisi\u00f3n Interamericana de Derechos Humanos (CIDH), los integrantes del Colectivo \u201cCaminando por la Justicia\u201d, Mar\u00eda Eugenia Hern\u00e1ndez Ch\u00e1vez y Fidel Wilivaldo P\u00e9rez Tovar, entregaron a esa organizaci\u00f3n, un documento denunciando muertes por contaminaci\u00f3n en los municipios hidalguenses de Atitalaqu\u00eda, Atotonilco de Tula y otros aleda\u00f1os.<\/p>\n<p>El Colectivo explica que la explosi\u00f3n de la F\u00e1brica de Agroqu\u00edmicos ATC -VELSIMEX, el pasado 7 de abril del a\u00f1o 2013, contamino tierra, agua y aire, am\u00e9n de que no fue apagada con las espumas con que Pemex controla los incendios, \u201cfue apagada con agua, lo cual provoco que el incendio se avivara y se prolongar\u00e1 por m\u00e1s de 20 horas, a esto hay que agregar que ni la empresa VELSIMEX (de capital mixto, entre mexicanos y extranjeros) ni el gobierno del estado de Hidalgo (que preside el pri\u00edsta Francisco Olvera Ruiz) a trav\u00e9s de sus instituciones encargadas de vigilar el cuidado al medio ambiente, tomaron en cuenta que el agua que utilizaron para pretender apagar dicho incendio arrastro todos los componentes qu\u00edmicos t\u00f3xicos de la fabrica hacia nuestros cuerpos de agua, de por s\u00ed ya contaminados por la gran industria de la regi\u00f3n\u201d.<\/p>\n<p>Expone que a partir de la explosi\u00f3n de la f\u00e1brica de Agroqu\u00edmicos ATC, tanto el gobierno del estado de Hidalgo como la empresa han emprendido una campa\u00f1a de desinformaci\u00f3n al afirmar que la explosi\u00f3n no dejo ninguna secuela en la salud de la poblaci\u00f3n ni en el medio ambiente de los municipios de Atitalaqu\u00eda y Atotonilco de Tula, as\u00ed como tambi\u00e9n en la regi\u00f3n, argumentando que la empresa actu\u00f3 con responsabilidad ante el incidente.<\/p>\n<p>\u201cLo cierto es que, a pesar de esta campa\u00f1a medi\u00e1tica, las consecuencias son visibles en los \u00e1rboles, el agua de la comunidad y son cuantiosas con respecto a la salud de la poblaci\u00f3n. Ya que existe un incremento en la cantidad de gente intoxicada, de mujeres embarazadas afectadas, en la incidencia de canceres at\u00edpicos en la poblaci\u00f3n de la regi\u00f3n, y hoy en d\u00eda se considera normal las enfermedades respiratorias, enfermedades cr\u00f3nico degenerativas como el c\u00e1ncer de piel, deformaciones gen\u00e9ticas y leucemia en nuestros ni\u00f1os\u201d, denunci\u00f3 el Colectivo.<\/p>\n<p>Asegura que ante la falta de atenci\u00f3n m\u00e9dica, que denunci\u00f3 como una omisi\u00f3n deliberada por parte del gobierno para encubrir los da\u00f1os irreparables causados por la empresa VELSIMEX, \u201cnosotros buscamos apoyo de m\u00e9dicos y cient\u00edficos para que nos informara sobre las repercusiones de este crimen industrial en nuestra salud. Sin embargo cualquier apoyo que nosotros recibimos y cualquier informaci\u00f3n ver\u00eddica que contradijera las mentiras del gobierno y de la empresa fueron tajantemente descalificadas. Fueron blanco de campa\u00f1as medi\u00e1ticas e institucionales que lo \u00fanico que lograron fue sembrar dudas entre los afectados y pretendieron desvincular la relaci\u00f3n que hay entre la explosi\u00f3n de la f\u00e1brica de ATC y la incidencia de nuevas enfermedades en la regi\u00f3n\u201d.<\/p>\n<p>\u201cNosotros hemos denunciado este crimen impune y la desviaci\u00f3n del poder del gobierno del estado de Hidalgo que preside el pri\u00edsta Olvera Ruiz, para garantizar la impunidad de la empresa VELSIMEX durante 2 a\u00f1os 7 meses, la empresa nos ha contestado con comunicados que pretenden descalificar nuestras denuncias y el gobierno del estado nos ha respondido con silencio y con ambulancias que llevan veintena de enfermos diariamente a la ciudad de M\u00e9xico a recibir atenci\u00f3n m\u00e9dica especializada que en nuestro estado no nos quieren ni nos pueden brindar. Pero no solo nos han violentado nuestro derecho a la salud, nosotros hemos tenido que enfrentar los altos costos m\u00e9dicos que requieren los tratamientos de nuestros familiares y que ni el gobierno ni la empresa VELSIMEX quieren asumir, nos han empobrecido\u201d, conden\u00f3 la organizaci\u00f3n.<\/p>\n<p>Los activistas se\u00f1alaron que la poblaci\u00f3n de los municipios afectados esta enredada en varios retos simultaneaos, todos dif\u00edciles de enfrentar. Consideraron que el primer paso es reconocer que la situaci\u00f3n de contaminaci\u00f3n no le ha importado a los gobiernos. Puntualizaron que en esa zona se tiene un riesgo de por lo menos 115 empresas y cada una de ellas por si sola representa un riesgo grave, siendo este corredor industrial uno de los m\u00e1s grandes del mundo. Los ya afectados y otros que a\u00fan no lo est\u00e1n, est\u00e1n rodeados de cementeras, caleras, petroqu\u00edmicas, refiner\u00eda, carboneras y las que se dedican a los plaguicidas, como ATC.<\/p>\n<p>\u201cHa sido pol\u00edtica de los gobiernos estatal, federal e incluso municipales dar todas las facilidades para la instalaci\u00f3n de industrias sumamente contaminantes, sin contar sin ninguna clase de ordenamiento y regulaci\u00f3n. La poblaci\u00f3n est\u00e1 completamente ignorada y el da\u00f1o no existe para los neoliberales de todos los colores\u201d, condenaron.<\/p>\n<p>Se\u00f1alaron que por lo anterior, \u201cnosotros les reiteramos al gobierno federal, estatal, municipal y a la empresa VELSIMEX que no nos hemos olvidado de que el caso de la explosi\u00f3n de la f\u00e1brica de agroqu\u00edmicos ATC en Atitalaqu\u00eda hace dos a\u00f1os sigue impune, que no olvidamos que no ha habido ni siquiera un intento de reparaci\u00f3n del da\u00f1o a la comunidad y que nosotros todos los d\u00edas pagamos los costos de la irresponsabilidad de una empresa que lucra con la muerte y la enfermedades de la poblaci\u00f3n\u201d.<\/p>\n<p><a href=\"http:\/\/www.activista.mx\/2015\/10\/gobernador-del-pri-protege-a-empresa-que-causa-graves-danos-a-la-salud-y-medio-ambiente-en-hidalgo\/\" target=\"_blank\">www.activista.mx\/2015\/10\/gobernador-del-pri-protege-a-empresa-que-causa-graves-danos-a-la-salud-y-medio-ambiente-en-hidalgo\/<\/a><\/p>\n","protected":false},"excerpt":{"rendered":"<p>Jos\u00e9 Due\u00f1as M\u00e9xico, D.F.- En el marco de la segunda visita a M\u00e9xico, por parte de la Comisi\u00f3n Interamericana de Derechos Humanos (CIDH), los integrantes del Colectivo \u201cCaminando por la &hellip; <a href=\"https:\/\/www.grieta.org.mx\/index.php\/2015\/10\/06\/gobernador-del-pri-protege-a-empresa-que-causa-graves-danos-a-la-salud-y-medio-ambiente-en-hidalgo\/\" class=\"more-link\">Leer m\u00e1s<\/a><\/p>\n","protected":false},"author":2,"featured_media":21928,"comment_status":"closed","ping_status":"open","sticky":false,"template":"","format":"standard","meta":{"ngg_post_thumbnail":0,"_jetpack_newsletter_access":"","_jetpack_dont_email_post_to_subs":false,"_jetpack_newsletter_tier_id":0,"_jetpack_memberships_contains_paywalled_content":false,"_jetpack_memberships_contains_paid_content":false,"footnotes":""},"categories":[80,129],"tags":[91],"class_list":["post-1250","post","type-post","status-publish","format-standard","has-post-thumbnail","hentry","category-cintillo","category-hidalgo","tag-contaminacion-ambiental","entry"],"jetpack_featured_media_url":"https:\/\/www.grieta.org.mx\/wp-content\/uploads\/2018\/03\/14524434_1106112876131411_958039263622046936_o.jpg","jetpack_sharing_enabled":true,"jetpack_shortlink":"https:\/\/wp.me\/p7ZJR4-ka","jetpack_likes_enabled":false,"jetpack-related-posts":[{"id":37311,"url":"https:\/\/www.grieta.org.mx\/index.php\/2019\/07\/17\/la-cuenca-de-la-independencia-amenazada-por-proyecto-minero-guanajuato\/","url_meta":{"origin":1250,"position":0},"title":"La Cuenca de la Independencia amenazada por proyecto minero (Guanajuato)","author":"grieta","date":"17 julio, 2019","format":false,"excerpt":"Se contaminar\u00eda el acu\u00edfero que surte a municipios como Dolores Hidalgo y San Miguel de Allende. \u00a0 Redacci\u00f3n La Coperacha Ciudad de M\u00e9xico \/\/ 17 de julio de 2019 a Coalici\u00f3n en Defensa de la Cuenca de la Independencia y el colectivo Guardianes de la Cuenca, advirtieron que el proyecto\u2026","rel":"","context":"En &quot;CINTILLO&quot;","block_context":{"text":"CINTILLO","link":"https:\/\/www.grieta.org.mx\/index.php\/category\/cintillo\/"},"img":{"alt_text":"","src":"https:\/\/i0.wp.com\/www.grieta.org.mx\/wp-content\/uploads\/2019\/08\/cuenca-independencia-amenazada-proyecto-minero.jpg?resize=350%2C200&ssl=1","width":350,"height":200,"srcset":"https:\/\/i0.wp.com\/www.grieta.org.mx\/wp-content\/uploads\/2019\/08\/cuenca-independencia-amenazada-proyecto-minero.jpg?resize=350%2C200&ssl=1 1x, https:\/\/i0.wp.com\/www.grieta.org.mx\/wp-content\/uploads\/2019\/08\/cuenca-independencia-amenazada-proyecto-minero.jpg?resize=525%2C300&ssl=1 1.5x, https:\/\/i0.wp.com\/www.grieta.org.mx\/wp-content\/uploads\/2019\/08\/cuenca-independencia-amenazada-proyecto-minero.jpg?resize=700%2C400&ssl=1 2x, https:\/\/i0.wp.com\/www.grieta.org.mx\/wp-content\/uploads\/2019\/08\/cuenca-independencia-amenazada-proyecto-minero.jpg?resize=1050%2C600&ssl=1 3x"},"classes":[]},{"id":36603,"url":"https:\/\/www.grieta.org.mx\/index.php\/2019\/07\/18\/hidalgo-enfrenta-emergencia-ambiental-por-aire-y-agua-contaminados\/","url_meta":{"origin":1250,"position":1},"title":"Hidalgo enfrenta emergencia ambiental por aire y agua contaminados","author":"Admin","date":"18 julio, 2019","format":false,"excerpt":"Redacci\u00f3n \/ Cultura Colectiva La Secretar\u00eda de Medio Ambiente y Recursos Naturales (Semarnat) declar\u00f3 el martes pasado la emergencia ambiental en varios municipios de Hidalgo, debido a que la contaminaci\u00f3n del aire y el agua ha convertido a ese lugar en una zona pr\u00e1cticamente inhabitable. V\u00edctor Toledo, titular de la\u2026","rel":"","context":"En &quot;CINTILLO&quot;","block_context":{"text":"CINTILLO","link":"https:\/\/www.grieta.org.mx\/index.php\/category\/cintillo\/"},"img":{"alt_text":"","src":"https:\/\/i0.wp.com\/www.grieta.org.mx\/wp-content\/uploads\/2019\/07\/presa-endho-high.jpg?resize=350%2C200&ssl=1","width":350,"height":200,"srcset":"https:\/\/i0.wp.com\/www.grieta.org.mx\/wp-content\/uploads\/2019\/07\/presa-endho-high.jpg?resize=350%2C200&ssl=1 1x, https:\/\/i0.wp.com\/www.grieta.org.mx\/wp-content\/uploads\/2019\/07\/presa-endho-high.jpg?resize=525%2C300&ssl=1 1.5x, https:\/\/i0.wp.com\/www.grieta.org.mx\/wp-content\/uploads\/2019\/07\/presa-endho-high.jpg?resize=700%2C400&ssl=1 2x"},"classes":[]},{"id":38886,"url":"https:\/\/www.grieta.org.mx\/index.php\/2019\/09\/07\/exigen-reinstalacion-de-tratadora-por-contaminacion-de-empresas-hidalgo\/","url_meta":{"origin":1250,"position":2},"title":"Exigen reinstalaci\u00f3n de tratadora por contaminaci\u00f3n de empresas (Hidalgo)","author":"Admin","date":"7 septiembre, 2019","format":false,"excerpt":"Alfonso Mar\u00edn \/Criterio Hidalgo Habitantes del fraccionamiento El Manantial, ubicado en Tepojaco, Tizayuca, exigieron reinstalar la planta tratadora de agua en su localidad, ya que serv\u00eda para mitigar la contaminaci\u00f3n que generan empresas de la zona en la presa del mismo nombre. Los colonos, quienes integran el comit\u00e9 vecinal, manifestaron\u2026","rel":"","context":"En &quot;CINTILLO&quot;","block_context":{"text":"CINTILLO","link":"https:\/\/www.grieta.org.mx\/index.php\/category\/cintillo\/"},"img":{"alt_text":"","src":"https:\/\/i0.wp.com\/www.grieta.org.mx\/wp-content\/uploads\/2019\/09\/https-_www.criteriohidalgo.com_wp-content_uploads_2019_09_manantial-1-660x330.jpg?resize=350%2C200&ssl=1","width":350,"height":200,"srcset":"https:\/\/i0.wp.com\/www.grieta.org.mx\/wp-content\/uploads\/2019\/09\/https-_www.criteriohidalgo.com_wp-content_uploads_2019_09_manantial-1-660x330.jpg?resize=350%2C200&ssl=1 1x, https:\/\/i0.wp.com\/www.grieta.org.mx\/wp-content\/uploads\/2019\/09\/https-_www.criteriohidalgo.com_wp-content_uploads_2019_09_manantial-1-660x330.jpg?resize=525%2C300&ssl=1 1.5x"},"classes":[]},{"id":70807,"url":"https:\/\/www.grieta.org.mx\/index.php\/2024\/11\/25\/la-presa-endho-una-historia-de-abandono-y-de-desastre-sanitario-en-mexico-hidalgo\/","url_meta":{"origin":1250,"position":3},"title":"La presa Endh\u00f3: una historia de abandono y de desastre sanitario en M\u00e9xico (Hidalgo)","author":"Admin","date":"25 noviembre, 2024","format":false,"excerpt":"Por France 24 El estado de Hidalgo, al norte de la Ciudad de M\u00e9xico, acoge un lugar que en el pasado fue un para\u00edso y que se ha convertido en un verdadero infierno para sus habitantes. Las aguas de la presa y los pozos est\u00e1n completamente contaminadas. Las autoridades lo\u2026","rel":"","context":"En &quot;Contaminaci\u00f3n ambiental en Hidalgo&quot;","block_context":{"text":"Contaminaci\u00f3n ambiental en Hidalgo","link":"https:\/\/www.grieta.org.mx\/index.php\/category\/noticias-nacionales\/hidalgo\/contaminacion-ambiental-en-hidalgo\/"},"img":{"alt_text":"","src":"https:\/\/i0.wp.com\/www.grieta.org.mx\/wp-content\/uploads\/2019\/07\/presa-endho-high.jpg?resize=350%2C200&ssl=1","width":350,"height":200,"srcset":"https:\/\/i0.wp.com\/www.grieta.org.mx\/wp-content\/uploads\/2019\/07\/presa-endho-high.jpg?resize=350%2C200&ssl=1 1x, https:\/\/i0.wp.com\/www.grieta.org.mx\/wp-content\/uploads\/2019\/07\/presa-endho-high.jpg?resize=525%2C300&ssl=1 1.5x, https:\/\/i0.wp.com\/www.grieta.org.mx\/wp-content\/uploads\/2019\/07\/presa-endho-high.jpg?resize=700%2C400&ssl=1 2x"},"classes":[]},{"id":1213,"url":"https:\/\/www.grieta.org.mx\/index.php\/2015\/11\/24\/denuncian-muertes-por-agua-contaminada-en-tlaxiaca-hidalgo\/","url_meta":{"origin":1250,"position":4},"title":"Denuncian muertes por agua contaminada en Tlaxiaca, Hidalgo","author":"grieta","date":"24 noviembre, 2015","format":false,"excerpt":"24\/11\/15. Contradicen a Conagua y diputada localEl Sol de Hidalgo 06\/10\/15. Suman 300 muertos por agua contaminada en HidalgoW Radio 30\/08\/15. Habitantes de Hidalgo acusan que el agua contaminada los enferma y los est\u00e1 matandoSin Embargo","rel":"","context":"En &quot;Hidalgo&quot;","block_context":{"text":"Hidalgo","link":"https:\/\/www.grieta.org.mx\/index.php\/category\/noticias-nacionales\/hidalgo\/"},"img":{"alt_text":"","src":"https:\/\/i0.wp.com\/www.grieta.org.mx\/wp-content\/uploads\/2018\/03\/14524434_1106112876131411_958039263622046936_o.jpg?resize=350%2C200&ssl=1","width":350,"height":200,"srcset":"https:\/\/i0.wp.com\/www.grieta.org.mx\/wp-content\/uploads\/2018\/03\/14524434_1106112876131411_958039263622046936_o.jpg?resize=350%2C200&ssl=1 1x, https:\/\/i0.wp.com\/www.grieta.org.mx\/wp-content\/uploads\/2018\/03\/14524434_1106112876131411_958039263622046936_o.jpg?resize=525%2C300&ssl=1 1.5x, https:\/\/i0.wp.com\/www.grieta.org.mx\/wp-content\/uploads\/2018\/03\/14524434_1106112876131411_958039263622046936_o.jpg?resize=700%2C400&ssl=1 2x"},"classes":[]},{"id":38988,"url":"https:\/\/www.grieta.org.mx\/index.php\/2019\/09\/06\/atribuyen-a-empresas-contaminacion-de-el-manantial-hidalgo\/","url_meta":{"origin":1250,"position":5},"title":"Atribuyen a empresas contaminaci\u00f3n de El Manantial (Hidalgo)","author":"Admin","date":"6 septiembre, 2019","format":false,"excerpt":"Alfonso Mar\u00edn \/ Criterio Hidalgo Integrantes del Consejo de Colaboraci\u00f3n de la comunidad de Tepojaco, en Tizayuca, acusaron que las empresas Planta Bio pappel y Coagulados Textiles, asentadas en la localidad, contaminan de manera indiscriminada el medio ambiente al desechar sus residuos en arterias que desembocan en la presa denominada\u2026","rel":"","context":"En &quot;CINTILLO&quot;","block_context":{"text":"CINTILLO","link":"https:\/\/www.grieta.org.mx\/index.php\/category\/cintillo\/"},"img":{"alt_text":"","src":"https:\/\/i0.wp.com\/www.grieta.org.mx\/wp-content\/uploads\/2019\/09\/https-_www.criteriohidalgo.com_wp-content_uploads_2019_09_contaminantes-660x330.jpg?resize=350%2C200&ssl=1","width":350,"height":200,"srcset":"https:\/\/i0.wp.com\/www.grieta.org.mx\/wp-content\/uploads\/2019\/09\/https-_www.criteriohidalgo.com_wp-content_uploads_2019_09_contaminantes-660x330.jpg?resize=350%2C200&ssl=1 1x, https:\/\/i0.wp.com\/www.grieta.org.mx\/wp-content\/uploads\/2019\/09\/https-_www.criteriohidalgo.com_wp-content_uploads_2019_09_contaminantes-660x330.jpg?resize=525%2C300&ssl=1 1.5x"},"classes":[]}],"_links":{"self":[{"href":"https:\/\/www.grieta.org.mx\/index.php\/wp-json\/wp\/v2\/posts\/1250","targetHints":{"allow":["GET"]}}],"collection":[{"href":"https:\/\/www.grieta.org.mx\/index.php\/wp-json\/wp\/v2\/posts"}],"about":[{"href":"https:\/\/www.grieta.org.mx\/index.php\/wp-json\/wp\/v2\/types\/post"}],"author":[{"embeddable":true,"href":"https:\/\/www.grieta.org.mx\/index.php\/wp-json\/wp\/v2\/users\/2"}],"replies":[{"embeddable":true,"href":"https:\/\/www.grieta.org.mx\/index.php\/wp-json\/wp\/v2\/comments?post=1250"}],"version-history":[{"count":1,"href":"https:\/\/www.grieta.org.mx\/index.php\/wp-json\/wp\/v2\/posts\/1250\/revisions"}],"predecessor-version":[{"id":1251,"href":"https:\/\/www.grieta.org.mx\/index.php\/wp-json\/wp\/v2\/posts\/1250\/revisions\/1251"}],"wp:featuredmedia":[{"embeddable":true,"href":"https:\/\/www.grieta.org.mx\/index.php\/wp-json\/wp\/v2\/media\/21928"}],"wp:attachment":[{"href":"https:\/\/www.grieta.org.mx\/index.php\/wp-json\/wp\/v2\/media?parent=1250"}],"wp:term":[{"taxonomy":"category","embeddable":true,"href":"https:\/\/www.grieta.org.mx\/index.php\/wp-json\/wp\/v2\/categories?post=1250"},{"taxonomy":"post_tag","embeddable":true,"href":"https:\/\/www.grieta.org.mx\/index.php\/wp-json\/wp\/v2\/tags?post=1250"}],"curies":[{"name":"wp","href":"https:\/\/api.w.org\/{rel}","templated":true}]}}