{"id":12474,"date":"2016-05-14T03:44:52","date_gmt":"2016-05-14T03:44:52","guid":{"rendered":"http:\/\/www.grieta.org.mx\/?p=12474"},"modified":"2018-06-07T19:20:30","modified_gmt":"2018-06-08T00:20:30","slug":"un-muerto-y-cinco-heridos-deja-enfrentamiento-entre-perredistas-y-antieolicos","status":"publish","type":"post","link":"https:\/\/www.grieta.org.mx\/index.php\/2016\/05\/14\/un-muerto-y-cinco-heridos-deja-enfrentamiento-entre-perredistas-y-antieolicos\/","title":{"rendered":"Un muerto y cinco heridos deja enfrentamiento entre perredistas y antie\u00f3licos"},"content":{"rendered":"<p>Diario P\u00e1gina 3.<\/p>\n<p>Pedro Mat\u00edas, Oaxaca<\/p>\n<p>OAXACA, Oax. (#pagina3.mx).- Un polic\u00eda muerto y cinco heridos, entre ellos, un menor herido por arma de fuego, as\u00ed como da\u00f1os materiales a veh\u00edculos es el resultado de un enfrentamiento entre simpatizantes de la candidata de la coalici\u00f3n PAN-PRD a la presidencia municipal de Juchit\u00e1n, Gloria L\u00f3pez S\u00e1nchez e integrantes de la Asamblea Popular en Defensa de la Tierra y el Territorio de  la comunidad \u00c1lvaro Obreg\u00f3n que se oponen a las elecciones y a la instalaci\u00f3n de parques e\u00f3licos.<\/p>\n<p>Los hechos ocurrieron alrededor de las 13:00 horas en el Ejido Emiliano Zapata perteneciente a la agencia municipal \u00c1lvaro Obreg\u00f3n donde result\u00f3 muerto el polic\u00eda municipal Virgilio Orozco Jim\u00e9nez y el menor Andr\u00e9 Andr\u00e9s Jim\u00e9nez Urbieta de 17 a\u00f1os de edad por parte del grupo de candidata perredista.<\/p>\n<p>Mientras que los integrantes del \u201ccabildo comunitario\u201d que se opone a los negocios de los caciques H\u00e9ctor S\u00e1nchez L\u00f3pez (hermano de la candidata Gloria S\u00e1nchez L\u00f3pez) y el actual presidente municipal, Sa\u00fal Vicente V\u00e1squez, reportan cuatro heridos entre ellos, Juan Mart\u00ednez Jim\u00e9nez, C\u00e9sar Toledo Vicente, Ezequiel S\u00e1nxhez y Jos\u00e9 Andr\u00e9s Jim\u00e9nez.<\/p>\n<p>Aunque todav\u00eda no hay una versi\u00f3n oficial, trascendi\u00f3 que la candidata del PAN-PRD que forman parte del cacicazgo pol\u00edtico ejercido por la Coalici\u00f3n Obrero Campesina y Popular (COCEI), Gloria L\u00f3pez y su equipo de campa\u00f1a acudi\u00f3 a la agencia \u00c1lvaro Obreg\u00f3n para realizar un evento del D\u00eda de las Madres, sin embargo, al terminar fueron agredidos por un grupo de personas con armas, piedras y palos.<\/p>\n<p>En el lugar resultaron lesionados el polic\u00eda, quien muri\u00f3 rumbo al hospital y un menor que se reporta estable.<\/p>\n<p>Mientras que los antie\u00f3licos responsabilizaron al presidente municipal, Sa\u00fal Vicente V\u00e1squez, al cacique y ex luchar social H\u00e9ctor S\u00e1nchez y la candidata Gloria L\u00f3pez S\u00e1nchez de la violencia ocurrida en la comunidad por querer imponer que se realicen elecciones en esa comunidad cuando la poblaci\u00f3n ya decidi\u00f3 no votar por las traiciones de estos pol\u00edticos que han permitido la instalaci\u00f3n de parques e\u00f3licos sin la consulta a los pueblos.<\/p>\n<p>Y reportan cuatro heridos, entre los que se encuentran el comandante de la polic\u00eda comunitaria, C\u00e9sar Toledo Vicente y el suplente de la agente municipal, Ezequiel S\u00e1nchez.<\/p>\n<p><a href=\"http:\/\/pagina3.mx\/2016\/05\/un-muerto-y-cinco-heridos-deja-enfrentamiento-entre-perredistas-y-antieolicos\/\" target=\"_blank\">http:\/\/pagina3.mx\/2016\/05\/un-muerto-y-cinco-heridos-deja-enfrentamiento-entre-perredistas-y-antieolicos\/<\/a><\/p>\n","protected":false},"excerpt":{"rendered":"<p>Diario P\u00e1gina 3. Pedro Mat\u00edas, Oaxaca OAXACA, Oax. (#pagina3.mx).- Un polic\u00eda muerto y cinco heridos, entre ellos, un menor herido por arma de fuego, as\u00ed como da\u00f1os materiales a veh\u00edculos &hellip; <a href=\"https:\/\/www.grieta.org.mx\/index.php\/2016\/05\/14\/un-muerto-y-cinco-heridos-deja-enfrentamiento-entre-perredistas-y-antieolicos\/\" class=\"more-link\">Leer m\u00e1s<\/a><\/p>\n","protected":false},"author":2,"featured_media":21928,"comment_status":"closed","ping_status":"closed","sticky":false,"template":"","format":"standard","meta":{"ngg_post_thumbnail":0,"_jetpack_newsletter_access":"","_jetpack_dont_email_post_to_subs":false,"_jetpack_newsletter_tier_id":0,"_jetpack_memberships_contains_paywalled_content":false,"_jetpack_memberships_contains_paid_content":false,"footnotes":""},"categories":[80,1306,2,25],"tags":[628,174,214,96,93],"class_list":["post-12474","post","type-post","status-publish","format-standard","has-post-thumbnail","hentry","category-cintillo","category-conflictos-por-parques-eolicos-en-oaxaca","category-noticias-nacionales","category-oaxaca","tag-defensa-del-territorio","tag-derechos-humanos","tag-eolicas","tag-megaproyectos","tag-oaxaca","entry"],"jetpack_featured_media_url":"https:\/\/www.grieta.org.mx\/wp-content\/uploads\/2018\/03\/14524434_1106112876131411_958039263622046936_o.jpg","jetpack_sharing_enabled":true,"jetpack_shortlink":"https:\/\/wp.me\/p7ZJR4-3fc","jetpack_likes_enabled":false,"jetpack-related-posts":[{"id":12405,"url":"https:\/\/www.grieta.org.mx\/index.php\/2016\/05\/16\/comunicado-conjunto-cni-ezln-sobre-la-agresion-al-pueblo-de-alvaro-obregon-oaxaca\/","url_meta":{"origin":12474,"position":0},"title":"Comunicado conjunto CNI-EZLN sobre la agresi\u00f3n al pueblo de \u00c1lvaro Obreg\u00f3n, Oaxaca","author":"grieta","date":"16 mayo, 2016","format":false,"excerpt":"CONGRESO NACIONAL IND\u00cdGENA EJ\u00c9RCITO ZAPATISTA DE LIBERACI\u00d3N NACIONAL A los medios de comunicaci\u00f3n A las organizaciones solidarias A las organizaciones defensoras de derechos humanos Al digno pueblo binizza de \u00c1lvaro Obreg\u00f3n, Juchit\u00e1n, Oaxaca Hermanas y hermanos Con rabia e indignaci\u00f3n vemos desde nuestros pueblos, tribus, comunidades, organizaciones y barrios, como\u2026","rel":"","context":"En &quot;CINTILLO&quot;","block_context":{"text":"CINTILLO","link":"https:\/\/www.grieta.org.mx\/index.php\/category\/cintillo\/"},"img":{"alt_text":"","src":"https:\/\/i0.wp.com\/www.grieta.org.mx\/wp-content\/uploads\/2018\/03\/14524434_1106112876131411_958039263622046936_o.jpg?resize=350%2C200&ssl=1","width":350,"height":200,"srcset":"https:\/\/i0.wp.com\/www.grieta.org.mx\/wp-content\/uploads\/2018\/03\/14524434_1106112876131411_958039263622046936_o.jpg?resize=350%2C200&ssl=1 1x, https:\/\/i0.wp.com\/www.grieta.org.mx\/wp-content\/uploads\/2018\/03\/14524434_1106112876131411_958039263622046936_o.jpg?resize=525%2C300&ssl=1 1.5x, https:\/\/i0.wp.com\/www.grieta.org.mx\/wp-content\/uploads\/2018\/03\/14524434_1106112876131411_958039263622046936_o.jpg?resize=700%2C400&ssl=1 2x"},"classes":[]},{"id":59245,"url":"https:\/\/www.grieta.org.mx\/index.php\/2021\/04\/28\/oaxaca-primer-lugar-en-agresiones-a-defensores-por-imposicion-de-parques-eolicos-prodesc\/","url_meta":{"origin":12474,"position":1},"title":"Oaxaca, primer lugar en agresiones a defensores por imposici\u00f3n de parques e\u00f3licos: ProDESC","author":"grieta","date":"28 abril, 2021","format":false,"excerpt":"P\u00e1gina 3 \/ Pedro Mat\u00edas. OAXACA, Oax.- La asociaci\u00f3n civil Proyecto de Derechos Econ\u00f3micos, Sociales y Culturales (ProDESC) afirm\u00f3 que Oaxaca ocupa el primer lugar de agresiones contra defensoras y defensores de la tierra y el territorio en M\u00e9xico, mismos que se dieron en un contexto de imposici\u00f3n de parque\u2026","rel":"","context":"En &quot;CINTILLO&quot;","block_context":{"text":"CINTILLO","link":"https:\/\/www.grieta.org.mx\/index.php\/category\/cintillo\/"},"img":{"alt_text":"","src":"https:\/\/i0.wp.com\/www.grieta.org.mx\/wp-content\/uploads\/2021\/05\/1.jpeg?resize=350%2C200&ssl=1","width":350,"height":200,"srcset":"https:\/\/i0.wp.com\/www.grieta.org.mx\/wp-content\/uploads\/2021\/05\/1.jpeg?resize=350%2C200&ssl=1 1x, https:\/\/i0.wp.com\/www.grieta.org.mx\/wp-content\/uploads\/2021\/05\/1.jpeg?resize=525%2C300&ssl=1 1.5x, https:\/\/i0.wp.com\/www.grieta.org.mx\/wp-content\/uploads\/2021\/05\/1.jpeg?resize=700%2C400&ssl=1 2x"},"classes":[]},{"id":1889,"url":"https:\/\/www.grieta.org.mx\/index.php\/2015\/02\/17\/guardias-comunitarios-de-oaxaca-resisten-con-resorteras-a-eolicas\/","url_meta":{"origin":12474,"position":2},"title":"Guardias comunitarios de Oaxaca resisten con resorteras a e\u00f3licas","author":"grieta","date":"17 febrero, 2015","format":false,"excerpt":"Diana Manzo, Oaxaca Martes 17 de febrero de 2015, p. 26 Juchit\u00e1n, Oax. Un silbido fuerte basta para que los polic\u00edas comunitarios de \u00c1lvaro Obreg\u00f3n, de entre 18 y 25 a\u00f1os, est\u00e9n a la orden de su comandante, C\u00e9sar Toledo Vicente. Son 30 elementos, quienes en febrero del 2012 se\u2026","rel":"","context":"En &quot;CINTILLO&quot;","block_context":{"text":"CINTILLO","link":"https:\/\/www.grieta.org.mx\/index.php\/category\/cintillo\/"},"img":{"alt_text":"","src":"https:\/\/i0.wp.com\/www.grieta.org.mx\/wp-content\/uploads\/2018\/03\/14524434_1106112876131411_958039263622046936_o.jpg?resize=350%2C200&ssl=1","width":350,"height":200,"srcset":"https:\/\/i0.wp.com\/www.grieta.org.mx\/wp-content\/uploads\/2018\/03\/14524434_1106112876131411_958039263622046936_o.jpg?resize=350%2C200&ssl=1 1x, https:\/\/i0.wp.com\/www.grieta.org.mx\/wp-content\/uploads\/2018\/03\/14524434_1106112876131411_958039263622046936_o.jpg?resize=525%2C300&ssl=1 1.5x, https:\/\/i0.wp.com\/www.grieta.org.mx\/wp-content\/uploads\/2018\/03\/14524434_1106112876131411_958039263622046936_o.jpg?resize=700%2C400&ssl=1 2x"},"classes":[]},{"id":25108,"url":"https:\/\/www.grieta.org.mx\/index.php\/2018\/07\/24\/pronunciamiento-del-congreso-nacional-indigena-y-el-concejo-indigena-de-gobierno-por-el-asesinato-del-companero-rolando-crispin-lopez-oaxaca\/","url_meta":{"origin":12474,"position":3},"title":"Pronunciamiento del Congreso Nacional Ind\u00edgena y el Concejo Ind\u00edgena de Gobierno por el asesinato del compa\u00f1ero Rolando Crisp\u00edn L\u00f3pez (Oaxaca)","author":"grieta","date":"24 julio, 2018","format":false,"excerpt":"Al pueblo binniz\u00e1 de la Colonia \u00c1lvaro Obreg\u00f3n, Oaxaca A los pueblos originarios del Istmo A las redes de apoyo al CIG A la Sexta Nacional e Internacional A los medios de comunicaci\u00f3n El Congreso Nacional Ind\u00edgena y el Concejo Ind\u00edgena de Gobierno condenamos el asesinato del compa\u00f1ero Rolando Crisp\u00edn\u2026","rel":"","context":"En &quot;CINTILLO&quot;","block_context":{"text":"CINTILLO","link":"https:\/\/www.grieta.org.mx\/index.php\/category\/cintillo\/"},"img":{"alt_text":"","src":"https:\/\/i0.wp.com\/www.grieta.org.mx\/wp-content\/uploads\/2018\/07\/logo-CNI-To.png?resize=350%2C200&ssl=1","width":350,"height":200,"srcset":"https:\/\/i0.wp.com\/www.grieta.org.mx\/wp-content\/uploads\/2018\/07\/logo-CNI-To.png?resize=350%2C200&ssl=1 1x, https:\/\/i0.wp.com\/www.grieta.org.mx\/wp-content\/uploads\/2018\/07\/logo-CNI-To.png?resize=525%2C300&ssl=1 1.5x"},"classes":[]},{"id":1893,"url":"https:\/\/www.grieta.org.mx\/index.php\/2015\/02\/02\/el-pueblo-huave-conmemora-tres-anos-defendiendo-su-territorio-de-las-empresas-eolicas\/","url_meta":{"origin":12474,"position":4},"title":"El pueblo huave conmemora tres a\u00f1os defendiendo su territorio de las empresas e\u00f3licas","author":"grieta","date":"2 febrero, 2015","format":false,"excerpt":"Oaxaca 3.0, Redacci\u00f3n, Oaxaca.- Habitantes de San Mateo, Juchit\u00e1n, \u00c1lvaro Obreg\u00f3n, Uni\u00f3n Hidalgo, y San Francisco del Mar, pobladores ind\u00edgenas que han encabezado desde hace tiempo una lucha contra las empresas e\u00f3licas en el Istmo de Tehuantepec, acudieron a San Dionisio del Mar para acompa\u00f1ar al pueblo huave en la\u2026","rel":"","context":"En &quot;CINTILLO&quot;","block_context":{"text":"CINTILLO","link":"https:\/\/www.grieta.org.mx\/index.php\/category\/cintillo\/"},"img":{"alt_text":"","src":"https:\/\/i0.wp.com\/www.grieta.org.mx\/wp-content\/uploads\/2018\/03\/14524434_1106112876131411_958039263622046936_o.jpg?resize=350%2C200&ssl=1","width":350,"height":200,"srcset":"https:\/\/i0.wp.com\/www.grieta.org.mx\/wp-content\/uploads\/2018\/03\/14524434_1106112876131411_958039263622046936_o.jpg?resize=350%2C200&ssl=1 1x, https:\/\/i0.wp.com\/www.grieta.org.mx\/wp-content\/uploads\/2018\/03\/14524434_1106112876131411_958039263622046936_o.jpg?resize=525%2C300&ssl=1 1.5x, https:\/\/i0.wp.com\/www.grieta.org.mx\/wp-content\/uploads\/2018\/03\/14524434_1106112876131411_958039263622046936_o.jpg?resize=700%2C400&ssl=1 2x"},"classes":[]},{"id":30224,"url":"https:\/\/www.grieta.org.mx\/index.php\/2019\/03\/07\/los-guardianes-de-gui-xhi-ro-y-la-defensa-del-istmo-de-tehuantepec-oaxaca\/","url_meta":{"origin":12474,"position":5},"title":"Los guardianes de Gui\u2019 Xhi\u2019 Ro\u2019 y la defensa del Istmo de Tehuantepec (Oaxaca)","author":"grieta","date":"7 marzo, 2019","format":false,"excerpt":"Colectivo Grieta. 6 de marzo de 2019.- Desde enero de este a\u00f1o, la comunidad binniza \u2013zapoteca\u2013, de Gui\u2019 Xhi\u2019 Ro\u2019 \u2013Alvaro Obreg\u00f3n\u2013, en el municipio de Juchit\u00e1n, ha compartido su palabra y su historia de resistencia y rebeld\u00eda que busca seguir caminando con la larga lucha de los pueblos originarios\u2026","rel":"","context":"En &quot;CINTILLO&quot;","block_context":{"text":"CINTILLO","link":"https:\/\/www.grieta.org.mx\/index.php\/category\/cintillo\/"},"img":{"alt_text":"","src":"https:\/\/i0.wp.com\/www.grieta.org.mx\/wp-content\/uploads\/2018\/03\/14524434_1106112876131411_958039263622046936_o.jpg?resize=350%2C200&ssl=1","width":350,"height":200,"srcset":"https:\/\/i0.wp.com\/www.grieta.org.mx\/wp-content\/uploads\/2018\/03\/14524434_1106112876131411_958039263622046936_o.jpg?resize=350%2C200&ssl=1 1x, https:\/\/i0.wp.com\/www.grieta.org.mx\/wp-content\/uploads\/2018\/03\/14524434_1106112876131411_958039263622046936_o.jpg?resize=525%2C300&ssl=1 1.5x, https:\/\/i0.wp.com\/www.grieta.org.mx\/wp-content\/uploads\/2018\/03\/14524434_1106112876131411_958039263622046936_o.jpg?resize=700%2C400&ssl=1 2x"},"classes":[]}],"_links":{"self":[{"href":"https:\/\/www.grieta.org.mx\/index.php\/wp-json\/wp\/v2\/posts\/12474","targetHints":{"allow":["GET"]}}],"collection":[{"href":"https:\/\/www.grieta.org.mx\/index.php\/wp-json\/wp\/v2\/posts"}],"about":[{"href":"https:\/\/www.grieta.org.mx\/index.php\/wp-json\/wp\/v2\/types\/post"}],"author":[{"embeddable":true,"href":"https:\/\/www.grieta.org.mx\/index.php\/wp-json\/wp\/v2\/users\/2"}],"replies":[{"embeddable":true,"href":"https:\/\/www.grieta.org.mx\/index.php\/wp-json\/wp\/v2\/comments?post=12474"}],"version-history":[{"count":1,"href":"https:\/\/www.grieta.org.mx\/index.php\/wp-json\/wp\/v2\/posts\/12474\/revisions"}],"predecessor-version":[{"id":23502,"href":"https:\/\/www.grieta.org.mx\/index.php\/wp-json\/wp\/v2\/posts\/12474\/revisions\/23502"}],"wp:featuredmedia":[{"embeddable":true,"href":"https:\/\/www.grieta.org.mx\/index.php\/wp-json\/wp\/v2\/media\/21928"}],"wp:attachment":[{"href":"https:\/\/www.grieta.org.mx\/index.php\/wp-json\/wp\/v2\/media?parent=12474"}],"wp:term":[{"taxonomy":"category","embeddable":true,"href":"https:\/\/www.grieta.org.mx\/index.php\/wp-json\/wp\/v2\/categories?post=12474"},{"taxonomy":"post_tag","embeddable":true,"href":"https:\/\/www.grieta.org.mx\/index.php\/wp-json\/wp\/v2\/tags?post=12474"}],"curies":[{"name":"wp","href":"https:\/\/api.w.org\/{rel}","templated":true}]}}