{"id":1246,"date":"2015-11-19T19:15:30","date_gmt":"2015-11-19T19:15:30","guid":{"rendered":"http:\/\/50.22.11.12\/~grietaor\/?p=1246"},"modified":"2016-03-03T19:19:02","modified_gmt":"2016-03-03T19:19:02","slug":"vecinos-de-huichapan-denuncian-contaminacion-por-explosion-en-cemex","status":"publish","type":"post","link":"https:\/\/www.grieta.org.mx\/index.php\/2015\/11\/19\/vecinos-de-huichapan-denuncian-contaminacion-por-explosion-en-cemex\/","title":{"rendered":"Vecinos de Huichapan denuncian contaminaci\u00f3n por explosi\u00f3n en Cemex"},"content":{"rendered":"<p><strong>19\/11\/15. <\/strong><a href=\"http:\/\/grieta.org.mx\/index.php\/2015\/11\/19\/emplazan-vecinos-de-maney-a-cemex-para-cumplir-con-normas-ambientales-y-de-salud\/\">Emplazan vecinos de Maney a Cemex para cumplir con normas ambientales y de salud<\/a><br  \/><em>Reloj Ciudadano<\/em><br  \/><br \/>\n<strong>15\/11\/15. <\/strong><a href=\"http:\/\/grieta.org.mx\/index.php\/2015\/11\/15\/afectados-por-explosiones-de-cemex-en-huichapan-seran-atendidos\/\">Afectados por explosiones de Cemex en Huichapan ser\u00e1n atendidos<\/a><br  \/><em>Quadrat\u00edn Hidalgo<\/em><br  \/><br \/>\n<strong>06\/11\/15. <\/strong><a href=\"http:\/\/grieta.org.mx\/index.php\/2015\/11\/06\/enorme-lluvia-de-cenizas-creo-cementera\/\">Enorme lluvia de cenizas cre\u00f3 cementera<\/a><br  \/><em>El Sol de Hidalgo<\/em><br  \/><br \/>\n<strong>06\/11\/15. <\/strong><a href=\"http:\/\/grieta.org.mx\/index.php\/2015\/11\/06\/exige-sehi-acciones-vs-cementera-por-incidente\/\">Exige Sehi acciones vs cementera por incidente<\/a><br  \/><em>Criterio Hidalgo<\/em><br  \/><\/p>\n","protected":false},"excerpt":{"rendered":"<p>19\/11\/15. Emplazan vecinos de Maney a Cemex para cumplir con normas ambientales y de saludReloj Ciudadano 15\/11\/15. Afectados por explosiones de Cemex en Huichapan ser\u00e1n atendidosQuadrat\u00edn Hidalgo 06\/11\/15. Enorme lluvia &hellip; <a href=\"https:\/\/www.grieta.org.mx\/index.php\/2015\/11\/19\/vecinos-de-huichapan-denuncian-contaminacion-por-explosion-en-cemex\/\" class=\"more-link\">Leer m\u00e1s<\/a><\/p>\n","protected":false},"author":2,"featured_media":21928,"comment_status":"closed","ping_status":"open","sticky":false,"template":"","format":"standard","meta":{"ngg_post_thumbnail":0,"_jetpack_newsletter_access":"","_jetpack_dont_email_post_to_subs":false,"_jetpack_newsletter_tier_id":0,"_jetpack_memberships_contains_paywalled_content":false,"_jetpack_memberships_contains_paid_content":false,"footnotes":""},"categories":[19],"tags":[],"class_list":["post-1246","post","type-post","status-publish","format-standard","has-post-thumbnail","hentry","category-hidalgo","entry"],"jetpack_featured_media_url":"https:\/\/www.grieta.org.mx\/wp-content\/uploads\/2018\/03\/14524434_1106112876131411_958039263622046936_o.jpg","jetpack_sharing_enabled":true,"jetpack_shortlink":"https:\/\/wp.me\/p7ZJR4-k6","jetpack_likes_enabled":false,"jetpack-related-posts":[{"id":1239,"url":"https:\/\/www.grieta.org.mx\/index.php\/2015\/11\/15\/afectados-por-explosiones-de-cemex-en-huichapan-seran-atendidos\/","url_meta":{"origin":1246,"position":0},"title":"Afectados por explosiones de Cemex en Huichapan ser\u00e1n atendidos","author":"grieta","date":"15 noviembre, 2015","format":false,"excerpt":"Miguel \u00c1ngel Villeda HUICHAPAN, Hgo., 15 de noviembre de 2015.- Luego de que en d\u00edas pasados quemadores de Cementos de M\u00e9xico (Cemex) en Huichapan se salieron de control y provocaran una explosi\u00f3n que a su vez gener\u00f3 una gigantesca fumarola que arroj\u00f3 cenizas, y donde vecinos en especial de la\u2026","rel":"","context":"En &quot;CINTILLO&quot;","block_context":{"text":"CINTILLO","link":"https:\/\/www.grieta.org.mx\/index.php\/category\/cintillo\/"},"img":{"alt_text":"","src":"https:\/\/i0.wp.com\/www.grieta.org.mx\/wp-content\/uploads\/2018\/03\/14524434_1106112876131411_958039263622046936_o.jpg?resize=350%2C200&ssl=1","width":350,"height":200,"srcset":"https:\/\/i0.wp.com\/www.grieta.org.mx\/wp-content\/uploads\/2018\/03\/14524434_1106112876131411_958039263622046936_o.jpg?resize=350%2C200&ssl=1 1x, https:\/\/i0.wp.com\/www.grieta.org.mx\/wp-content\/uploads\/2018\/03\/14524434_1106112876131411_958039263622046936_o.jpg?resize=525%2C300&ssl=1 1.5x, https:\/\/i0.wp.com\/www.grieta.org.mx\/wp-content\/uploads\/2018\/03\/14524434_1106112876131411_958039263622046936_o.jpg?resize=700%2C400&ssl=1 2x"},"classes":[]},{"id":1238,"url":"https:\/\/www.grieta.org.mx\/index.php\/2015\/11\/19\/emplazan-vecinos-de-maney-a-cemex-para-cumplir-con-normas-ambientales-y-de-salud\/","url_meta":{"origin":1246,"position":1},"title":"Emplazan vecinos de Maney a Cemex para cumplir con normas ambientales y de salud","author":"grieta","date":"19 noviembre, 2015","format":false,"excerpt":"Yuri R. Ruiz Huichapan.\u2013 Sin llegar a acuerdos concretos y responsabilidad por parte de las autoridades de la cementera Cemex-Huichapan, habitantes de la comunidad de Maney en Huichapan, adem\u00e1s de sus alrededores, emplazaron a los directivos, encabezados por Edmon Guti\u00e9rrez, para que hicieran un estudio de impacto ambiental y de\u2026","rel":"","context":"En &quot;CINTILLO&quot;","block_context":{"text":"CINTILLO","link":"https:\/\/www.grieta.org.mx\/index.php\/category\/cintillo\/"},"img":{"alt_text":"","src":"https:\/\/i0.wp.com\/www.grieta.org.mx\/wp-content\/uploads\/2018\/03\/14524434_1106112876131411_958039263622046936_o.jpg?resize=350%2C200&ssl=1","width":350,"height":200,"srcset":"https:\/\/i0.wp.com\/www.grieta.org.mx\/wp-content\/uploads\/2018\/03\/14524434_1106112876131411_958039263622046936_o.jpg?resize=350%2C200&ssl=1 1x, https:\/\/i0.wp.com\/www.grieta.org.mx\/wp-content\/uploads\/2018\/03\/14524434_1106112876131411_958039263622046936_o.jpg?resize=525%2C300&ssl=1 1.5x, https:\/\/i0.wp.com\/www.grieta.org.mx\/wp-content\/uploads\/2018\/03\/14524434_1106112876131411_958039263622046936_o.jpg?resize=700%2C400&ssl=1 2x"},"classes":[]},{"id":34644,"url":"https:\/\/www.grieta.org.mx\/index.php\/2019\/05\/24\/cemex-quema-6-mil-toneladas-de-desechos-en-planta-de-tepeaca-gaia-puebla-e-hidalgo\/","url_meta":{"origin":1246,"position":2},"title":"Cemex quema 6 mil toneladas de desechos en planta de Tepeaca: GAIA (Puebla e Hidalgo)","author":"Admin","date":"24 mayo, 2019","format":false,"excerpt":"Yadira Llaven Anzures \/La Jornada de Oriente El ambientalista Jorge Tadeo Vargas, miembro de la Alianza Global por Alternativas a la Incineraci\u00f3n (GAIA por sus siglas en ingl\u00e9s), revel\u00f3 que el gobierno de la Ciudad de M\u00e9xico y la empresa Cementos de M\u00e9xico (Cemex). mantienen un convenio vigente para el\u2026","rel":"","context":"En &quot;CINTILLO&quot;","block_context":{"text":"CINTILLO","link":"https:\/\/www.grieta.org.mx\/index.php\/category\/cintillo\/"},"img":{"alt_text":"","src":"https:\/\/i0.wp.com\/www.grieta.org.mx\/wp-content\/uploads\/2019\/06\/Captura-de-pantalla-2019-06-11-02.31.08.png?resize=350%2C200&ssl=1","width":350,"height":200,"srcset":"https:\/\/i0.wp.com\/www.grieta.org.mx\/wp-content\/uploads\/2019\/06\/Captura-de-pantalla-2019-06-11-02.31.08.png?resize=350%2C200&ssl=1 1x, https:\/\/i0.wp.com\/www.grieta.org.mx\/wp-content\/uploads\/2019\/06\/Captura-de-pantalla-2019-06-11-02.31.08.png?resize=525%2C300&ssl=1 1.5x"},"classes":[]},{"id":1241,"url":"https:\/\/www.grieta.org.mx\/index.php\/2015\/11\/06\/exige-sehi-acciones-vs-cementera-por-incidente\/","url_meta":{"origin":1246,"position":3},"title":"Exige Sehi acciones vs cementera por incidente","author":"grieta","date":"6 noviembre, 2015","format":false,"excerpt":"La existencia de contratos de la empresa con gobiernos de estados pertenecientes al Valle de M\u00e9xico para incinerar basura en los hornos de calentamiento, dijo, son palpables y ponen en riesgo la seguridad de la poblaci\u00f3n. Por el incidente ocurrido en la planta cementera de Cemex en Huichapan, el presidente\u2026","rel":"","context":"En &quot;CINTILLO&quot;","block_context":{"text":"CINTILLO","link":"https:\/\/www.grieta.org.mx\/index.php\/category\/cintillo\/"},"img":{"alt_text":"","src":"https:\/\/i0.wp.com\/www.grieta.org.mx\/wp-content\/uploads\/2018\/03\/14524434_1106112876131411_958039263622046936_o.jpg?resize=350%2C200&ssl=1","width":350,"height":200,"srcset":"https:\/\/i0.wp.com\/www.grieta.org.mx\/wp-content\/uploads\/2018\/03\/14524434_1106112876131411_958039263622046936_o.jpg?resize=350%2C200&ssl=1 1x, https:\/\/i0.wp.com\/www.grieta.org.mx\/wp-content\/uploads\/2018\/03\/14524434_1106112876131411_958039263622046936_o.jpg?resize=525%2C300&ssl=1 1.5x, https:\/\/i0.wp.com\/www.grieta.org.mx\/wp-content\/uploads\/2018\/03\/14524434_1106112876131411_958039263622046936_o.jpg?resize=700%2C400&ssl=1 2x"},"classes":[]},{"id":1187,"url":"https:\/\/www.grieta.org.mx\/index.php\/2015\/12\/09\/protestan-activistas-en-cuatro-municipios-de-hidalgo-y-estado-de-mexico-en-contra-de-la-contaminacion-provocada-por-cementeras\/","url_meta":{"origin":1246,"position":4},"title":"Protestan activistas en cuatro municipios de Hidalgo y Estado de M\u00e9xico en contra de la contaminaci\u00f3n provocada por cementeras","author":"grieta","date":"9 diciembre, 2015","format":false,"excerpt":"Inicio en cuatro municipios de Hidalgo y uno del Estado de M\u00e9xico, la campa\u00f1a Acci\u00f3n Comunitaria Ambiental (ACA), encaminada a lograr que las empresas cementeras principalmente cumplan con las normas oficiales mexicanas y las autoridades ambientales detengan las pr\u00e1cticas irregulares que ponen en riesgo el ambiente y la salud de\u2026","rel":"","context":"En &quot;CINTILLO&quot;","block_context":{"text":"CINTILLO","link":"https:\/\/www.grieta.org.mx\/index.php\/category\/cintillo\/"},"img":{"alt_text":"","src":"https:\/\/i0.wp.com\/www.grieta.org.mx\/wp-content\/uploads\/2018\/03\/14524434_1106112876131411_958039263622046936_o.jpg?resize=350%2C200&ssl=1","width":350,"height":200,"srcset":"https:\/\/i0.wp.com\/www.grieta.org.mx\/wp-content\/uploads\/2018\/03\/14524434_1106112876131411_958039263622046936_o.jpg?resize=350%2C200&ssl=1 1x, https:\/\/i0.wp.com\/www.grieta.org.mx\/wp-content\/uploads\/2018\/03\/14524434_1106112876131411_958039263622046936_o.jpg?resize=525%2C300&ssl=1 1.5x, https:\/\/i0.wp.com\/www.grieta.org.mx\/wp-content\/uploads\/2018\/03\/14524434_1106112876131411_958039263622046936_o.jpg?resize=700%2C400&ssl=1 2x"},"classes":[]},{"id":1240,"url":"https:\/\/www.grieta.org.mx\/index.php\/2015\/11\/06\/enorme-lluvia-de-cenizas-creo-cementera\/","url_meta":{"origin":1246,"position":5},"title":"Enorme lluvia de cenizas cre\u00f3 cementera","author":"grieta","date":"6 noviembre, 2015","format":false,"excerpt":"Alma Leticia S\u00e1nchez Huichaoan, Hidalgo.- Quemadores de Cementos de M\u00e9xico (Cemex), en este municipio, salieron de control y provocaron una explosi\u00f3n que a su vez gener\u00f3 una gigantesca fumarola que arroj\u00f3 cenizas. La comunidad El Maney, la m\u00e1s cercana a la planta, fue la principal afectada y en respuesta al\u2026","rel":"","context":"En &quot;CINTILLO&quot;","block_context":{"text":"CINTILLO","link":"https:\/\/www.grieta.org.mx\/index.php\/category\/cintillo\/"},"img":{"alt_text":"","src":"https:\/\/i0.wp.com\/www.grieta.org.mx\/wp-content\/uploads\/2018\/03\/14524434_1106112876131411_958039263622046936_o.jpg?resize=350%2C200&ssl=1","width":350,"height":200,"srcset":"https:\/\/i0.wp.com\/www.grieta.org.mx\/wp-content\/uploads\/2018\/03\/14524434_1106112876131411_958039263622046936_o.jpg?resize=350%2C200&ssl=1 1x, https:\/\/i0.wp.com\/www.grieta.org.mx\/wp-content\/uploads\/2018\/03\/14524434_1106112876131411_958039263622046936_o.jpg?resize=525%2C300&ssl=1 1.5x, https:\/\/i0.wp.com\/www.grieta.org.mx\/wp-content\/uploads\/2018\/03\/14524434_1106112876131411_958039263622046936_o.jpg?resize=700%2C400&ssl=1 2x"},"classes":[]}],"_links":{"self":[{"href":"https:\/\/www.grieta.org.mx\/index.php\/wp-json\/wp\/v2\/posts\/1246","targetHints":{"allow":["GET"]}}],"collection":[{"href":"https:\/\/www.grieta.org.mx\/index.php\/wp-json\/wp\/v2\/posts"}],"about":[{"href":"https:\/\/www.grieta.org.mx\/index.php\/wp-json\/wp\/v2\/types\/post"}],"author":[{"embeddable":true,"href":"https:\/\/www.grieta.org.mx\/index.php\/wp-json\/wp\/v2\/users\/2"}],"replies":[{"embeddable":true,"href":"https:\/\/www.grieta.org.mx\/index.php\/wp-json\/wp\/v2\/comments?post=1246"}],"version-history":[{"count":1,"href":"https:\/\/www.grieta.org.mx\/index.php\/wp-json\/wp\/v2\/posts\/1246\/revisions"}],"predecessor-version":[{"id":1248,"href":"https:\/\/www.grieta.org.mx\/index.php\/wp-json\/wp\/v2\/posts\/1246\/revisions\/1248"}],"wp:featuredmedia":[{"embeddable":true,"href":"https:\/\/www.grieta.org.mx\/index.php\/wp-json\/wp\/v2\/media\/21928"}],"wp:attachment":[{"href":"https:\/\/www.grieta.org.mx\/index.php\/wp-json\/wp\/v2\/media?parent=1246"}],"wp:term":[{"taxonomy":"category","embeddable":true,"href":"https:\/\/www.grieta.org.mx\/index.php\/wp-json\/wp\/v2\/categories?post=1246"},{"taxonomy":"post_tag","embeddable":true,"href":"https:\/\/www.grieta.org.mx\/index.php\/wp-json\/wp\/v2\/tags?post=1246"}],"curies":[{"name":"wp","href":"https:\/\/api.w.org\/{rel}","templated":true}]}}