{"id":12457,"date":"2016-09-05T18:18:49","date_gmt":"2016-09-05T23:18:49","guid":{"rendered":"http:\/\/www.grieta.org.mx\/?p=12457"},"modified":"2016-09-06T01:35:24","modified_gmt":"2016-09-06T06:35:24","slug":"pobladores-de-ocotepec-contra-empresa-living-water-puebla","status":"publish","type":"post","link":"https:\/\/www.grieta.org.mx\/index.php\/2016\/09\/05\/pobladores-de-ocotepec-contra-empresa-living-water-puebla\/","title":{"rendered":"Pobladores de Ocotepec contra empresa Living Water (Puebla)"},"content":{"rendered":"<p><strong>05\/09\/16. <\/strong><a href=\"http:\/\/www.grieta.org.mx\/index.php\/2016\/09\/05\/acusan-a-minera-de-no-querer-pagar-regalias-en-ixtacamaxtitlan-puebla\/\n\">Acusan a minera Almaden de no querer pagar regal\u00edas en Ixtacamaxtitl\u00e1n (Puebla)<\/a><br \/>\n<em>La Jornada de Oriente<\/em><\/p>\n<p><strong>29\/08\/16. <\/strong><a href=\"http:\/\/www.grieta.org.mx\/?p=20982&#038;preview=true\n\">Advierten en Ocotepec que agua ser\u00eda para minera Almaden (Puebla)<\/a><br \/>\n<em>La Jornada de Oriente<\/em><\/p>\n<p><strong>18\/03\/16. <\/strong><a href=\"http:\/\/www.grieta.org.mx\/index.php\/2016\/03\/18\/la-trasnacional-living-water-instala-obra-en-municipio-vecino-a-ocotepec-pese-al-malestar-ciudadano-puebla\/\n\">La trasnacional Living Water instala obra en municipio vecino a Ocotepec pese al malestar ciudadano (Puebla)<\/a><br \/>\n<em>La Jornada de Oriente<\/em><\/p>\n<p><strong>01\/02\/16. <\/strong><a href=\"http:\/\/grieta.org.mx\/index.php\/2016\/02\/01\/para-defender-el-agua-se-organizan-en-la-cuenca-libres-oriental\/\n\">Para defender el agua se organizan en la cuenca Libres-Oriental<\/a><br \/>\n<em>Municipios Puebla<\/em><\/p>\n<p><strong>05\/01\/16. <\/strong><a href=\"http:\/\/grieta.org.mx\/index.php\/2016\/01\/05\/derriban-obra-hidraulica-auspiciada-por-living-water-en-ocotepec\/\">Derriban obra hidr\u00e1ulica auspiciada por Living Water en Ocotepec<\/a><br \/>\n<em>Municipios Puebla<\/em><\/p>\n<p><strong>04\/01\/16. <\/strong><a href=\"http:\/\/grieta.org.mx\/index.php\/2016\/01\/04\/opositores-a-living-water-cierran-presidencia-de-ocotepec\/\">Opositores a Living Water cierran presidencia de Ocotepec<\/a><br \/>\n<em>Municipios Puebla<\/em><\/p>\n<p><strong>25\/11\/15. <\/strong><a href=\"http:\/\/grieta.org.mx\/index.php\/2015\/11\/25\/con-policias-reinician-obras-de-living-water-en-ocotepec\/\">Con polic\u00edas, reinician obras de Living Water en Ocotepec<\/a><br \/>\n<em>Municipios Puebla<\/em><\/p>\n<p><strong>13\/11\/15. <\/strong><a href=\"http:\/\/grieta.org.mx\/index.php\/2015\/11\/03\/ocotepec-enfrenta-guerra-por-el-agua-promovida-por-edil-priista-y-fundacion-ligada-a-coca-cola\/\">Ocotepec enfrenta \u201cguerra por el agua\u201d promovida por edil priista y fundaci\u00f3n ligada a Coca-Cola<\/a><br \/>\n<em>M\u00e1s de 131<\/em><\/p>\n<p><strong>03\/11\/15. <\/strong><a href=\"http:\/\/grieta.org.mx\/index.php\/2015\/11\/03\/ejercito-llega-a-ocotepec-y-opositores-temen-actos-de-intimidacion\/\">Ej\u00e9rcito llega a Ocotepec y opositores temen actos de intimidaci\u00f3n<\/a><br \/>\n<em>Municipios Puebla<\/em><\/p>\n<p><strong>22\/10\/15. <\/strong><a href=\"http:\/\/grieta.org.mx\/index.php\/2015\/10\/22\/denuncian-hostigamiento-opositores-a-living-water-en-ocotepec\/\">Denuncian hostigamiento opositores a Living Water en Ocotepec<\/a><br \/>\n<em>Municipios Puebla<\/em><\/p>\n<p><strong>03\/10\/15. <\/strong><a href=\"http:\/\/grieta.org.mx\/index.php\/2015\/10\/03\/living-water-tiene-132-proyectos-vinculados-a-agua-potable-en-puebla\/\">Living Water tiene 132 proyectos vinculados a agua potable en Puebla<\/a><br \/>\n<em>Agua para todos<\/em><\/p>\n","protected":false},"excerpt":{"rendered":"<p>05\/09\/16. Acusan a minera Almaden de no querer pagar regal\u00edas en Ixtacamaxtitl\u00e1n (Puebla) La Jornada de Oriente 29\/08\/16. Advierten en Ocotepec que agua ser\u00eda para minera Almaden (Puebla) La Jornada &hellip; <a href=\"https:\/\/www.grieta.org.mx\/index.php\/2016\/09\/05\/pobladores-de-ocotepec-contra-empresa-living-water-puebla\/\" class=\"more-link\">Leer m\u00e1s<\/a><\/p>\n","protected":false},"author":2,"featured_media":21928,"comment_status":"closed","ping_status":"closed","sticky":false,"template":"","format":"standard","meta":{"ngg_post_thumbnail":0,"_jetpack_newsletter_access":"","_jetpack_dont_email_post_to_subs":false,"_jetpack_newsletter_tier_id":0,"_jetpack_memberships_contains_paywalled_content":false,"_jetpack_memberships_contains_paid_content":false,"footnotes":""},"categories":[2,38,26],"tags":[764],"class_list":["post-12457","post","type-post","status-publish","format-standard","has-post-thumbnail","hentry","category-noticias-nacionales","category-proyectos-hidricos","category-puebla","tag-privatizacion-del-agua","entry"],"jetpack_featured_media_url":"https:\/\/www.grieta.org.mx\/wp-content\/uploads\/2018\/03\/14524434_1106112876131411_958039263622046936_o.jpg","jetpack_sharing_enabled":true,"jetpack_shortlink":"https:\/\/wp.me\/p7ZJR4-3eV","jetpack_likes_enabled":false,"jetpack-related-posts":[{"id":20982,"url":"https:\/\/www.grieta.org.mx\/index.php\/2016\/08\/29\/advierten-en-ocotepec-que-agua-seria-para-minera-almaden-puebla\/","url_meta":{"origin":12457,"position":0},"title":"Advierten en Ocotepec que agua ser\u00eda para minera Almaden (Puebla)","author":"grieta","date":"29 agosto, 2016","format":false,"excerpt":"Por Mart\u00edn Hern\u00e1ndez Alc\u00e1ntara El 24 de agosto pasado el Movimiento para la Defensa del Agua y de otros Recursos Naturales de Ocotepec, Puebla y Pueblos Unidos cumpli\u00f3 un a\u00f1o de lucha y lo festej\u00f3 en las instalaciones ejidales de ese municipio, ubicado en los l\u00edmites entre la regi\u00f3n centro\u2026","rel":"","context":"En &quot;CINTILLO&quot;","block_context":{"text":"CINTILLO","link":"https:\/\/www.grieta.org.mx\/index.php\/category\/cintillo\/"},"img":{"alt_text":"","src":"https:\/\/i0.wp.com\/www.grieta.org.mx\/wp-content\/uploads\/2018\/03\/14524434_1106112876131411_958039263622046936_o.jpg?resize=350%2C200&ssl=1","width":350,"height":200,"srcset":"https:\/\/i0.wp.com\/www.grieta.org.mx\/wp-content\/uploads\/2018\/03\/14524434_1106112876131411_958039263622046936_o.jpg?resize=350%2C200&ssl=1 1x, https:\/\/i0.wp.com\/www.grieta.org.mx\/wp-content\/uploads\/2018\/03\/14524434_1106112876131411_958039263622046936_o.jpg?resize=525%2C300&ssl=1 1.5x, https:\/\/i0.wp.com\/www.grieta.org.mx\/wp-content\/uploads\/2018\/03\/14524434_1106112876131411_958039263622046936_o.jpg?resize=700%2C400&ssl=1 2x"},"classes":[]},{"id":12462,"url":"https:\/\/www.grieta.org.mx\/index.php\/2016\/03\/18\/la-trasnacional-living-water-instala-obra-en-municipio-vecino-a-ocotepec-pese-al-malestar-ciudadano-puebla\/","url_meta":{"origin":12457,"position":1},"title":"La trasnacional Living Water instala obra en municipio vecino a Ocotepec pese al malestar ciudadano (Puebla)","author":"grieta","date":"18 marzo, 2016","format":false,"excerpt":"Por Yadira Llaven Anzures La fundaci\u00f3n estadounidense Living Water, ligada a las trasnacionales Femsa y Chevron, instal\u00f3 un nuevo tanque de almacenamiento en la comunidad de La Gloria, en el municipio de Cuyoaco, sin consultar a la poblaci\u00f3n de origen ind\u00edgena, inform\u00f3 el comisariado ejidal de Ocotepec, Oswaldo Villegas. La\u2026","rel":"","context":"En &quot;CINTILLO&quot;","block_context":{"text":"CINTILLO","link":"https:\/\/www.grieta.org.mx\/index.php\/category\/cintillo\/"},"img":{"alt_text":"","src":"https:\/\/i0.wp.com\/www.grieta.org.mx\/wp-content\/uploads\/2018\/03\/14524434_1106112876131411_958039263622046936_o.jpg?resize=350%2C200&ssl=1","width":350,"height":200,"srcset":"https:\/\/i0.wp.com\/www.grieta.org.mx\/wp-content\/uploads\/2018\/03\/14524434_1106112876131411_958039263622046936_o.jpg?resize=350%2C200&ssl=1 1x, https:\/\/i0.wp.com\/www.grieta.org.mx\/wp-content\/uploads\/2018\/03\/14524434_1106112876131411_958039263622046936_o.jpg?resize=525%2C300&ssl=1 1.5x, https:\/\/i0.wp.com\/www.grieta.org.mx\/wp-content\/uploads\/2018\/03\/14524434_1106112876131411_958039263622046936_o.jpg?resize=700%2C400&ssl=1 2x"},"classes":[]},{"id":38152,"url":"https:\/\/www.grieta.org.mx\/index.php\/2018\/03\/20\/la-sierra-de-puebla-se-une-contra-la-minera-canadiense-almaden-minerals\/","url_meta":{"origin":12457,"position":2},"title":"La Sierra de Puebla se une contra la minera canadiense Almaden Minerals","author":"Admin","date":"20 marzo, 2018","format":false,"excerpt":"Aranzaz\u00fa Ayala Mart\u00ednez \/ Lado B Los habitantes del municipio de Ixtacamaxtitl\u00e1n, en la Sierra de Puebla, llevan casi cinco a\u00f1os en oposici\u00f3n a que la empresa canadiense Almaden Minerals, a trav\u00e9s de su filial Minera Gorri\u00f3n, explote una mina de oro a cielo abierto en su territorio. Las autoridades\u2026","rel":"","context":"En &quot;MEGAPROYECTOS&quot;","block_context":{"text":"MEGAPROYECTOS","link":"https:\/\/www.grieta.org.mx\/index.php\/category\/megaproyectos\/"},"img":{"alt_text":"","src":"https:\/\/i0.wp.com\/www.grieta.org.mx\/wp-content\/uploads\/2019\/08\/http-_ladobe.com_.mx_wp-content_uploads_2018_03_Ixtaca-1-2-800x533.jpg?resize=350%2C200&ssl=1","width":350,"height":200,"srcset":"https:\/\/i0.wp.com\/www.grieta.org.mx\/wp-content\/uploads\/2019\/08\/http-_ladobe.com_.mx_wp-content_uploads_2018_03_Ixtaca-1-2-800x533.jpg?resize=350%2C200&ssl=1 1x, https:\/\/i0.wp.com\/www.grieta.org.mx\/wp-content\/uploads\/2019\/08\/http-_ladobe.com_.mx_wp-content_uploads_2018_03_Ixtaca-1-2-800x533.jpg?resize=525%2C300&ssl=1 1.5x, https:\/\/i0.wp.com\/www.grieta.org.mx\/wp-content\/uploads\/2019\/08\/http-_ladobe.com_.mx_wp-content_uploads_2018_03_Ixtaca-1-2-800x533.jpg?resize=700%2C400&ssl=1 2x"},"classes":[]},{"id":26951,"url":"https:\/\/www.grieta.org.mx\/index.php\/2018\/09\/04\/con-policia-imponen-granja-para-mas-de-un-millon-de-cerdos-en-puebla\/","url_meta":{"origin":12457,"position":3},"title":"Con polic\u00eda imponen granja para m\u00e1s de un mill\u00f3n de cerdos en Puebla","author":"grieta","date":"4 septiembre, 2018","format":false,"excerpt":"Gabriel Ram\u00edrez Cuevas \/ Regeneraci\u00f3n Regeneraci\u00f3n, 4 de septiembre del 2018. Cuyoaco, Puebla.- Custodiados por elementos de la Polic\u00eda Estatal empleados de Granjas Carrol irrumpieron en terrenos agr\u00edcolas de Cuyuaco pese a la oposici\u00f3n de pobladores que les reclamaron su actitud y minutos m\u00e1s tarde, gendarmes intentaron detener a Oswaldo\u2026","rel":"","context":"En &quot;CINTILLO&quot;","block_context":{"text":"CINTILLO","link":"https:\/\/www.grieta.org.mx\/index.php\/category\/cintillo\/"},"img":{"alt_text":"","src":"https:\/\/i0.wp.com\/www.grieta.org.mx\/wp-content\/uploads\/2018\/10\/direct.jpg?resize=350%2C200&ssl=1","width":350,"height":200,"srcset":"https:\/\/i0.wp.com\/www.grieta.org.mx\/wp-content\/uploads\/2018\/10\/direct.jpg?resize=350%2C200&ssl=1 1x, https:\/\/i0.wp.com\/www.grieta.org.mx\/wp-content\/uploads\/2018\/10\/direct.jpg?resize=525%2C300&ssl=1 1.5x, https:\/\/i0.wp.com\/www.grieta.org.mx\/wp-content\/uploads\/2018\/10\/direct.jpg?resize=700%2C400&ssl=1 2x"},"classes":[]},{"id":47612,"url":"https:\/\/www.grieta.org.mx\/index.php\/2020\/04\/07\/almaden-minerals-intento-sobornar-opositores-en-su-proyecto-en-ixtacamtitlan-ong-puebla\/","url_meta":{"origin":12457,"position":4},"title":"Almaden Minerals intent\u00f3 sobornar opositores en su proyecto en Ixtacamtitl\u00e1n: ONG (Puebla)","author":"Admin","date":"7 abril, 2020","format":false,"excerpt":"Aurelio Fern\u00e1ndez \/ La Jornada de Oriente Organizaciones que se oponen al proyecto de Almaden Minerals en Ixtacamaxtitl\u00e1n, denunciaron que directivos de esa transnacional pretendieron sobornar a representantes de la comunidad de Tecoltemi para que se desistieran del juicio de garant\u00edas que tramitaron por haber concesionado su territorio a la\u2026","rel":"","context":"En &quot;26. Sierra Puebla&quot;","block_context":{"text":"26. Sierra Puebla","link":"https:\/\/www.grieta.org.mx\/index.php\/category\/espejos-de-la-resistencia\/26-sierra-puebla\/"},"img":{"alt_text":"","src":"https:\/\/i0.wp.com\/www.grieta.org.mx\/wp-content\/uploads\/2020\/04\/190715JMagua03.jpg?resize=350%2C200&ssl=1","width":350,"height":200,"srcset":"https:\/\/i0.wp.com\/www.grieta.org.mx\/wp-content\/uploads\/2020\/04\/190715JMagua03.jpg?resize=350%2C200&ssl=1 1x, https:\/\/i0.wp.com\/www.grieta.org.mx\/wp-content\/uploads\/2020\/04\/190715JMagua03.jpg?resize=525%2C300&ssl=1 1.5x, https:\/\/i0.wp.com\/www.grieta.org.mx\/wp-content\/uploads\/2020\/04\/190715JMagua03.jpg?resize=700%2C400&ssl=1 2x, https:\/\/i0.wp.com\/www.grieta.org.mx\/wp-content\/uploads\/2020\/04\/190715JMagua03.jpg?resize=1050%2C600&ssl=1 3x"},"classes":[]},{"id":3906,"url":"https:\/\/www.grieta.org.mx\/index.php\/2015\/11\/03\/ocotepec-enfrenta-guerra-por-el-agua-promovida-por-edil-priista-y-fundacion-ligada-a-coca-cola\/","url_meta":{"origin":12457,"position":5},"title":"Ocotepec enfrenta \u201cguerra por el agua\u201d promovida por edil priista y fundaci\u00f3n ligada a Coca-Cola","author":"grieta","date":"3 noviembre, 2015","format":false,"excerpt":"noviembre 03, 2015 Aldabi Olvera, Puebla Cuando rompieron los vidrios de su casa, cuando vio a la polic\u00eda ministerial merodeando por las calles de su pueblo, cuando llegaron los militares cay\u00f3 en cuenta: Esto es la guerra misma. Una guerra por el abundante agua del municipio donde vive. Don Mario\u2026","rel":"","context":"En &quot;CINTILLO&quot;","block_context":{"text":"CINTILLO","link":"https:\/\/www.grieta.org.mx\/index.php\/category\/cintillo\/"},"img":{"alt_text":"","src":"https:\/\/i0.wp.com\/www.grieta.org.mx\/wp-content\/uploads\/2018\/03\/14524434_1106112876131411_958039263622046936_o.jpg?resize=350%2C200&ssl=1","width":350,"height":200,"srcset":"https:\/\/i0.wp.com\/www.grieta.org.mx\/wp-content\/uploads\/2018\/03\/14524434_1106112876131411_958039263622046936_o.jpg?resize=350%2C200&ssl=1 1x, https:\/\/i0.wp.com\/www.grieta.org.mx\/wp-content\/uploads\/2018\/03\/14524434_1106112876131411_958039263622046936_o.jpg?resize=525%2C300&ssl=1 1.5x, https:\/\/i0.wp.com\/www.grieta.org.mx\/wp-content\/uploads\/2018\/03\/14524434_1106112876131411_958039263622046936_o.jpg?resize=700%2C400&ssl=1 2x"},"classes":[]}],"_links":{"self":[{"href":"https:\/\/www.grieta.org.mx\/index.php\/wp-json\/wp\/v2\/posts\/12457","targetHints":{"allow":["GET"]}}],"collection":[{"href":"https:\/\/www.grieta.org.mx\/index.php\/wp-json\/wp\/v2\/posts"}],"about":[{"href":"https:\/\/www.grieta.org.mx\/index.php\/wp-json\/wp\/v2\/types\/post"}],"author":[{"embeddable":true,"href":"https:\/\/www.grieta.org.mx\/index.php\/wp-json\/wp\/v2\/users\/2"}],"replies":[{"embeddable":true,"href":"https:\/\/www.grieta.org.mx\/index.php\/wp-json\/wp\/v2\/comments?post=12457"}],"version-history":[{"count":1,"href":"https:\/\/www.grieta.org.mx\/index.php\/wp-json\/wp\/v2\/posts\/12457\/revisions"}],"predecessor-version":[{"id":21033,"href":"https:\/\/www.grieta.org.mx\/index.php\/wp-json\/wp\/v2\/posts\/12457\/revisions\/21033"}],"wp:featuredmedia":[{"embeddable":true,"href":"https:\/\/www.grieta.org.mx\/index.php\/wp-json\/wp\/v2\/media\/21928"}],"wp:attachment":[{"href":"https:\/\/www.grieta.org.mx\/index.php\/wp-json\/wp\/v2\/media?parent=12457"}],"wp:term":[{"taxonomy":"category","embeddable":true,"href":"https:\/\/www.grieta.org.mx\/index.php\/wp-json\/wp\/v2\/categories?post=12457"},{"taxonomy":"post_tag","embeddable":true,"href":"https:\/\/www.grieta.org.mx\/index.php\/wp-json\/wp\/v2\/tags?post=12457"}],"curies":[{"name":"wp","href":"https:\/\/api.w.org\/{rel}","templated":true}]}}