{"id":12405,"date":"2016-05-16T17:26:32","date_gmt":"2016-05-16T17:26:32","guid":{"rendered":"http:\/\/www.grieta.org.mx\/?p=12405"},"modified":"2016-05-17T17:30:08","modified_gmt":"2016-05-17T17:30:08","slug":"comunicado-conjunto-cni-ezln-sobre-la-agresion-al-pueblo-de-alvaro-obregon-oaxaca","status":"publish","type":"post","link":"https:\/\/www.grieta.org.mx\/index.php\/2016\/05\/16\/comunicado-conjunto-cni-ezln-sobre-la-agresion-al-pueblo-de-alvaro-obregon-oaxaca\/","title":{"rendered":"Comunicado conjunto CNI-EZLN sobre la agresi\u00f3n al pueblo de \u00c1lvaro Obreg\u00f3n, Oaxaca"},"content":{"rendered":"<p>CONGRESO NACIONAL IND\u00cdGENA<\/p>\n<p>EJ\u00c9RCITO ZAPATISTA DE LIBERACI\u00d3N NACIONAL<\/p>\n<p>A los medios de comunicaci\u00f3n<\/p>\n<p>A las organizaciones solidarias<\/p>\n<p>A las organizaciones defensoras de derechos humanos<\/p>\n<p>Al digno pueblo binizza de \u00c1lvaro Obreg\u00f3n, Juchit\u00e1n, Oaxaca<\/p>\n<p>Hermanas y hermanos<\/p>\n<p>Con rabia e indignaci\u00f3n vemos desde nuestros pueblos, tribus, comunidades, organizaciones y barrios, como el mal gobierno se jacta de demostrar su nula verg\u00fcenza, a trav\u00e9s de sus partidos pol\u00edticos de todos los colores, mientras el mal gobierno siga agrediendo a nuestros pueblos y sus partidos pol\u00edticos sigan intentando imponer la divisi\u00f3n en nuestras comunidades, nuestra palabra no se cansar\u00e1 de denunciar y gritar \u00a1Ya Basta!<\/p>\n<p>El 14 de mayo pasado, con sa\u00f1a y de manera desvergonzada, las armas de los polic\u00edas y guarda espaldas de la candidata del pan-prd Gloria S\u00e1nchez L\u00f3pez, se atrevieron a apuntar sus armas asesinas contra el digno pueblo de \u00c1lvaro Obreg\u00f3n, Juchit\u00e1n, hiriendo a seis compa\u00f1eros que se encontraban en la asamblea, defendiendo su territorio f\u00edsico y pol\u00edtico, de los proyectos e\u00f3licos de muerte, su energ\u00eda \u201climpia\u201d est\u00e1 sucia de sangre, corrupci\u00f3n y muerte. Los candidatos de todos los partidos pol\u00edticos, que sienten que aun siendo candidatos ya pueden beneficiarse de la impunidad que les otorga el pertenecer a la banda de criminales que mal gobierna el estado de Oaxaca y al pa\u00eds, cree que con balas lograran cambiar la conciencia y matar la dignidad del pueblo binizza.<\/p>\n<p>La pol\u00edtica nacional deja en evidencia cada vez m\u00e1s que no hay verg\u00fcenza ya en la clase pol\u00edtica, que creen que podr\u00e1n agredir, amenazar y amedrentar la digna lucha de los pueblos. Con agresiones y violencia intentar sembrar el miedo en los dignos corazones que defienden la tierra, el agua y los vientos. desde los cuatro puntos cardinales de nuestros territorios ind\u00edgenas les decimos \u00a1No Podr\u00e1n!  No podr\u00e1n quitarnos la rabia que en nuestros corazones se convierten en solidaridad, No podr\u00e1n arrancarnos la dignidad de luchar por defender nuestros territorios ya la vida de nuestros pueblos, No podr\u00e1n amedrentar la digna lucha del pueblo binizza que honra al Congreso Nacional Ind\u00edgena al ser integrante desde hace ya muchos a\u00f1os.<\/p>\n<p>Por lo anterior, hermanas y hermanos de Alvaro Obreg\u00f3n, Juchit\u00e1n, Oaxaca, desde los cuatro rumbos de nuestros territorios les decimos \u00a1No est\u00e1n solas! \u00a1No est\u00e1n solos!, nos declaramos en contra de los actos que el mal gobierno de M\u00e9xico y de Oaxaca, a trav\u00e9s de su secuaz Sa\u00fal Vicente V\u00e1zquez, presidente municipal de Juchit\u00e1n, realizan contra los derechos de autodeterminaci\u00f3n y autonom\u00eda del pueblo de Alvaro Obreg\u00f3n.<\/p>\n<p>Denunciamos que las cobardes agresiones, con armas de fuego del d\u00eda 14 y las amenazas que contin\u00faan, son un intento por intimidar a la comunidad de Alvaro Obreg\u00f3n que se opone a la instalaci\u00f3n de proyectos e\u00f3licos en su territorio, a los pol\u00edticos les da coraje que no podr\u00e1n obtener sus ganancias por que se instalen estos proyectos de muerte y creen que con amedrentar al pueblo lo lograr\u00e1n. \u00a1Se equivocan!<\/p>\n<p>Por todo lo anterior declaramos que:<\/p>\n<p>Responsabilizamos al gobierno de Gabino Cue y de Sa\u00fal Vicente V\u00e1zquez de las agresiones que ocurrieron y siguen sucediendo contra la asamblea de la comunidad de Alvaro Obregon, Juchitan, Oaxaca.<br \/>\nExigimos la investigaci\u00f3n y el castigo de los responsables de los disparos que realizaron la polic\u00eda municipal de Juchit\u00e1n y los guardaespaldas de Gloria S\u00e1nchez L\u00f3pez<br \/>\nQue se cancelen los proyectos e\u00f3licos que se intentan imponer en el territorio de la comunidad Alvaro Obreg\u00f3n.<br \/>\nExigimos que Gloria S\u00e1nchez L\u00f3pez y todos los candidatos dejen de intentar imponer su sistema de partidos a la comunidad de Alvaro Obreg\u00f3n.<br \/>\nExigimos que se respete el leg\u00edtimo derecho del pueblo Binizza de elegir a sus propias autoridades de manera aut\u00f3noma.<br \/>\nA la comunidad de Alvaro Obreg\u00f3n, Juchit\u00e1n, Oaxaca les decimos, no est\u00e1n solos, como CNI estaremos pendientes de que estos hechos no vuelvan a ocurrir y que haremos escuchar nuestra vos desde todos los rincones de nuestro ensangrentado pa\u00eds.<\/p>\n<p>\u00a1Por la reconstituci\u00f3n integral de nuestros pueblos!<\/p>\n<p>\u00a1Nunca m\u00e1s un M\u00e9xico sin nosotros!<\/p>\n<p>Congreso Nacional ind\u00edgena<\/p>\n<p>Ej\u00e9rcito Zapatista de Liberaci\u00f3n Nacional<\/p>\n<p><a href=\"http:\/\/enlacezapatista.ezln.org.mx\/2016\/05\/16\/comunicado-conjunto-cni-ezln-sobre-la-agresion-al-publo-de-alvaro-obregon\/\" target=\"_blank\">http:\/\/enlacezapatista.ezln.org.mx\/2016\/05\/16\/comunicado-conjunto-cni-ezln-sobre-la-agresion-al-publo-de-alvaro-obregon\/<\/a><\/p>\n","protected":false},"excerpt":{"rendered":"<p>CONGRESO NACIONAL IND\u00cdGENA EJ\u00c9RCITO ZAPATISTA DE LIBERACI\u00d3N NACIONAL A los medios de comunicaci\u00f3n A las organizaciones solidarias A las organizaciones defensoras de derechos humanos Al digno pueblo binizza de \u00c1lvaro &hellip; <a href=\"https:\/\/www.grieta.org.mx\/index.php\/2016\/05\/16\/comunicado-conjunto-cni-ezln-sobre-la-agresion-al-pueblo-de-alvaro-obregon-oaxaca\/\" class=\"more-link\">Leer m\u00e1s<\/a><\/p>\n","protected":false},"author":2,"featured_media":21928,"comment_status":"closed","ping_status":"closed","sticky":false,"template":"","format":"standard","meta":{"ngg_post_thumbnail":0,"_jetpack_newsletter_access":"","_jetpack_dont_email_post_to_subs":false,"_jetpack_newsletter_tier_id":0,"_jetpack_memberships_contains_paywalled_content":false,"_jetpack_memberships_contains_paid_content":false,"footnotes":""},"categories":[80,79],"tags":[597,95,466,93],"class_list":["post-12405","post","type-post","status-publish","format-standard","has-post-thumbnail","hentry","category-cintillo","category-cni","tag-alvaro-obregon","tag-cni","tag-ezln","tag-oaxaca","entry"],"jetpack_featured_media_url":"https:\/\/www.grieta.org.mx\/wp-content\/uploads\/2018\/03\/14524434_1106112876131411_958039263622046936_o.jpg","jetpack_sharing_enabled":true,"jetpack_shortlink":"https:\/\/wp.me\/p7ZJR4-3e5","jetpack_likes_enabled":false,"jetpack-related-posts":[{"id":25108,"url":"https:\/\/www.grieta.org.mx\/index.php\/2018\/07\/24\/pronunciamiento-del-congreso-nacional-indigena-y-el-concejo-indigena-de-gobierno-por-el-asesinato-del-companero-rolando-crispin-lopez-oaxaca\/","url_meta":{"origin":12405,"position":0},"title":"Pronunciamiento del Congreso Nacional Ind\u00edgena y el Concejo Ind\u00edgena de Gobierno por el asesinato del compa\u00f1ero Rolando Crisp\u00edn L\u00f3pez (Oaxaca)","author":"grieta","date":"24 julio, 2018","format":false,"excerpt":"Al pueblo binniz\u00e1 de la Colonia \u00c1lvaro Obreg\u00f3n, Oaxaca A los pueblos originarios del Istmo A las redes de apoyo al CIG A la Sexta Nacional e Internacional A los medios de comunicaci\u00f3n El Congreso Nacional Ind\u00edgena y el Concejo Ind\u00edgena de Gobierno condenamos el asesinato del compa\u00f1ero Rolando Crisp\u00edn\u2026","rel":"","context":"En &quot;CINTILLO&quot;","block_context":{"text":"CINTILLO","link":"https:\/\/www.grieta.org.mx\/index.php\/category\/cintillo\/"},"img":{"alt_text":"","src":"https:\/\/i0.wp.com\/www.grieta.org.mx\/wp-content\/uploads\/2018\/07\/logo-CNI-To.png?resize=350%2C200&ssl=1","width":350,"height":200,"srcset":"https:\/\/i0.wp.com\/www.grieta.org.mx\/wp-content\/uploads\/2018\/07\/logo-CNI-To.png?resize=350%2C200&ssl=1 1x, https:\/\/i0.wp.com\/www.grieta.org.mx\/wp-content\/uploads\/2018\/07\/logo-CNI-To.png?resize=525%2C300&ssl=1 1.5x"},"classes":[]},{"id":30224,"url":"https:\/\/www.grieta.org.mx\/index.php\/2019\/03\/07\/los-guardianes-de-gui-xhi-ro-y-la-defensa-del-istmo-de-tehuantepec-oaxaca\/","url_meta":{"origin":12405,"position":1},"title":"Los guardianes de Gui\u2019 Xhi\u2019 Ro\u2019 y la defensa del Istmo de Tehuantepec (Oaxaca)","author":"grieta","date":"7 marzo, 2019","format":false,"excerpt":"Colectivo Grieta. 6 de marzo de 2019.- Desde enero de este a\u00f1o, la comunidad binniza \u2013zapoteca\u2013, de Gui\u2019 Xhi\u2019 Ro\u2019 \u2013Alvaro Obreg\u00f3n\u2013, en el municipio de Juchit\u00e1n, ha compartido su palabra y su historia de resistencia y rebeld\u00eda que busca seguir caminando con la larga lucha de los pueblos originarios\u2026","rel":"","context":"En &quot;CINTILLO&quot;","block_context":{"text":"CINTILLO","link":"https:\/\/www.grieta.org.mx\/index.php\/category\/cintillo\/"},"img":{"alt_text":"","src":"https:\/\/i0.wp.com\/www.grieta.org.mx\/wp-content\/uploads\/2018\/03\/14524434_1106112876131411_958039263622046936_o.jpg?resize=350%2C200&ssl=1","width":350,"height":200,"srcset":"https:\/\/i0.wp.com\/www.grieta.org.mx\/wp-content\/uploads\/2018\/03\/14524434_1106112876131411_958039263622046936_o.jpg?resize=350%2C200&ssl=1 1x, https:\/\/i0.wp.com\/www.grieta.org.mx\/wp-content\/uploads\/2018\/03\/14524434_1106112876131411_958039263622046936_o.jpg?resize=525%2C300&ssl=1 1.5x, https:\/\/i0.wp.com\/www.grieta.org.mx\/wp-content\/uploads\/2018\/03\/14524434_1106112876131411_958039263622046936_o.jpg?resize=700%2C400&ssl=1 2x"},"classes":[]},{"id":54121,"url":"https:\/\/www.grieta.org.mx\/index.php\/2020\/10\/12\/jornada-nacional-de-movilizacion-en-defensa-de-la-madre-tierra-contra-la-guerra-al-ezln-los-pueblos-y-comunidades-indigenas-en-oaxaca\/","url_meta":{"origin":12405,"position":2},"title":"Jornada Nacional de Movilizaci\u00f3n en Defensa de la Madre Tierra, contra la guerra al EZLN, los pueblos y comunidades Ind\u00edgenas en Oaxaca","author":"grieta","date":"12 octubre, 2020","format":false,"excerpt":"Radio Zapatista \/ Informaci\u00f3n CNI Mat\u00edas Romero, Oaxaca 12 de octubre 2020 En el marco de la Jornada Nacional de Movilizaci\u00f3n en Defensa de la Madre Tierra, contra la guerra al EZLN, los pueblos y comunidades Ind\u00edgenas. Mitin UCIZONI RESISTENCIA CIVIL DEL ISTMO en Estaci\u00f3n Ferrocarril de Mat\u00edas Romero Oaxaca\u2026","rel":"","context":"En &quot;CINTILLO&quot;","block_context":{"text":"CINTILLO","link":"https:\/\/www.grieta.org.mx\/index.php\/category\/cintillo\/"},"img":{"alt_text":"","src":"https:\/\/i0.wp.com\/www.grieta.org.mx\/wp-content\/uploads\/2020\/10\/r.jpg?resize=350%2C200&ssl=1","width":350,"height":200,"srcset":"https:\/\/i0.wp.com\/www.grieta.org.mx\/wp-content\/uploads\/2020\/10\/r.jpg?resize=350%2C200&ssl=1 1x, https:\/\/i0.wp.com\/www.grieta.org.mx\/wp-content\/uploads\/2020\/10\/r.jpg?resize=525%2C300&ssl=1 1.5x"},"classes":[]},{"id":31394,"url":"https:\/\/www.grieta.org.mx\/index.php\/2019\/03\/29\/comunicado-del-cni-cig-y-el-ezln-ante-nueva-situacion-de-consulta-para-imponer-mega-proyectos-en-el-istmo-de-tehuantepec\/","url_meta":{"origin":12405,"position":3},"title":"Comunicado del CNI-CIG y el EZLN ante nueva situaci\u00f3n de consulta para imponer mega proyectos en el Istmo de Tehuantepec","author":"grieta","date":"29 marzo, 2019","format":false,"excerpt":"COMUNICADO DEL CONGRESO NACIONAL IND\u00cdGENA Y EL CONCEJO IND\u00cdGENA DE GOBIERNO Y EL EJ\u00c9RCITO ZAPATISTA DE LIBERACI\u00d3N NACIONAL ANTE NUEVA SIMULACI\u00d3N DE CONSULTA PARA IMPONER MEGA PROYECTOS EN EL ISTMO DE TEHUANTEPEC Al pueblo de M\u00e9xico A los pueblos del mundo A las Redes de Apoyo al CIG A las\u2026","rel":"","context":"En &quot;CINTILLO&quot;","block_context":{"text":"CINTILLO","link":"https:\/\/www.grieta.org.mx\/index.php\/category\/cintillo\/"},"img":{"alt_text":"","src":"https:\/\/i0.wp.com\/www.grieta.org.mx\/wp-content\/uploads\/2018\/03\/14524434_1106112876131411_958039263622046936_o.jpg?resize=350%2C200&ssl=1","width":350,"height":200,"srcset":"https:\/\/i0.wp.com\/www.grieta.org.mx\/wp-content\/uploads\/2018\/03\/14524434_1106112876131411_958039263622046936_o.jpg?resize=350%2C200&ssl=1 1x, https:\/\/i0.wp.com\/www.grieta.org.mx\/wp-content\/uploads\/2018\/03\/14524434_1106112876131411_958039263622046936_o.jpg?resize=525%2C300&ssl=1 1.5x, https:\/\/i0.wp.com\/www.grieta.org.mx\/wp-content\/uploads\/2018\/03\/14524434_1106112876131411_958039263622046936_o.jpg?resize=700%2C400&ssl=1 2x"},"classes":[]},{"id":61821,"url":"https:\/\/www.grieta.org.mx\/index.php\/2021\/09\/20\/comunidad-nahua-de-santa-maria-ostula-integrante-del-congreso-nacional-indigena-se-solidariza-con-las-comunidades-zapatistas\/","url_meta":{"origin":12405,"position":4},"title":"Comunidad nahua de Santa Mar\u00eda Ostula, integrante del Congreso Nacional Ind\u00edgena, se solidariza con las comunidades Zapatistas","author":"grieta","date":"20 septiembre, 2021","format":false,"excerpt":"COMUNIDAD NAHUA DE SANTA MAR\u00cdA OSTULA, MICHOAC\u00c1N\/RADIO ZAPATISTA #AltoALaGuerraContraLasComunidadesZapatistas #RutilioEscand\u00f3n #RutilioRepresor #AltoALaGuerraEnChiapas #OstulaVive A todos los medios de comunicaci\u00f3n, Al Ej\u00e9rcito Zapatista de Liberaci\u00f3n Nacional, Al Congreso Nacional Ind\u00edgena, Al Concejo Ind\u00edgena de Gobierno, A las organizaciones sociales, A la poblaci\u00f3n en general, Por medio de este comunicado, la comunidad\u2026","rel":"","context":"En &quot;CINTILLO&quot;","block_context":{"text":"CINTILLO","link":"https:\/\/www.grieta.org.mx\/index.php\/category\/cintillo\/"},"img":{"alt_text":"","src":"https:\/\/i0.wp.com\/www.grieta.org.mx\/wp-content\/uploads\/2021\/09\/Zap-Nahuas.jpg?resize=350%2C200&ssl=1","width":350,"height":200,"srcset":"https:\/\/i0.wp.com\/www.grieta.org.mx\/wp-content\/uploads\/2021\/09\/Zap-Nahuas.jpg?resize=350%2C200&ssl=1 1x, https:\/\/i0.wp.com\/www.grieta.org.mx\/wp-content\/uploads\/2021\/09\/Zap-Nahuas.jpg?resize=525%2C300&ssl=1 1.5x"},"classes":[]},{"id":26313,"url":"https:\/\/www.grieta.org.mx\/index.php\/2018\/02\/05\/costa-e-istmo-de-oaxaca-comparten-dolores-y-resistencias-con-caravana-del-cig\/","url_meta":{"origin":12405,"position":5},"title":"Costa e Istmo de Oaxaca comparten dolores y resistencias con caravana del CIG","author":"grieta","date":"5 febrero, 2018","format":false,"excerpt":"Avispa Midia. Por avispa, Despu\u00e9s de haber iniciado el recorrido en Oaxaca por Huajuapam de Le\u00f3n y la ciudad de Oaxaca, el d\u00eda 29 enero, y despu\u00e9s Zaachila y Tamazulapam Mixes, el 30 de enero, la caravana del Concejo Ind\u00edgena de Gobierno (CIG) sigui\u00f3 su camino hacia la Costa y\u2026","rel":"","context":"En &quot;CINTILLO&quot;","block_context":{"text":"CINTILLO","link":"https:\/\/www.grieta.org.mx\/index.php\/category\/cintillo\/"},"img":{"alt_text":"","src":"https:\/\/i0.wp.com\/www.grieta.org.mx\/wp-content\/uploads\/2018\/09\/Marichuy2_SantoDomingo-2.jpg?resize=350%2C200&ssl=1","width":350,"height":200,"srcset":"https:\/\/i0.wp.com\/www.grieta.org.mx\/wp-content\/uploads\/2018\/09\/Marichuy2_SantoDomingo-2.jpg?resize=350%2C200&ssl=1 1x, https:\/\/i0.wp.com\/www.grieta.org.mx\/wp-content\/uploads\/2018\/09\/Marichuy2_SantoDomingo-2.jpg?resize=525%2C300&ssl=1 1.5x, https:\/\/i0.wp.com\/www.grieta.org.mx\/wp-content\/uploads\/2018\/09\/Marichuy2_SantoDomingo-2.jpg?resize=700%2C400&ssl=1 2x, https:\/\/i0.wp.com\/www.grieta.org.mx\/wp-content\/uploads\/2018\/09\/Marichuy2_SantoDomingo-2.jpg?resize=1050%2C600&ssl=1 3x"},"classes":[]}],"_links":{"self":[{"href":"https:\/\/www.grieta.org.mx\/index.php\/wp-json\/wp\/v2\/posts\/12405","targetHints":{"allow":["GET"]}}],"collection":[{"href":"https:\/\/www.grieta.org.mx\/index.php\/wp-json\/wp\/v2\/posts"}],"about":[{"href":"https:\/\/www.grieta.org.mx\/index.php\/wp-json\/wp\/v2\/types\/post"}],"author":[{"embeddable":true,"href":"https:\/\/www.grieta.org.mx\/index.php\/wp-json\/wp\/v2\/users\/2"}],"replies":[{"embeddable":true,"href":"https:\/\/www.grieta.org.mx\/index.php\/wp-json\/wp\/v2\/comments?post=12405"}],"version-history":[{"count":1,"href":"https:\/\/www.grieta.org.mx\/index.php\/wp-json\/wp\/v2\/posts\/12405\/revisions"}],"predecessor-version":[{"id":12409,"href":"https:\/\/www.grieta.org.mx\/index.php\/wp-json\/wp\/v2\/posts\/12405\/revisions\/12409"}],"wp:featuredmedia":[{"embeddable":true,"href":"https:\/\/www.grieta.org.mx\/index.php\/wp-json\/wp\/v2\/media\/21928"}],"wp:attachment":[{"href":"https:\/\/www.grieta.org.mx\/index.php\/wp-json\/wp\/v2\/media?parent=12405"}],"wp:term":[{"taxonomy":"category","embeddable":true,"href":"https:\/\/www.grieta.org.mx\/index.php\/wp-json\/wp\/v2\/categories?post=12405"},{"taxonomy":"post_tag","embeddable":true,"href":"https:\/\/www.grieta.org.mx\/index.php\/wp-json\/wp\/v2\/tags?post=12405"}],"curies":[{"name":"wp","href":"https:\/\/api.w.org\/{rel}","templated":true}]}}