{"id":1238,"date":"2015-11-19T19:10:55","date_gmt":"2015-11-19T19:10:55","guid":{"rendered":"http:\/\/50.22.11.12\/~grietaor\/?p=1238"},"modified":"2016-03-03T19:12:47","modified_gmt":"2016-03-03T19:12:47","slug":"emplazan-vecinos-de-maney-a-cemex-para-cumplir-con-normas-ambientales-y-de-salud","status":"publish","type":"post","link":"https:\/\/www.grieta.org.mx\/index.php\/2015\/11\/19\/emplazan-vecinos-de-maney-a-cemex-para-cumplir-con-normas-ambientales-y-de-salud\/","title":{"rendered":"Emplazan vecinos de Maney a Cemex para cumplir con normas ambientales y de salud"},"content":{"rendered":"<p>Yuri R. Ruiz<\/p>\n<p>Huichapan.\u2013 Sin llegar a acuerdos concretos y responsabilidad por parte de las autoridades de la cementera Cemex-Huichapan, habitantes de la comunidad de Maney en Huichapan, adem\u00e1s de sus alrededores, emplazaron a los directivos, encabezados por Edmon Guti\u00e9rrez, para que hicieran un estudio de impacto ambiental y de salud en la zona, debido a que se presentan riesgos sanitarios entre la poblaci\u00f3n que no han sido subsanados que han sido acrecentados despu\u00e9s de la \u00faltima explosi\u00f3n de materiales t\u00f3xicos ocurrida el pasado 4 de noviembre.<\/p>\n<p>En presencia de agrupaciones ambientales como Ciudadanos Unidos por el Medio Ambiente (Cuma), y de la Sociedad Ecologista Hidalguense, habitantes de Maney acudieron a una reuni\u00f3n de trabajo con directivos de Cemex quienes en m\u00e1s de una ocasi\u00f3n indicaron que cubren los est\u00e1ndares normativos de higiene y seguridad, por lo cual negaron que los gases t\u00f3xicos que salen de las chimeneas de los hornos sean da\u00f1inos a la poblaci\u00f3n.<\/p>\n<p>Sin embargo, la poblaci\u00f3n no se mostr\u00f3 del todo convencida por los argumentos por Edmon Guti\u00e9rrez que defend\u00eda a toda costa a la empresa y pidieron que se hagan ex\u00e1menes de salud a la poblaci\u00f3n que acusaron padecen de problemas en las v\u00edas respiratorias, bronquios, piel, estomacales y de los ojos.<\/p>\n<p>En el debate con pobladores y autoridades, afirmaron que hay en este a\u00f1o al menos unos cinco casos de personas enfermas de c\u00e1ncer que bien podr\u00edan ser consecuencia de las emisiones de gases t\u00f3xicos que son respirados por los habitantes de Huichapan y sus alrededores.<\/p>\n<p>La explosi\u00f3n del 4 de noviembre fue catalogada como un disturbio menor por la cementera de Huichapan y afirm\u00f3 el director que sus gases t\u00f3xicos son controlados y que para nada causan problemas de salud las part\u00edculas que salen en fumarolas al quemar residuos s\u00f3lidos y de basura que ahora llegan del Estado de M\u00e9xico y del Distrito Federal para su incineraci\u00f3n.<\/p>\n<p>Marco Antonio Gayt\u00e1n, de la Sociedad Ecologista Hidalguense y los de Cuma, pidieron a los directivos de la cementera que hicieran los estudios correspondientes de impacto ecol\u00f3gico y de salud, en presencia de la Secretaria de Salud Federal y estatal, Comisi\u00f3n Federal para la Protecci\u00f3n contra Riesgos Sanitarios (Cofepris), Procuradur\u00eda Federal de Protecci\u00f3n al Ambiente, adem\u00e1s de la Secretar\u00eda del Medio Ambiente y de representantes del gobierno del estado y del municipio de Huichapan.<\/p>\n<p>Dijo que en caso de que no se cumpla con los m\u00ednimos reportes de seguridad y normatividad, los pobladores de Maney junto con los dem\u00e1s que integran el municpio estar\u00edan en condiciones de cerrar la cementera hasta que no se den cumplimiento a las demandas de los vecinos que sufren desde hace 30 a\u00f1os por irregularidades de Cemex-Huichapan.<\/p>\n<p><a href=\"http:\/\/www.relojciudadano.com\/2015\/11\/19\/emplazan-vecinos-de-maney-a-cemex-para-cumplir-con-normas-ambientales-y-de-salud\/\" target=\"_blank\">www.relojciudadano.com\/2015\/11\/19\/emplazan-vecinos-de-maney-a-cemex-para-cumplir-con-normas-ambientales-y-de-salud\/<\/a><\/p>\n","protected":false},"excerpt":{"rendered":"<p>Yuri R. Ruiz Huichapan.\u2013 Sin llegar a acuerdos concretos y responsabilidad por parte de las autoridades de la cementera Cemex-Huichapan, habitantes de la comunidad de Maney en Huichapan, adem\u00e1s de &hellip; <a href=\"https:\/\/www.grieta.org.mx\/index.php\/2015\/11\/19\/emplazan-vecinos-de-maney-a-cemex-para-cumplir-con-normas-ambientales-y-de-salud\/\" class=\"more-link\">Leer m\u00e1s<\/a><\/p>\n","protected":false},"author":2,"featured_media":21928,"comment_status":"closed","ping_status":"open","sticky":false,"template":"","format":"standard","meta":{"ngg_post_thumbnail":0,"_jetpack_newsletter_access":"","_jetpack_dont_email_post_to_subs":false,"_jetpack_newsletter_tier_id":0,"_jetpack_memberships_contains_paywalled_content":false,"_jetpack_memberships_contains_paid_content":false,"footnotes":""},"categories":[80,129],"tags":[91],"class_list":["post-1238","post","type-post","status-publish","format-standard","has-post-thumbnail","hentry","category-cintillo","category-hidalgo","tag-contaminacion-ambiental","entry"],"jetpack_featured_media_url":"https:\/\/www.grieta.org.mx\/wp-content\/uploads\/2018\/03\/14524434_1106112876131411_958039263622046936_o.jpg","jetpack_sharing_enabled":true,"jetpack_shortlink":"https:\/\/wp.me\/p7ZJR4-jY","jetpack_likes_enabled":false,"jetpack-related-posts":[{"id":1246,"url":"https:\/\/www.grieta.org.mx\/index.php\/2015\/11\/19\/vecinos-de-huichapan-denuncian-contaminacion-por-explosion-en-cemex\/","url_meta":{"origin":1238,"position":0},"title":"Vecinos de Huichapan denuncian contaminaci\u00f3n por explosi\u00f3n en Cemex","author":"grieta","date":"19 noviembre, 2015","format":false,"excerpt":"19\/11\/15. Emplazan vecinos de Maney a Cemex para cumplir con normas ambientales y de saludReloj Ciudadano 15\/11\/15. Afectados por explosiones de Cemex en Huichapan ser\u00e1n atendidosQuadrat\u00edn Hidalgo 06\/11\/15. Enorme lluvia de cenizas cre\u00f3 cementeraEl Sol de Hidalgo 06\/11\/15. Exige Sehi acciones vs cementera por incidenteCriterio Hidalgo","rel":"","context":"En &quot;Hidalgo&quot;","block_context":{"text":"Hidalgo","link":"https:\/\/www.grieta.org.mx\/index.php\/category\/noticias-nacionales\/hidalgo\/"},"img":{"alt_text":"","src":"https:\/\/i0.wp.com\/www.grieta.org.mx\/wp-content\/uploads\/2018\/03\/14524434_1106112876131411_958039263622046936_o.jpg?resize=350%2C200&ssl=1","width":350,"height":200,"srcset":"https:\/\/i0.wp.com\/www.grieta.org.mx\/wp-content\/uploads\/2018\/03\/14524434_1106112876131411_958039263622046936_o.jpg?resize=350%2C200&ssl=1 1x, https:\/\/i0.wp.com\/www.grieta.org.mx\/wp-content\/uploads\/2018\/03\/14524434_1106112876131411_958039263622046936_o.jpg?resize=525%2C300&ssl=1 1.5x, https:\/\/i0.wp.com\/www.grieta.org.mx\/wp-content\/uploads\/2018\/03\/14524434_1106112876131411_958039263622046936_o.jpg?resize=700%2C400&ssl=1 2x"},"classes":[]},{"id":1239,"url":"https:\/\/www.grieta.org.mx\/index.php\/2015\/11\/15\/afectados-por-explosiones-de-cemex-en-huichapan-seran-atendidos\/","url_meta":{"origin":1238,"position":1},"title":"Afectados por explosiones de Cemex en Huichapan ser\u00e1n atendidos","author":"grieta","date":"15 noviembre, 2015","format":false,"excerpt":"Miguel \u00c1ngel Villeda HUICHAPAN, Hgo., 15 de noviembre de 2015.- Luego de que en d\u00edas pasados quemadores de Cementos de M\u00e9xico (Cemex) en Huichapan se salieron de control y provocaran una explosi\u00f3n que a su vez gener\u00f3 una gigantesca fumarola que arroj\u00f3 cenizas, y donde vecinos en especial de la\u2026","rel":"","context":"En &quot;CINTILLO&quot;","block_context":{"text":"CINTILLO","link":"https:\/\/www.grieta.org.mx\/index.php\/category\/cintillo\/"},"img":{"alt_text":"","src":"https:\/\/i0.wp.com\/www.grieta.org.mx\/wp-content\/uploads\/2018\/03\/14524434_1106112876131411_958039263622046936_o.jpg?resize=350%2C200&ssl=1","width":350,"height":200,"srcset":"https:\/\/i0.wp.com\/www.grieta.org.mx\/wp-content\/uploads\/2018\/03\/14524434_1106112876131411_958039263622046936_o.jpg?resize=350%2C200&ssl=1 1x, https:\/\/i0.wp.com\/www.grieta.org.mx\/wp-content\/uploads\/2018\/03\/14524434_1106112876131411_958039263622046936_o.jpg?resize=525%2C300&ssl=1 1.5x, https:\/\/i0.wp.com\/www.grieta.org.mx\/wp-content\/uploads\/2018\/03\/14524434_1106112876131411_958039263622046936_o.jpg?resize=700%2C400&ssl=1 2x"},"classes":[]},{"id":34644,"url":"https:\/\/www.grieta.org.mx\/index.php\/2019\/05\/24\/cemex-quema-6-mil-toneladas-de-desechos-en-planta-de-tepeaca-gaia-puebla-e-hidalgo\/","url_meta":{"origin":1238,"position":2},"title":"Cemex quema 6 mil toneladas de desechos en planta de Tepeaca: GAIA (Puebla e Hidalgo)","author":"Admin","date":"24 mayo, 2019","format":false,"excerpt":"Yadira Llaven Anzures \/La Jornada de Oriente El ambientalista Jorge Tadeo Vargas, miembro de la Alianza Global por Alternativas a la Incineraci\u00f3n (GAIA por sus siglas en ingl\u00e9s), revel\u00f3 que el gobierno de la Ciudad de M\u00e9xico y la empresa Cementos de M\u00e9xico (Cemex). mantienen un convenio vigente para el\u2026","rel":"","context":"En &quot;CINTILLO&quot;","block_context":{"text":"CINTILLO","link":"https:\/\/www.grieta.org.mx\/index.php\/category\/cintillo\/"},"img":{"alt_text":"","src":"https:\/\/i0.wp.com\/www.grieta.org.mx\/wp-content\/uploads\/2019\/06\/Captura-de-pantalla-2019-06-11-02.31.08.png?resize=350%2C200&ssl=1","width":350,"height":200,"srcset":"https:\/\/i0.wp.com\/www.grieta.org.mx\/wp-content\/uploads\/2019\/06\/Captura-de-pantalla-2019-06-11-02.31.08.png?resize=350%2C200&ssl=1 1x, https:\/\/i0.wp.com\/www.grieta.org.mx\/wp-content\/uploads\/2019\/06\/Captura-de-pantalla-2019-06-11-02.31.08.png?resize=525%2C300&ssl=1 1.5x"},"classes":[]},{"id":1241,"url":"https:\/\/www.grieta.org.mx\/index.php\/2015\/11\/06\/exige-sehi-acciones-vs-cementera-por-incidente\/","url_meta":{"origin":1238,"position":3},"title":"Exige Sehi acciones vs cementera por incidente","author":"grieta","date":"6 noviembre, 2015","format":false,"excerpt":"La existencia de contratos de la empresa con gobiernos de estados pertenecientes al Valle de M\u00e9xico para incinerar basura en los hornos de calentamiento, dijo, son palpables y ponen en riesgo la seguridad de la poblaci\u00f3n. Por el incidente ocurrido en la planta cementera de Cemex en Huichapan, el presidente\u2026","rel":"","context":"En &quot;CINTILLO&quot;","block_context":{"text":"CINTILLO","link":"https:\/\/www.grieta.org.mx\/index.php\/category\/cintillo\/"},"img":{"alt_text":"","src":"https:\/\/i0.wp.com\/www.grieta.org.mx\/wp-content\/uploads\/2018\/03\/14524434_1106112876131411_958039263622046936_o.jpg?resize=350%2C200&ssl=1","width":350,"height":200,"srcset":"https:\/\/i0.wp.com\/www.grieta.org.mx\/wp-content\/uploads\/2018\/03\/14524434_1106112876131411_958039263622046936_o.jpg?resize=350%2C200&ssl=1 1x, https:\/\/i0.wp.com\/www.grieta.org.mx\/wp-content\/uploads\/2018\/03\/14524434_1106112876131411_958039263622046936_o.jpg?resize=525%2C300&ssl=1 1.5x, https:\/\/i0.wp.com\/www.grieta.org.mx\/wp-content\/uploads\/2018\/03\/14524434_1106112876131411_958039263622046936_o.jpg?resize=700%2C400&ssl=1 2x"},"classes":[]},{"id":9477,"url":"https:\/\/www.grieta.org.mx\/index.php\/2015\/08\/17\/ejidatarios-organizan-movilizacion-social-contra-contaminacion-de-cemex-y-termoelectrica-de-tamuin\/","url_meta":{"origin":1238,"position":4},"title":"Ejidatarios organizan movilizacion social contra contaminaci\u00f3n de Cemex y termoel\u00e9ctrica de Tamuin","author":"grieta","date":"17 agosto, 2015","format":false,"excerpt":"Tamuin S.L.P.- Del 2010 hasta la fecha han muerto 15 habitantes del ejido Las Palmas por enfermedades ?cancer\u00edgenas? sin embargo las autoridades sanitarias ocultan la informaci\u00f3n al manipular actas de defunci\u00f3n a su antojo, cuando los decesos pueden ser imputados a la contaminaci\u00f3n del agua, aire y tierra de la\u2026","rel":"","context":"En &quot;CINTILLO&quot;","block_context":{"text":"CINTILLO","link":"https:\/\/www.grieta.org.mx\/index.php\/category\/cintillo\/"},"img":{"alt_text":"","src":"https:\/\/i0.wp.com\/www.grieta.org.mx\/wp-content\/uploads\/2018\/03\/14524434_1106112876131411_958039263622046936_o.jpg?resize=350%2C200&ssl=1","width":350,"height":200,"srcset":"https:\/\/i0.wp.com\/www.grieta.org.mx\/wp-content\/uploads\/2018\/03\/14524434_1106112876131411_958039263622046936_o.jpg?resize=350%2C200&ssl=1 1x, https:\/\/i0.wp.com\/www.grieta.org.mx\/wp-content\/uploads\/2018\/03\/14524434_1106112876131411_958039263622046936_o.jpg?resize=525%2C300&ssl=1 1.5x, https:\/\/i0.wp.com\/www.grieta.org.mx\/wp-content\/uploads\/2018\/03\/14524434_1106112876131411_958039263622046936_o.jpg?resize=700%2C400&ssl=1 2x"},"classes":[]},{"id":1240,"url":"https:\/\/www.grieta.org.mx\/index.php\/2015\/11\/06\/enorme-lluvia-de-cenizas-creo-cementera\/","url_meta":{"origin":1238,"position":5},"title":"Enorme lluvia de cenizas cre\u00f3 cementera","author":"grieta","date":"6 noviembre, 2015","format":false,"excerpt":"Alma Leticia S\u00e1nchez Huichaoan, Hidalgo.- Quemadores de Cementos de M\u00e9xico (Cemex), en este municipio, salieron de control y provocaron una explosi\u00f3n que a su vez gener\u00f3 una gigantesca fumarola que arroj\u00f3 cenizas. La comunidad El Maney, la m\u00e1s cercana a la planta, fue la principal afectada y en respuesta al\u2026","rel":"","context":"En &quot;CINTILLO&quot;","block_context":{"text":"CINTILLO","link":"https:\/\/www.grieta.org.mx\/index.php\/category\/cintillo\/"},"img":{"alt_text":"","src":"https:\/\/i0.wp.com\/www.grieta.org.mx\/wp-content\/uploads\/2018\/03\/14524434_1106112876131411_958039263622046936_o.jpg?resize=350%2C200&ssl=1","width":350,"height":200,"srcset":"https:\/\/i0.wp.com\/www.grieta.org.mx\/wp-content\/uploads\/2018\/03\/14524434_1106112876131411_958039263622046936_o.jpg?resize=350%2C200&ssl=1 1x, https:\/\/i0.wp.com\/www.grieta.org.mx\/wp-content\/uploads\/2018\/03\/14524434_1106112876131411_958039263622046936_o.jpg?resize=525%2C300&ssl=1 1.5x, https:\/\/i0.wp.com\/www.grieta.org.mx\/wp-content\/uploads\/2018\/03\/14524434_1106112876131411_958039263622046936_o.jpg?resize=700%2C400&ssl=1 2x"},"classes":[]}],"_links":{"self":[{"href":"https:\/\/www.grieta.org.mx\/index.php\/wp-json\/wp\/v2\/posts\/1238","targetHints":{"allow":["GET"]}}],"collection":[{"href":"https:\/\/www.grieta.org.mx\/index.php\/wp-json\/wp\/v2\/posts"}],"about":[{"href":"https:\/\/www.grieta.org.mx\/index.php\/wp-json\/wp\/v2\/types\/post"}],"author":[{"embeddable":true,"href":"https:\/\/www.grieta.org.mx\/index.php\/wp-json\/wp\/v2\/users\/2"}],"replies":[{"embeddable":true,"href":"https:\/\/www.grieta.org.mx\/index.php\/wp-json\/wp\/v2\/comments?post=1238"}],"version-history":[{"count":1,"href":"https:\/\/www.grieta.org.mx\/index.php\/wp-json\/wp\/v2\/posts\/1238\/revisions"}],"predecessor-version":[{"id":1242,"href":"https:\/\/www.grieta.org.mx\/index.php\/wp-json\/wp\/v2\/posts\/1238\/revisions\/1242"}],"wp:featuredmedia":[{"embeddable":true,"href":"https:\/\/www.grieta.org.mx\/index.php\/wp-json\/wp\/v2\/media\/21928"}],"wp:attachment":[{"href":"https:\/\/www.grieta.org.mx\/index.php\/wp-json\/wp\/v2\/media?parent=1238"}],"wp:term":[{"taxonomy":"category","embeddable":true,"href":"https:\/\/www.grieta.org.mx\/index.php\/wp-json\/wp\/v2\/categories?post=1238"},{"taxonomy":"post_tag","embeddable":true,"href":"https:\/\/www.grieta.org.mx\/index.php\/wp-json\/wp\/v2\/tags?post=1238"}],"curies":[{"name":"wp","href":"https:\/\/api.w.org\/{rel}","templated":true}]}}