{"id":12316,"date":"2016-05-10T14:58:26","date_gmt":"2016-05-10T14:58:26","guid":{"rendered":"http:\/\/www.grieta.org.mx\/?p=12316"},"modified":"2016-05-15T21:03:44","modified_gmt":"2016-05-15T21:03:44","slug":"desalojo-de-comerciantes-en-nuevo-leon","status":"publish","type":"post","link":"https:\/\/www.grieta.org.mx\/index.php\/2016\/05\/10\/desalojo-de-comerciantes-en-nuevo-leon\/","title":{"rendered":"Desalojo de comerciantes en Nuevo Le\u00f3n"},"content":{"rendered":"<p><strong>06\/05\/16. <\/strong><a href=\"http:\/\/www.grieta.org.mx\/index.php\/2016\/05\/06\/desalojo-a-artesanos-triquis-en-monterrey-nuevo-leon\/\" target=\"_blank\">Desalojo a artesanos Triquis en Monterrey Nuevo Le\u00f3n<\/a><br \/><em>Centro de Medios Libres<\/em><br  \/><\/p>\n","protected":false},"excerpt":{"rendered":"<p>06\/05\/16. Desalojo a artesanos Triquis en Monterrey Nuevo Le\u00f3nCentro de Medios Libres<\/p>\n","protected":false},"author":2,"featured_media":21928,"comment_status":"closed","ping_status":"closed","sticky":false,"template":"","format":"standard","meta":{"ngg_post_thumbnail":0,"_jetpack_newsletter_access":"","_jetpack_dont_email_post_to_subs":false,"_jetpack_newsletter_tier_id":0,"_jetpack_memberships_contains_paywalled_content":false,"_jetpack_memberships_contains_paid_content":false,"footnotes":""},"categories":[2,24],"tags":[],"class_list":["post-12316","post","type-post","status-publish","format-standard","has-post-thumbnail","hentry","category-noticias-nacionales","category-nuevo-leon","entry"],"jetpack_featured_media_url":"https:\/\/www.grieta.org.mx\/wp-content\/uploads\/2018\/03\/14524434_1106112876131411_958039263622046936_o.jpg","jetpack_sharing_enabled":true,"jetpack_shortlink":"https:\/\/wp.me\/p7ZJR4-3cE","jetpack_likes_enabled":false,"jetpack-related-posts":[{"id":32852,"url":"https:\/\/www.grieta.org.mx\/index.php\/2019\/04\/30\/exigen-a-bronco-solucion-tras-desalojo-nuevo-leon\/","url_meta":{"origin":12316,"position":0},"title":"Exigen a &#8216;Bronco&#8217; soluci\u00f3n tras desalojo (Nuevo Le\u00f3n)","author":"grieta","date":"30 abril, 2019","format":false,"excerpt":"Missael D\u00e1vila \/ abcnoticias Exhabitantes del ejido \"El Capricho\" se\u00f1alaron al Gobernador que fueron v\u00edctimas de violaciones en sus derechos Santa Catarina.- Un grupo de al menos 15 exhabitantes del ejido \"El Capricho\" interceptaron al gobernador de Nuevo Le\u00f3n, Jaime Rodr\u00edguez, para exigirle una audiencia. Los hechos se registraron en\u2026","rel":"","context":"En &quot;CINTILLO&quot;","block_context":{"text":"CINTILLO","link":"https:\/\/www.grieta.org.mx\/index.php\/category\/cintillo\/"},"img":{"alt_text":"","src":"https:\/\/i0.wp.com\/www.grieta.org.mx\/wp-content\/uploads\/2019\/05\/Exigen-a-Bronco-soluci%C3%B3n-tras-desalojo-nl-may.jpg?resize=350%2C200","width":350,"height":200},"classes":[]},{"id":12315,"url":"https:\/\/www.grieta.org.mx\/index.php\/2016\/05\/06\/desalojo-a-artesanos-triquis-en-monterrey-nuevo-leon\/","url_meta":{"origin":12316,"position":1},"title":"Desalojo a artesanos Triquis en Monterrey Nuevo Le\u00f3n","author":"grieta","date":"6 mayo, 2016","format":false,"excerpt":"Sr. Adalberto Hern\u00e1ndez Alvarez, Representante del Consejo Ind\u00edgena Triqui del Estado de Oaxaca radicado en Nuevo Le\u00f3n. Denuncia que: El d\u00eda 17 de Abril, mi familia y yo, fuimos violentamente desalojados de nuestro local de ventas de artesan\u00edas oaxaque\u00f1as, ubicado en el centro comercial \u201cPlaza Fiesta San Agust\u00edn\u201d, local 2085\u2026","rel":"","context":"En &quot;CINTILLO&quot;","block_context":{"text":"CINTILLO","link":"https:\/\/www.grieta.org.mx\/index.php\/category\/cintillo\/"},"img":{"alt_text":"","src":"https:\/\/i0.wp.com\/www.grieta.org.mx\/wp-content\/uploads\/2018\/03\/14524434_1106112876131411_958039263622046936_o.jpg?resize=350%2C200&ssl=1","width":350,"height":200,"srcset":"https:\/\/i0.wp.com\/www.grieta.org.mx\/wp-content\/uploads\/2018\/03\/14524434_1106112876131411_958039263622046936_o.jpg?resize=350%2C200&ssl=1 1x, https:\/\/i0.wp.com\/www.grieta.org.mx\/wp-content\/uploads\/2018\/03\/14524434_1106112876131411_958039263622046936_o.jpg?resize=525%2C300&ssl=1 1.5x, https:\/\/i0.wp.com\/www.grieta.org.mx\/wp-content\/uploads\/2018\/03\/14524434_1106112876131411_958039263622046936_o.jpg?resize=700%2C400&ssl=1 2x"},"classes":[]},{"id":29721,"url":"https:\/\/www.grieta.org.mx\/index.php\/2019\/02\/27\/amenaza-estado-a-activistas-de-abrirles-proceso-penal-si-vuelven-a-plantarse-nuevo-leon\/","url_meta":{"origin":12316,"position":2},"title":"Amenaza Estado a activistas de abrirles proceso penal si vuelven a plantarse (Nuevo Le\u00f3n)","author":"grieta","date":"27 febrero, 2019","format":false,"excerpt":"David Torres \/ Info 7 Tras desalojo de domingo por la madrugada, integrantes de \u00danete Pueblo acuden a Derechos Humanos a denunciar abusos como amenazarlos con armas por parte del Estado Al desalojarlos por segunda ocasi\u00f3n, el gobierno del Estado desacat\u00f3 una recomendaci\u00f3n de la Comisi\u00f3n Estatal de Derechos Humanos\u2026","rel":"","context":"En &quot;CINTILLO&quot;","block_context":{"text":"CINTILLO","link":"https:\/\/www.grieta.org.mx\/index.php\/category\/cintillo\/"},"img":{"alt_text":"","src":"https:\/\/i0.wp.com\/www.grieta.org.mx\/wp-content\/uploads\/2019\/02\/Amenaza-Estado-a-activistas-de-abrirles-proceso-penal-si-vuelven-a-plantarse-nl-feb-300x168.jpg?resize=350%2C200","width":350,"height":200},"classes":[]},{"id":19786,"url":"https:\/\/www.grieta.org.mx\/index.php\/2016\/08\/16\/temen-ejidatarios-de-chietla-nuevo-intento-de-desalojo-por-bloqueo-en-mina-la-campa-puebla\/","url_meta":{"origin":12316,"position":3},"title":"Temen ejidatarios de Chietla nuevo intento de desalojo por bloqueo en mina La Campa (Puebla)","author":"grieta","date":"16 agosto, 2016","format":false,"excerpt":"Por Lidchy Cano Chietla, Pue.- Ejidatarios antorchistas de San Antonio Cuayuca, comunidad de Chietla, temen un nuevo intento de desalojo violento por el bloqueo que mantienen desde el 27 de julio en la mina \u201cLa Campa\u201d, pues exigen exigen el pago por uso de suelo y la entrega de la\u2026","rel":"","context":"En &quot;CINTILLO&quot;","block_context":{"text":"CINTILLO","link":"https:\/\/www.grieta.org.mx\/index.php\/category\/cintillo\/"},"img":{"alt_text":"","src":"https:\/\/i0.wp.com\/www.grieta.org.mx\/wp-content\/uploads\/2018\/03\/14524434_1106112876131411_958039263622046936_o.jpg?resize=350%2C200&ssl=1","width":350,"height":200,"srcset":"https:\/\/i0.wp.com\/www.grieta.org.mx\/wp-content\/uploads\/2018\/03\/14524434_1106112876131411_958039263622046936_o.jpg?resize=350%2C200&ssl=1 1x, https:\/\/i0.wp.com\/www.grieta.org.mx\/wp-content\/uploads\/2018\/03\/14524434_1106112876131411_958039263622046936_o.jpg?resize=525%2C300&ssl=1 1.5x, https:\/\/i0.wp.com\/www.grieta.org.mx\/wp-content\/uploads\/2018\/03\/14524434_1106112876131411_958039263622046936_o.jpg?resize=700%2C400&ssl=1 2x"},"classes":[]},{"id":20348,"url":"https:\/\/www.grieta.org.mx\/index.php\/2016\/08\/25\/nuevo-desalojo-en-el-centro-historico-vecinos-afectados-se-movilizan-cdmx\/","url_meta":{"origin":12316,"position":4},"title":"Nuevo desalojo en el centro hist\u00f3rico: vecinos afectados se movilizan (CDMX)","author":"grieta","date":"25 agosto, 2016","format":false,"excerpt":"Eliana Gilet Desalojo en Jes\u00fas Mar\u00eda #36, el 9 de junio de 2016 Esta ma\u00f1ana, antes de las siete de la ma\u00f1ana, 200 elementos de la gendarmer\u00eda desalojaron otra persona de su casa, ubicada en la calles Zapata #68. Se trata de una persona mayor de edad que viv\u00eda sola.\u2026","rel":"","context":"En &quot;CINTILLO&quot;","block_context":{"text":"CINTILLO","link":"https:\/\/www.grieta.org.mx\/index.php\/category\/cintillo\/"},"img":{"alt_text":"","src":"https:\/\/i0.wp.com\/www.grieta.org.mx\/wp-content\/uploads\/2018\/03\/14524434_1106112876131411_958039263622046936_o.jpg?resize=350%2C200&ssl=1","width":350,"height":200,"srcset":"https:\/\/i0.wp.com\/www.grieta.org.mx\/wp-content\/uploads\/2018\/03\/14524434_1106112876131411_958039263622046936_o.jpg?resize=350%2C200&ssl=1 1x, https:\/\/i0.wp.com\/www.grieta.org.mx\/wp-content\/uploads\/2018\/03\/14524434_1106112876131411_958039263622046936_o.jpg?resize=525%2C300&ssl=1 1.5x, https:\/\/i0.wp.com\/www.grieta.org.mx\/wp-content\/uploads\/2018\/03\/14524434_1106112876131411_958039263622046936_o.jpg?resize=700%2C400&ssl=1 2x"},"classes":[]},{"id":41891,"url":"https:\/\/www.grieta.org.mx\/index.php\/2019\/12\/03\/evitan-nuevo-intento-de-desalojo-en-casa-hogar-de-ninos-con-discapacidad-en-naucalpan-ciudad-de-mexico\/","url_meta":{"origin":12316,"position":5},"title":"Evitan nuevo intento de desalojo en casa hogar de ni\u00f1os con discapacidad en Naucalpan (Estado de M\u00e9xico)","author":"grieta","date":"3 diciembre, 2019","format":false,"excerpt":"Leticia R\u00edos \/ El Heraldo de M\u00e9xico Fue suspendido el sexto intento de desalojo de la Casa Hogar para ni\u00f1os y adolescentes con par\u00e1lisis cerebral San Luis Gonzaga y de Autismax Este lunes, fue suspendido el sexto intento de desalojo de la Casa Hogar para ni\u00f1os y adolescentes con par\u00e1lisis\u2026","rel":"","context":"En &quot;CINTILLO&quot;","block_context":{"text":"CINTILLO","link":"https:\/\/www.grieta.org.mx\/index.php\/category\/cintillo\/"},"img":{"alt_text":"","src":"https:\/\/i0.wp.com\/www.grieta.org.mx\/wp-content\/uploads\/2019\/12\/Evitan-nuevo-intento-de-desalojo-en-casa-hogar-de-ni%C3%B1os-con-discapacidad-en-Naucalpan-edomex-dic.jpg?resize=350%2C200&ssl=1","width":350,"height":200,"srcset":"https:\/\/i0.wp.com\/www.grieta.org.mx\/wp-content\/uploads\/2019\/12\/Evitan-nuevo-intento-de-desalojo-en-casa-hogar-de-ni%C3%B1os-con-discapacidad-en-Naucalpan-edomex-dic.jpg?resize=350%2C200&ssl=1 1x, https:\/\/i0.wp.com\/www.grieta.org.mx\/wp-content\/uploads\/2019\/12\/Evitan-nuevo-intento-de-desalojo-en-casa-hogar-de-ni%C3%B1os-con-discapacidad-en-Naucalpan-edomex-dic.jpg?resize=525%2C300&ssl=1 1.5x"},"classes":[]}],"_links":{"self":[{"href":"https:\/\/www.grieta.org.mx\/index.php\/wp-json\/wp\/v2\/posts\/12316","targetHints":{"allow":["GET"]}}],"collection":[{"href":"https:\/\/www.grieta.org.mx\/index.php\/wp-json\/wp\/v2\/posts"}],"about":[{"href":"https:\/\/www.grieta.org.mx\/index.php\/wp-json\/wp\/v2\/types\/post"}],"author":[{"embeddable":true,"href":"https:\/\/www.grieta.org.mx\/index.php\/wp-json\/wp\/v2\/users\/2"}],"replies":[{"embeddable":true,"href":"https:\/\/www.grieta.org.mx\/index.php\/wp-json\/wp\/v2\/comments?post=12316"}],"version-history":[{"count":1,"href":"https:\/\/www.grieta.org.mx\/index.php\/wp-json\/wp\/v2\/posts\/12316\/revisions"}],"predecessor-version":[{"id":12318,"href":"https:\/\/www.grieta.org.mx\/index.php\/wp-json\/wp\/v2\/posts\/12316\/revisions\/12318"}],"wp:featuredmedia":[{"embeddable":true,"href":"https:\/\/www.grieta.org.mx\/index.php\/wp-json\/wp\/v2\/media\/21928"}],"wp:attachment":[{"href":"https:\/\/www.grieta.org.mx\/index.php\/wp-json\/wp\/v2\/media?parent=12316"}],"wp:term":[{"taxonomy":"category","embeddable":true,"href":"https:\/\/www.grieta.org.mx\/index.php\/wp-json\/wp\/v2\/categories?post=12316"},{"taxonomy":"post_tag","embeddable":true,"href":"https:\/\/www.grieta.org.mx\/index.php\/wp-json\/wp\/v2\/tags?post=12316"}],"curies":[{"name":"wp","href":"https:\/\/api.w.org\/{rel}","templated":true}]}}