{"id":12278,"date":"2016-05-03T18:31:13","date_gmt":"2016-05-03T18:31:13","guid":{"rendered":"http:\/\/www.grieta.org.mx\/?p=12278"},"modified":"2016-05-15T18:32:30","modified_gmt":"2016-05-15T18:32:30","slug":"retiran-ambulantes-del-paradero-metro-chapultepec-ssp-cdmx-vigila-la-zona","status":"publish","type":"post","link":"https:\/\/www.grieta.org.mx\/index.php\/2016\/05\/03\/retiran-ambulantes-del-paradero-metro-chapultepec-ssp-cdmx-vigila-la-zona\/","title":{"rendered":"Retiran ambulantes del paradero Metro Chapultepec; SSP-CDMX vigila la zona"},"content":{"rendered":"<p><img decoding=\"async\" data-attachment-id=\"12279\" data-permalink=\"https:\/\/www.grieta.org.mx\/index.php\/2016\/05\/03\/retiran-ambulantes-del-paradero-metro-chapultepec-ssp-cdmx-vigila-la-zona\/960794_npadvmainfea\/\" data-orig-file=\"https:\/\/www.grieta.org.mx\/wp-content\/uploads\/2016\/05\/960794_NpAdvMainFea.jpg\" data-orig-size=\"478,289\" data-comments-opened=\"0\" data-image-meta=\"{&quot;aperture&quot;:&quot;0&quot;,&quot;credit&quot;:&quot;&quot;,&quot;camera&quot;:&quot;&quot;,&quot;caption&quot;:&quot;&quot;,&quot;created_timestamp&quot;:&quot;0&quot;,&quot;copyright&quot;:&quot;&quot;,&quot;focal_length&quot;:&quot;0&quot;,&quot;iso&quot;:&quot;0&quot;,&quot;shutter_speed&quot;:&quot;0&quot;,&quot;title&quot;:&quot;&quot;,&quot;orientation&quot;:&quot;0&quot;}\" data-image-title=\"960794_NpAdvMainFea\" data-image-description=\"\" data-image-caption=\"\" data-medium-file=\"https:\/\/www.grieta.org.mx\/wp-content\/uploads\/2016\/05\/960794_NpAdvMainFea-300x181.jpg\" data-large-file=\"https:\/\/www.grieta.org.mx\/wp-content\/uploads\/2016\/05\/960794_NpAdvMainFea.jpg\" src=\"http:\/\/www.grieta.org.mx\/wp-content\/uploads\/2016\/05\/960794_NpAdvMainFea.jpg\" alt=\"960794_NpAdvMainFea\" width=\"100%\" class=\"aligncenter size-full wp-image-12279\" srcset=\"https:\/\/www.grieta.org.mx\/wp-content\/uploads\/2016\/05\/960794_NpAdvMainFea.jpg 478w, https:\/\/www.grieta.org.mx\/wp-content\/uploads\/2016\/05\/960794_NpAdvMainFea-300x181.jpg 300w\" sizes=\"(max-width: 478px) 100vw, 478px\" \/><\/p>\n<p>La acci\u00f3n se debe a obras de remodelaci\u00f3n y construcci\u00f3n del nuevo Cetram<br \/>\nFoto: Cuartoscuro<\/p>\n<p>Polic\u00edas capitalinos fueron desplegados en el per\u00edmetro conformado por Chapultepec, Circuito Interior, Lieja y Reforma, a fin de vigilar que las inmediaciones de la estaci\u00f3n Chapultepec del metro se mantenga libre de vendedores ambulantes.<\/p>\n<p>La presencia policial pretende evitar que los comerciantes informales regresen al lugar, luego de que la v\u00edspera ellos mismos desmantelaron sus puestos, debido a las obras de remodelaci\u00f3n y construcci\u00f3n del nuevo Centro de Transferencia Modal (Cetram).<\/p>\n<p>Mientras personal del gobierno capitalino realiz\u00f3 la limpieza de la zona, integrantes del Cetram con chalecos amarillos y rosa orientaron a los usuarios del transporte p\u00fablico ante la reubicaci\u00f3n de las rutas que dan servicio en este paradero.<\/p>\n<p>Largas filas se formaron para que las personas pudieran abordar camiones y microbuses, as\u00ed como las unidades de la Red de Transporte de Pasajeros (RTP).<\/p>\n<p><a href=\"http:\/\/www.24-horas.mx\/retiran-ambulantes-del-paradero-metro-chapultepec-ssp-cdmx-vigila-la-zona\/\" target=\"_blank\">http:\/\/www.24-horas.mx\/retiran-ambulantes-del-paradero-metro-chapultepec-ssp-cdmx-vigila-la-zona\/<\/a><\/p>\n","protected":false},"excerpt":{"rendered":"<p>La acci\u00f3n se debe a obras de remodelaci\u00f3n y construcci\u00f3n del nuevo Cetram Foto: Cuartoscuro Polic\u00edas capitalinos fueron desplegados en el per\u00edmetro conformado por Chapultepec, Circuito Interior, Lieja y Reforma, &hellip; <a href=\"https:\/\/www.grieta.org.mx\/index.php\/2016\/05\/03\/retiran-ambulantes-del-paradero-metro-chapultepec-ssp-cdmx-vigila-la-zona\/\" class=\"more-link\">Leer m\u00e1s<\/a><\/p>\n","protected":false},"author":2,"featured_media":21928,"comment_status":"closed","ping_status":"closed","sticky":false,"template":"","format":"standard","meta":{"ngg_post_thumbnail":0,"_jetpack_newsletter_access":"","_jetpack_dont_email_post_to_subs":false,"_jetpack_newsletter_tier_id":0,"_jetpack_memberships_contains_paywalled_content":false,"_jetpack_memberships_contains_paid_content":false,"footnotes":""},"categories":[598,80],"tags":[657,184,130],"class_list":["post-12278","post","type-post","status-publish","format-standard","has-post-thumbnail","hentry","category-cdmx","category-cintillo","tag-comerciantes","tag-despojo","tag-represion","entry"],"jetpack_featured_media_url":"https:\/\/www.grieta.org.mx\/wp-content\/uploads\/2018\/03\/14524434_1106112876131411_958039263622046936_o.jpg","jetpack_sharing_enabled":true,"jetpack_shortlink":"https:\/\/wp.me\/p7ZJR4-3c2","jetpack_likes_enabled":false,"jetpack-related-posts":[{"id":19002,"url":"https:\/\/www.grieta.org.mx\/index.php\/2016\/08\/03\/proyecto-comercial-cetram-chapultepec-traera-afectaciones-sociales-y-ambientales\/","url_meta":{"origin":12278,"position":0},"title":"Proyecto comercial Cetram Chapultepec traer\u00e1 afectaciones sociales y ambientales","author":"grieta","date":"3 agosto, 2016","format":false,"excerpt":"Desinform\u00e9monos| Ciudad de M\u00e9xico. 3\/08\/2016.- Habitantes de la colonia Roma y Ju\u00e1rez, en la Ciudad de M\u00e9xico, exigen frenar trabajos del Centro de Transferencia Modal (Cetram) Chapultepec, que, se\u00f1alan, traer\u00e1 la privatizaci\u00f3n de una parte del bosque as\u00ed como altos costos econ\u00f3micos, sociales y ambientales a la ciudad con la\u2026","rel":"","context":"En &quot;cdmx&quot;","block_context":{"text":"cdmx","link":"https:\/\/www.grieta.org.mx\/index.php\/category\/cdmx\/"},"img":{"alt_text":"","src":"https:\/\/i0.wp.com\/www.grieta.org.mx\/wp-content\/uploads\/2018\/03\/14524434_1106112876131411_958039263622046936_o.jpg?resize=350%2C200&ssl=1","width":350,"height":200,"srcset":"https:\/\/i0.wp.com\/www.grieta.org.mx\/wp-content\/uploads\/2018\/03\/14524434_1106112876131411_958039263622046936_o.jpg?resize=350%2C200&ssl=1 1x, https:\/\/i0.wp.com\/www.grieta.org.mx\/wp-content\/uploads\/2018\/03\/14524434_1106112876131411_958039263622046936_o.jpg?resize=525%2C300&ssl=1 1.5x, https:\/\/i0.wp.com\/www.grieta.org.mx\/wp-content\/uploads\/2018\/03\/14524434_1106112876131411_958039263622046936_o.jpg?resize=700%2C400&ssl=1 2x"},"classes":[]},{"id":12282,"url":"https:\/\/www.grieta.org.mx\/index.php\/2016\/05\/11\/crean-frente-contra-obras-en-paradero-chapultepec\/","url_meta":{"origin":12278,"position":1},"title":"Crean frente contra obras en paradero Chapultepec","author":"grieta","date":"11 mayo, 2016","format":false,"excerpt":"Vecinos informaron que en la zona se construir\u00e1n dos torres, un edificio de 41 niveles para oficina y otro de 16 para uso mixto; adem\u00e1s de un centro comercial de tres niveles. Vecinos de las delegaciones Cuauht\u00e9moc y Miguel Hidalgo formaron un frente en Defensa del Bosque de Chapultepec para\u2026","rel":"","context":"En &quot;cdmx&quot;","block_context":{"text":"cdmx","link":"https:\/\/www.grieta.org.mx\/index.php\/category\/cdmx\/"},"img":{"alt_text":"","src":"https:\/\/i0.wp.com\/www.grieta.org.mx\/wp-content\/uploads\/2018\/03\/14524434_1106112876131411_958039263622046936_o.jpg?resize=350%2C200&ssl=1","width":350,"height":200,"srcset":"https:\/\/i0.wp.com\/www.grieta.org.mx\/wp-content\/uploads\/2018\/03\/14524434_1106112876131411_958039263622046936_o.jpg?resize=350%2C200&ssl=1 1x, https:\/\/i0.wp.com\/www.grieta.org.mx\/wp-content\/uploads\/2018\/03\/14524434_1106112876131411_958039263622046936_o.jpg?resize=525%2C300&ssl=1 1.5x, https:\/\/i0.wp.com\/www.grieta.org.mx\/wp-content\/uploads\/2018\/03\/14524434_1106112876131411_958039263622046936_o.jpg?resize=700%2C400&ssl=1 2x"},"classes":[]},{"id":12271,"url":"https:\/\/www.grieta.org.mx\/index.php\/2016\/05\/04\/se-enfrentan-granaderos-y-comerciantes-frente-al-zocalo-cdmx\/","url_meta":{"origin":12278,"position":2},"title":"Se enfrentan granaderos y comerciantes frente al Z\u00f3calo (CDMX)","author":"grieta","date":"4 mayo, 2016","format":false,"excerpt":"Elementos del cuerpo de Granaderos de la Secretar\u00eda de Seguridad P\u00fablica (SSP) capitalina se enfrentaron esta ma\u00f1ana con comerciantes del Bosque de Arag\u00f3n y del paradero del Metro Chapultepec sobre la avenida 20 de Noviembre, frente al Z\u00f3calo de la Ciudad de M\u00e9xico. FOTO: Karla Mora | 24 HORAS Los\u2026","rel":"","context":"En &quot;cdmx&quot;","block_context":{"text":"cdmx","link":"https:\/\/www.grieta.org.mx\/index.php\/category\/cdmx\/"},"img":{"alt_text":"","src":"https:\/\/i0.wp.com\/www.grieta.org.mx\/wp-content\/uploads\/2018\/03\/14524434_1106112876131411_958039263622046936_o.jpg?resize=350%2C200&ssl=1","width":350,"height":200,"srcset":"https:\/\/i0.wp.com\/www.grieta.org.mx\/wp-content\/uploads\/2018\/03\/14524434_1106112876131411_958039263622046936_o.jpg?resize=350%2C200&ssl=1 1x, https:\/\/i0.wp.com\/www.grieta.org.mx\/wp-content\/uploads\/2018\/03\/14524434_1106112876131411_958039263622046936_o.jpg?resize=525%2C300&ssl=1 1.5x, https:\/\/i0.wp.com\/www.grieta.org.mx\/wp-content\/uploads\/2018\/03\/14524434_1106112876131411_958039263622046936_o.jpg?resize=700%2C400&ssl=1 2x"},"classes":[]},{"id":10739,"url":"https:\/\/www.grieta.org.mx\/index.php\/2016\/05\/31\/desalojo-de-puestos-de-trabajo-de-comerciantes-en-la-ciudad-de-mexico\/","url_meta":{"origin":12278,"position":3},"title":"Desalojos de comerciantes en la Ciudad de M\u00e9xico","author":"grieta","date":"31 mayo, 2016","format":false,"excerpt":"31\/05\/16. Denuncian comerciantes cacer\u00eda para quitarlos del paradero de CULa Jornada 11\/05\/16. Crean frente contra obras en paradero ChapultepecEl Universal 04\/05\/16. Se enfrentan granaderos y comerciantes frente al Z\u00f3calo (CDMX)Cr\u00f3nica del Poder 03\/05\/16. Retiran ambulantes del paradero Metro Chapultepec; SSP-CDMX vigila la zona24 Horas 28\/04\/16. Represi\u00f3n contra locatarios del mercado\u2026","rel":"","context":"En &quot;Ciudad de M\u00e9xico&quot;","block_context":{"text":"Ciudad de M\u00e9xico","link":"https:\/\/www.grieta.org.mx\/index.php\/category\/noticias-nacionales\/ciudad-de-mexico\/"},"img":{"alt_text":"","src":"https:\/\/i0.wp.com\/www.grieta.org.mx\/wp-content\/uploads\/2018\/03\/14524434_1106112876131411_958039263622046936_o.jpg?resize=350%2C200&ssl=1","width":350,"height":200,"srcset":"https:\/\/i0.wp.com\/www.grieta.org.mx\/wp-content\/uploads\/2018\/03\/14524434_1106112876131411_958039263622046936_o.jpg?resize=350%2C200&ssl=1 1x, https:\/\/i0.wp.com\/www.grieta.org.mx\/wp-content\/uploads\/2018\/03\/14524434_1106112876131411_958039263622046936_o.jpg?resize=525%2C300&ssl=1 1.5x, https:\/\/i0.wp.com\/www.grieta.org.mx\/wp-content\/uploads\/2018\/03\/14524434_1106112876131411_958039263622046936_o.jpg?resize=700%2C400&ssl=1 2x"},"classes":[]},{"id":9630,"url":"https:\/\/www.grieta.org.mx\/index.php\/2016\/08\/11\/oposicion-a-la-construccion-de-centros-comerciales-en-la-ciudad-de-mexico\/","url_meta":{"origin":12278,"position":4},"title":"Oposici\u00f3n a la construcci\u00f3n de Centros Comerciales en la Ciudad de M\u00e9xico","author":"grieta","date":"11 agosto, 2016","format":false,"excerpt":"11\/08\/16. Dudan vecinos que la demolici\u00f3n del Estadio Azul sea ben\u00e9fica (CDMX) El big data 03\/08\/16. Proyecto comercial Cetram Chapultepec traer\u00e1 afectaciones sociales y ambientales Desinform\u00e9monos 30\/06\/16. Rechazan apertura de Chedraui (CDMX) El Universal 21\/04\/16. Locatarios bloquean la circulaci\u00f3n de Rojo G\u00f3mez El Universal 28\/03\/16. La amenaza en Coapa Reporte\u2026","rel":"","context":"En &quot;Ciudad de M\u00e9xico&quot;","block_context":{"text":"Ciudad de M\u00e9xico","link":"https:\/\/www.grieta.org.mx\/index.php\/category\/noticias-nacionales\/ciudad-de-mexico\/"},"img":{"alt_text":"","src":"https:\/\/i0.wp.com\/www.grieta.org.mx\/wp-content\/uploads\/2018\/03\/14524434_1106112876131411_958039263622046936_o.jpg?resize=350%2C200&ssl=1","width":350,"height":200,"srcset":"https:\/\/i0.wp.com\/www.grieta.org.mx\/wp-content\/uploads\/2018\/03\/14524434_1106112876131411_958039263622046936_o.jpg?resize=350%2C200&ssl=1 1x, https:\/\/i0.wp.com\/www.grieta.org.mx\/wp-content\/uploads\/2018\/03\/14524434_1106112876131411_958039263622046936_o.jpg?resize=525%2C300&ssl=1 1.5x, https:\/\/i0.wp.com\/www.grieta.org.mx\/wp-content\/uploads\/2018\/03\/14524434_1106112876131411_958039263622046936_o.jpg?resize=700%2C400&ssl=1 2x"},"classes":[]},{"id":20824,"url":"https:\/\/www.grieta.org.mx\/index.php\/2015\/12\/01\/oasis-coyoacan-la-captura-de-lo-publico-por-lo-privado\/","url_meta":{"origin":12278,"position":5},"title":"Oasis Coyoac\u00e1n, la captura de lo p\u00fablico por lo privado","author":"grieta","date":"1 diciembre, 2015","format":false,"excerpt":"Salvador Medina Las nuevas edificaciones en la ciudad est\u00e1n sujetas a regulaci\u00f3n, ya que pueden generar efectos negativos palpables sobre la poblaci\u00f3n de la zona en que se construyen. Por ejemplo, si se trata de grandes desarrollos comerciales, pueden atraer una enorme cantidad de poblaci\u00f3n flotante en autom\u00f3vil y resultar\u2026","rel":"","context":"En &quot;cdmx&quot;","block_context":{"text":"cdmx","link":"https:\/\/www.grieta.org.mx\/index.php\/category\/cdmx\/"},"img":{"alt_text":"","src":"https:\/\/i0.wp.com\/www.grieta.org.mx\/wp-content\/uploads\/2018\/03\/14524434_1106112876131411_958039263622046936_o.jpg?resize=350%2C200&ssl=1","width":350,"height":200,"srcset":"https:\/\/i0.wp.com\/www.grieta.org.mx\/wp-content\/uploads\/2018\/03\/14524434_1106112876131411_958039263622046936_o.jpg?resize=350%2C200&ssl=1 1x, https:\/\/i0.wp.com\/www.grieta.org.mx\/wp-content\/uploads\/2018\/03\/14524434_1106112876131411_958039263622046936_o.jpg?resize=525%2C300&ssl=1 1.5x, https:\/\/i0.wp.com\/www.grieta.org.mx\/wp-content\/uploads\/2018\/03\/14524434_1106112876131411_958039263622046936_o.jpg?resize=700%2C400&ssl=1 2x"},"classes":[]}],"_links":{"self":[{"href":"https:\/\/www.grieta.org.mx\/index.php\/wp-json\/wp\/v2\/posts\/12278","targetHints":{"allow":["GET"]}}],"collection":[{"href":"https:\/\/www.grieta.org.mx\/index.php\/wp-json\/wp\/v2\/posts"}],"about":[{"href":"https:\/\/www.grieta.org.mx\/index.php\/wp-json\/wp\/v2\/types\/post"}],"author":[{"embeddable":true,"href":"https:\/\/www.grieta.org.mx\/index.php\/wp-json\/wp\/v2\/users\/2"}],"replies":[{"embeddable":true,"href":"https:\/\/www.grieta.org.mx\/index.php\/wp-json\/wp\/v2\/comments?post=12278"}],"version-history":[{"count":1,"href":"https:\/\/www.grieta.org.mx\/index.php\/wp-json\/wp\/v2\/posts\/12278\/revisions"}],"predecessor-version":[{"id":12280,"href":"https:\/\/www.grieta.org.mx\/index.php\/wp-json\/wp\/v2\/posts\/12278\/revisions\/12280"}],"wp:featuredmedia":[{"embeddable":true,"href":"https:\/\/www.grieta.org.mx\/index.php\/wp-json\/wp\/v2\/media\/21928"}],"wp:attachment":[{"href":"https:\/\/www.grieta.org.mx\/index.php\/wp-json\/wp\/v2\/media?parent=12278"}],"wp:term":[{"taxonomy":"category","embeddable":true,"href":"https:\/\/www.grieta.org.mx\/index.php\/wp-json\/wp\/v2\/categories?post=12278"},{"taxonomy":"post_tag","embeddable":true,"href":"https:\/\/www.grieta.org.mx\/index.php\/wp-json\/wp\/v2\/tags?post=12278"}],"curies":[{"name":"wp","href":"https:\/\/api.w.org\/{rel}","templated":true}]}}