{"id":12271,"date":"2016-05-04T18:23:35","date_gmt":"2016-05-04T18:23:35","guid":{"rendered":"http:\/\/www.grieta.org.mx\/?p=12271"},"modified":"2016-05-15T18:29:29","modified_gmt":"2016-05-15T18:29:29","slug":"se-enfrentan-granaderos-y-comerciantes-frente-al-zocalo-cdmx","status":"publish","type":"post","link":"https:\/\/www.grieta.org.mx\/index.php\/2016\/05\/04\/se-enfrentan-granaderos-y-comerciantes-frente-al-zocalo-cdmx\/","title":{"rendered":"Se enfrentan granaderos y comerciantes frente al Z\u00f3calo (CDMX)"},"content":{"rendered":"<p>Elementos del cuerpo de Granaderos de la Secretar\u00eda de Seguridad P\u00fablica (SSP) capitalina se enfrentaron esta ma\u00f1ana con comerciantes del Bosque de Arag\u00f3n y del paradero del Metro Chapultepec sobre la avenida 20 de Noviembre, frente al Z\u00f3calo de la Ciudad de M\u00e9xico.<\/p>\n<p><img decoding=\"async\" data-attachment-id=\"12272\" data-permalink=\"https:\/\/www.grieta.org.mx\/index.php\/2016\/05\/04\/se-enfrentan-granaderos-y-comerciantes-frente-al-zocalo-cdmx\/se-enfrentan-granaderos-y-comerciantes-frente-al-zocalo-fotos\/\" data-orig-file=\"https:\/\/www.grieta.org.mx\/wp-content\/uploads\/2016\/05\/se-enfrentan-granaderos-y-comerciantes-frente-al-zocalo-fotos.jpg\" data-orig-size=\"300,181\" data-comments-opened=\"0\" data-image-meta=\"{&quot;aperture&quot;:&quot;0&quot;,&quot;credit&quot;:&quot;&quot;,&quot;camera&quot;:&quot;&quot;,&quot;caption&quot;:&quot;&quot;,&quot;created_timestamp&quot;:&quot;0&quot;,&quot;copyright&quot;:&quot;&quot;,&quot;focal_length&quot;:&quot;0&quot;,&quot;iso&quot;:&quot;0&quot;,&quot;shutter_speed&quot;:&quot;0&quot;,&quot;title&quot;:&quot;&quot;,&quot;orientation&quot;:&quot;0&quot;}\" data-image-title=\"se-enfrentan-granaderos-y-comerciantes-frente-al-zocalo-fotos\" data-image-description=\"\" data-image-caption=\"\" data-medium-file=\"https:\/\/www.grieta.org.mx\/wp-content\/uploads\/2016\/05\/se-enfrentan-granaderos-y-comerciantes-frente-al-zocalo-fotos-300x181.jpg\" data-large-file=\"https:\/\/www.grieta.org.mx\/wp-content\/uploads\/2016\/05\/se-enfrentan-granaderos-y-comerciantes-frente-al-zocalo-fotos.jpg\" src=\"http:\/\/www.grieta.org.mx\/wp-content\/uploads\/2016\/05\/se-enfrentan-granaderos-y-comerciantes-frente-al-zocalo-fotos.jpg\" alt=\"se-enfrentan-granaderos-y-comerciantes-frente-al-zocalo-fotos\" width=\"100%\" class=\"aligncenter size-full wp-image-12272\" \/><\/p>\n<p>FOTO: Karla Mora | 24 HORAS<\/p>\n<p><img decoding=\"async\" data-attachment-id=\"12273\" data-permalink=\"https:\/\/www.grieta.org.mx\/index.php\/2016\/05\/04\/se-enfrentan-granaderos-y-comerciantes-frente-al-zocalo-cdmx\/comerciantes_granaderos_1\/\" data-orig-file=\"https:\/\/www.grieta.org.mx\/wp-content\/uploads\/2016\/05\/comerciantes_granaderos_1.jpg\" data-orig-size=\"1032,581\" data-comments-opened=\"0\" data-image-meta=\"{&quot;aperture&quot;:&quot;0&quot;,&quot;credit&quot;:&quot;&quot;,&quot;camera&quot;:&quot;&quot;,&quot;caption&quot;:&quot;&quot;,&quot;created_timestamp&quot;:&quot;0&quot;,&quot;copyright&quot;:&quot;&quot;,&quot;focal_length&quot;:&quot;0&quot;,&quot;iso&quot;:&quot;0&quot;,&quot;shutter_speed&quot;:&quot;0&quot;,&quot;title&quot;:&quot;&quot;,&quot;orientation&quot;:&quot;0&quot;}\" data-image-title=\"comerciantes_granaderos_1\" data-image-description=\"\" data-image-caption=\"\" data-medium-file=\"https:\/\/www.grieta.org.mx\/wp-content\/uploads\/2016\/05\/comerciantes_granaderos_1-300x169.jpg\" data-large-file=\"https:\/\/www.grieta.org.mx\/wp-content\/uploads\/2016\/05\/comerciantes_granaderos_1-1024x576.jpg\" src=\"http:\/\/www.grieta.org.mx\/wp-content\/uploads\/2016\/05\/comerciantes_granaderos_1.jpg\" alt=\"comerciantes_granaderos_1\" width=\"100%\" class=\"aligncenter size-full wp-image-12273\" srcset=\"https:\/\/www.grieta.org.mx\/wp-content\/uploads\/2016\/05\/comerciantes_granaderos_1.jpg 1032w, https:\/\/www.grieta.org.mx\/wp-content\/uploads\/2016\/05\/comerciantes_granaderos_1-300x169.jpg 300w, https:\/\/www.grieta.org.mx\/wp-content\/uploads\/2016\/05\/comerciantes_granaderos_1-768x432.jpg 768w, https:\/\/www.grieta.org.mx\/wp-content\/uploads\/2016\/05\/comerciantes_granaderos_1-1024x576.jpg 1024w\" sizes=\"(max-width: 1032px) 100vw, 1032px\" \/><\/p>\n<p>Los comerciantes del Bosque de Chapultepec se manifestaban en el lugar porque ayer fueron retirados del Cetram, en tanto, los del Bosque de Arag\u00f3n exigen no ser quitados de su lugar de trabajo.<\/p>\n<p><img decoding=\"async\" data-attachment-id=\"12274\" data-permalink=\"https:\/\/www.grieta.org.mx\/index.php\/2016\/05\/04\/se-enfrentan-granaderos-y-comerciantes-frente-al-zocalo-cdmx\/comerciantes_granaderos_2\/\" data-orig-file=\"https:\/\/www.grieta.org.mx\/wp-content\/uploads\/2016\/05\/comerciantes_granaderos_2.jpg\" data-orig-size=\"1032,581\" data-comments-opened=\"0\" data-image-meta=\"{&quot;aperture&quot;:&quot;0&quot;,&quot;credit&quot;:&quot;&quot;,&quot;camera&quot;:&quot;&quot;,&quot;caption&quot;:&quot;&quot;,&quot;created_timestamp&quot;:&quot;0&quot;,&quot;copyright&quot;:&quot;&quot;,&quot;focal_length&quot;:&quot;0&quot;,&quot;iso&quot;:&quot;0&quot;,&quot;shutter_speed&quot;:&quot;0&quot;,&quot;title&quot;:&quot;&quot;,&quot;orientation&quot;:&quot;0&quot;}\" data-image-title=\"comerciantes_granaderos_2\" data-image-description=\"\" data-image-caption=\"\" data-medium-file=\"https:\/\/www.grieta.org.mx\/wp-content\/uploads\/2016\/05\/comerciantes_granaderos_2-300x169.jpg\" data-large-file=\"https:\/\/www.grieta.org.mx\/wp-content\/uploads\/2016\/05\/comerciantes_granaderos_2-1024x576.jpg\" src=\"http:\/\/www.grieta.org.mx\/wp-content\/uploads\/2016\/05\/comerciantes_granaderos_2.jpg\" alt=\"comerciantes_granaderos_2\" width=\"100%\" class=\"aligncenter size-full wp-image-12274\" srcset=\"https:\/\/www.grieta.org.mx\/wp-content\/uploads\/2016\/05\/comerciantes_granaderos_2.jpg 1032w, https:\/\/www.grieta.org.mx\/wp-content\/uploads\/2016\/05\/comerciantes_granaderos_2-300x169.jpg 300w, https:\/\/www.grieta.org.mx\/wp-content\/uploads\/2016\/05\/comerciantes_granaderos_2-768x432.jpg 768w, https:\/\/www.grieta.org.mx\/wp-content\/uploads\/2016\/05\/comerciantes_granaderos_2-1024x576.jpg 1024w\" sizes=\"(max-width: 1032px) 100vw, 1032px\" \/><\/p>\n<p>FOTO: Karla Mora | 24 HORAS<\/p>\n<p>La trifulca inici\u00f3 luego que polic\u00edas se llevaron un remolque con caballos que los comerciantes usan para cobrar paseos en el Bosque de Arag\u00f3n.<\/p>\n<p><img decoding=\"async\" data-attachment-id=\"12275\" data-permalink=\"https:\/\/www.grieta.org.mx\/index.php\/2016\/05\/04\/se-enfrentan-granaderos-y-comerciantes-frente-al-zocalo-cdmx\/comerciantes_granaderos_3\/\" data-orig-file=\"https:\/\/www.grieta.org.mx\/wp-content\/uploads\/2016\/05\/comerciantes_granaderos_3.jpg\" data-orig-size=\"1032,581\" data-comments-opened=\"0\" data-image-meta=\"{&quot;aperture&quot;:&quot;0&quot;,&quot;credit&quot;:&quot;&quot;,&quot;camera&quot;:&quot;&quot;,&quot;caption&quot;:&quot;&quot;,&quot;created_timestamp&quot;:&quot;0&quot;,&quot;copyright&quot;:&quot;&quot;,&quot;focal_length&quot;:&quot;0&quot;,&quot;iso&quot;:&quot;0&quot;,&quot;shutter_speed&quot;:&quot;0&quot;,&quot;title&quot;:&quot;&quot;,&quot;orientation&quot;:&quot;0&quot;}\" data-image-title=\"comerciantes_granaderos_3\" data-image-description=\"\" data-image-caption=\"\" data-medium-file=\"https:\/\/www.grieta.org.mx\/wp-content\/uploads\/2016\/05\/comerciantes_granaderos_3-300x169.jpg\" data-large-file=\"https:\/\/www.grieta.org.mx\/wp-content\/uploads\/2016\/05\/comerciantes_granaderos_3-1024x576.jpg\" src=\"http:\/\/www.grieta.org.mx\/wp-content\/uploads\/2016\/05\/comerciantes_granaderos_3.jpg\" alt=\"comerciantes_granaderos_3\" width=\"100%\" class=\"aligncenter size-full wp-image-12275\" srcset=\"https:\/\/www.grieta.org.mx\/wp-content\/uploads\/2016\/05\/comerciantes_granaderos_3.jpg 1032w, https:\/\/www.grieta.org.mx\/wp-content\/uploads\/2016\/05\/comerciantes_granaderos_3-300x169.jpg 300w, https:\/\/www.grieta.org.mx\/wp-content\/uploads\/2016\/05\/comerciantes_granaderos_3-768x432.jpg 768w, https:\/\/www.grieta.org.mx\/wp-content\/uploads\/2016\/05\/comerciantes_granaderos_3-1024x576.jpg 1024w\" sizes=\"(max-width: 1032px) 100vw, 1032px\" \/><\/p>\n<p>FOTO: Karla Mora | 24 HORAS<\/p>\n<p>Se trata de aproximadamente 538 vendedores afectados del Bosque de Arag\u00f3n.<\/p>\n<p>En tanto, la circulaci\u00f3n vehicular en 20 de Noviembre, a la altura de Venustiano Carranza, fue cerrada debido a la presencia de manifestantes, report\u00f3 el Centro de Orientaci\u00f3n Vial.<\/p>\n<p><a href=\"http:\/\/cronicadelpoder.com\/seguridad-publica\/201605\/se-enfrentan-granaderos-y-comerciantes-frente-al-zocalo-fotos\" target=\"_blank\">http:\/\/cronicadelpoder.com\/seguridad-publica\/201605\/se-enfrentan-granaderos-y-comerciantes-frente-al-zocalo-fotos<\/a><\/p>\n","protected":false},"excerpt":{"rendered":"<p>Elementos del cuerpo de Granaderos de la Secretar\u00eda de Seguridad P\u00fablica (SSP) capitalina se enfrentaron esta ma\u00f1ana con comerciantes del Bosque de Arag\u00f3n y del paradero del Metro Chapultepec sobre &hellip; <a href=\"https:\/\/www.grieta.org.mx\/index.php\/2016\/05\/04\/se-enfrentan-granaderos-y-comerciantes-frente-al-zocalo-cdmx\/\" class=\"more-link\">Leer m\u00e1s<\/a><\/p>\n","protected":false},"author":2,"featured_media":21928,"comment_status":"closed","ping_status":"closed","sticky":false,"template":"","format":"standard","meta":{"ngg_post_thumbnail":0,"_jetpack_newsletter_access":"","_jetpack_dont_email_post_to_subs":false,"_jetpack_newsletter_tier_id":0,"_jetpack_memberships_contains_paywalled_content":false,"_jetpack_memberships_contains_paid_content":false,"footnotes":""},"categories":[598,80],"tags":[184,130],"class_list":["post-12271","post","type-post","status-publish","format-standard","has-post-thumbnail","hentry","category-cdmx","category-cintillo","tag-despojo","tag-represion","entry"],"jetpack_featured_media_url":"https:\/\/www.grieta.org.mx\/wp-content\/uploads\/2018\/03\/14524434_1106112876131411_958039263622046936_o.jpg","jetpack_sharing_enabled":true,"jetpack_shortlink":"https:\/\/wp.me\/p7ZJR4-3bV","jetpack_likes_enabled":false,"jetpack-related-posts":[{"id":10739,"url":"https:\/\/www.grieta.org.mx\/index.php\/2016\/05\/31\/desalojo-de-puestos-de-trabajo-de-comerciantes-en-la-ciudad-de-mexico\/","url_meta":{"origin":12271,"position":0},"title":"Desalojos de comerciantes en la Ciudad de M\u00e9xico","author":"grieta","date":"31 mayo, 2016","format":false,"excerpt":"31\/05\/16. Denuncian comerciantes cacer\u00eda para quitarlos del paradero de CULa Jornada 11\/05\/16. Crean frente contra obras en paradero ChapultepecEl Universal 04\/05\/16. Se enfrentan granaderos y comerciantes frente al Z\u00f3calo (CDMX)Cr\u00f3nica del Poder 03\/05\/16. Retiran ambulantes del paradero Metro Chapultepec; SSP-CDMX vigila la zona24 Horas 28\/04\/16. Represi\u00f3n contra locatarios del mercado\u2026","rel":"","context":"En &quot;Ciudad de M\u00e9xico&quot;","block_context":{"text":"Ciudad de M\u00e9xico","link":"https:\/\/www.grieta.org.mx\/index.php\/category\/noticias-nacionales\/ciudad-de-mexico\/"},"img":{"alt_text":"","src":"https:\/\/i0.wp.com\/www.grieta.org.mx\/wp-content\/uploads\/2018\/03\/14524434_1106112876131411_958039263622046936_o.jpg?resize=350%2C200&ssl=1","width":350,"height":200,"srcset":"https:\/\/i0.wp.com\/www.grieta.org.mx\/wp-content\/uploads\/2018\/03\/14524434_1106112876131411_958039263622046936_o.jpg?resize=350%2C200&ssl=1 1x, https:\/\/i0.wp.com\/www.grieta.org.mx\/wp-content\/uploads\/2018\/03\/14524434_1106112876131411_958039263622046936_o.jpg?resize=525%2C300&ssl=1 1.5x, https:\/\/i0.wp.com\/www.grieta.org.mx\/wp-content\/uploads\/2018\/03\/14524434_1106112876131411_958039263622046936_o.jpg?resize=700%2C400&ssl=1 2x"},"classes":[]},{"id":12278,"url":"https:\/\/www.grieta.org.mx\/index.php\/2016\/05\/03\/retiran-ambulantes-del-paradero-metro-chapultepec-ssp-cdmx-vigila-la-zona\/","url_meta":{"origin":12271,"position":1},"title":"Retiran ambulantes del paradero Metro Chapultepec; SSP-CDMX vigila la zona","author":"grieta","date":"3 mayo, 2016","format":false,"excerpt":"La acci\u00f3n se debe a obras de remodelaci\u00f3n y construcci\u00f3n del nuevo Cetram Foto: Cuartoscuro Polic\u00edas capitalinos fueron desplegados en el per\u00edmetro conformado por Chapultepec, Circuito Interior, Lieja y Reforma, a fin de vigilar que las inmediaciones de la estaci\u00f3n Chapultepec del metro se mantenga libre de vendedores ambulantes. La\u2026","rel":"","context":"En &quot;cdmx&quot;","block_context":{"text":"cdmx","link":"https:\/\/www.grieta.org.mx\/index.php\/category\/cdmx\/"},"img":{"alt_text":"","src":"https:\/\/i0.wp.com\/www.grieta.org.mx\/wp-content\/uploads\/2018\/03\/14524434_1106112876131411_958039263622046936_o.jpg?resize=350%2C200&ssl=1","width":350,"height":200,"srcset":"https:\/\/i0.wp.com\/www.grieta.org.mx\/wp-content\/uploads\/2018\/03\/14524434_1106112876131411_958039263622046936_o.jpg?resize=350%2C200&ssl=1 1x, https:\/\/i0.wp.com\/www.grieta.org.mx\/wp-content\/uploads\/2018\/03\/14524434_1106112876131411_958039263622046936_o.jpg?resize=525%2C300&ssl=1 1.5x, https:\/\/i0.wp.com\/www.grieta.org.mx\/wp-content\/uploads\/2018\/03\/14524434_1106112876131411_958039263622046936_o.jpg?resize=700%2C400&ssl=1 2x"},"classes":[]},{"id":9629,"url":"https:\/\/www.grieta.org.mx\/index.php\/2016\/02\/21\/vecinos-denuncian-amenaza-contra-el-bosque-de-chapultepec\/","url_meta":{"origin":12271,"position":2},"title":"Vecinos denuncian amenaza contra el Bosque de Chapultepec","author":"grieta","date":"21 febrero, 2016","format":false,"excerpt":"Somos el medio Mutilar\u00e1n el pulm\u00f3n de la #CDMX para hacer negocio Judith Flores CDMX, 21 de febrero de 2016.- Bajo las consignas \u201cSalvemos Chapultepec\u201d y \u201cEl bosque no se toca\u201d, vecinos de las colonias Roma, Ju\u00e1rez, Cuauht\u00e9moc y Polanco denunciaron que el jefe de gobierno Miguel \u00c1ngel Mancera y\u2026","rel":"","context":"En &quot;CINTILLO&quot;","block_context":{"text":"CINTILLO","link":"https:\/\/www.grieta.org.mx\/index.php\/category\/cintillo\/"},"img":{"alt_text":"","src":"https:\/\/i0.wp.com\/www.grieta.org.mx\/wp-content\/uploads\/2018\/03\/14524434_1106112876131411_958039263622046936_o.jpg?resize=350%2C200&ssl=1","width":350,"height":200,"srcset":"https:\/\/i0.wp.com\/www.grieta.org.mx\/wp-content\/uploads\/2018\/03\/14524434_1106112876131411_958039263622046936_o.jpg?resize=350%2C200&ssl=1 1x, https:\/\/i0.wp.com\/www.grieta.org.mx\/wp-content\/uploads\/2018\/03\/14524434_1106112876131411_958039263622046936_o.jpg?resize=525%2C300&ssl=1 1.5x, https:\/\/i0.wp.com\/www.grieta.org.mx\/wp-content\/uploads\/2018\/03\/14524434_1106112876131411_958039263622046936_o.jpg?resize=700%2C400&ssl=1 2x"},"classes":[]},{"id":12282,"url":"https:\/\/www.grieta.org.mx\/index.php\/2016\/05\/11\/crean-frente-contra-obras-en-paradero-chapultepec\/","url_meta":{"origin":12271,"position":3},"title":"Crean frente contra obras en paradero Chapultepec","author":"grieta","date":"11 mayo, 2016","format":false,"excerpt":"Vecinos informaron que en la zona se construir\u00e1n dos torres, un edificio de 41 niveles para oficina y otro de 16 para uso mixto; adem\u00e1s de un centro comercial de tres niveles. Vecinos de las delegaciones Cuauht\u00e9moc y Miguel Hidalgo formaron un frente en Defensa del Bosque de Chapultepec para\u2026","rel":"","context":"En &quot;cdmx&quot;","block_context":{"text":"cdmx","link":"https:\/\/www.grieta.org.mx\/index.php\/category\/cdmx\/"},"img":{"alt_text":"","src":"https:\/\/i0.wp.com\/www.grieta.org.mx\/wp-content\/uploads\/2018\/03\/14524434_1106112876131411_958039263622046936_o.jpg?resize=350%2C200&ssl=1","width":350,"height":200,"srcset":"https:\/\/i0.wp.com\/www.grieta.org.mx\/wp-content\/uploads\/2018\/03\/14524434_1106112876131411_958039263622046936_o.jpg?resize=350%2C200&ssl=1 1x, https:\/\/i0.wp.com\/www.grieta.org.mx\/wp-content\/uploads\/2018\/03\/14524434_1106112876131411_958039263622046936_o.jpg?resize=525%2C300&ssl=1 1.5x, https:\/\/i0.wp.com\/www.grieta.org.mx\/wp-content\/uploads\/2018\/03\/14524434_1106112876131411_958039263622046936_o.jpg?resize=700%2C400&ssl=1 2x"},"classes":[]},{"id":17423,"url":"https:\/\/www.grieta.org.mx\/index.php\/2016\/07\/21\/cierran-reforma-por-marcha-de-cnte-al-zocalo\/","url_meta":{"origin":12271,"position":4},"title":"Cierran Reforma por marcha de CNTE al Z\u00f3calo","author":"grieta","date":"21 julio, 2016","format":false,"excerpt":"Marco Olvera Se prev\u00e9 que el contingente marche por Paseo de la Reforma, avenida Ju\u00e1rez, 5 de Mayo y Circuito del Z\u00f3calo. Los carriles centrales del Paseo de la Reforma est\u00e1n cerrados debido a que integrantes de la Coordinadora Nacional de Trabajadores de la Educaci\u00f3n (CNTE) marchan hacia el Z\u00f3calo\u2026","rel":"","context":"En &quot;cdmx&quot;","block_context":{"text":"cdmx","link":"https:\/\/www.grieta.org.mx\/index.php\/category\/cdmx\/"},"img":{"alt_text":"","src":"https:\/\/i0.wp.com\/www.grieta.org.mx\/wp-content\/uploads\/2018\/03\/14524434_1106112876131411_958039263622046936_o.jpg?resize=350%2C200&ssl=1","width":350,"height":200,"srcset":"https:\/\/i0.wp.com\/www.grieta.org.mx\/wp-content\/uploads\/2018\/03\/14524434_1106112876131411_958039263622046936_o.jpg?resize=350%2C200&ssl=1 1x, https:\/\/i0.wp.com\/www.grieta.org.mx\/wp-content\/uploads\/2018\/03\/14524434_1106112876131411_958039263622046936_o.jpg?resize=525%2C300&ssl=1 1.5x, https:\/\/i0.wp.com\/www.grieta.org.mx\/wp-content\/uploads\/2018\/03\/14524434_1106112876131411_958039263622046936_o.jpg?resize=700%2C400&ssl=1 2x"},"classes":[]},{"id":9590,"url":"https:\/\/www.grieta.org.mx\/index.php\/2016\/08\/16\/movilizaciones-y-actividades-de-la-cnte-en-la-ciudad-de-mexico\/","url_meta":{"origin":12271,"position":5},"title":"Movilizaciones contra la reforma educativa en la Ciudad de M\u00e9xico","author":"grieta","date":"16 agosto, 2016","format":false,"excerpt":"15\/08\/16. Profesores y sociedad marchan en contra de las Reformas Estructurales (CDMX)Somos el medio 21\/07\/16. Cierran Reforma por marcha de CNTE al Z\u00f3caloEl Universal 20\/07\/16. Maestros protestan en Gobernaci\u00f3nEl Universal 11\/07\/16. Bloquean Calzada Zaragoza en apoyo a la CNTESomos el medio 17\/06\/16. La mega-marcha magisterial y popular en Ciudad Monstruo\u2026","rel":"","context":"En &quot;Ciudad de M\u00e9xico&quot;","block_context":{"text":"Ciudad de M\u00e9xico","link":"https:\/\/www.grieta.org.mx\/index.php\/category\/noticias-nacionales\/ciudad-de-mexico\/"},"img":{"alt_text":"","src":"https:\/\/i0.wp.com\/www.grieta.org.mx\/wp-content\/uploads\/2018\/03\/14524434_1106112876131411_958039263622046936_o.jpg?resize=350%2C200&ssl=1","width":350,"height":200,"srcset":"https:\/\/i0.wp.com\/www.grieta.org.mx\/wp-content\/uploads\/2018\/03\/14524434_1106112876131411_958039263622046936_o.jpg?resize=350%2C200&ssl=1 1x, https:\/\/i0.wp.com\/www.grieta.org.mx\/wp-content\/uploads\/2018\/03\/14524434_1106112876131411_958039263622046936_o.jpg?resize=525%2C300&ssl=1 1.5x, https:\/\/i0.wp.com\/www.grieta.org.mx\/wp-content\/uploads\/2018\/03\/14524434_1106112876131411_958039263622046936_o.jpg?resize=700%2C400&ssl=1 2x"},"classes":[]}],"_links":{"self":[{"href":"https:\/\/www.grieta.org.mx\/index.php\/wp-json\/wp\/v2\/posts\/12271","targetHints":{"allow":["GET"]}}],"collection":[{"href":"https:\/\/www.grieta.org.mx\/index.php\/wp-json\/wp\/v2\/posts"}],"about":[{"href":"https:\/\/www.grieta.org.mx\/index.php\/wp-json\/wp\/v2\/types\/post"}],"author":[{"embeddable":true,"href":"https:\/\/www.grieta.org.mx\/index.php\/wp-json\/wp\/v2\/users\/2"}],"replies":[{"embeddable":true,"href":"https:\/\/www.grieta.org.mx\/index.php\/wp-json\/wp\/v2\/comments?post=12271"}],"version-history":[{"count":1,"href":"https:\/\/www.grieta.org.mx\/index.php\/wp-json\/wp\/v2\/posts\/12271\/revisions"}],"predecessor-version":[{"id":12276,"href":"https:\/\/www.grieta.org.mx\/index.php\/wp-json\/wp\/v2\/posts\/12271\/revisions\/12276"}],"wp:featuredmedia":[{"embeddable":true,"href":"https:\/\/www.grieta.org.mx\/index.php\/wp-json\/wp\/v2\/media\/21928"}],"wp:attachment":[{"href":"https:\/\/www.grieta.org.mx\/index.php\/wp-json\/wp\/v2\/media?parent=12271"}],"wp:term":[{"taxonomy":"category","embeddable":true,"href":"https:\/\/www.grieta.org.mx\/index.php\/wp-json\/wp\/v2\/categories?post=12271"},{"taxonomy":"post_tag","embeddable":true,"href":"https:\/\/www.grieta.org.mx\/index.php\/wp-json\/wp\/v2\/tags?post=12271"}],"curies":[{"name":"wp","href":"https:\/\/api.w.org\/{rel}","templated":true}]}}