{"id":12239,"date":"2016-05-09T04:45:28","date_gmt":"2016-05-09T04:45:28","guid":{"rendered":"http:\/\/www.grieta.org.mx\/?p=12239"},"modified":"2016-05-15T04:47:41","modified_gmt":"2016-05-15T04:47:41","slug":"detras-del-arresto-de-mi-padre-hay-tala-ilegal-hijo-de-idelfonso-zamora-amnistia-exige-su-liberacion","status":"publish","type":"post","link":"https:\/\/www.grieta.org.mx\/index.php\/2016\/05\/09\/detras-del-arresto-de-mi-padre-hay-tala-ilegal-hijo-de-idelfonso-zamora-amnistia-exige-su-liberacion\/","title":{"rendered":"\u201cDetr\u00e1s del arresto de mi padre hay tala ilegal\u201d: hijo de Idelfonso Zamora; Amnist\u00eda exige su liberaci\u00f3n"},"content":{"rendered":"<p>Juan Luis Garc\u00eda Hern\u00e1ndez <\/p>\n<p>Amnist\u00eda Internacional solicit\u00f3 al Gobierno mexicano la inmediata liberaci\u00f3n del defensor de bosques tlahuica Idelfonso Zamora. Familiares acusaron haber sido amenazados por autoridades de seguridad del Estado de M\u00e9xico. \u00bfQui\u00e9n gana con la detenci\u00f3n de Zamora?<\/p>\n<p>Ciudad de M\u00e9xico, 8 de mayo (SinEmbargo).- Familiares de Idelfonso Zamora Baldomero acusaron que a la detenci\u00f3n del defensor de los bosques del municipio de Ocuilan, Estado de M\u00e9xico, se hizo para proteger los intereses de autoridades que talan ilegalmente \u00e1rboles en la zona.<\/p>\n<p>Misael Zamora, hijo de Idelfonso, acus\u00f3 que autoridades locales de San Juan Atzingo, con el apoyo del Gobernador Eruviel \u00c1vila Villegas, confabularon para detener al activista en noviembre del a\u00f1o pasado.<\/p>\n<p>\u201cEn el 2011, le arrebatan el cargo a mi padre de comisariado de bienes comunales con muchas irregularidades. Se postula un se\u00f1or Leobardo Neri Jacinto y \u00e9l, junto a Arnuldo G\u00f3mez Barr\u00f3n, otro casique m\u00e1s del pueblo, son los que siempre han impulsado la tala, y nunca les ha gustado que mi padre defienda el bosque\u201d, dijo a este medio.<\/p>\n<p>De acuerdo con un an\u00e1lisis de Greenpeace, desde el 1998 a la fecha han sido taladas al menos 250 hect\u00e1reas de los bosques del poblado del que es oriundo Zamora.<\/p>\n<p>Hoy Amnist\u00eda Internacional (AI) declar\u00f3 a Idelfonso Zamora Baldomero como un preso de conciencia, una calificativo que aplica para aquellos que han sido encarcelados por expresar sus opiniones pol\u00edticas.<\/p>\n<p>\u201cA Ildefonso Zamora lo est\u00e1n castigando por denunciar los da\u00f1os que se est\u00e1n causando al territorio y al entorno de su comunidad. Nunca debi\u00f3 haber sido encarcelado y debe ser puesto en libertad inmediata e incondicionalmente. Proteger el medio ambiente y defender los derechos humanos no son delitos\u201d, dijo Erika Guevara-Rosas, directora para las Am\u00e9ricas de AI.<\/p>\n<p>La organizaci\u00f3n internacional, despu\u00e9s de hacer un an\u00e1lisis detallado del caso de Zamora, no s\u00f3lo consider\u00f3 que su detenci\u00f3n fue arbitraria sino pidi\u00f3 su inmediata liberaci\u00f3n.<\/p>\n<p>El 20 de noviembre alrededor de 15 polic\u00edas ministeriales arribaron al Palacio Municipal de Ocuilan para capturar a Idelfonso Zamora, quien se desempe\u00f1aba como Regidor de Turismo y Medio Ambiente.<\/p>\n<p>La denuncia del Ministerio P\u00fablico de Tengancingo en contra de Zamora se bas\u00f3 en la acusaci\u00f3n de Felicitas Germ\u00e1n S\u00e1nchez, una se\u00f1ora que alega que un grupo de personas allan\u00f3 su morada con el fin de destruir objetos, en julio del 2012. De acuerdo con supuestos testigos, que aseguraron que Idelfonso Zamora se encontr\u00f3 afuera del hogar en la ocasi\u00f3n, Germ\u00e1n S\u00e1nchez decidi\u00f3 accionar legalmente en su contra por el delito de robo.<\/p>\n<p>\u201cSe trata de un proceso lleno de irregularidades, entre las que destaca que se violent\u00f3 gravemente su derecho de audiencia y a una defensa adecuada al ocultarle durante tres a\u00f1os que exist\u00eda una investigaci\u00f3n en su contra\u201d, apunt\u00f3 AI sobre el proceso.<\/p>\n<p>Pero, adem\u00e1s, el hijo de Zamora ve en estos actos tambi\u00e9n la mano del Gobernador Eruviel: \u201cTambi\u00e9n son responsables Eruviel \u00c1vila y el procurador de Justicia del Estado de M\u00e9xico [Alejandro Jaime G\u00f3mez S\u00e1nchez]\u201d, expuso.<\/p>\n<p>\u201cTodo nace a ra\u00edz de esta lucha. Aqu\u00ed el inter\u00e9s es muy particular del propio Gobierno, pues ya se volvi\u00f3 como una especie de revanchismo de parte del Gobierno en contra de mi padre\u201d, agreg\u00f3.<\/p>\n<p>Ante la detenci\u00f3n de Idelfonso Zamora su familia interpuso ante el Juzgado Quinto de Distrito en Materia de Amparo un recurso de amparo el 5 de diciembre con el fin de evitar el juicio.<\/p>\n<p>Pese a que la audiencia se debi\u00f3 haber llevado a cabo el 6 de febrero, fue pospuesta en dos ocasiones, hacia el 27 de abril, fecha en la que se pudo celebrar, apunt\u00f3 Misael: \u201cEstamos a la espera. Quiero confiar en los tribunales y magistrados. Mi padre est\u00e1 pagando por un delito que jam\u00e1s cometi\u00f3\u201d.<\/p>\n<p>AISLAMIENTO PARA ZAMORA<\/p>\n<p>Idelfonso Zamora guarda prisi\u00f3n en el Centro de Readaptaci\u00f3n Social de Tenancingo. Pese a que ha habido esfuerzos para verificar su estado de salud por parte de las organizaciones civiles que lo acompa\u00f1an, las autoridades del penal han negado su visita.<\/p>\n<p>Este fue el caso del 1 de marzo, cuando representantes del Centro de Derechos Humanos Miguel Agust\u00edn Pro Ju\u00e1rez (Centro Prodh) y Greenpeace M\u00e9xico realizaran una supervisi\u00f3n de las condiciones en las que se encuentra el l\u00edder ind\u00edgena, quien sufre de diabetes.<\/p>\n<p>En su momento, Miguel \u00c1ngel Soto, vocero de Greenpeace M\u00e9xico, narr\u00f3 a SinEmbargo que los guardias de la entrada del penal les negaron la entrada y argumentaron que s\u00f3lo el director decid\u00eda si pod\u00edan visitar o no al defensor de los bosques.<\/p>\n<p>Dos meses despu\u00e9s del incidente, aunque asegura que habla con frecuencia con \u00e9l, el hijo del defensor de bosques teme por la salud de su padre.<\/p>\n<p>De acuerdo con AI, Zamora recibi\u00f3 malos tratos en su camino a prisi\u00f3n; recibi\u00f3 \u201cempujones\u201d, \u201cgolpes\u201d y \u201cmalos tratos\u201d, acus\u00f3 la organizaci\u00f3n internacional.<\/p>\n<p>\u201cDe un fuerte empuj\u00f3n lo hicieron caer por unas escaleras. Estos malos tratos le dejaron lesiones en el cuerpo y le provocaron que una vieja herida en el pulgar derecho se reabriera, provoc\u00e1ndole una fuerte infecci\u00f3n casi al punto de necrosis -Ildefonso padece de diabetes, por lo que sus heridas tardan en sanar-\u201c, cit\u00f3 un comunicado de la organizaci\u00f3n.<\/p>\n<p>\u201cSiempre nos preocupamos por \u00e9l. Pero \u00e9l nos dice que le echemos ganas, es un hombre que no dobla las manos as\u00ed de f\u00e1cil\u201d, expuso Misael.<\/p>\n<p>AMENAZAS A LA FAMILIA<\/p>\n<p>Misael Zamora acus\u00f3 a este medio que la persecuci\u00f3n que sufre su padre ha sido trasladada a su persona.<\/p>\n<p>El 21 de abril del a\u00f1o pasado, un grupo de alrededor de 40 elementos integrantes de la polic\u00eda estatal, Secretar\u00eda de la Defensa Nacional, miembros de Procuradur\u00eda Federal de Protecci\u00f3n al Ambiente y de la Protectora de Bosques del Estado de M\u00e9xico (Probosque) detuvieron a Misael de forma moment\u00e1nea, a diez kil\u00f3metros de San Juan Atzingo.<\/p>\n<p>\u201cLlega un tipo de nombre Juan Carlos Lara, diciendo que ya hab\u00eda valido madre, que era una consigna. Me intimidaron, me quisieron agredir, yo contestaba lo que yo pod\u00eda\u201d, dijo Misael, quien en su versi\u00f3n fue interceptado por las fuerzas de seguridad cuando recolectaba le\u00f1a.<\/p>\n<p>Debido a la intervenci\u00f3n de varios pobladores, las fuerzas de seguridad lo dejaron ir: \u201cPor el miedo, nunca levant\u00e9 una denuncia, y luego me enter\u00f3 que tengo una averiguaci\u00f3n por da\u00f1os al medio ambiente\u201d, dijo.<\/p>\n<p>AI retom\u00f3 estas amenazas en su estudio del caso. Y expuso que aunque una queja fue presentada el 4 de febrero a la Comisi\u00f3n Nacional de los Derechos Humanos (CNDH) en contra de las diversas autoridades, a\u00fan no se obtiene respuesta.<\/p>\n<p>\u201cMediante la queja tambi\u00e9n se solicitaron medidas cautelares de conservaci\u00f3n para evitar la consumaci\u00f3n irreparable de violaciones al derecho de integridad y libertad personal a favor de Misael y la familia Zamora\u201d, reza el an\u00e1lisis de AI.<\/p>\n<p>Sin embargo, Misael lament\u00f3 el papel de la CNDH. \u201cNo hemos tenido respuesta ni informe de lo que se est\u00e1 realizando en la Comisi\u00f3n, no tenemos el respaldo de lo que estuvi\u00e9ramos esperando. Esper\u00e1bamos algo m\u00e1s, otro apoyo de esta instancia\u201d.<\/p>\n<p><a href=\"http:\/\/www.sinembargo.mx\/09-05-2016\/1658204\" target=\"_blank\">http:\/\/www.sinembargo.mx\/09-05-2016\/1658204<\/a><\/p>\n","protected":false},"excerpt":{"rendered":"<p>Juan Luis Garc\u00eda Hern\u00e1ndez Amnist\u00eda Internacional solicit\u00f3 al Gobierno mexicano la inmediata liberaci\u00f3n del defensor de bosques tlahuica Idelfonso Zamora. Familiares acusaron haber sido amenazados por autoridades de seguridad del &hellip; <a href=\"https:\/\/www.grieta.org.mx\/index.php\/2016\/05\/09\/detras-del-arresto-de-mi-padre-hay-tala-ilegal-hijo-de-idelfonso-zamora-amnistia-exige-su-liberacion\/\" class=\"more-link\">Leer m\u00e1s<\/a><\/p>\n","protected":false},"author":2,"featured_media":21928,"comment_status":"closed","ping_status":"closed","sticky":false,"template":"","format":"standard","meta":{"ngg_post_thumbnail":0,"_jetpack_newsletter_access":"","_jetpack_dont_email_post_to_subs":false,"_jetpack_newsletter_tier_id":0,"_jetpack_memberships_contains_paywalled_content":false,"_jetpack_memberships_contains_paid_content":false,"footnotes":""},"categories":[80],"tags":[92,131],"class_list":["post-12239","post","type-post","status-publish","format-standard","has-post-thumbnail","hentry","category-cintillo","tag-estado-de-mexico","tag-presos-politicos","entry"],"jetpack_featured_media_url":"https:\/\/www.grieta.org.mx\/wp-content\/uploads\/2018\/03\/14524434_1106112876131411_958039263622046936_o.jpg","jetpack_sharing_enabled":true,"jetpack_shortlink":"https:\/\/wp.me\/p7ZJR4-3bp","jetpack_likes_enabled":false,"jetpack-related-posts":[{"id":5196,"url":"https:\/\/www.grieta.org.mx\/index.php\/2016\/08\/14\/encarcelan-a-ecologista-por-defender-el-bosque-en-san-juan-atzingo\/","url_meta":{"origin":12239,"position":0},"title":"Encarcelan a ecologista por defender el bosque en San Juan Atzingo","author":"grieta","date":"14 agosto, 2016","format":false,"excerpt":"14\/08\/16. Ildefonso Zamora est\u00e1 libre, pero la corrupci\u00f3n e intereses acosan a activistas en M\u00e9xico, denuncianSin Embargo 16\/06\/16. Ildefonso Zamora podr\u00eda obtener su libertad en los pr\u00f3ximos d\u00edasSomos el Medio 13\/05\/16. Lo \u00fanico que podr\u00eda frenar libertad de Ildefonso Zamora es el autoritarismo de Eruviel \u00c1vila: hijoRevoluci\u00f3n 3.0 09\/05\/16. \u201cDetr\u00e1s\u2026","rel":"","context":"En &quot;Estado de M\u00e9xico&quot;","block_context":{"text":"Estado de M\u00e9xico","link":"https:\/\/www.grieta.org.mx\/index.php\/category\/noticias-nacionales\/estado-de-mexico\/"},"img":{"alt_text":"","src":"https:\/\/i0.wp.com\/www.grieta.org.mx\/wp-content\/uploads\/2018\/03\/14524434_1106112876131411_958039263622046936_o.jpg?resize=350%2C200&ssl=1","width":350,"height":200,"srcset":"https:\/\/i0.wp.com\/www.grieta.org.mx\/wp-content\/uploads\/2018\/03\/14524434_1106112876131411_958039263622046936_o.jpg?resize=350%2C200&ssl=1 1x, https:\/\/i0.wp.com\/www.grieta.org.mx\/wp-content\/uploads\/2018\/03\/14524434_1106112876131411_958039263622046936_o.jpg?resize=525%2C300&ssl=1 1.5x, https:\/\/i0.wp.com\/www.grieta.org.mx\/wp-content\/uploads\/2018\/03\/14524434_1106112876131411_958039263622046936_o.jpg?resize=700%2C400&ssl=1 2x"},"classes":[]},{"id":12236,"url":"https:\/\/www.grieta.org.mx\/index.php\/2016\/05\/13\/lo-unico-que-podria-frenar-libertad-de-ildefonso-zamora-es-el-autoritarismo-de-eruviel-avila-hijo\/","url_meta":{"origin":12239,"position":1},"title":"Lo \u00fanico que podr\u00eda frenar libertad de Ildefonso Zamora es el autoritarismo de Eruviel \u00c1vila: hijo","author":"grieta","date":"13 mayo, 2016","format":false,"excerpt":"Sergio Rinc\u00f3n (13 de mayo, 2016. Revoluci\u00f3n TRESPUNTOCERO).- A m\u00e1s de cinco meses del arresto de Ildefonso Zamora, el caso comienza avanzar, pues el pasado 27 de abril se realiz\u00f3 la audiencia constitucional del juicio de amparo, por lo que ahora queda en manos de un juez el fallo que\u2026","rel":"","context":"En &quot;CINTILLO&quot;","block_context":{"text":"CINTILLO","link":"https:\/\/www.grieta.org.mx\/index.php\/category\/cintillo\/"},"img":{"alt_text":"","src":"https:\/\/i0.wp.com\/www.grieta.org.mx\/wp-content\/uploads\/2018\/03\/14524434_1106112876131411_958039263622046936_o.jpg?resize=350%2C200&ssl=1","width":350,"height":200,"srcset":"https:\/\/i0.wp.com\/www.grieta.org.mx\/wp-content\/uploads\/2018\/03\/14524434_1106112876131411_958039263622046936_o.jpg?resize=350%2C200&ssl=1 1x, https:\/\/i0.wp.com\/www.grieta.org.mx\/wp-content\/uploads\/2018\/03\/14524434_1106112876131411_958039263622046936_o.jpg?resize=525%2C300&ssl=1 1.5x, https:\/\/i0.wp.com\/www.grieta.org.mx\/wp-content\/uploads\/2018\/03\/14524434_1106112876131411_958039263622046936_o.jpg?resize=700%2C400&ssl=1 2x"},"classes":[]},{"id":5186,"url":"https:\/\/www.grieta.org.mx\/index.php\/2016\/03\/22\/en-dia-de-los-bosques-ildefonso-zamora-cumple-4-meses-en-prision\/","url_meta":{"origin":12239,"position":2},"title":"En D\u00eda de los Bosques, Ildefonso Zamora cumple 4 meses en prisi\u00f3n","author":"grieta","date":"22 marzo, 2016","format":false,"excerpt":"CIUDAD DE MEXICO, D.F. 21 de marzo del 2016.- La agrupaci\u00f3n ambientalista Greenpeace se\u00f1al\u00f3 que el l\u00edder ind\u00edgena tlahuica y defensor de los bosques mexicanos, Ildefonso Zamora, cumpli\u00f3 este 20 de marzo, cuatro meses en prisi\u00f3n, luego de que las autoridades del Estado de M\u00e9xico le fabricaran cargos de robo,\u2026","rel":"","context":"En &quot;CINTILLO&quot;","block_context":{"text":"CINTILLO","link":"https:\/\/www.grieta.org.mx\/index.php\/category\/cintillo\/"},"img":{"alt_text":"","src":"https:\/\/i0.wp.com\/www.grieta.org.mx\/wp-content\/uploads\/2018\/03\/14524434_1106112876131411_958039263622046936_o.jpg?resize=350%2C200&ssl=1","width":350,"height":200,"srcset":"https:\/\/i0.wp.com\/www.grieta.org.mx\/wp-content\/uploads\/2018\/03\/14524434_1106112876131411_958039263622046936_o.jpg?resize=350%2C200&ssl=1 1x, https:\/\/i0.wp.com\/www.grieta.org.mx\/wp-content\/uploads\/2018\/03\/14524434_1106112876131411_958039263622046936_o.jpg?resize=525%2C300&ssl=1 1.5x, https:\/\/i0.wp.com\/www.grieta.org.mx\/wp-content\/uploads\/2018\/03\/14524434_1106112876131411_958039263622046936_o.jpg?resize=700%2C400&ssl=1 2x"},"classes":[]},{"id":5192,"url":"https:\/\/www.grieta.org.mx\/index.php\/2016\/01\/22\/talamontes-matan-a-su-hijo-policias-le-fabrican-delitos-la-historia-de-ildefonso-zamora-defensor-de-bosques\/","url_meta":{"origin":12239,"position":3},"title":"Talamontes matan a su hijo; polic\u00edas le fabrican delitos: la historia de Ildefonso Zamora, defensor de bosques","author":"grieta","date":"22 enero, 2016","format":false,"excerpt":"Cecilia Balderas (22 de enero, 2016. Revoluci\u00f3n TRESPUNTOCERO).- Por defender los bosques y denunciar la tala ilegal de los mismos, Ildefonso Zamora ha tenido que soportar el asesinato de uno de sus hijos, perder la libertad y que ahora su vida penda de un hilo pues en el Penal de\u2026","rel":"","context":"En &quot;CINTILLO&quot;","block_context":{"text":"CINTILLO","link":"https:\/\/www.grieta.org.mx\/index.php\/category\/cintillo\/"},"img":{"alt_text":"","src":"https:\/\/i0.wp.com\/www.grieta.org.mx\/wp-content\/uploads\/2018\/03\/14524434_1106112876131411_958039263622046936_o.jpg?resize=350%2C200&ssl=1","width":350,"height":200,"srcset":"https:\/\/i0.wp.com\/www.grieta.org.mx\/wp-content\/uploads\/2018\/03\/14524434_1106112876131411_958039263622046936_o.jpg?resize=350%2C200&ssl=1 1x, https:\/\/i0.wp.com\/www.grieta.org.mx\/wp-content\/uploads\/2018\/03\/14524434_1106112876131411_958039263622046936_o.jpg?resize=525%2C300&ssl=1 1.5x, https:\/\/i0.wp.com\/www.grieta.org.mx\/wp-content\/uploads\/2018\/03\/14524434_1106112876131411_958039263622046936_o.jpg?resize=700%2C400&ssl=1 2x"},"classes":[]},{"id":5191,"url":"https:\/\/www.grieta.org.mx\/index.php\/2016\/02\/25\/gobernador-del-pri-mantiene-encarcelado-a-ecologista-al-que-se-acusa-de-delitos-que-no-cometio\/","url_meta":{"origin":12239,"position":4},"title":"Gobernador del PRI mantiene encarcelado a ecologista, al que se acusa de delitos que no cometi\u00f3","author":"grieta","date":"25 febrero, 2016","format":false,"excerpt":"Jos\u00e9 Due\u00f1as M\u00e9xico, D.F.- El Centro de Derechos Humanos Miguel Agust\u00edn Pro Ju\u00e1rez (Centro Prodh) denunci\u00f3 que las autoridades del Estado de M\u00e9xico, encabezadas por el gobernador pri\u00edsta Eruviel \u00c1vila, mantienen desde hace tres meses en prisi\u00f3n al defensor de bosques Ildefonso Zamora, \u201cmediante un proceso plagado de irregularidades, faltas\u2026","rel":"","context":"En &quot;CINTILLO&quot;","block_context":{"text":"CINTILLO","link":"https:\/\/www.grieta.org.mx\/index.php\/category\/cintillo\/"},"img":{"alt_text":"","src":"https:\/\/i0.wp.com\/www.grieta.org.mx\/wp-content\/uploads\/2018\/03\/14524434_1106112876131411_958039263622046936_o.jpg?resize=350%2C200&ssl=1","width":350,"height":200,"srcset":"https:\/\/i0.wp.com\/www.grieta.org.mx\/wp-content\/uploads\/2018\/03\/14524434_1106112876131411_958039263622046936_o.jpg?resize=350%2C200&ssl=1 1x, https:\/\/i0.wp.com\/www.grieta.org.mx\/wp-content\/uploads\/2018\/03\/14524434_1106112876131411_958039263622046936_o.jpg?resize=525%2C300&ssl=1 1.5x, https:\/\/i0.wp.com\/www.grieta.org.mx\/wp-content\/uploads\/2018\/03\/14524434_1106112876131411_958039263622046936_o.jpg?resize=700%2C400&ssl=1 2x"},"classes":[]},{"id":37753,"url":"https:\/\/www.grieta.org.mx\/index.php\/2019\/08\/06\/misael-zamora-criminalizado-por-defender-el-bosque-en-edomex\/","url_meta":{"origin":12239,"position":5},"title":"Misael Zamora, criminalizado por defender el bosque en Edomex","author":"grieta","date":"6 agosto, 2019","format":false,"excerpt":"Luz Mar\u00eda Le\u00f3n\/Rompeviento. Misael Zamora G\u00f3mez, un joven tlahuica que desde los ocho a\u00f1os defiende los bosques, es acusado por la Fiscal\u00eda del Estado de M\u00e9xico de un delito que tanto \u00e9l como su familia han combatido por m\u00e1s de dos d\u00e9cadas: la tala ilegal. Un juez federal decidir\u00e1 este\u2026","rel":"","context":"En &quot;CINTILLO&quot;","block_context":{"text":"CINTILLO","link":"https:\/\/www.grieta.org.mx\/index.php\/category\/cintillo\/"},"img":{"alt_text":"","src":"https:\/\/i0.wp.com\/www.grieta.org.mx\/wp-content\/uploads\/2019\/08\/Misael-Zamora-1024x536.jpg?resize=350%2C200&ssl=1","width":350,"height":200,"srcset":"https:\/\/i0.wp.com\/www.grieta.org.mx\/wp-content\/uploads\/2019\/08\/Misael-Zamora-1024x536.jpg?resize=350%2C200&ssl=1 1x, https:\/\/i0.wp.com\/www.grieta.org.mx\/wp-content\/uploads\/2019\/08\/Misael-Zamora-1024x536.jpg?resize=525%2C300&ssl=1 1.5x, https:\/\/i0.wp.com\/www.grieta.org.mx\/wp-content\/uploads\/2019\/08\/Misael-Zamora-1024x536.jpg?resize=700%2C400&ssl=1 2x"},"classes":[]}],"_links":{"self":[{"href":"https:\/\/www.grieta.org.mx\/index.php\/wp-json\/wp\/v2\/posts\/12239","targetHints":{"allow":["GET"]}}],"collection":[{"href":"https:\/\/www.grieta.org.mx\/index.php\/wp-json\/wp\/v2\/posts"}],"about":[{"href":"https:\/\/www.grieta.org.mx\/index.php\/wp-json\/wp\/v2\/types\/post"}],"author":[{"embeddable":true,"href":"https:\/\/www.grieta.org.mx\/index.php\/wp-json\/wp\/v2\/users\/2"}],"replies":[{"embeddable":true,"href":"https:\/\/www.grieta.org.mx\/index.php\/wp-json\/wp\/v2\/comments?post=12239"}],"version-history":[{"count":1,"href":"https:\/\/www.grieta.org.mx\/index.php\/wp-json\/wp\/v2\/posts\/12239\/revisions"}],"predecessor-version":[{"id":12241,"href":"https:\/\/www.grieta.org.mx\/index.php\/wp-json\/wp\/v2\/posts\/12239\/revisions\/12241"}],"wp:featuredmedia":[{"embeddable":true,"href":"https:\/\/www.grieta.org.mx\/index.php\/wp-json\/wp\/v2\/media\/21928"}],"wp:attachment":[{"href":"https:\/\/www.grieta.org.mx\/index.php\/wp-json\/wp\/v2\/media?parent=12239"}],"wp:term":[{"taxonomy":"category","embeddable":true,"href":"https:\/\/www.grieta.org.mx\/index.php\/wp-json\/wp\/v2\/categories?post=12239"},{"taxonomy":"post_tag","embeddable":true,"href":"https:\/\/www.grieta.org.mx\/index.php\/wp-json\/wp\/v2\/tags?post=12239"}],"curies":[{"name":"wp","href":"https:\/\/api.w.org\/{rel}","templated":true}]}}