{"id":12222,"date":"2016-05-13T03:11:36","date_gmt":"2016-05-13T03:11:36","guid":{"rendered":"http:\/\/www.grieta.org.mx\/?p=12222"},"modified":"2016-05-15T03:14:14","modified_gmt":"2016-05-15T03:14:14","slug":"marchan-maestros-rumbo-a-juan-jose-rios","status":"publish","type":"post","link":"https:\/\/www.grieta.org.mx\/index.php\/2016\/05\/13\/marchan-maestros-rumbo-a-juan-jose-rios\/","title":{"rendered":"Marchan maestros rumbo a Juan Jos\u00e9 R\u00edos"},"content":{"rendered":"<p>Adriana Ochoa, Sinaloa <\/p>\n<p>Los Mochis, Sinaloa.- Docentes que integran la Coalici\u00f3n Magisterial Sinaloense se alistan para marchar hacia Juan Jos\u00e9 R\u00edos en reclamo por la imposici\u00f3n de la Reforma Educativa que ya cobr\u00f3 el cese de al menos 7 maestros de la zona norte de Sinaloa.<br \/>\nLos inconformes se\u00f1alaron que no tienen nada que festejar el D\u00eda del Maestro, al contrario, tienen cerca de 1 a\u00f1o en luchas y protestas. <\/p>\n<p><a href=\"http:\/\/www.debate.com.mx\/losmochis\/Marchan-maestros-rumbo-a-Juan-Jose-Rios-20160513-0111.html\" target=\"_blank\">http:\/\/www.debate.com.mx\/losmochis\/Marchan-maestros-rumbo-a-Juan-Jose-Rios-20160513-0111.html<\/a><\/p>\n","protected":false},"excerpt":{"rendered":"<p>Adriana Ochoa, Sinaloa Los Mochis, Sinaloa.- Docentes que integran la Coalici\u00f3n Magisterial Sinaloense se alistan para marchar hacia Juan Jos\u00e9 R\u00edos en reclamo por la imposici\u00f3n de la Reforma Educativa &hellip; <a href=\"https:\/\/www.grieta.org.mx\/index.php\/2016\/05\/13\/marchan-maestros-rumbo-a-juan-jose-rios\/\" class=\"more-link\">Leer m\u00e1s<\/a><\/p>\n","protected":false},"author":2,"featured_media":21928,"comment_status":"closed","ping_status":"closed","sticky":false,"template":"","format":"standard","meta":{"ngg_post_thumbnail":0,"_jetpack_newsletter_access":"","_jetpack_dont_email_post_to_subs":false,"_jetpack_newsletter_tier_id":0,"_jetpack_memberships_contains_paywalled_content":false,"_jetpack_memberships_contains_paid_content":false,"footnotes":""},"categories":[80,164],"tags":[107,133,135],"class_list":["post-12222","post","type-post","status-publish","format-standard","has-post-thumbnail","hentry","category-cintillo","category-sinaloa","tag-educacion","tag-maestros","tag-reforma-educativa","entry"],"jetpack_featured_media_url":"https:\/\/www.grieta.org.mx\/wp-content\/uploads\/2018\/03\/14524434_1106112876131411_958039263622046936_o.jpg","jetpack_sharing_enabled":true,"jetpack_shortlink":"https:\/\/wp.me\/p7ZJR4-3b8","jetpack_likes_enabled":false,"jetpack-related-posts":[{"id":6903,"url":"https:\/\/www.grieta.org.mx\/index.php\/2016\/09\/13\/reforma-educativa-y-evaluacion-al-desempeno-en-sinaloa\/","url_meta":{"origin":12222,"position":0},"title":"Movilizaciones contra la Reforma educativa y evaluaci\u00f3n magisterial en Sinaloa","author":"grieta","date":"13 septiembre, 2016","format":false,"excerpt":"13\/09\/16. Mantienen lucha maestros cesados (Sinaloa) Noroeste 08\/09\/16. Maestros bloquean oficinas de la SNTE 27 (Sinaloa) El Debate 02\/09\/16. Maestros protestan en glorieta tur\u00edstica (Sinaloa) El Debate 29\/08\/16. \u201c\u00a1Un burro con le\u00f1a sabe m\u00e1s que Pe\u00f1a!\u201d, corean maestros en Sinaloa Proceso 20\/08\/16. Los maestros no se dan por vencidos (Sinaloa)\u2026","rel":"","context":"En &quot;NOTICIAS NACIONALES&quot;","block_context":{"text":"NOTICIAS NACIONALES","link":"https:\/\/www.grieta.org.mx\/index.php\/category\/noticias-nacionales\/"},"img":{"alt_text":"","src":"https:\/\/i0.wp.com\/www.grieta.org.mx\/wp-content\/uploads\/2018\/03\/14524434_1106112876131411_958039263622046936_o.jpg?resize=350%2C200&ssl=1","width":350,"height":200,"srcset":"https:\/\/i0.wp.com\/www.grieta.org.mx\/wp-content\/uploads\/2018\/03\/14524434_1106112876131411_958039263622046936_o.jpg?resize=350%2C200&ssl=1 1x, https:\/\/i0.wp.com\/www.grieta.org.mx\/wp-content\/uploads\/2018\/03\/14524434_1106112876131411_958039263622046936_o.jpg?resize=525%2C300&ssl=1 1.5x, https:\/\/i0.wp.com\/www.grieta.org.mx\/wp-content\/uploads\/2018\/03\/14524434_1106112876131411_958039263622046936_o.jpg?resize=700%2C400&ssl=1 2x"},"classes":[]},{"id":17525,"url":"https:\/\/www.grieta.org.mx\/index.php\/2016\/07\/19\/maestros-marchan-de-nuevo-contra-la-reforma-educativa-sinaloa\/","url_meta":{"origin":12222,"position":1},"title":"Maestros marchan de nuevo contra la reforma educativa  (SINALOA)","author":"grieta","date":"19 julio, 2016","format":false,"excerpt":"Alfredo Beltr\u00e1n, Sinaloa. Culiac\u00e1n, Sin.- La Coordinadora Nacional de Trabajadores de la Educaci\u00f3n y la Coalici\u00f3n Magisterial Sinaloense marcharon de nuevo contra la reforma educativa, de la cual han declarado que trastoca sus derechos laborales y los de la educaci\u00f3n; salieron de la plazoleta de La Lomita y tomaron la\u2026","rel":"","context":"En &quot;CINTILLO&quot;","block_context":{"text":"CINTILLO","link":"https:\/\/www.grieta.org.mx\/index.php\/category\/cintillo\/"},"img":{"alt_text":"","src":"https:\/\/i0.wp.com\/www.grieta.org.mx\/wp-content\/uploads\/2018\/03\/14524434_1106112876131411_958039263622046936_o.jpg?resize=350%2C200&ssl=1","width":350,"height":200,"srcset":"https:\/\/i0.wp.com\/www.grieta.org.mx\/wp-content\/uploads\/2018\/03\/14524434_1106112876131411_958039263622046936_o.jpg?resize=350%2C200&ssl=1 1x, https:\/\/i0.wp.com\/www.grieta.org.mx\/wp-content\/uploads\/2018\/03\/14524434_1106112876131411_958039263622046936_o.jpg?resize=525%2C300&ssl=1 1.5x, https:\/\/i0.wp.com\/www.grieta.org.mx\/wp-content\/uploads\/2018\/03\/14524434_1106112876131411_958039263622046936_o.jpg?resize=700%2C400&ssl=1 2x"},"classes":[]},{"id":18369,"url":"https:\/\/www.grieta.org.mx\/index.php\/2016\/07\/26\/no-se-rinden-maestros-vuelven-a-protestar-sinaloa\/","url_meta":{"origin":12222,"position":2},"title":"No se rinden, maestros vuelven a protestar (SINALOA)","author":"grieta","date":"26 julio, 2016","format":false,"excerpt":"Redacci\u00f3n El Debate, Sinaloa. 15 maestros tomaron las calles para informar su postura en contra de la Reforma Educativa Los Mochis, Sinaloa.- Una vez m\u00e1s, maestros integrantes de la CNTE y del Movimiento Magisterial Sinaloense tomaron las calles del centro para manifestarse en contra de la Reforma Educativa. Un grupo\u2026","rel":"","context":"En &quot;CINTILLO&quot;","block_context":{"text":"CINTILLO","link":"https:\/\/www.grieta.org.mx\/index.php\/category\/cintillo\/"},"img":{"alt_text":"","src":"https:\/\/i0.wp.com\/www.grieta.org.mx\/wp-content\/uploads\/2018\/03\/14524434_1106112876131411_958039263622046936_o.jpg?resize=350%2C200&ssl=1","width":350,"height":200,"srcset":"https:\/\/i0.wp.com\/www.grieta.org.mx\/wp-content\/uploads\/2018\/03\/14524434_1106112876131411_958039263622046936_o.jpg?resize=350%2C200&ssl=1 1x, https:\/\/i0.wp.com\/www.grieta.org.mx\/wp-content\/uploads\/2018\/03\/14524434_1106112876131411_958039263622046936_o.jpg?resize=525%2C300&ssl=1 1.5x, https:\/\/i0.wp.com\/www.grieta.org.mx\/wp-content\/uploads\/2018\/03\/14524434_1106112876131411_958039263622046936_o.jpg?resize=700%2C400&ssl=1 2x"},"classes":[]},{"id":17097,"url":"https:\/\/www.grieta.org.mx\/index.php\/2016\/07\/07\/marchan-maestros-de-matamoros-contra-reforma-educativa\/","url_meta":{"origin":12222,"position":3},"title":"Marchan maestros de Matamoros contra Reforma Educativa","author":"grieta","date":"7 julio, 2016","format":false,"excerpt":"MATAMOROS, COAH.- Maestros del municipio de Matamoros marchan en contra de la Reforma educativa. El contingente sali\u00f3 del estadio de B\u00e9isbol Horacio Pi\u00f1a sobre el bulevar Jos\u00e9 Santos Vald\u00e9s en punto del medio d\u00eda rumbo a la coordinaci\u00f3n de Servicios Educativos despu\u00e9s a Recaudaci\u00f3n de Rentas y finalmente a la\u2026","rel":"","context":"En &quot;CINTILLO&quot;","block_context":{"text":"CINTILLO","link":"https:\/\/www.grieta.org.mx\/index.php\/category\/cintillo\/"},"img":{"alt_text":"","src":"https:\/\/i0.wp.com\/www.grieta.org.mx\/wp-content\/uploads\/2018\/03\/14524434_1106112876131411_958039263622046936_o.jpg?resize=350%2C200&ssl=1","width":350,"height":200,"srcset":"https:\/\/i0.wp.com\/www.grieta.org.mx\/wp-content\/uploads\/2018\/03\/14524434_1106112876131411_958039263622046936_o.jpg?resize=350%2C200&ssl=1 1x, https:\/\/i0.wp.com\/www.grieta.org.mx\/wp-content\/uploads\/2018\/03\/14524434_1106112876131411_958039263622046936_o.jpg?resize=525%2C300&ssl=1 1.5x, https:\/\/i0.wp.com\/www.grieta.org.mx\/wp-content\/uploads\/2018\/03\/14524434_1106112876131411_958039263622046936_o.jpg?resize=700%2C400&ssl=1 2x"},"classes":[]},{"id":15276,"url":"https:\/\/www.grieta.org.mx\/index.php\/2016\/06\/25\/va-a-caer-la-reforma-va-a-caer-protestan-maestros\/","url_meta":{"origin":12222,"position":4},"title":"\u00a1Va a caer, la reforma va a caer! protestan maestros (Sinaloa)","author":"grieta","date":"25 junio, 2016","format":false,"excerpt":"Zulma Morales, Sinaloa. Culiac\u00e1n, Sinaloa.- Docentes de Sinaloa se reunieron hoy con al finalidad de emprender una marcha pac\u00edfica en apoyo a la CNTE y en contra de la Reforma Educativa. Decenas de maestros levantaron la voz y sus pancartas en una marcha por la avenida Obreg\u00f3n, donde demandan que\u2026","rel":"","context":"En &quot;CINTILLO&quot;","block_context":{"text":"CINTILLO","link":"https:\/\/www.grieta.org.mx\/index.php\/category\/cintillo\/"},"img":{"alt_text":"","src":"https:\/\/i0.wp.com\/www.grieta.org.mx\/wp-content\/uploads\/2018\/03\/14524434_1106112876131411_958039263622046936_o.jpg?resize=350%2C200&ssl=1","width":350,"height":200,"srcset":"https:\/\/i0.wp.com\/www.grieta.org.mx\/wp-content\/uploads\/2018\/03\/14524434_1106112876131411_958039263622046936_o.jpg?resize=350%2C200&ssl=1 1x, https:\/\/i0.wp.com\/www.grieta.org.mx\/wp-content\/uploads\/2018\/03\/14524434_1106112876131411_958039263622046936_o.jpg?resize=525%2C300&ssl=1 1.5x, https:\/\/i0.wp.com\/www.grieta.org.mx\/wp-content\/uploads\/2018\/03\/14524434_1106112876131411_958039263622046936_o.jpg?resize=700%2C400&ssl=1 2x"},"classes":[]},{"id":18361,"url":"https:\/\/www.grieta.org.mx\/index.php\/2016\/07\/19\/maestros-reprueban-declaraciones-de-antelo-diva-sinaloa\/","url_meta":{"origin":12222,"position":5},"title":"Maestros reprueban declaraciones de Antelo-Diva (SINALOA)","author":"grieta","date":"19 julio, 2016","format":false,"excerpt":"Adri\u00e1n L\u00f3pez, Sinaloa. Docentes se manifestaron de manera pac\u00edfica contra la Reforma Educativa. Los Mochis, Sinaloa.- Maestros que integran el movimiento contra la Reforma Educativa en el norte de Sinaloa, reprobaron las declaraciones hechas por el diputado Bernardino Antelo y la senadora Diva Hadamira Gast\u00e9lum, donde aseguran que el estado\u2026","rel":"","context":"En &quot;CINTILLO&quot;","block_context":{"text":"CINTILLO","link":"https:\/\/www.grieta.org.mx\/index.php\/category\/cintillo\/"},"img":{"alt_text":"","src":"https:\/\/i0.wp.com\/www.grieta.org.mx\/wp-content\/uploads\/2018\/03\/14524434_1106112876131411_958039263622046936_o.jpg?resize=350%2C200&ssl=1","width":350,"height":200,"srcset":"https:\/\/i0.wp.com\/www.grieta.org.mx\/wp-content\/uploads\/2018\/03\/14524434_1106112876131411_958039263622046936_o.jpg?resize=350%2C200&ssl=1 1x, https:\/\/i0.wp.com\/www.grieta.org.mx\/wp-content\/uploads\/2018\/03\/14524434_1106112876131411_958039263622046936_o.jpg?resize=525%2C300&ssl=1 1.5x, https:\/\/i0.wp.com\/www.grieta.org.mx\/wp-content\/uploads\/2018\/03\/14524434_1106112876131411_958039263622046936_o.jpg?resize=700%2C400&ssl=1 2x"},"classes":[]}],"_links":{"self":[{"href":"https:\/\/www.grieta.org.mx\/index.php\/wp-json\/wp\/v2\/posts\/12222","targetHints":{"allow":["GET"]}}],"collection":[{"href":"https:\/\/www.grieta.org.mx\/index.php\/wp-json\/wp\/v2\/posts"}],"about":[{"href":"https:\/\/www.grieta.org.mx\/index.php\/wp-json\/wp\/v2\/types\/post"}],"author":[{"embeddable":true,"href":"https:\/\/www.grieta.org.mx\/index.php\/wp-json\/wp\/v2\/users\/2"}],"replies":[{"embeddable":true,"href":"https:\/\/www.grieta.org.mx\/index.php\/wp-json\/wp\/v2\/comments?post=12222"}],"version-history":[{"count":1,"href":"https:\/\/www.grieta.org.mx\/index.php\/wp-json\/wp\/v2\/posts\/12222\/revisions"}],"predecessor-version":[{"id":12223,"href":"https:\/\/www.grieta.org.mx\/index.php\/wp-json\/wp\/v2\/posts\/12222\/revisions\/12223"}],"wp:featuredmedia":[{"embeddable":true,"href":"https:\/\/www.grieta.org.mx\/index.php\/wp-json\/wp\/v2\/media\/21928"}],"wp:attachment":[{"href":"https:\/\/www.grieta.org.mx\/index.php\/wp-json\/wp\/v2\/media?parent=12222"}],"wp:term":[{"taxonomy":"category","embeddable":true,"href":"https:\/\/www.grieta.org.mx\/index.php\/wp-json\/wp\/v2\/categories?post=12222"},{"taxonomy":"post_tag","embeddable":true,"href":"https:\/\/www.grieta.org.mx\/index.php\/wp-json\/wp\/v2\/tags?post=12222"}],"curies":[{"name":"wp","href":"https:\/\/api.w.org\/{rel}","templated":true}]}}